{"id":3877,"date":"2025-07-29T22:19:45","date_gmt":"2025-07-30T01:19:45","guid":{"rendered":"https:\/\/diariodelsurdigital.com.ar\/?p=3877"},"modified":"2025-07-29T22:19:46","modified_gmt":"2025-07-30T01:19:46","slug":"robo-en-estacion-de-servicio-dictaron-prision-preventiva-para-los-hombres-detenidos","status":"publish","type":"post","link":"https:\/\/diariodelsurdigital.com.ar\/?p=3877","title":{"rendered":"Robo en estaci\u00f3n de servicio: dictaron prisi\u00f3n preventiva para los hombres detenidos"},"content":{"rendered":"\n<p><\/p>\n\n\n\n<p>Las dos personas detenidas en Buenos Aires la semana pasada en el marco de la investigaci\u00f3n por el millonario robo en las oficinas de la Agropetrolera, fueron trasladados a la ciudad de Chajar\u00ed durante el fin de semana.<a href=\"https:\/\/www.elentrerios.com\/uid-216055\"><\/a><\/p>\n\n\n\n<p><a href=\"https:\/\/www.elentrerios.com\/uid-216055\"> <\/a>En ese marco, durante el mediod\u00eda de este martes se celebr\u00f3 la audiencia en los Tribunales de Chajar\u00ed. La misma se realiz\u00f3 a puertas cerradas, ya que rige el secreto de sumario en la causa.<\/p>\n\n\n\n<p>Se conoci\u00f3 que los dos detenidos de 40 y 51 a\u00f1os -Cristian Norberto Garnica y Alberto Mart\u00edn Landin- comparecieron ante las autoridades judiciales y fueron imputados. El juez que presidi\u00f3 la causa, Dar\u00edo Guillermo Mautone, resolvi\u00f3 la prisi\u00f3n preventiva hasta el 22 de agosto.<\/p>\n\n\n\n<p>Los sospechosos de haber participado del il\u00edcito que implic\u00f3 la sustracci\u00f3n de una suma millonaria quedar\u00e1n alojados en la comisar\u00eda local.<\/p>\n\n\n\n<p>Vale recordar que la madre e hijo, oriundos de Concordia, sobre los que recay\u00f3 la prisi\u00f3n preventiva d\u00edas atr\u00e1s, tambi\u00e9n est\u00e1n en esa dependencia policial. La investigaci\u00f3n contin\u00faa, con al menos dos pr\u00f3fugos, aunque identificados y sobre los que pesa un pedido de captura.<\/p>\n\n\n\n<h5 class=\"wp-block-heading\">El robo millonario<\/h5>\n\n\n\n<p>En la madrugada del domingo 20 de julio, siete delincuentes ingresaron a una estaci\u00f3n de servicio ubicada sobre la Av. Dr Casillas y su intersecci\u00f3n con Nicaragua, de Chajar\u00ed. Una vez dentro, robaron dos cajas fuertes con una importante suma de dinero y se retiraron del lugar en unos veh\u00edculos \u2014un Volkswagen Bora y un Volkswagen Suran\u2014.<a href=\"https:\/\/www.elentrerios.com\/uid-215968\"><\/a><\/p>\n\n\n\n<p><a href=\"https:\/\/www.elentrerios.com\/uid-215968\"> <\/a>Entonces, trascendi\u00f3 que las cajas fuertes robadas conten\u00edan alrededor de 50 millones de pesos en efectivo, cheques, adem\u00e1s de 800 mil d\u00f3lares, 10 mil reales y aproximadamente 5 mil euros.<\/p>\n\n\n\n<p>Seg\u00fan public\u00f3 Infobae d\u00edas atr\u00e1s, con el trabajo de an\u00e1lisis de videos y comunicaciones, junto a peritajes sobre las huellas encontradas en los autos, los polic\u00edas pudieron identificar a otros implicados en la banda. As\u00ed, efectivos de la Polic\u00eda de Entre R\u00edos detuvieron a dos sospechosos en Concordia y recuperaron las dos cajas fuertes. Adem\u00e1s, en los mismos operativos secuestraron 20.000 d\u00f3lares, una Volkswagen Suran, tel\u00e9fonos celulares y prendas presuntamente utilizadas en el asalto.<\/p>\n\n\n\n<p>Con el avance de la causa, se descubri\u00f3 que la banda operaba tambi\u00e9n en la provincia de Buenos Aires. Por ello, se coordin\u00f3 con el Departamento Casos Especiales de la Polic\u00eda Bonaerense y se realizaron ocho allanamientos en el conurbano bonaerense y CABA. Como resultado de estos nuevos procedimientos, cayeron detenidos Cristian Norberto Garnica, de 40 a\u00f1os, y Alberto Mart\u00edn Landin, de 51. Est\u00e1n acusados por el delito de robo agravado por ser cometido en poblado y en banda. Adem\u00e1s, los uniformados aprehendieron a otros cinco sospechosos de 46, 24, 67, 38 y 66 a\u00f1os.<\/p>\n\n\n\n<p>Uno de los allanamientos tuvo lugar en un lavadero de autos ubicado en Villa Lugano, identificado como el lugar donde se ocult\u00f3 uno de los coches (un VW Bora) usados para cometer el robo.<\/p>\n\n\n\n<p>Durante los registros, adem\u00e1s, la Polic\u00eda secuestr\u00f3 veh\u00edculos adquiridos con el dinero robado: un cami\u00f3n Ford Cargo 915 y un Peugeot 207. Tambi\u00e9n incaut\u00f3 tel\u00e9fonos celulares y otros elementos de inter\u00e9s para la causa. El fiscal dispuso el traslado de todos los detenidos y aprehendidos, junto con los autos y dem\u00e1s pruebas, a Entre R\u00edos.<\/p>\n\n\n\n<p><strong>Fuente:<\/strong>\u00a0An\u00e1lisis, Tal Cual Chajar\u00ed y El Entre R\u00edos<\/p>\n","protected":false},"excerpt":{"rendered":"<p>Las dos personas detenidas en Buenos Aires la semana pasada en el marco de la investigaci\u00f3n por el millonario robo en las oficinas de la Agropetrolera, fueron trasladados a la ciudad de Chajar\u00ed durante el fin de semana. En ese marco, durante el mediod\u00eda de este martes se celebr\u00f3 la audiencia en los Tribunales de [&hellip;]<\/p>\n","protected":false},"author":2,"featured_media":3878,"comment_status":"open","ping_status":"open","sticky":false,"template":"","format":"standard","meta":{"footnotes":""},"categories":[1],"tags":[],"class_list":{"0":"post-3877","1":"post","2":"type-post","3":"status-publish","4":"format-standard","5":"has-post-thumbnail","7":"category-uncategorized"},"yoast_head":"<!-- This site is optimized with the Yoast SEO plugin v27.4 - https:\/\/yoast.com\/product\/yoast-seo-wordpress\/ -->\n<title>Robo en estaci\u00f3n de servicio: dictaron prisi\u00f3n preventiva para los hombres detenidos - Diario del Sur<\/title>\n<meta name=\"robots\" content=\"index, follow, max-snippet:-1, max-image-preview:large, max-video-preview:-1\" \/>\n<link rel=\"canonical\" href=\"https:\/\/diariodelsurdigital.com.ar\/?p=3877\" \/>\n<meta property=\"og:locale\" content=\"es_ES\" \/>\n<meta property=\"og:type\" content=\"article\" \/>\n<meta property=\"og:title\" content=\"Robo en estaci\u00f3n de servicio: dictaron prisi\u00f3n preventiva para los hombres detenidos - Diario del Sur\" \/>\n<meta property=\"og:description\" content=\"Las dos personas detenidas en Buenos Aires la semana pasada en el marco de la investigaci\u00f3n por el millonario robo en las oficinas de la Agropetrolera, fueron trasladados a la ciudad de Chajar\u00ed durante el fin de semana. En ese marco, durante el mediod\u00eda de este martes se celebr\u00f3 la audiencia en los Tribunales de [&hellip;]\" \/>\n<meta property=\"og:url\" content=\"https:\/\/diariodelsurdigital.com.ar\/?p=3877\" \/>\n<meta property=\"og:site_name\" content=\"Diario del Sur\" \/>\n<meta property=\"article:published_time\" content=\"2025-07-30T01:19:45+00:00\" \/>\n<meta property=\"article:modified_time\" content=\"2025-07-30T01:19:46+00:00\" \/>\n<meta property=\"og:image\" content=\"https:\/\/diariodelsurdigital.com.ar\/wp-content\/uploads\/2025\/07\/l_1753833590.jpg\" \/>\n\t<meta property=\"og:image:width\" content=\"487\" \/>\n\t<meta property=\"og:image:height\" content=\"324\" \/>\n\t<meta property=\"og:image:type\" content=\"image\/jpeg\" \/>\n<meta name=\"author\" content=\"Diario del Sur Digital\" \/>\n<meta name=\"twitter:card\" content=\"summary_large_image\" \/>\n<meta name=\"twitter:label1\" content=\"Escrito por\" \/>\n\t<meta name=\"twitter:data1\" content=\"Diario del Sur Digital\" \/>\n\t<meta name=\"twitter:label2\" content=\"Tiempo de lectura\" \/>\n\t<meta name=\"twitter:data2\" content=\"3 minutos\" \/>\n<script type=\"application\/ld+json\" class=\"yoast-schema-graph\">{\"@context\":\"https:\\\/\\\/schema.org\",\"@graph\":[{\"@type\":\"Article\",\"@id\":\"https:\\\/\\\/diariodelsurdigital.com.ar\\\/?p=3877#article\",\"isPartOf\":{\"@id\":\"https:\\\/\\\/diariodelsurdigital.com.ar\\\/?p=3877\"},\"author\":{\"name\":\"Diario del Sur Digital\",\"@id\":\"https:\\\/\\\/diariodelsurdigital.com.ar\\\/#\\\/schema\\\/person\\\/6136a32571657f7dba980b88b04c5465\"},\"headline\":\"Robo en estaci\u00f3n de servicio: dictaron prisi\u00f3n preventiva para los hombres detenidos\",\"datePublished\":\"2025-07-30T01:19:45+00:00\",\"dateModified\":\"2025-07-30T01:19:46+00:00\",\"mainEntityOfPage\":{\"@id\":\"https:\\\/\\\/diariodelsurdigital.com.ar\\\/?p=3877\"},\"wordCount\":587,\"commentCount\":0,\"image\":{\"@id\":\"https:\\\/\\\/diariodelsurdigital.com.ar\\\/?p=3877#primaryimage\"},\"thumbnailUrl\":\"https:\\\/\\\/diariodelsurdigital.com.ar\\\/wp-content\\\/uploads\\\/2025\\\/07\\\/l_1753833590.jpg\",\"articleSection\":[\"Uncategorized\"],\"inLanguage\":\"es\",\"potentialAction\":[{\"@type\":\"CommentAction\",\"name\":\"Comment\",\"target\":[\"https:\\\/\\\/diariodelsurdigital.com.ar\\\/?p=3877#respond\"]}]},{\"@type\":\"WebPage\",\"@id\":\"https:\\\/\\\/diariodelsurdigital.com.ar\\\/?p=3877\",\"url\":\"https:\\\/\\\/diariodelsurdigital.com.ar\\\/?p=3877\",\"name\":\"Robo en estaci\u00f3n de servicio: dictaron prisi\u00f3n preventiva para los hombres detenidos - Diario del Sur\",\"isPartOf\":{\"@id\":\"https:\\\/\\\/diariodelsurdigital.com.ar\\\/#website\"},\"primaryImageOfPage\":{\"@id\":\"https:\\\/\\\/diariodelsurdigital.com.ar\\\/?p=3877#primaryimage\"},\"image\":{\"@id\":\"https:\\\/\\\/diariodelsurdigital.com.ar\\\/?p=3877#primaryimage\"},\"thumbnailUrl\":\"https:\\\/\\\/diariodelsurdigital.com.ar\\\/wp-content\\\/uploads\\\/2025\\\/07\\\/l_1753833590.jpg\",\"datePublished\":\"2025-07-30T01:19:45+00:00\",\"dateModified\":\"2025-07-30T01:19:46+00:00\",\"author\":{\"@id\":\"https:\\\/\\\/diariodelsurdigital.com.ar\\\/#\\\/schema\\\/person\\\/6136a32571657f7dba980b88b04c5465\"},\"breadcrumb\":{\"@id\":\"https:\\\/\\\/diariodelsurdigital.com.ar\\\/?p=3877#breadcrumb\"},\"inLanguage\":\"es\",\"potentialAction\":[{\"@type\":\"ReadAction\",\"target\":[\"https:\\\/\\\/diariodelsurdigital.com.ar\\\/?p=3877\"]}]},{\"@type\":\"ImageObject\",\"inLanguage\":\"es\",\"@id\":\"https:\\\/\\\/diariodelsurdigital.com.ar\\\/?p=3877#primaryimage\",\"url\":\"https:\\\/\\\/diariodelsurdigital.com.ar\\\/wp-content\\\/uploads\\\/2025\\\/07\\\/l_1753833590.jpg\",\"contentUrl\":\"https:\\\/\\\/diariodelsurdigital.com.ar\\\/wp-content\\\/uploads\\\/2025\\\/07\\\/l_1753833590.jpg\",\"width\":487,\"height\":324},{\"@type\":\"BreadcrumbList\",\"@id\":\"https:\\\/\\\/diariodelsurdigital.com.ar\\\/?p=3877#breadcrumb\",\"itemListElement\":[{\"@type\":\"ListItem\",\"position\":1,\"name\":\"Portada\",\"item\":\"https:\\\/\\\/diariodelsurdigital.com.ar\\\/\"},{\"@type\":\"ListItem\",\"position\":2,\"name\":\"Robo en estaci\u00f3n de servicio: dictaron prisi\u00f3n preventiva para los hombres detenidos\"}]},{\"@type\":\"WebSite\",\"@id\":\"https:\\\/\\\/diariodelsurdigital.com.ar\\\/#website\",\"url\":\"https:\\\/\\\/diariodelsurdigital.com.ar\\\/\",\"name\":\"Diario del Sur\",\"description\":\"Digital\",\"potentialAction\":[{\"@type\":\"SearchAction\",\"target\":{\"@type\":\"EntryPoint\",\"urlTemplate\":\"https:\\\/\\\/diariodelsurdigital.com.ar\\\/?s={search_term_string}\"},\"query-input\":{\"@type\":\"PropertyValueSpecification\",\"valueRequired\":true,\"valueName\":\"search_term_string\"}}],\"inLanguage\":\"es\"},{\"@type\":\"Person\",\"@id\":\"https:\\\/\\\/diariodelsurdigital.com.ar\\\/#\\\/schema\\\/person\\\/6136a32571657f7dba980b88b04c5465\",\"name\":\"Diario del Sur Digital\",\"image\":{\"@type\":\"ImageObject\",\"inLanguage\":\"es\",\"@id\":\"https:\\\/\\\/secure.gravatar.com\\\/avatar\\\/4c29ceac98541dd42460b2474aaa5dd37594d6ce6cb3cf2c101d09b48ee287ba?s=96&d=mm&r=g\",\"url\":\"https:\\\/\\\/secure.gravatar.com\\\/avatar\\\/4c29ceac98541dd42460b2474aaa5dd37594d6ce6cb3cf2c101d09b48ee287ba?s=96&d=mm&r=g\",\"contentUrl\":\"https:\\\/\\\/secure.gravatar.com\\\/avatar\\\/4c29ceac98541dd42460b2474aaa5dd37594d6ce6cb3cf2c101d09b48ee287ba?s=96&d=mm&r=g\",\"caption\":\"Diario del Sur Digital\"},\"url\":\"https:\\\/\\\/diariodelsurdigital.com.ar\\\/?author=2\"}]}<\/script>\n<!-- \/ Yoast SEO plugin. -->","yoast_head_json":{"title":"Robo en estaci\u00f3n de servicio: dictaron prisi\u00f3n preventiva para los hombres detenidos - Diario del Sur","robots":{"index":"index","follow":"follow","max-snippet":"max-snippet:-1","max-image-preview":"max-image-preview:large","max-video-preview":"max-video-preview:-1"},"canonical":"https:\/\/diariodelsurdigital.com.ar\/?p=3877","og_locale":"es_ES","og_type":"article","og_title":"Robo en estaci\u00f3n de servicio: dictaron prisi\u00f3n preventiva para los hombres detenidos - Diario del Sur","og_description":"Las dos personas detenidas en Buenos Aires la semana pasada en el marco de la investigaci\u00f3n por el millonario robo en las oficinas de la Agropetrolera, fueron trasladados a la ciudad de Chajar\u00ed durante el fin de semana. En ese marco, durante el mediod\u00eda de este martes se celebr\u00f3 la audiencia en los Tribunales de [&hellip;]","og_url":"https:\/\/diariodelsurdigital.com.ar\/?p=3877","og_site_name":"Diario del Sur","article_published_time":"2025-07-30T01:19:45+00:00","article_modified_time":"2025-07-30T01:19:46+00:00","og_image":[{"width":487,"height":324,"url":"https:\/\/diariodelsurdigital.com.ar\/wp-content\/uploads\/2025\/07\/l_1753833590.jpg","type":"image\/jpeg"}],"author":"Diario del Sur Digital","twitter_card":"summary_large_image","twitter_misc":{"Escrito por":"Diario del Sur Digital","Tiempo de lectura":"3 minutos"},"schema":{"@context":"https:\/\/schema.org","@graph":[{"@type":"Article","@id":"https:\/\/diariodelsurdigital.com.ar\/?p=3877#article","isPartOf":{"@id":"https:\/\/diariodelsurdigital.com.ar\/?p=3877"},"author":{"name":"Diario del Sur Digital","@id":"https:\/\/diariodelsurdigital.com.ar\/#\/schema\/person\/6136a32571657f7dba980b88b04c5465"},"headline":"Robo en estaci\u00f3n de servicio: dictaron prisi\u00f3n preventiva para los hombres detenidos","datePublished":"2025-07-30T01:19:45+00:00","dateModified":"2025-07-30T01:19:46+00:00","mainEntityOfPage":{"@id":"https:\/\/diariodelsurdigital.com.ar\/?p=3877"},"wordCount":587,"commentCount":0,"image":{"@id":"https:\/\/diariodelsurdigital.com.ar\/?p=3877#primaryimage"},"thumbnailUrl":"https:\/\/diariodelsurdigital.com.ar\/wp-content\/uploads\/2025\/07\/l_1753833590.jpg","articleSection":["Uncategorized"],"inLanguage":"es","potentialAction":[{"@type":"CommentAction","name":"Comment","target":["https:\/\/diariodelsurdigital.com.ar\/?p=3877#respond"]}]},{"@type":"WebPage","@id":"https:\/\/diariodelsurdigital.com.ar\/?p=3877","url":"https:\/\/diariodelsurdigital.com.ar\/?p=3877","name":"Robo en estaci\u00f3n de servicio: dictaron prisi\u00f3n preventiva para los hombres detenidos - Diario del Sur","isPartOf":{"@id":"https:\/\/diariodelsurdigital.com.ar\/#website"},"primaryImageOfPage":{"@id":"https:\/\/diariodelsurdigital.com.ar\/?p=3877#primaryimage"},"image":{"@id":"https:\/\/diariodelsurdigital.com.ar\/?p=3877#primaryimage"},"thumbnailUrl":"https:\/\/diariodelsurdigital.com.ar\/wp-content\/uploads\/2025\/07\/l_1753833590.jpg","datePublished":"2025-07-30T01:19:45+00:00","dateModified":"2025-07-30T01:19:46+00:00","author":{"@id":"https:\/\/diariodelsurdigital.com.ar\/#\/schema\/person\/6136a32571657f7dba980b88b04c5465"},"breadcrumb":{"@id":"https:\/\/diariodelsurdigital.com.ar\/?p=3877#breadcrumb"},"inLanguage":"es","potentialAction":[{"@type":"ReadAction","target":["https:\/\/diariodelsurdigital.com.ar\/?p=3877"]}]},{"@type":"ImageObject","inLanguage":"es","@id":"https:\/\/diariodelsurdigital.com.ar\/?p=3877#primaryimage","url":"https:\/\/diariodelsurdigital.com.ar\/wp-content\/uploads\/2025\/07\/l_1753833590.jpg","contentUrl":"https:\/\/diariodelsurdigital.com.ar\/wp-content\/uploads\/2025\/07\/l_1753833590.jpg","width":487,"height":324},{"@type":"BreadcrumbList","@id":"https:\/\/diariodelsurdigital.com.ar\/?p=3877#breadcrumb","itemListElement":[{"@type":"ListItem","position":1,"name":"Portada","item":"https:\/\/diariodelsurdigital.com.ar\/"},{"@type":"ListItem","position":2,"name":"Robo en estaci\u00f3n de servicio: dictaron prisi\u00f3n preventiva para los hombres detenidos"}]},{"@type":"WebSite","@id":"https:\/\/diariodelsurdigital.com.ar\/#website","url":"https:\/\/diariodelsurdigital.com.ar\/","name":"Diario del Sur","description":"Digital","potentialAction":[{"@type":"SearchAction","target":{"@type":"EntryPoint","urlTemplate":"https:\/\/diariodelsurdigital.com.ar\/?s={search_term_string}"},"query-input":{"@type":"PropertyValueSpecification","valueRequired":true,"valueName":"search_term_string"}}],"inLanguage":"es"},{"@type":"Person","@id":"https:\/\/diariodelsurdigital.com.ar\/#\/schema\/person\/6136a32571657f7dba980b88b04c5465","name":"Diario del Sur Digital","image":{"@type":"ImageObject","inLanguage":"es","@id":"https:\/\/secure.gravatar.com\/avatar\/4c29ceac98541dd42460b2474aaa5dd37594d6ce6cb3cf2c101d09b48ee287ba?s=96&d=mm&r=g","url":"https:\/\/secure.gravatar.com\/avatar\/4c29ceac98541dd42460b2474aaa5dd37594d6ce6cb3cf2c101d09b48ee287ba?s=96&d=mm&r=g","contentUrl":"https:\/\/secure.gravatar.com\/avatar\/4c29ceac98541dd42460b2474aaa5dd37594d6ce6cb3cf2c101d09b48ee287ba?s=96&d=mm&r=g","caption":"Diario del Sur Digital"},"url":"https:\/\/diariodelsurdigital.com.ar\/?author=2"}]}},"_links":{"self":[{"href":"https:\/\/diariodelsurdigital.com.ar\/index.php?rest_route=\/wp\/v2\/posts\/3877","targetHints":{"allow":["GET"]}}],"collection":[{"href":"https:\/\/diariodelsurdigital.com.ar\/index.php?rest_route=\/wp\/v2\/posts"}],"about":[{"href":"https:\/\/diariodelsurdigital.com.ar\/index.php?rest_route=\/wp\/v2\/types\/post"}],"author":[{"embeddable":true,"href":"https:\/\/diariodelsurdigital.com.ar\/index.php?rest_route=\/wp\/v2\/users\/2"}],"replies":[{"embeddable":true,"href":"https:\/\/diariodelsurdigital.com.ar\/index.php?rest_route=%2Fwp%2Fv2%2Fcomments&post=3877"}],"version-history":[{"count":1,"href":"https:\/\/diariodelsurdigital.com.ar\/index.php?rest_route=\/wp\/v2\/posts\/3877\/revisions"}],"predecessor-version":[{"id":3879,"href":"https:\/\/diariodelsurdigital.com.ar\/index.php?rest_route=\/wp\/v2\/posts\/3877\/revisions\/3879"}],"wp:featuredmedia":[{"embeddable":true,"href":"https:\/\/diariodelsurdigital.com.ar\/index.php?rest_route=\/wp\/v2\/media\/3878"}],"wp:attachment":[{"href":"https:\/\/diariodelsurdigital.com.ar\/index.php?rest_route=%2Fwp%2Fv2%2Fmedia&parent=3877"}],"wp:term":[{"taxonomy":"category","embeddable":true,"href":"https:\/\/diariodelsurdigital.com.ar\/index.php?rest_route=%2Fwp%2Fv2%2Fcategories&post=3877"},{"taxonomy":"post_tag","embeddable":true,"href":"https:\/\/diariodelsurdigital.com.ar\/index.php?rest_route=%2Fwp%2Fv2%2Ftags&post=3877"}],"curies":[{"name":"wp","href":"https:\/\/api.w.org\/{rel}","templated":true}]}}