{"id":3884,"date":"2025-07-30T10:50:11","date_gmt":"2025-07-30T13:50:11","guid":{"rendered":"https:\/\/diariodelsurdigital.com.ar\/?p=3884"},"modified":"2025-07-30T10:50:12","modified_gmt":"2025-07-30T13:50:12","slug":"la-ocupacion-hotelera-en-entre-rios-llego-apenas-al-47-durante-julio","status":"publish","type":"post","link":"https:\/\/diariodelsurdigital.com.ar\/?p=3884","title":{"rendered":"La ocupaci\u00f3n hotelera en Entre R\u00edos lleg\u00f3 apenas al 47% durante julio"},"content":{"rendered":"\n<p>Fuentes oficiales indicaron que la provincia supera el promedio a nivel pa\u00eds durante las vacaciones de invierno.<\/p>\n\n\n\n<p>\u201cSi bien nos alienta haber estado entre las provincias con mejor desempe\u00f1o, no desconocemos la gravedad de la situaci\u00f3n que afecta a miles de trabajadores y prestadores tur\u00edsticos. Es un momento en el que el Estado debe estar m\u00e1s presente que nunca, acompa\u00f1ando con pol\u00edticas realistas y eficientes\u00bb, se\u00f1alaron desde el gobierno provincial.<\/p>\n\n\n\n<p><strong>Ya cerraron cinco hoteles en Entre R\u00edos y hay casi 50 despidos en el sector<\/strong><\/p>\n\n\n\n<p><br>El compromiso es seguir fortaleciendo el turismo como motor de desarrollo regional, sin dejar de reconocer las dificultades que atraviesan quienes viven de esta actividad.<\/p>\n\n\n\n<p>Acciones de promoci\u00f3n<\/p>\n\n\n\n<p>Seg\u00fan los registros, durante las primeras tres semanas de vacaciones de invierno, en la provincia se registr\u00f3 un promedio de ocupaci\u00f3n hotelera del 47 por ciento, con picos de alrededor del 80 por ciento en algunos destinos, lo que posiciona a Entre R\u00edos por encima de la media nacional en t\u00e9rminos de ocupaci\u00f3n hotelera.<\/p>\n\n\n\n<p>La cifra demuestra el impacto positivo que tuvieron, en este contexto dif\u00edcil para el turismo, las pol\u00edticas provinciales de incentivo al sector, como los beneficios que ofrece el Pasaporte Entre R\u00edos y la campa\u00f1a #ModoCarpincho, desarrollada en C\u00f3rdoba, Rosario, Ciudad Aut\u00f3noma de Buenos Aires y provincia de Buenos Aires, que se suman a la diversidad de propuestas naturales -espec\u00edficamente termales-, culturales y de entretenimiento que ofrece el territorio provincial.<\/p>\n\n\n\n<p>Las acciones se complementar\u00e1n hacia el futuro con la reglamentaci\u00f3n en los pr\u00f3ximos d\u00edas del Ente Mixto de Turismos para potenciar el trabajo p\u00fablico- privado.<\/p>\n\n\n\n<p>Desde la Secretar\u00eda de Turismo de Entre R\u00edos destacaron que estos niveles de ocupaci\u00f3n son el resultado del trabajo articulado con municipios, prestadores y el sector privado. \u00abEstamos consolidando a Entre R\u00edos como un destino de escapadas todo el a\u00f1o, con propuestas accesibles y variadas que siguen atrayendo visitantes\u00bb, se\u00f1alaron desde el organismo provincial.<\/p>\n","protected":false},"excerpt":{"rendered":"<p>Fuentes oficiales indicaron que la provincia supera el promedio a nivel pa\u00eds durante las vacaciones de invierno. \u201cSi bien nos alienta haber estado entre las provincias con mejor desempe\u00f1o, no desconocemos la gravedad de la situaci\u00f3n que afecta a miles de trabajadores y prestadores tur\u00edsticos. Es un momento en el que el Estado debe estar [&hellip;]<\/p>\n","protected":false},"author":4,"featured_media":3885,"comment_status":"open","ping_status":"open","sticky":false,"template":"","format":"standard","meta":{"footnotes":""},"categories":[17],"tags":[],"class_list":{"0":"post-3884","1":"post","2":"type-post","3":"status-publish","4":"format-standard","5":"has-post-thumbnail","7":"category-provinciales"},"yoast_head":"<!-- This site is optimized with the Yoast SEO plugin v27.4 - https:\/\/yoast.com\/product\/yoast-seo-wordpress\/ -->\n<title>La ocupaci\u00f3n hotelera en Entre R\u00edos lleg\u00f3 apenas al 47% durante julio - Diario del Sur<\/title>\n<meta name=\"robots\" content=\"index, follow, max-snippet:-1, max-image-preview:large, max-video-preview:-1\" \/>\n<link rel=\"canonical\" href=\"https:\/\/diariodelsurdigital.com.ar\/?p=3884\" \/>\n<meta property=\"og:locale\" content=\"es_ES\" \/>\n<meta property=\"og:type\" content=\"article\" \/>\n<meta property=\"og:title\" content=\"La ocupaci\u00f3n hotelera en Entre R\u00edos lleg\u00f3 apenas al 47% durante julio - Diario del Sur\" \/>\n<meta property=\"og:description\" content=\"Fuentes oficiales indicaron que la provincia supera el promedio a nivel pa\u00eds durante las vacaciones de invierno. \u201cSi bien nos alienta haber estado entre las provincias con mejor desempe\u00f1o, no desconocemos la gravedad de la situaci\u00f3n que afecta a miles de trabajadores y prestadores tur\u00edsticos. Es un momento en el que el Estado debe estar [&hellip;]\" \/>\n<meta property=\"og:url\" content=\"https:\/\/diariodelsurdigital.com.ar\/?p=3884\" \/>\n<meta property=\"og:site_name\" content=\"Diario del Sur\" \/>\n<meta property=\"article:published_time\" content=\"2025-07-30T13:50:11+00:00\" \/>\n<meta property=\"article:modified_time\" content=\"2025-07-30T13:50:12+00:00\" \/>\n<meta property=\"og:image\" content=\"https:\/\/diariodelsurdigital.com.ar\/wp-content\/uploads\/2025\/07\/md-42.webp\" \/>\n\t<meta property=\"og:image:width\" content=\"992\" \/>\n\t<meta property=\"og:image:height\" content=\"661\" \/>\n\t<meta property=\"og:image:type\" content=\"image\/webp\" \/>\n<meta name=\"author\" content=\"Diario del Sur Digital\" \/>\n<meta name=\"twitter:card\" content=\"summary_large_image\" \/>\n<meta name=\"twitter:label1\" content=\"Escrito por\" \/>\n\t<meta name=\"twitter:data1\" content=\"Diario del Sur Digital\" \/>\n\t<meta name=\"twitter:label2\" content=\"Tiempo de lectura\" \/>\n\t<meta name=\"twitter:data2\" content=\"2 minutos\" \/>\n<script type=\"application\/ld+json\" class=\"yoast-schema-graph\">{\"@context\":\"https:\\\/\\\/schema.org\",\"@graph\":[{\"@type\":\"Article\",\"@id\":\"https:\\\/\\\/diariodelsurdigital.com.ar\\\/?p=3884#article\",\"isPartOf\":{\"@id\":\"https:\\\/\\\/diariodelsurdigital.com.ar\\\/?p=3884\"},\"author\":{\"name\":\"Diario del Sur Digital\",\"@id\":\"https:\\\/\\\/diariodelsurdigital.com.ar\\\/#\\\/schema\\\/person\\\/1a4992532ed62965c968031b49195c81\"},\"headline\":\"La ocupaci\u00f3n hotelera en Entre R\u00edos lleg\u00f3 apenas al 47% durante julio\",\"datePublished\":\"2025-07-30T13:50:11+00:00\",\"dateModified\":\"2025-07-30T13:50:12+00:00\",\"mainEntityOfPage\":{\"@id\":\"https:\\\/\\\/diariodelsurdigital.com.ar\\\/?p=3884\"},\"wordCount\":358,\"commentCount\":0,\"image\":{\"@id\":\"https:\\\/\\\/diariodelsurdigital.com.ar\\\/?p=3884#primaryimage\"},\"thumbnailUrl\":\"https:\\\/\\\/diariodelsurdigital.com.ar\\\/wp-content\\\/uploads\\\/2025\\\/07\\\/md-42.webp\",\"articleSection\":[\"Provinciales\"],\"inLanguage\":\"es\",\"potentialAction\":[{\"@type\":\"CommentAction\",\"name\":\"Comment\",\"target\":[\"https:\\\/\\\/diariodelsurdigital.com.ar\\\/?p=3884#respond\"]}]},{\"@type\":\"WebPage\",\"@id\":\"https:\\\/\\\/diariodelsurdigital.com.ar\\\/?p=3884\",\"url\":\"https:\\\/\\\/diariodelsurdigital.com.ar\\\/?p=3884\",\"name\":\"La ocupaci\u00f3n hotelera en Entre R\u00edos lleg\u00f3 apenas al 47% durante julio - Diario del Sur\",\"isPartOf\":{\"@id\":\"https:\\\/\\\/diariodelsurdigital.com.ar\\\/#website\"},\"primaryImageOfPage\":{\"@id\":\"https:\\\/\\\/diariodelsurdigital.com.ar\\\/?p=3884#primaryimage\"},\"image\":{\"@id\":\"https:\\\/\\\/diariodelsurdigital.com.ar\\\/?p=3884#primaryimage\"},\"thumbnailUrl\":\"https:\\\/\\\/diariodelsurdigital.com.ar\\\/wp-content\\\/uploads\\\/2025\\\/07\\\/md-42.webp\",\"datePublished\":\"2025-07-30T13:50:11+00:00\",\"dateModified\":\"2025-07-30T13:50:12+00:00\",\"author\":{\"@id\":\"https:\\\/\\\/diariodelsurdigital.com.ar\\\/#\\\/schema\\\/person\\\/1a4992532ed62965c968031b49195c81\"},\"breadcrumb\":{\"@id\":\"https:\\\/\\\/diariodelsurdigital.com.ar\\\/?p=3884#breadcrumb\"},\"inLanguage\":\"es\",\"potentialAction\":[{\"@type\":\"ReadAction\",\"target\":[\"https:\\\/\\\/diariodelsurdigital.com.ar\\\/?p=3884\"]}]},{\"@type\":\"ImageObject\",\"inLanguage\":\"es\",\"@id\":\"https:\\\/\\\/diariodelsurdigital.com.ar\\\/?p=3884#primaryimage\",\"url\":\"https:\\\/\\\/diariodelsurdigital.com.ar\\\/wp-content\\\/uploads\\\/2025\\\/07\\\/md-42.webp\",\"contentUrl\":\"https:\\\/\\\/diariodelsurdigital.com.ar\\\/wp-content\\\/uploads\\\/2025\\\/07\\\/md-42.webp\",\"width\":992,\"height\":661},{\"@type\":\"BreadcrumbList\",\"@id\":\"https:\\\/\\\/diariodelsurdigital.com.ar\\\/?p=3884#breadcrumb\",\"itemListElement\":[{\"@type\":\"ListItem\",\"position\":1,\"name\":\"Portada\",\"item\":\"https:\\\/\\\/diariodelsurdigital.com.ar\\\/\"},{\"@type\":\"ListItem\",\"position\":2,\"name\":\"La ocupaci\u00f3n hotelera en Entre R\u00edos lleg\u00f3 apenas al 47% durante julio\"}]},{\"@type\":\"WebSite\",\"@id\":\"https:\\\/\\\/diariodelsurdigital.com.ar\\\/#website\",\"url\":\"https:\\\/\\\/diariodelsurdigital.com.ar\\\/\",\"name\":\"Diario del Sur\",\"description\":\"Digital\",\"potentialAction\":[{\"@type\":\"SearchAction\",\"target\":{\"@type\":\"EntryPoint\",\"urlTemplate\":\"https:\\\/\\\/diariodelsurdigital.com.ar\\\/?s={search_term_string}\"},\"query-input\":{\"@type\":\"PropertyValueSpecification\",\"valueRequired\":true,\"valueName\":\"search_term_string\"}}],\"inLanguage\":\"es\"},{\"@type\":\"Person\",\"@id\":\"https:\\\/\\\/diariodelsurdigital.com.ar\\\/#\\\/schema\\\/person\\\/1a4992532ed62965c968031b49195c81\",\"name\":\"Diario del Sur Digital\",\"image\":{\"@type\":\"ImageObject\",\"inLanguage\":\"es\",\"@id\":\"https:\\\/\\\/secure.gravatar.com\\\/avatar\\\/f0c7c47fc7146d19828273b9b8eda651c9c7ab583767e6338d3d3bee825adf76?s=96&d=mm&r=g\",\"url\":\"https:\\\/\\\/secure.gravatar.com\\\/avatar\\\/f0c7c47fc7146d19828273b9b8eda651c9c7ab583767e6338d3d3bee825adf76?s=96&d=mm&r=g\",\"contentUrl\":\"https:\\\/\\\/secure.gravatar.com\\\/avatar\\\/f0c7c47fc7146d19828273b9b8eda651c9c7ab583767e6338d3d3bee825adf76?s=96&d=mm&r=g\",\"caption\":\"Diario del Sur Digital\"},\"url\":\"https:\\\/\\\/diariodelsurdigital.com.ar\\\/?author=4\"}]}<\/script>\n<!-- \/ Yoast SEO plugin. -->","yoast_head_json":{"title":"La ocupaci\u00f3n hotelera en Entre R\u00edos lleg\u00f3 apenas al 47% durante julio - Diario del Sur","robots":{"index":"index","follow":"follow","max-snippet":"max-snippet:-1","max-image-preview":"max-image-preview:large","max-video-preview":"max-video-preview:-1"},"canonical":"https:\/\/diariodelsurdigital.com.ar\/?p=3884","og_locale":"es_ES","og_type":"article","og_title":"La ocupaci\u00f3n hotelera en Entre R\u00edos lleg\u00f3 apenas al 47% durante julio - Diario del Sur","og_description":"Fuentes oficiales indicaron que la provincia supera el promedio a nivel pa\u00eds durante las vacaciones de invierno. \u201cSi bien nos alienta haber estado entre las provincias con mejor desempe\u00f1o, no desconocemos la gravedad de la situaci\u00f3n que afecta a miles de trabajadores y prestadores tur\u00edsticos. Es un momento en el que el Estado debe estar [&hellip;]","og_url":"https:\/\/diariodelsurdigital.com.ar\/?p=3884","og_site_name":"Diario del Sur","article_published_time":"2025-07-30T13:50:11+00:00","article_modified_time":"2025-07-30T13:50:12+00:00","og_image":[{"width":992,"height":661,"url":"https:\/\/diariodelsurdigital.com.ar\/wp-content\/uploads\/2025\/07\/md-42.webp","type":"image\/webp"}],"author":"Diario del Sur Digital","twitter_card":"summary_large_image","twitter_misc":{"Escrito por":"Diario del Sur Digital","Tiempo de lectura":"2 minutos"},"schema":{"@context":"https:\/\/schema.org","@graph":[{"@type":"Article","@id":"https:\/\/diariodelsurdigital.com.ar\/?p=3884#article","isPartOf":{"@id":"https:\/\/diariodelsurdigital.com.ar\/?p=3884"},"author":{"name":"Diario del Sur Digital","@id":"https:\/\/diariodelsurdigital.com.ar\/#\/schema\/person\/1a4992532ed62965c968031b49195c81"},"headline":"La ocupaci\u00f3n hotelera en Entre R\u00edos lleg\u00f3 apenas al 47% durante julio","datePublished":"2025-07-30T13:50:11+00:00","dateModified":"2025-07-30T13:50:12+00:00","mainEntityOfPage":{"@id":"https:\/\/diariodelsurdigital.com.ar\/?p=3884"},"wordCount":358,"commentCount":0,"image":{"@id":"https:\/\/diariodelsurdigital.com.ar\/?p=3884#primaryimage"},"thumbnailUrl":"https:\/\/diariodelsurdigital.com.ar\/wp-content\/uploads\/2025\/07\/md-42.webp","articleSection":["Provinciales"],"inLanguage":"es","potentialAction":[{"@type":"CommentAction","name":"Comment","target":["https:\/\/diariodelsurdigital.com.ar\/?p=3884#respond"]}]},{"@type":"WebPage","@id":"https:\/\/diariodelsurdigital.com.ar\/?p=3884","url":"https:\/\/diariodelsurdigital.com.ar\/?p=3884","name":"La ocupaci\u00f3n hotelera en Entre R\u00edos lleg\u00f3 apenas al 47% durante julio - Diario del Sur","isPartOf":{"@id":"https:\/\/diariodelsurdigital.com.ar\/#website"},"primaryImageOfPage":{"@id":"https:\/\/diariodelsurdigital.com.ar\/?p=3884#primaryimage"},"image":{"@id":"https:\/\/diariodelsurdigital.com.ar\/?p=3884#primaryimage"},"thumbnailUrl":"https:\/\/diariodelsurdigital.com.ar\/wp-content\/uploads\/2025\/07\/md-42.webp","datePublished":"2025-07-30T13:50:11+00:00","dateModified":"2025-07-30T13:50:12+00:00","author":{"@id":"https:\/\/diariodelsurdigital.com.ar\/#\/schema\/person\/1a4992532ed62965c968031b49195c81"},"breadcrumb":{"@id":"https:\/\/diariodelsurdigital.com.ar\/?p=3884#breadcrumb"},"inLanguage":"es","potentialAction":[{"@type":"ReadAction","target":["https:\/\/diariodelsurdigital.com.ar\/?p=3884"]}]},{"@type":"ImageObject","inLanguage":"es","@id":"https:\/\/diariodelsurdigital.com.ar\/?p=3884#primaryimage","url":"https:\/\/diariodelsurdigital.com.ar\/wp-content\/uploads\/2025\/07\/md-42.webp","contentUrl":"https:\/\/diariodelsurdigital.com.ar\/wp-content\/uploads\/2025\/07\/md-42.webp","width":992,"height":661},{"@type":"BreadcrumbList","@id":"https:\/\/diariodelsurdigital.com.ar\/?p=3884#breadcrumb","itemListElement":[{"@type":"ListItem","position":1,"name":"Portada","item":"https:\/\/diariodelsurdigital.com.ar\/"},{"@type":"ListItem","position":2,"name":"La ocupaci\u00f3n hotelera en Entre R\u00edos lleg\u00f3 apenas al 47% durante julio"}]},{"@type":"WebSite","@id":"https:\/\/diariodelsurdigital.com.ar\/#website","url":"https:\/\/diariodelsurdigital.com.ar\/","name":"Diario del Sur","description":"Digital","potentialAction":[{"@type":"SearchAction","target":{"@type":"EntryPoint","urlTemplate":"https:\/\/diariodelsurdigital.com.ar\/?s={search_term_string}"},"query-input":{"@type":"PropertyValueSpecification","valueRequired":true,"valueName":"search_term_string"}}],"inLanguage":"es"},{"@type":"Person","@id":"https:\/\/diariodelsurdigital.com.ar\/#\/schema\/person\/1a4992532ed62965c968031b49195c81","name":"Diario del Sur Digital","image":{"@type":"ImageObject","inLanguage":"es","@id":"https:\/\/secure.gravatar.com\/avatar\/f0c7c47fc7146d19828273b9b8eda651c9c7ab583767e6338d3d3bee825adf76?s=96&d=mm&r=g","url":"https:\/\/secure.gravatar.com\/avatar\/f0c7c47fc7146d19828273b9b8eda651c9c7ab583767e6338d3d3bee825adf76?s=96&d=mm&r=g","contentUrl":"https:\/\/secure.gravatar.com\/avatar\/f0c7c47fc7146d19828273b9b8eda651c9c7ab583767e6338d3d3bee825adf76?s=96&d=mm&r=g","caption":"Diario del Sur Digital"},"url":"https:\/\/diariodelsurdigital.com.ar\/?author=4"}]}},"_links":{"self":[{"href":"https:\/\/diariodelsurdigital.com.ar\/index.php?rest_route=\/wp\/v2\/posts\/3884","targetHints":{"allow":["GET"]}}],"collection":[{"href":"https:\/\/diariodelsurdigital.com.ar\/index.php?rest_route=\/wp\/v2\/posts"}],"about":[{"href":"https:\/\/diariodelsurdigital.com.ar\/index.php?rest_route=\/wp\/v2\/types\/post"}],"author":[{"embeddable":true,"href":"https:\/\/diariodelsurdigital.com.ar\/index.php?rest_route=\/wp\/v2\/users\/4"}],"replies":[{"embeddable":true,"href":"https:\/\/diariodelsurdigital.com.ar\/index.php?rest_route=%2Fwp%2Fv2%2Fcomments&post=3884"}],"version-history":[{"count":1,"href":"https:\/\/diariodelsurdigital.com.ar\/index.php?rest_route=\/wp\/v2\/posts\/3884\/revisions"}],"predecessor-version":[{"id":3886,"href":"https:\/\/diariodelsurdigital.com.ar\/index.php?rest_route=\/wp\/v2\/posts\/3884\/revisions\/3886"}],"wp:featuredmedia":[{"embeddable":true,"href":"https:\/\/diariodelsurdigital.com.ar\/index.php?rest_route=\/wp\/v2\/media\/3885"}],"wp:attachment":[{"href":"https:\/\/diariodelsurdigital.com.ar\/index.php?rest_route=%2Fwp%2Fv2%2Fmedia&parent=3884"}],"wp:term":[{"taxonomy":"category","embeddable":true,"href":"https:\/\/diariodelsurdigital.com.ar\/index.php?rest_route=%2Fwp%2Fv2%2Fcategories&post=3884"},{"taxonomy":"post_tag","embeddable":true,"href":"https:\/\/diariodelsurdigital.com.ar\/index.php?rest_route=%2Fwp%2Fv2%2Ftags&post=3884"}],"curies":[{"name":"wp","href":"https:\/\/api.w.org\/{rel}","templated":true}]}}