{"id":3887,"date":"2025-07-30T10:52:54","date_gmt":"2025-07-30T13:52:54","guid":{"rendered":"https:\/\/diariodelsurdigital.com.ar\/?p=3887"},"modified":"2025-07-30T10:52:55","modified_gmt":"2025-07-30T13:52:55","slug":"ypf-subio-por-tercera-vez-en-el-mes-los-precios-de-los-combustibles-los-nuevos-valores","status":"publish","type":"post","link":"https:\/\/diariodelsurdigital.com.ar\/?p=3887","title":{"rendered":"YPF subi\u00f3 por tercera vez en el mes los precios de los combustibles: los nuevos valores"},"content":{"rendered":"\n<p>La petrolera estatal aplic\u00f3 sorpresivamente otro incremento en los precios de las naftas y el gasoil. Los mismos se reflejaron esta madrugada en los surtidores de las estaciones de servicio de Paran\u00e1.<\/p>\n\n\n\n<p>La petrolera estatal YPF decidi\u00f3 subir este mi\u00e9rcoles 30 de julio los precios de sus combustibles, seg\u00fan los valores que se reflejaron en los surtidores de las estaciones de servicios de la capital entrerriana.<\/p>\n\n\n\n<p>Se trata del tercer incremento en lo que va del mes y est\u00e1 cerca del 1 por ciento, tras el 3,5% aplicado el pasado 1\u00b0 de julio y el 2,5 por ciento que subi\u00f3 el 20 del corriente mes.<\/p>\n\n\n\n<p>Desde la empresa no dieron detalles ni precisiones de los motivos de este nuevo aumento.<\/p>\n\n\n\n<p>Los precios en Paran\u00e1<\/p>\n\n\n\n<p>Nafta S\u00faper: 1.345 pesos el litro (estaba $1.333)<\/p>\n\n\n\n<p>Nafta Infinia: 1.544 (estaba $1.530)<\/p>\n\n\n\n<p>Diesel 500: 1.380 pesos (estaba $1.368)<\/p>\n\n\n\n<p>Diesel Infinia: 1.550 pesos (estaba $1.536)<\/p>\n\n\n\n<p>Precios din\u00e1micos y combustibles m\u00e1s baratos de madrugada<\/p>\n\n\n\n<p>YPF implement\u00f3 este mes una nueva pol\u00edtica de precios din\u00e1micos, que busca adaptar los valores a la oferta, la demanda, las franjas horarias y las regiones del pa\u00eds.<\/p>\n\n\n\n<p>La compa\u00f1\u00eda, presidida por Horacio Mar\u00edn, destac\u00f3 que esta estrategia es posible gracias a la reciente puesta en marcha del Centro de Monitoreo en Tiempo Real (RTIC), que permite evaluar las ventas y optimizar decisiones comerciales de forma inmediata.<\/p>\n\n\n\n<p>YPF comenz\u00f3 este mes a aplicar un sistema de precios diferenciados por franjas horarias. En ese esquema, los combustibles pueden conseguirse hasta un 3% m\u00e1s baratos entre las 0 y las 6 de la ma\u00f1ana, seg\u00fan la estaci\u00f3n y la ubicaci\u00f3n, utilizando la aplicaci\u00f3n de la empresa. Y se le suma otro tanto en las estaciones que tienen disponible el auto despacho, public\u00f3 El Once.<\/p>\n\n\n\n<p>El nuevo incremento se suma a un contexto de ajustes mensuales del precio de los combustibles, aunque con diferencias entre las compa\u00f1\u00edas del sector. YPF, a diferencia de otras firmas privadas, suele aplicar las subas con cierto rezago.<\/p>\n","protected":false},"excerpt":{"rendered":"<p>La petrolera estatal aplic\u00f3 sorpresivamente otro incremento en los precios de las naftas y el gasoil. Los mismos se reflejaron esta madrugada en los surtidores de las estaciones de servicio de Paran\u00e1. La petrolera estatal YPF decidi\u00f3 subir este mi\u00e9rcoles 30 de julio los precios de sus combustibles, seg\u00fan los valores que se reflejaron en [&hellip;]<\/p>\n","protected":false},"author":4,"featured_media":3888,"comment_status":"open","ping_status":"open","sticky":false,"template":"","format":"standard","meta":{"footnotes":""},"categories":[17],"tags":[],"class_list":{"0":"post-3887","1":"post","2":"type-post","3":"status-publish","4":"format-standard","5":"has-post-thumbnail","7":"category-provinciales"},"yoast_head":"<!-- This site is optimized with the Yoast SEO plugin v27.4 - https:\/\/yoast.com\/product\/yoast-seo-wordpress\/ -->\n<title>YPF subi\u00f3 por tercera vez en el mes los precios de los combustibles: los nuevos valores - Diario del Sur<\/title>\n<meta name=\"robots\" content=\"index, follow, max-snippet:-1, max-image-preview:large, max-video-preview:-1\" \/>\n<link rel=\"canonical\" href=\"https:\/\/diariodelsurdigital.com.ar\/?p=3887\" \/>\n<meta property=\"og:locale\" content=\"es_ES\" \/>\n<meta property=\"og:type\" content=\"article\" \/>\n<meta property=\"og:title\" content=\"YPF subi\u00f3 por tercera vez en el mes los precios de los combustibles: los nuevos valores - Diario del Sur\" \/>\n<meta property=\"og:description\" content=\"La petrolera estatal aplic\u00f3 sorpresivamente otro incremento en los precios de las naftas y el gasoil. Los mismos se reflejaron esta madrugada en los surtidores de las estaciones de servicio de Paran\u00e1. La petrolera estatal YPF decidi\u00f3 subir este mi\u00e9rcoles 30 de julio los precios de sus combustibles, seg\u00fan los valores que se reflejaron en [&hellip;]\" \/>\n<meta property=\"og:url\" content=\"https:\/\/diariodelsurdigital.com.ar\/?p=3887\" \/>\n<meta property=\"og:site_name\" content=\"Diario del Sur\" \/>\n<meta property=\"article:published_time\" content=\"2025-07-30T13:52:54+00:00\" \/>\n<meta property=\"article:modified_time\" content=\"2025-07-30T13:52:55+00:00\" \/>\n<meta property=\"og:image\" content=\"https:\/\/diariodelsurdigital.com.ar\/wp-content\/uploads\/2025\/07\/md-43.webp\" \/>\n\t<meta property=\"og:image:width\" content=\"992\" \/>\n\t<meta property=\"og:image:height\" content=\"558\" \/>\n\t<meta property=\"og:image:type\" content=\"image\/webp\" \/>\n<meta name=\"author\" content=\"Diario del Sur Digital\" \/>\n<meta name=\"twitter:card\" content=\"summary_large_image\" \/>\n<meta name=\"twitter:label1\" content=\"Escrito por\" \/>\n\t<meta name=\"twitter:data1\" content=\"Diario del Sur Digital\" \/>\n\t<meta name=\"twitter:label2\" content=\"Tiempo de lectura\" \/>\n\t<meta name=\"twitter:data2\" content=\"2 minutos\" \/>\n<script type=\"application\/ld+json\" class=\"yoast-schema-graph\">{\"@context\":\"https:\\\/\\\/schema.org\",\"@graph\":[{\"@type\":\"Article\",\"@id\":\"https:\\\/\\\/diariodelsurdigital.com.ar\\\/?p=3887#article\",\"isPartOf\":{\"@id\":\"https:\\\/\\\/diariodelsurdigital.com.ar\\\/?p=3887\"},\"author\":{\"name\":\"Diario del Sur Digital\",\"@id\":\"https:\\\/\\\/diariodelsurdigital.com.ar\\\/#\\\/schema\\\/person\\\/1a4992532ed62965c968031b49195c81\"},\"headline\":\"YPF subi\u00f3 por tercera vez en el mes los precios de los combustibles: los nuevos valores\",\"datePublished\":\"2025-07-30T13:52:54+00:00\",\"dateModified\":\"2025-07-30T13:52:55+00:00\",\"mainEntityOfPage\":{\"@id\":\"https:\\\/\\\/diariodelsurdigital.com.ar\\\/?p=3887\"},\"wordCount\":342,\"commentCount\":0,\"image\":{\"@id\":\"https:\\\/\\\/diariodelsurdigital.com.ar\\\/?p=3887#primaryimage\"},\"thumbnailUrl\":\"https:\\\/\\\/diariodelsurdigital.com.ar\\\/wp-content\\\/uploads\\\/2025\\\/07\\\/md-43.webp\",\"articleSection\":[\"Provinciales\"],\"inLanguage\":\"es\",\"potentialAction\":[{\"@type\":\"CommentAction\",\"name\":\"Comment\",\"target\":[\"https:\\\/\\\/diariodelsurdigital.com.ar\\\/?p=3887#respond\"]}]},{\"@type\":\"WebPage\",\"@id\":\"https:\\\/\\\/diariodelsurdigital.com.ar\\\/?p=3887\",\"url\":\"https:\\\/\\\/diariodelsurdigital.com.ar\\\/?p=3887\",\"name\":\"YPF subi\u00f3 por tercera vez en el mes los precios de los combustibles: los nuevos valores - Diario del Sur\",\"isPartOf\":{\"@id\":\"https:\\\/\\\/diariodelsurdigital.com.ar\\\/#website\"},\"primaryImageOfPage\":{\"@id\":\"https:\\\/\\\/diariodelsurdigital.com.ar\\\/?p=3887#primaryimage\"},\"image\":{\"@id\":\"https:\\\/\\\/diariodelsurdigital.com.ar\\\/?p=3887#primaryimage\"},\"thumbnailUrl\":\"https:\\\/\\\/diariodelsurdigital.com.ar\\\/wp-content\\\/uploads\\\/2025\\\/07\\\/md-43.webp\",\"datePublished\":\"2025-07-30T13:52:54+00:00\",\"dateModified\":\"2025-07-30T13:52:55+00:00\",\"author\":{\"@id\":\"https:\\\/\\\/diariodelsurdigital.com.ar\\\/#\\\/schema\\\/person\\\/1a4992532ed62965c968031b49195c81\"},\"breadcrumb\":{\"@id\":\"https:\\\/\\\/diariodelsurdigital.com.ar\\\/?p=3887#breadcrumb\"},\"inLanguage\":\"es\",\"potentialAction\":[{\"@type\":\"ReadAction\",\"target\":[\"https:\\\/\\\/diariodelsurdigital.com.ar\\\/?p=3887\"]}]},{\"@type\":\"ImageObject\",\"inLanguage\":\"es\",\"@id\":\"https:\\\/\\\/diariodelsurdigital.com.ar\\\/?p=3887#primaryimage\",\"url\":\"https:\\\/\\\/diariodelsurdigital.com.ar\\\/wp-content\\\/uploads\\\/2025\\\/07\\\/md-43.webp\",\"contentUrl\":\"https:\\\/\\\/diariodelsurdigital.com.ar\\\/wp-content\\\/uploads\\\/2025\\\/07\\\/md-43.webp\",\"width\":992,\"height\":558},{\"@type\":\"BreadcrumbList\",\"@id\":\"https:\\\/\\\/diariodelsurdigital.com.ar\\\/?p=3887#breadcrumb\",\"itemListElement\":[{\"@type\":\"ListItem\",\"position\":1,\"name\":\"Portada\",\"item\":\"https:\\\/\\\/diariodelsurdigital.com.ar\\\/\"},{\"@type\":\"ListItem\",\"position\":2,\"name\":\"YPF subi\u00f3 por tercera vez en el mes los precios de los combustibles: los nuevos valores\"}]},{\"@type\":\"WebSite\",\"@id\":\"https:\\\/\\\/diariodelsurdigital.com.ar\\\/#website\",\"url\":\"https:\\\/\\\/diariodelsurdigital.com.ar\\\/\",\"name\":\"Diario del Sur\",\"description\":\"Digital\",\"potentialAction\":[{\"@type\":\"SearchAction\",\"target\":{\"@type\":\"EntryPoint\",\"urlTemplate\":\"https:\\\/\\\/diariodelsurdigital.com.ar\\\/?s={search_term_string}\"},\"query-input\":{\"@type\":\"PropertyValueSpecification\",\"valueRequired\":true,\"valueName\":\"search_term_string\"}}],\"inLanguage\":\"es\"},{\"@type\":\"Person\",\"@id\":\"https:\\\/\\\/diariodelsurdigital.com.ar\\\/#\\\/schema\\\/person\\\/1a4992532ed62965c968031b49195c81\",\"name\":\"Diario del Sur Digital\",\"image\":{\"@type\":\"ImageObject\",\"inLanguage\":\"es\",\"@id\":\"https:\\\/\\\/secure.gravatar.com\\\/avatar\\\/f0c7c47fc7146d19828273b9b8eda651c9c7ab583767e6338d3d3bee825adf76?s=96&d=mm&r=g\",\"url\":\"https:\\\/\\\/secure.gravatar.com\\\/avatar\\\/f0c7c47fc7146d19828273b9b8eda651c9c7ab583767e6338d3d3bee825adf76?s=96&d=mm&r=g\",\"contentUrl\":\"https:\\\/\\\/secure.gravatar.com\\\/avatar\\\/f0c7c47fc7146d19828273b9b8eda651c9c7ab583767e6338d3d3bee825adf76?s=96&d=mm&r=g\",\"caption\":\"Diario del Sur Digital\"},\"url\":\"https:\\\/\\\/diariodelsurdigital.com.ar\\\/?author=4\"}]}<\/script>\n<!-- \/ Yoast SEO plugin. -->","yoast_head_json":{"title":"YPF subi\u00f3 por tercera vez en el mes los precios de los combustibles: los nuevos valores - Diario del Sur","robots":{"index":"index","follow":"follow","max-snippet":"max-snippet:-1","max-image-preview":"max-image-preview:large","max-video-preview":"max-video-preview:-1"},"canonical":"https:\/\/diariodelsurdigital.com.ar\/?p=3887","og_locale":"es_ES","og_type":"article","og_title":"YPF subi\u00f3 por tercera vez en el mes los precios de los combustibles: los nuevos valores - Diario del Sur","og_description":"La petrolera estatal aplic\u00f3 sorpresivamente otro incremento en los precios de las naftas y el gasoil. Los mismos se reflejaron esta madrugada en los surtidores de las estaciones de servicio de Paran\u00e1. La petrolera estatal YPF decidi\u00f3 subir este mi\u00e9rcoles 30 de julio los precios de sus combustibles, seg\u00fan los valores que se reflejaron en [&hellip;]","og_url":"https:\/\/diariodelsurdigital.com.ar\/?p=3887","og_site_name":"Diario del Sur","article_published_time":"2025-07-30T13:52:54+00:00","article_modified_time":"2025-07-30T13:52:55+00:00","og_image":[{"width":992,"height":558,"url":"https:\/\/diariodelsurdigital.com.ar\/wp-content\/uploads\/2025\/07\/md-43.webp","type":"image\/webp"}],"author":"Diario del Sur Digital","twitter_card":"summary_large_image","twitter_misc":{"Escrito por":"Diario del Sur Digital","Tiempo de lectura":"2 minutos"},"schema":{"@context":"https:\/\/schema.org","@graph":[{"@type":"Article","@id":"https:\/\/diariodelsurdigital.com.ar\/?p=3887#article","isPartOf":{"@id":"https:\/\/diariodelsurdigital.com.ar\/?p=3887"},"author":{"name":"Diario del Sur Digital","@id":"https:\/\/diariodelsurdigital.com.ar\/#\/schema\/person\/1a4992532ed62965c968031b49195c81"},"headline":"YPF subi\u00f3 por tercera vez en el mes los precios de los combustibles: los nuevos valores","datePublished":"2025-07-30T13:52:54+00:00","dateModified":"2025-07-30T13:52:55+00:00","mainEntityOfPage":{"@id":"https:\/\/diariodelsurdigital.com.ar\/?p=3887"},"wordCount":342,"commentCount":0,"image":{"@id":"https:\/\/diariodelsurdigital.com.ar\/?p=3887#primaryimage"},"thumbnailUrl":"https:\/\/diariodelsurdigital.com.ar\/wp-content\/uploads\/2025\/07\/md-43.webp","articleSection":["Provinciales"],"inLanguage":"es","potentialAction":[{"@type":"CommentAction","name":"Comment","target":["https:\/\/diariodelsurdigital.com.ar\/?p=3887#respond"]}]},{"@type":"WebPage","@id":"https:\/\/diariodelsurdigital.com.ar\/?p=3887","url":"https:\/\/diariodelsurdigital.com.ar\/?p=3887","name":"YPF subi\u00f3 por tercera vez en el mes los precios de los combustibles: los nuevos valores - Diario del Sur","isPartOf":{"@id":"https:\/\/diariodelsurdigital.com.ar\/#website"},"primaryImageOfPage":{"@id":"https:\/\/diariodelsurdigital.com.ar\/?p=3887#primaryimage"},"image":{"@id":"https:\/\/diariodelsurdigital.com.ar\/?p=3887#primaryimage"},"thumbnailUrl":"https:\/\/diariodelsurdigital.com.ar\/wp-content\/uploads\/2025\/07\/md-43.webp","datePublished":"2025-07-30T13:52:54+00:00","dateModified":"2025-07-30T13:52:55+00:00","author":{"@id":"https:\/\/diariodelsurdigital.com.ar\/#\/schema\/person\/1a4992532ed62965c968031b49195c81"},"breadcrumb":{"@id":"https:\/\/diariodelsurdigital.com.ar\/?p=3887#breadcrumb"},"inLanguage":"es","potentialAction":[{"@type":"ReadAction","target":["https:\/\/diariodelsurdigital.com.ar\/?p=3887"]}]},{"@type":"ImageObject","inLanguage":"es","@id":"https:\/\/diariodelsurdigital.com.ar\/?p=3887#primaryimage","url":"https:\/\/diariodelsurdigital.com.ar\/wp-content\/uploads\/2025\/07\/md-43.webp","contentUrl":"https:\/\/diariodelsurdigital.com.ar\/wp-content\/uploads\/2025\/07\/md-43.webp","width":992,"height":558},{"@type":"BreadcrumbList","@id":"https:\/\/diariodelsurdigital.com.ar\/?p=3887#breadcrumb","itemListElement":[{"@type":"ListItem","position":1,"name":"Portada","item":"https:\/\/diariodelsurdigital.com.ar\/"},{"@type":"ListItem","position":2,"name":"YPF subi\u00f3 por tercera vez en el mes los precios de los combustibles: los nuevos valores"}]},{"@type":"WebSite","@id":"https:\/\/diariodelsurdigital.com.ar\/#website","url":"https:\/\/diariodelsurdigital.com.ar\/","name":"Diario del Sur","description":"Digital","potentialAction":[{"@type":"SearchAction","target":{"@type":"EntryPoint","urlTemplate":"https:\/\/diariodelsurdigital.com.ar\/?s={search_term_string}"},"query-input":{"@type":"PropertyValueSpecification","valueRequired":true,"valueName":"search_term_string"}}],"inLanguage":"es"},{"@type":"Person","@id":"https:\/\/diariodelsurdigital.com.ar\/#\/schema\/person\/1a4992532ed62965c968031b49195c81","name":"Diario del Sur Digital","image":{"@type":"ImageObject","inLanguage":"es","@id":"https:\/\/secure.gravatar.com\/avatar\/f0c7c47fc7146d19828273b9b8eda651c9c7ab583767e6338d3d3bee825adf76?s=96&d=mm&r=g","url":"https:\/\/secure.gravatar.com\/avatar\/f0c7c47fc7146d19828273b9b8eda651c9c7ab583767e6338d3d3bee825adf76?s=96&d=mm&r=g","contentUrl":"https:\/\/secure.gravatar.com\/avatar\/f0c7c47fc7146d19828273b9b8eda651c9c7ab583767e6338d3d3bee825adf76?s=96&d=mm&r=g","caption":"Diario del Sur Digital"},"url":"https:\/\/diariodelsurdigital.com.ar\/?author=4"}]}},"_links":{"self":[{"href":"https:\/\/diariodelsurdigital.com.ar\/index.php?rest_route=\/wp\/v2\/posts\/3887","targetHints":{"allow":["GET"]}}],"collection":[{"href":"https:\/\/diariodelsurdigital.com.ar\/index.php?rest_route=\/wp\/v2\/posts"}],"about":[{"href":"https:\/\/diariodelsurdigital.com.ar\/index.php?rest_route=\/wp\/v2\/types\/post"}],"author":[{"embeddable":true,"href":"https:\/\/diariodelsurdigital.com.ar\/index.php?rest_route=\/wp\/v2\/users\/4"}],"replies":[{"embeddable":true,"href":"https:\/\/diariodelsurdigital.com.ar\/index.php?rest_route=%2Fwp%2Fv2%2Fcomments&post=3887"}],"version-history":[{"count":1,"href":"https:\/\/diariodelsurdigital.com.ar\/index.php?rest_route=\/wp\/v2\/posts\/3887\/revisions"}],"predecessor-version":[{"id":3889,"href":"https:\/\/diariodelsurdigital.com.ar\/index.php?rest_route=\/wp\/v2\/posts\/3887\/revisions\/3889"}],"wp:featuredmedia":[{"embeddable":true,"href":"https:\/\/diariodelsurdigital.com.ar\/index.php?rest_route=\/wp\/v2\/media\/3888"}],"wp:attachment":[{"href":"https:\/\/diariodelsurdigital.com.ar\/index.php?rest_route=%2Fwp%2Fv2%2Fmedia&parent=3887"}],"wp:term":[{"taxonomy":"category","embeddable":true,"href":"https:\/\/diariodelsurdigital.com.ar\/index.php?rest_route=%2Fwp%2Fv2%2Fcategories&post=3887"},{"taxonomy":"post_tag","embeddable":true,"href":"https:\/\/diariodelsurdigital.com.ar\/index.php?rest_route=%2Fwp%2Fv2%2Ftags&post=3887"}],"curies":[{"name":"wp","href":"https:\/\/api.w.org\/{rel}","templated":true}]}}