{"id":3890,"date":"2025-07-30T10:54:56","date_gmt":"2025-07-30T13:54:56","guid":{"rendered":"https:\/\/diariodelsurdigital.com.ar\/?p=3890"},"modified":"2025-07-30T10:54:57","modified_gmt":"2025-07-30T13:54:57","slug":"cuestionan-que-la-actividad-economica-en-la-provincia-cayo-y-el-gobierno-no-tiene-un-plan-para-detener-la-caida","status":"publish","type":"post","link":"https:\/\/diariodelsurdigital.com.ar\/?p=3890","title":{"rendered":"Cuestionan que la actividad econ\u00f3mica en la provincia cay\u00f3 y el gobierno no tiene un plan para detener la ca\u00edda"},"content":{"rendered":"\n<p>\u00c1lvaro Gab\u00e1s, ex secretario de la Producci\u00f3n en la gesti\u00f3n del entonces gobernador Gustavo Bordet, dio a conocer un informe que expuso que la econom\u00eda entrerriana cay\u00f3 m\u00e1s del 7% durante 2024. El informe fue elaborado con guarismos de la Direcci\u00f3n General de Estad\u00edsticas y Censos de la provincia. Participaron Estad\u00edstica y Censos, la Facultad de Ciencias Econ\u00f3micas de la UNER y el Consejo Empresario de Entre R\u00edos.<\/p>\n\n\n\n<p>En un informe que titul\u00f3 \u201cEntre R\u00edos: La econom\u00eda cay\u00f3 m\u00e1s del 7% en el a\u00f1o 2024\u201d, el contador \u00c1lvaro Gab\u00e1s, ex secretario de la producci\u00f3n durante una de las gestiones del ex gobernador peronista y actual diputado nacional, Gustavo Bordet, expuso que \u201cde acuerdo al Indicador Sint\u00e9tico de Actividad Econ\u00f3mica de Entre R\u00edos (Isaeer), elaborado conjuntamente entre Direcci\u00f3n General de Estad\u00edstica y Censos, la Facultad de Ciencias Econ\u00f3micas de la UNER y el Consejo Empresario de Entre R\u00edos, la econom\u00eda entrerriana cay\u00f3 un 7.18% en el a\u00f1o 2024 respecto del a\u00f1o 2023\u201d.<\/p>\n\n\n\n<p>Fase recesiva con considerable ca\u00edda de la actividad<\/p>\n\n\n\n<p>El informe concluy\u00f3 que \u201cel Isaeer confirma que Entre R\u00edos atraviesa una fase recesiva y ca\u00edda considerable de la actividad econ\u00f3mica. La ca\u00edda en consumo, recaudaci\u00f3n y empleo fueron las m\u00e1s afectadas\u201d.<\/p>\n\n\n\n<p>Gab\u00e1s profundiz\u00f3 sus cr\u00edticas al se\u00f1alar que \u201caun as\u00ed, no existen pol\u00edticas p\u00fablicas provinciales que morigeren o compensen dicha contracci\u00f3n. No se prev\u00e9 un plan econ\u00f3mico provincial que amortig\u00fce y\/o genere un crecimiento en la actividad productiva provincial\u201d.<\/p>\n\n\n\n<p>En el informe se consign\u00f3 que \u201csi se realiza una comparaci\u00f3n del \u00faltimo trimestre del 2024 respecto del mismo per\u00edodo del 2023, los guarismos se agravan. Es decir, que se profundiza su ca\u00edda al 7.5% interanual\u201d.<\/p>\n\n\n\n<p>En el item Comportamiento interanual de las variables\u2013Isaeer- se observa, seg\u00fan un cuadro que acompa\u00f1\u00f3 el informe, que \u201clas ca\u00eddas fueron generalizadas en las variables de consumo, recaudaci\u00f3n y empleo\u201d.<\/p>\n\n\n\n<p>El detalle rubro por rubro<\/p>\n\n\n\n<p>Seg\u00fan se consign\u00f3, en el rubro combustibles la retracci\u00f3n en el consumo fue del -12,3% (indicador de menor movilidad y menor actividad productiva). En lo que tuvo que ver con la Recaudaci\u00f3n de Ingresos Brutos, la ca\u00edda fue del -10,1% (refleja retracci\u00f3n del consumo y la actividad comercial). En el rubro Gas, la merma fue del -5,4% (menor uso industrial).<\/p>\n\n\n\n<p>En cuanto al Empleo registrado, se expuso que el deterioro del mercado laboral fue del -2,4%; aunque se consign\u00f3 que \u201cen contrapartida, se observaron sectores con desempe\u00f1o positivo como el sector Molienda, con subas del 18,7% (fuerte impulso agroindustrial);<\/p>\n\n\n\n<p>Faena de aves, con un incremento del 1%; Patentamiento, con una leve recuperaci\u00f3n del 1,6% en el mercado automotor. Asimismo se precis\u00f3 que en el rubro consumo de Energ\u00eda el\u00e9ctrica se registr\u00f3 una estabilidad con un leve aumento del consumo del 0,01%. <\/p>\n\n\n\n<p><\/p>\n","protected":false},"excerpt":{"rendered":"<p>\u00c1lvaro Gab\u00e1s, ex secretario de la Producci\u00f3n en la gesti\u00f3n del entonces gobernador Gustavo Bordet, dio a conocer un informe que expuso que la econom\u00eda entrerriana cay\u00f3 m\u00e1s del 7% durante 2024. El informe fue elaborado con guarismos de la Direcci\u00f3n General de Estad\u00edsticas y Censos de la provincia. Participaron Estad\u00edstica y Censos, la Facultad [&hellip;]<\/p>\n","protected":false},"author":4,"featured_media":3891,"comment_status":"open","ping_status":"open","sticky":false,"template":"","format":"standard","meta":{"footnotes":""},"categories":[17],"tags":[],"class_list":{"0":"post-3890","1":"post","2":"type-post","3":"status-publish","4":"format-standard","5":"has-post-thumbnail","7":"category-provinciales"},"yoast_head":"<!-- This site is optimized with the Yoast SEO plugin v27.4 - https:\/\/yoast.com\/product\/yoast-seo-wordpress\/ -->\n<title>Cuestionan que la actividad econ\u00f3mica en la provincia cay\u00f3 y el gobierno no tiene un plan para detener la ca\u00edda - Diario del Sur<\/title>\n<meta name=\"robots\" content=\"index, follow, max-snippet:-1, max-image-preview:large, max-video-preview:-1\" \/>\n<link rel=\"canonical\" href=\"https:\/\/diariodelsurdigital.com.ar\/?p=3890\" \/>\n<meta property=\"og:locale\" content=\"es_ES\" \/>\n<meta property=\"og:type\" content=\"article\" \/>\n<meta property=\"og:title\" content=\"Cuestionan que la actividad econ\u00f3mica en la provincia cay\u00f3 y el gobierno no tiene un plan para detener la ca\u00edda - Diario del Sur\" \/>\n<meta property=\"og:description\" content=\"\u00c1lvaro Gab\u00e1s, ex secretario de la Producci\u00f3n en la gesti\u00f3n del entonces gobernador Gustavo Bordet, dio a conocer un informe que expuso que la econom\u00eda entrerriana cay\u00f3 m\u00e1s del 7% durante 2024. El informe fue elaborado con guarismos de la Direcci\u00f3n General de Estad\u00edsticas y Censos de la provincia. Participaron Estad\u00edstica y Censos, la Facultad [&hellip;]\" \/>\n<meta property=\"og:url\" content=\"https:\/\/diariodelsurdigital.com.ar\/?p=3890\" \/>\n<meta property=\"og:site_name\" content=\"Diario del Sur\" \/>\n<meta property=\"article:published_time\" content=\"2025-07-30T13:54:56+00:00\" \/>\n<meta property=\"article:modified_time\" content=\"2025-07-30T13:54:57+00:00\" \/>\n<meta property=\"og:image\" content=\"https:\/\/diariodelsurdigital.com.ar\/wp-content\/uploads\/2025\/07\/md-44.webp\" \/>\n\t<meta property=\"og:image:width\" content=\"992\" \/>\n\t<meta property=\"og:image:height\" content=\"558\" \/>\n\t<meta property=\"og:image:type\" content=\"image\/webp\" \/>\n<meta name=\"author\" content=\"Diario del Sur Digital\" \/>\n<meta name=\"twitter:card\" content=\"summary_large_image\" \/>\n<meta name=\"twitter:label1\" content=\"Escrito por\" \/>\n\t<meta name=\"twitter:data1\" content=\"Diario del Sur Digital\" \/>\n\t<meta name=\"twitter:label2\" content=\"Tiempo de lectura\" \/>\n\t<meta name=\"twitter:data2\" content=\"3 minutos\" \/>\n<script type=\"application\/ld+json\" class=\"yoast-schema-graph\">{\"@context\":\"https:\\\/\\\/schema.org\",\"@graph\":[{\"@type\":\"Article\",\"@id\":\"https:\\\/\\\/diariodelsurdigital.com.ar\\\/?p=3890#article\",\"isPartOf\":{\"@id\":\"https:\\\/\\\/diariodelsurdigital.com.ar\\\/?p=3890\"},\"author\":{\"name\":\"Diario del Sur Digital\",\"@id\":\"https:\\\/\\\/diariodelsurdigital.com.ar\\\/#\\\/schema\\\/person\\\/1a4992532ed62965c968031b49195c81\"},\"headline\":\"Cuestionan que la actividad econ\u00f3mica en la provincia cay\u00f3 y el gobierno no tiene un plan para detener la ca\u00edda\",\"datePublished\":\"2025-07-30T13:54:56+00:00\",\"dateModified\":\"2025-07-30T13:54:57+00:00\",\"mainEntityOfPage\":{\"@id\":\"https:\\\/\\\/diariodelsurdigital.com.ar\\\/?p=3890\"},\"wordCount\":517,\"commentCount\":0,\"image\":{\"@id\":\"https:\\\/\\\/diariodelsurdigital.com.ar\\\/?p=3890#primaryimage\"},\"thumbnailUrl\":\"https:\\\/\\\/diariodelsurdigital.com.ar\\\/wp-content\\\/uploads\\\/2025\\\/07\\\/md-44.webp\",\"articleSection\":[\"Provinciales\"],\"inLanguage\":\"es\",\"potentialAction\":[{\"@type\":\"CommentAction\",\"name\":\"Comment\",\"target\":[\"https:\\\/\\\/diariodelsurdigital.com.ar\\\/?p=3890#respond\"]}]},{\"@type\":\"WebPage\",\"@id\":\"https:\\\/\\\/diariodelsurdigital.com.ar\\\/?p=3890\",\"url\":\"https:\\\/\\\/diariodelsurdigital.com.ar\\\/?p=3890\",\"name\":\"Cuestionan que la actividad econ\u00f3mica en la provincia cay\u00f3 y el gobierno no tiene un plan para detener la ca\u00edda - Diario del Sur\",\"isPartOf\":{\"@id\":\"https:\\\/\\\/diariodelsurdigital.com.ar\\\/#website\"},\"primaryImageOfPage\":{\"@id\":\"https:\\\/\\\/diariodelsurdigital.com.ar\\\/?p=3890#primaryimage\"},\"image\":{\"@id\":\"https:\\\/\\\/diariodelsurdigital.com.ar\\\/?p=3890#primaryimage\"},\"thumbnailUrl\":\"https:\\\/\\\/diariodelsurdigital.com.ar\\\/wp-content\\\/uploads\\\/2025\\\/07\\\/md-44.webp\",\"datePublished\":\"2025-07-30T13:54:56+00:00\",\"dateModified\":\"2025-07-30T13:54:57+00:00\",\"author\":{\"@id\":\"https:\\\/\\\/diariodelsurdigital.com.ar\\\/#\\\/schema\\\/person\\\/1a4992532ed62965c968031b49195c81\"},\"breadcrumb\":{\"@id\":\"https:\\\/\\\/diariodelsurdigital.com.ar\\\/?p=3890#breadcrumb\"},\"inLanguage\":\"es\",\"potentialAction\":[{\"@type\":\"ReadAction\",\"target\":[\"https:\\\/\\\/diariodelsurdigital.com.ar\\\/?p=3890\"]}]},{\"@type\":\"ImageObject\",\"inLanguage\":\"es\",\"@id\":\"https:\\\/\\\/diariodelsurdigital.com.ar\\\/?p=3890#primaryimage\",\"url\":\"https:\\\/\\\/diariodelsurdigital.com.ar\\\/wp-content\\\/uploads\\\/2025\\\/07\\\/md-44.webp\",\"contentUrl\":\"https:\\\/\\\/diariodelsurdigital.com.ar\\\/wp-content\\\/uploads\\\/2025\\\/07\\\/md-44.webp\",\"width\":992,\"height\":558},{\"@type\":\"BreadcrumbList\",\"@id\":\"https:\\\/\\\/diariodelsurdigital.com.ar\\\/?p=3890#breadcrumb\",\"itemListElement\":[{\"@type\":\"ListItem\",\"position\":1,\"name\":\"Portada\",\"item\":\"https:\\\/\\\/diariodelsurdigital.com.ar\\\/\"},{\"@type\":\"ListItem\",\"position\":2,\"name\":\"Cuestionan que la actividad econ\u00f3mica en la provincia cay\u00f3 y el gobierno no tiene un plan para detener la ca\u00edda\"}]},{\"@type\":\"WebSite\",\"@id\":\"https:\\\/\\\/diariodelsurdigital.com.ar\\\/#website\",\"url\":\"https:\\\/\\\/diariodelsurdigital.com.ar\\\/\",\"name\":\"Diario del Sur\",\"description\":\"Digital\",\"potentialAction\":[{\"@type\":\"SearchAction\",\"target\":{\"@type\":\"EntryPoint\",\"urlTemplate\":\"https:\\\/\\\/diariodelsurdigital.com.ar\\\/?s={search_term_string}\"},\"query-input\":{\"@type\":\"PropertyValueSpecification\",\"valueRequired\":true,\"valueName\":\"search_term_string\"}}],\"inLanguage\":\"es\"},{\"@type\":\"Person\",\"@id\":\"https:\\\/\\\/diariodelsurdigital.com.ar\\\/#\\\/schema\\\/person\\\/1a4992532ed62965c968031b49195c81\",\"name\":\"Diario del Sur Digital\",\"image\":{\"@type\":\"ImageObject\",\"inLanguage\":\"es\",\"@id\":\"https:\\\/\\\/secure.gravatar.com\\\/avatar\\\/f0c7c47fc7146d19828273b9b8eda651c9c7ab583767e6338d3d3bee825adf76?s=96&d=mm&r=g\",\"url\":\"https:\\\/\\\/secure.gravatar.com\\\/avatar\\\/f0c7c47fc7146d19828273b9b8eda651c9c7ab583767e6338d3d3bee825adf76?s=96&d=mm&r=g\",\"contentUrl\":\"https:\\\/\\\/secure.gravatar.com\\\/avatar\\\/f0c7c47fc7146d19828273b9b8eda651c9c7ab583767e6338d3d3bee825adf76?s=96&d=mm&r=g\",\"caption\":\"Diario del Sur Digital\"},\"url\":\"https:\\\/\\\/diariodelsurdigital.com.ar\\\/?author=4\"}]}<\/script>\n<!-- \/ Yoast SEO plugin. -->","yoast_head_json":{"title":"Cuestionan que la actividad econ\u00f3mica en la provincia cay\u00f3 y el gobierno no tiene un plan para detener la ca\u00edda - Diario del Sur","robots":{"index":"index","follow":"follow","max-snippet":"max-snippet:-1","max-image-preview":"max-image-preview:large","max-video-preview":"max-video-preview:-1"},"canonical":"https:\/\/diariodelsurdigital.com.ar\/?p=3890","og_locale":"es_ES","og_type":"article","og_title":"Cuestionan que la actividad econ\u00f3mica en la provincia cay\u00f3 y el gobierno no tiene un plan para detener la ca\u00edda - Diario del Sur","og_description":"\u00c1lvaro Gab\u00e1s, ex secretario de la Producci\u00f3n en la gesti\u00f3n del entonces gobernador Gustavo Bordet, dio a conocer un informe que expuso que la econom\u00eda entrerriana cay\u00f3 m\u00e1s del 7% durante 2024. El informe fue elaborado con guarismos de la Direcci\u00f3n General de Estad\u00edsticas y Censos de la provincia. Participaron Estad\u00edstica y Censos, la Facultad [&hellip;]","og_url":"https:\/\/diariodelsurdigital.com.ar\/?p=3890","og_site_name":"Diario del Sur","article_published_time":"2025-07-30T13:54:56+00:00","article_modified_time":"2025-07-30T13:54:57+00:00","og_image":[{"width":992,"height":558,"url":"https:\/\/diariodelsurdigital.com.ar\/wp-content\/uploads\/2025\/07\/md-44.webp","type":"image\/webp"}],"author":"Diario del Sur Digital","twitter_card":"summary_large_image","twitter_misc":{"Escrito por":"Diario del Sur Digital","Tiempo de lectura":"3 minutos"},"schema":{"@context":"https:\/\/schema.org","@graph":[{"@type":"Article","@id":"https:\/\/diariodelsurdigital.com.ar\/?p=3890#article","isPartOf":{"@id":"https:\/\/diariodelsurdigital.com.ar\/?p=3890"},"author":{"name":"Diario del Sur Digital","@id":"https:\/\/diariodelsurdigital.com.ar\/#\/schema\/person\/1a4992532ed62965c968031b49195c81"},"headline":"Cuestionan que la actividad econ\u00f3mica en la provincia cay\u00f3 y el gobierno no tiene un plan para detener la ca\u00edda","datePublished":"2025-07-30T13:54:56+00:00","dateModified":"2025-07-30T13:54:57+00:00","mainEntityOfPage":{"@id":"https:\/\/diariodelsurdigital.com.ar\/?p=3890"},"wordCount":517,"commentCount":0,"image":{"@id":"https:\/\/diariodelsurdigital.com.ar\/?p=3890#primaryimage"},"thumbnailUrl":"https:\/\/diariodelsurdigital.com.ar\/wp-content\/uploads\/2025\/07\/md-44.webp","articleSection":["Provinciales"],"inLanguage":"es","potentialAction":[{"@type":"CommentAction","name":"Comment","target":["https:\/\/diariodelsurdigital.com.ar\/?p=3890#respond"]}]},{"@type":"WebPage","@id":"https:\/\/diariodelsurdigital.com.ar\/?p=3890","url":"https:\/\/diariodelsurdigital.com.ar\/?p=3890","name":"Cuestionan que la actividad econ\u00f3mica en la provincia cay\u00f3 y el gobierno no tiene un plan para detener la ca\u00edda - Diario del Sur","isPartOf":{"@id":"https:\/\/diariodelsurdigital.com.ar\/#website"},"primaryImageOfPage":{"@id":"https:\/\/diariodelsurdigital.com.ar\/?p=3890#primaryimage"},"image":{"@id":"https:\/\/diariodelsurdigital.com.ar\/?p=3890#primaryimage"},"thumbnailUrl":"https:\/\/diariodelsurdigital.com.ar\/wp-content\/uploads\/2025\/07\/md-44.webp","datePublished":"2025-07-30T13:54:56+00:00","dateModified":"2025-07-30T13:54:57+00:00","author":{"@id":"https:\/\/diariodelsurdigital.com.ar\/#\/schema\/person\/1a4992532ed62965c968031b49195c81"},"breadcrumb":{"@id":"https:\/\/diariodelsurdigital.com.ar\/?p=3890#breadcrumb"},"inLanguage":"es","potentialAction":[{"@type":"ReadAction","target":["https:\/\/diariodelsurdigital.com.ar\/?p=3890"]}]},{"@type":"ImageObject","inLanguage":"es","@id":"https:\/\/diariodelsurdigital.com.ar\/?p=3890#primaryimage","url":"https:\/\/diariodelsurdigital.com.ar\/wp-content\/uploads\/2025\/07\/md-44.webp","contentUrl":"https:\/\/diariodelsurdigital.com.ar\/wp-content\/uploads\/2025\/07\/md-44.webp","width":992,"height":558},{"@type":"BreadcrumbList","@id":"https:\/\/diariodelsurdigital.com.ar\/?p=3890#breadcrumb","itemListElement":[{"@type":"ListItem","position":1,"name":"Portada","item":"https:\/\/diariodelsurdigital.com.ar\/"},{"@type":"ListItem","position":2,"name":"Cuestionan que la actividad econ\u00f3mica en la provincia cay\u00f3 y el gobierno no tiene un plan para detener la ca\u00edda"}]},{"@type":"WebSite","@id":"https:\/\/diariodelsurdigital.com.ar\/#website","url":"https:\/\/diariodelsurdigital.com.ar\/","name":"Diario del Sur","description":"Digital","potentialAction":[{"@type":"SearchAction","target":{"@type":"EntryPoint","urlTemplate":"https:\/\/diariodelsurdigital.com.ar\/?s={search_term_string}"},"query-input":{"@type":"PropertyValueSpecification","valueRequired":true,"valueName":"search_term_string"}}],"inLanguage":"es"},{"@type":"Person","@id":"https:\/\/diariodelsurdigital.com.ar\/#\/schema\/person\/1a4992532ed62965c968031b49195c81","name":"Diario del Sur Digital","image":{"@type":"ImageObject","inLanguage":"es","@id":"https:\/\/secure.gravatar.com\/avatar\/f0c7c47fc7146d19828273b9b8eda651c9c7ab583767e6338d3d3bee825adf76?s=96&d=mm&r=g","url":"https:\/\/secure.gravatar.com\/avatar\/f0c7c47fc7146d19828273b9b8eda651c9c7ab583767e6338d3d3bee825adf76?s=96&d=mm&r=g","contentUrl":"https:\/\/secure.gravatar.com\/avatar\/f0c7c47fc7146d19828273b9b8eda651c9c7ab583767e6338d3d3bee825adf76?s=96&d=mm&r=g","caption":"Diario del Sur Digital"},"url":"https:\/\/diariodelsurdigital.com.ar\/?author=4"}]}},"_links":{"self":[{"href":"https:\/\/diariodelsurdigital.com.ar\/index.php?rest_route=\/wp\/v2\/posts\/3890","targetHints":{"allow":["GET"]}}],"collection":[{"href":"https:\/\/diariodelsurdigital.com.ar\/index.php?rest_route=\/wp\/v2\/posts"}],"about":[{"href":"https:\/\/diariodelsurdigital.com.ar\/index.php?rest_route=\/wp\/v2\/types\/post"}],"author":[{"embeddable":true,"href":"https:\/\/diariodelsurdigital.com.ar\/index.php?rest_route=\/wp\/v2\/users\/4"}],"replies":[{"embeddable":true,"href":"https:\/\/diariodelsurdigital.com.ar\/index.php?rest_route=%2Fwp%2Fv2%2Fcomments&post=3890"}],"version-history":[{"count":1,"href":"https:\/\/diariodelsurdigital.com.ar\/index.php?rest_route=\/wp\/v2\/posts\/3890\/revisions"}],"predecessor-version":[{"id":3892,"href":"https:\/\/diariodelsurdigital.com.ar\/index.php?rest_route=\/wp\/v2\/posts\/3890\/revisions\/3892"}],"wp:featuredmedia":[{"embeddable":true,"href":"https:\/\/diariodelsurdigital.com.ar\/index.php?rest_route=\/wp\/v2\/media\/3891"}],"wp:attachment":[{"href":"https:\/\/diariodelsurdigital.com.ar\/index.php?rest_route=%2Fwp%2Fv2%2Fmedia&parent=3890"}],"wp:term":[{"taxonomy":"category","embeddable":true,"href":"https:\/\/diariodelsurdigital.com.ar\/index.php?rest_route=%2Fwp%2Fv2%2Fcategories&post=3890"},{"taxonomy":"post_tag","embeddable":true,"href":"https:\/\/diariodelsurdigital.com.ar\/index.php?rest_route=%2Fwp%2Fv2%2Ftags&post=3890"}],"curies":[{"name":"wp","href":"https:\/\/api.w.org\/{rel}","templated":true}]}}