{"id":3894,"date":"2025-07-31T09:02:40","date_gmt":"2025-07-31T12:02:40","guid":{"rendered":"https:\/\/diariodelsurdigital.com.ar\/?p=3894"},"modified":"2025-07-31T09:02:41","modified_gmt":"2025-07-31T12:02:41","slug":"desde-agosto-ater-solo-emitira-las-boletas-en-formato-digital","status":"publish","type":"post","link":"https:\/\/diariodelsurdigital.com.ar\/?p=3894","title":{"rendered":"Desde agosto ATER solo emitir\u00e1 las boletas en formato digital"},"content":{"rendered":"\n<p>As\u00ed lo dio a conocer el titular del organismo estatal, Jes\u00fas Korell, junto con el ministro de Hacienda, Fabi\u00e1n Boleas, en conferencia de prensa. Adem\u00e1s se anunci\u00f3 un plan de pagos de agosto a noviembre para contribuyentes que adeuden cualquier obligaci\u00f3n tributaria provincial. \u201cEn 2024 llegamos a tener hasta un 15% de inter\u00e9s por lo que nos estaban exigiendo un requisito para ponerse al d\u00eda con sus obligaciones\u201d, explic\u00f3 Korell.<\/p>\n\n\n\n<p>Este mi\u00e9rcoles el ministro de Hacienda y Finanzas, Fabi\u00e1n Boleas, y el titular de ATER, Jes\u00fas Korell realizaron una conferencia de prensa para anunciar el fin de la entrega de las boletas en formato papel en los domicilios desde agosto.<\/p>\n\n\n\n<p>Para adherirse a la boleta digital, los contribuyentes deber\u00e1n ingresar a la p\u00e1gina de ATER y seguir los pasos o escanear unos de los c\u00f3digos QR que se encuentran en una de las boletas a papel entregadas durante este a\u00f1os para poder incorporarse a la factura digital.<\/p>\n\n\n\n<p>Ante la consulta por las personas mayores de edad que tengan complicaciones para adherirse al sistema, Korell aclar\u00f3 que quienes no tengan acceso podr\u00e1n acercarse a las 44 sedes con las cuenta el organismo en la provincia para tener un asesoramiento y en caso de necesitarlo se le imprimir\u00e1 la boleta. Adem\u00e1s record\u00f3 que actualmente en con el n\u00famero de DNI el contribuyente se puede acercar a un Entre R\u00edos Servicio o Plus Pago para tener acceso a los distintos imponibles que est\u00e1n a su nombre.<\/p>\n\n\n\n<p>R\u00e9gimen especial de facilidades de pago de obligaciones tributarias provinciales<br>Adem\u00e1s se comunic\u00f3 un plan de pago obligaciones tributarias provinciales que comenzar\u00e1 en agosto y culminar\u00e1 en noviembre. \u201cEsta fundamentado en peticiones que ha recibido Korell de los distintos sectores econ\u00f3micos de la provincia\u201d, explic\u00f3 el ministro Boleas.<\/p>\n\n\n\n<p>Adem\u00e1s, agreg\u00f3: \u201cNo podemos desconocer la situaci\u00f3n en la que est\u00e1 la econom\u00eda argentina ya que hemos tenido ha tenido una baja muy importante en los recursos de origen nacional coparticipables, as\u00ed que obviamente que el sector privado no escapa a eso\u201d<\/p>\n\n\n\n<p>La modalidad de pago estar\u00e1 dividida en tres etapas: la primera ira de 1 a 30 de septiembre; la segunda ser\u00e1 durante todo el mes de octubre y la tercera durante todo el mes de noviembre. De acuerdo a la incorporaci\u00f3n o a la adhesi\u00f3n de los planes, en distintas etapas va a tener mayor grado de descuentos, de intereses y de multas.<\/p>\n\n\n\n<p>Seg\u00fan lo que inform\u00f3 el titular de ATER, la preocupaci\u00f3n principal pasaba por el porcentaje de inter\u00e9s que el deudor deb\u00eda abonar para ponerse al d\u00eda con los impuestos no pagados. \u201cEn 2024 llegamos a tener hasta un 15% de inter\u00e9s por lo que nos estaban exigiendo un requisito para ponerse al d\u00eda con sus obligaciones. Por eso se tom\u00f3 la decisi\u00f3n de hacer un plan m\u00e1s corto ya que a mayor cantidad de cuotas menos deudas se cancelan\u201d, describi\u00f3 Korell.<\/p>\n","protected":false},"excerpt":{"rendered":"<p>As\u00ed lo dio a conocer el titular del organismo estatal, Jes\u00fas Korell, junto con el ministro de Hacienda, Fabi\u00e1n Boleas, en conferencia de prensa. Adem\u00e1s se anunci\u00f3 un plan de pagos de agosto a noviembre para contribuyentes que adeuden cualquier obligaci\u00f3n tributaria provincial. \u201cEn 2024 llegamos a tener hasta un 15% de inter\u00e9s por lo [&hellip;]<\/p>\n","protected":false},"author":4,"featured_media":3895,"comment_status":"open","ping_status":"open","sticky":false,"template":"","format":"standard","meta":{"footnotes":""},"categories":[17],"tags":[],"class_list":{"0":"post-3894","1":"post","2":"type-post","3":"status-publish","4":"format-standard","5":"has-post-thumbnail","7":"category-provinciales"},"yoast_head":"<!-- This site is optimized with the Yoast SEO plugin v27.4 - https:\/\/yoast.com\/product\/yoast-seo-wordpress\/ -->\n<title>Desde agosto ATER solo emitir\u00e1 las boletas en formato digital - Diario del Sur<\/title>\n<meta name=\"robots\" content=\"index, follow, max-snippet:-1, max-image-preview:large, max-video-preview:-1\" \/>\n<link rel=\"canonical\" href=\"https:\/\/diariodelsurdigital.com.ar\/?p=3894\" \/>\n<meta property=\"og:locale\" content=\"es_ES\" \/>\n<meta property=\"og:type\" content=\"article\" \/>\n<meta property=\"og:title\" content=\"Desde agosto ATER solo emitir\u00e1 las boletas en formato digital - Diario del Sur\" \/>\n<meta property=\"og:description\" content=\"As\u00ed lo dio a conocer el titular del organismo estatal, Jes\u00fas Korell, junto con el ministro de Hacienda, Fabi\u00e1n Boleas, en conferencia de prensa. Adem\u00e1s se anunci\u00f3 un plan de pagos de agosto a noviembre para contribuyentes que adeuden cualquier obligaci\u00f3n tributaria provincial. \u201cEn 2024 llegamos a tener hasta un 15% de inter\u00e9s por lo [&hellip;]\" \/>\n<meta property=\"og:url\" content=\"https:\/\/diariodelsurdigital.com.ar\/?p=3894\" \/>\n<meta property=\"og:site_name\" content=\"Diario del Sur\" \/>\n<meta property=\"article:published_time\" content=\"2025-07-31T12:02:40+00:00\" \/>\n<meta property=\"article:modified_time\" content=\"2025-07-31T12:02:41+00:00\" \/>\n<meta property=\"og:image\" content=\"https:\/\/diariodelsurdigital.com.ar\/wp-content\/uploads\/2025\/07\/md-45.webp\" \/>\n\t<meta property=\"og:image:width\" content=\"992\" \/>\n\t<meta property=\"og:image:height\" content=\"803\" \/>\n\t<meta property=\"og:image:type\" content=\"image\/webp\" \/>\n<meta name=\"author\" content=\"Diario del Sur Digital\" \/>\n<meta name=\"twitter:card\" content=\"summary_large_image\" \/>\n<meta name=\"twitter:label1\" content=\"Escrito por\" \/>\n\t<meta name=\"twitter:data1\" content=\"Diario del Sur Digital\" \/>\n\t<meta name=\"twitter:label2\" content=\"Tiempo de lectura\" \/>\n\t<meta name=\"twitter:data2\" content=\"3 minutos\" \/>\n<script type=\"application\/ld+json\" class=\"yoast-schema-graph\">{\"@context\":\"https:\\\/\\\/schema.org\",\"@graph\":[{\"@type\":\"Article\",\"@id\":\"https:\\\/\\\/diariodelsurdigital.com.ar\\\/?p=3894#article\",\"isPartOf\":{\"@id\":\"https:\\\/\\\/diariodelsurdigital.com.ar\\\/?p=3894\"},\"author\":{\"name\":\"Diario del Sur Digital\",\"@id\":\"https:\\\/\\\/diariodelsurdigital.com.ar\\\/#\\\/schema\\\/person\\\/1a4992532ed62965c968031b49195c81\"},\"headline\":\"Desde agosto ATER solo emitir\u00e1 las boletas en formato digital\",\"datePublished\":\"2025-07-31T12:02:40+00:00\",\"dateModified\":\"2025-07-31T12:02:41+00:00\",\"mainEntityOfPage\":{\"@id\":\"https:\\\/\\\/diariodelsurdigital.com.ar\\\/?p=3894\"},\"wordCount\":514,\"commentCount\":0,\"image\":{\"@id\":\"https:\\\/\\\/diariodelsurdigital.com.ar\\\/?p=3894#primaryimage\"},\"thumbnailUrl\":\"https:\\\/\\\/diariodelsurdigital.com.ar\\\/wp-content\\\/uploads\\\/2025\\\/07\\\/md-45.webp\",\"articleSection\":[\"Provinciales\"],\"inLanguage\":\"es\",\"potentialAction\":[{\"@type\":\"CommentAction\",\"name\":\"Comment\",\"target\":[\"https:\\\/\\\/diariodelsurdigital.com.ar\\\/?p=3894#respond\"]}]},{\"@type\":\"WebPage\",\"@id\":\"https:\\\/\\\/diariodelsurdigital.com.ar\\\/?p=3894\",\"url\":\"https:\\\/\\\/diariodelsurdigital.com.ar\\\/?p=3894\",\"name\":\"Desde agosto ATER solo emitir\u00e1 las boletas en formato digital - Diario del Sur\",\"isPartOf\":{\"@id\":\"https:\\\/\\\/diariodelsurdigital.com.ar\\\/#website\"},\"primaryImageOfPage\":{\"@id\":\"https:\\\/\\\/diariodelsurdigital.com.ar\\\/?p=3894#primaryimage\"},\"image\":{\"@id\":\"https:\\\/\\\/diariodelsurdigital.com.ar\\\/?p=3894#primaryimage\"},\"thumbnailUrl\":\"https:\\\/\\\/diariodelsurdigital.com.ar\\\/wp-content\\\/uploads\\\/2025\\\/07\\\/md-45.webp\",\"datePublished\":\"2025-07-31T12:02:40+00:00\",\"dateModified\":\"2025-07-31T12:02:41+00:00\",\"author\":{\"@id\":\"https:\\\/\\\/diariodelsurdigital.com.ar\\\/#\\\/schema\\\/person\\\/1a4992532ed62965c968031b49195c81\"},\"breadcrumb\":{\"@id\":\"https:\\\/\\\/diariodelsurdigital.com.ar\\\/?p=3894#breadcrumb\"},\"inLanguage\":\"es\",\"potentialAction\":[{\"@type\":\"ReadAction\",\"target\":[\"https:\\\/\\\/diariodelsurdigital.com.ar\\\/?p=3894\"]}]},{\"@type\":\"ImageObject\",\"inLanguage\":\"es\",\"@id\":\"https:\\\/\\\/diariodelsurdigital.com.ar\\\/?p=3894#primaryimage\",\"url\":\"https:\\\/\\\/diariodelsurdigital.com.ar\\\/wp-content\\\/uploads\\\/2025\\\/07\\\/md-45.webp\",\"contentUrl\":\"https:\\\/\\\/diariodelsurdigital.com.ar\\\/wp-content\\\/uploads\\\/2025\\\/07\\\/md-45.webp\",\"width\":992,\"height\":803},{\"@type\":\"BreadcrumbList\",\"@id\":\"https:\\\/\\\/diariodelsurdigital.com.ar\\\/?p=3894#breadcrumb\",\"itemListElement\":[{\"@type\":\"ListItem\",\"position\":1,\"name\":\"Portada\",\"item\":\"https:\\\/\\\/diariodelsurdigital.com.ar\\\/\"},{\"@type\":\"ListItem\",\"position\":2,\"name\":\"Desde agosto ATER solo emitir\u00e1 las boletas en formato digital\"}]},{\"@type\":\"WebSite\",\"@id\":\"https:\\\/\\\/diariodelsurdigital.com.ar\\\/#website\",\"url\":\"https:\\\/\\\/diariodelsurdigital.com.ar\\\/\",\"name\":\"Diario del Sur\",\"description\":\"Digital\",\"potentialAction\":[{\"@type\":\"SearchAction\",\"target\":{\"@type\":\"EntryPoint\",\"urlTemplate\":\"https:\\\/\\\/diariodelsurdigital.com.ar\\\/?s={search_term_string}\"},\"query-input\":{\"@type\":\"PropertyValueSpecification\",\"valueRequired\":true,\"valueName\":\"search_term_string\"}}],\"inLanguage\":\"es\"},{\"@type\":\"Person\",\"@id\":\"https:\\\/\\\/diariodelsurdigital.com.ar\\\/#\\\/schema\\\/person\\\/1a4992532ed62965c968031b49195c81\",\"name\":\"Diario del Sur Digital\",\"image\":{\"@type\":\"ImageObject\",\"inLanguage\":\"es\",\"@id\":\"https:\\\/\\\/secure.gravatar.com\\\/avatar\\\/f0c7c47fc7146d19828273b9b8eda651c9c7ab583767e6338d3d3bee825adf76?s=96&d=mm&r=g\",\"url\":\"https:\\\/\\\/secure.gravatar.com\\\/avatar\\\/f0c7c47fc7146d19828273b9b8eda651c9c7ab583767e6338d3d3bee825adf76?s=96&d=mm&r=g\",\"contentUrl\":\"https:\\\/\\\/secure.gravatar.com\\\/avatar\\\/f0c7c47fc7146d19828273b9b8eda651c9c7ab583767e6338d3d3bee825adf76?s=96&d=mm&r=g\",\"caption\":\"Diario del Sur Digital\"},\"url\":\"https:\\\/\\\/diariodelsurdigital.com.ar\\\/?author=4\"}]}<\/script>\n<!-- \/ Yoast SEO plugin. -->","yoast_head_json":{"title":"Desde agosto ATER solo emitir\u00e1 las boletas en formato digital - Diario del Sur","robots":{"index":"index","follow":"follow","max-snippet":"max-snippet:-1","max-image-preview":"max-image-preview:large","max-video-preview":"max-video-preview:-1"},"canonical":"https:\/\/diariodelsurdigital.com.ar\/?p=3894","og_locale":"es_ES","og_type":"article","og_title":"Desde agosto ATER solo emitir\u00e1 las boletas en formato digital - Diario del Sur","og_description":"As\u00ed lo dio a conocer el titular del organismo estatal, Jes\u00fas Korell, junto con el ministro de Hacienda, Fabi\u00e1n Boleas, en conferencia de prensa. Adem\u00e1s se anunci\u00f3 un plan de pagos de agosto a noviembre para contribuyentes que adeuden cualquier obligaci\u00f3n tributaria provincial. \u201cEn 2024 llegamos a tener hasta un 15% de inter\u00e9s por lo [&hellip;]","og_url":"https:\/\/diariodelsurdigital.com.ar\/?p=3894","og_site_name":"Diario del Sur","article_published_time":"2025-07-31T12:02:40+00:00","article_modified_time":"2025-07-31T12:02:41+00:00","og_image":[{"width":992,"height":803,"url":"https:\/\/diariodelsurdigital.com.ar\/wp-content\/uploads\/2025\/07\/md-45.webp","type":"image\/webp"}],"author":"Diario del Sur Digital","twitter_card":"summary_large_image","twitter_misc":{"Escrito por":"Diario del Sur Digital","Tiempo de lectura":"3 minutos"},"schema":{"@context":"https:\/\/schema.org","@graph":[{"@type":"Article","@id":"https:\/\/diariodelsurdigital.com.ar\/?p=3894#article","isPartOf":{"@id":"https:\/\/diariodelsurdigital.com.ar\/?p=3894"},"author":{"name":"Diario del Sur Digital","@id":"https:\/\/diariodelsurdigital.com.ar\/#\/schema\/person\/1a4992532ed62965c968031b49195c81"},"headline":"Desde agosto ATER solo emitir\u00e1 las boletas en formato digital","datePublished":"2025-07-31T12:02:40+00:00","dateModified":"2025-07-31T12:02:41+00:00","mainEntityOfPage":{"@id":"https:\/\/diariodelsurdigital.com.ar\/?p=3894"},"wordCount":514,"commentCount":0,"image":{"@id":"https:\/\/diariodelsurdigital.com.ar\/?p=3894#primaryimage"},"thumbnailUrl":"https:\/\/diariodelsurdigital.com.ar\/wp-content\/uploads\/2025\/07\/md-45.webp","articleSection":["Provinciales"],"inLanguage":"es","potentialAction":[{"@type":"CommentAction","name":"Comment","target":["https:\/\/diariodelsurdigital.com.ar\/?p=3894#respond"]}]},{"@type":"WebPage","@id":"https:\/\/diariodelsurdigital.com.ar\/?p=3894","url":"https:\/\/diariodelsurdigital.com.ar\/?p=3894","name":"Desde agosto ATER solo emitir\u00e1 las boletas en formato digital - Diario del Sur","isPartOf":{"@id":"https:\/\/diariodelsurdigital.com.ar\/#website"},"primaryImageOfPage":{"@id":"https:\/\/diariodelsurdigital.com.ar\/?p=3894#primaryimage"},"image":{"@id":"https:\/\/diariodelsurdigital.com.ar\/?p=3894#primaryimage"},"thumbnailUrl":"https:\/\/diariodelsurdigital.com.ar\/wp-content\/uploads\/2025\/07\/md-45.webp","datePublished":"2025-07-31T12:02:40+00:00","dateModified":"2025-07-31T12:02:41+00:00","author":{"@id":"https:\/\/diariodelsurdigital.com.ar\/#\/schema\/person\/1a4992532ed62965c968031b49195c81"},"breadcrumb":{"@id":"https:\/\/diariodelsurdigital.com.ar\/?p=3894#breadcrumb"},"inLanguage":"es","potentialAction":[{"@type":"ReadAction","target":["https:\/\/diariodelsurdigital.com.ar\/?p=3894"]}]},{"@type":"ImageObject","inLanguage":"es","@id":"https:\/\/diariodelsurdigital.com.ar\/?p=3894#primaryimage","url":"https:\/\/diariodelsurdigital.com.ar\/wp-content\/uploads\/2025\/07\/md-45.webp","contentUrl":"https:\/\/diariodelsurdigital.com.ar\/wp-content\/uploads\/2025\/07\/md-45.webp","width":992,"height":803},{"@type":"BreadcrumbList","@id":"https:\/\/diariodelsurdigital.com.ar\/?p=3894#breadcrumb","itemListElement":[{"@type":"ListItem","position":1,"name":"Portada","item":"https:\/\/diariodelsurdigital.com.ar\/"},{"@type":"ListItem","position":2,"name":"Desde agosto ATER solo emitir\u00e1 las boletas en formato digital"}]},{"@type":"WebSite","@id":"https:\/\/diariodelsurdigital.com.ar\/#website","url":"https:\/\/diariodelsurdigital.com.ar\/","name":"Diario del Sur","description":"Digital","potentialAction":[{"@type":"SearchAction","target":{"@type":"EntryPoint","urlTemplate":"https:\/\/diariodelsurdigital.com.ar\/?s={search_term_string}"},"query-input":{"@type":"PropertyValueSpecification","valueRequired":true,"valueName":"search_term_string"}}],"inLanguage":"es"},{"@type":"Person","@id":"https:\/\/diariodelsurdigital.com.ar\/#\/schema\/person\/1a4992532ed62965c968031b49195c81","name":"Diario del Sur Digital","image":{"@type":"ImageObject","inLanguage":"es","@id":"https:\/\/secure.gravatar.com\/avatar\/f0c7c47fc7146d19828273b9b8eda651c9c7ab583767e6338d3d3bee825adf76?s=96&d=mm&r=g","url":"https:\/\/secure.gravatar.com\/avatar\/f0c7c47fc7146d19828273b9b8eda651c9c7ab583767e6338d3d3bee825adf76?s=96&d=mm&r=g","contentUrl":"https:\/\/secure.gravatar.com\/avatar\/f0c7c47fc7146d19828273b9b8eda651c9c7ab583767e6338d3d3bee825adf76?s=96&d=mm&r=g","caption":"Diario del Sur Digital"},"url":"https:\/\/diariodelsurdigital.com.ar\/?author=4"}]}},"_links":{"self":[{"href":"https:\/\/diariodelsurdigital.com.ar\/index.php?rest_route=\/wp\/v2\/posts\/3894","targetHints":{"allow":["GET"]}}],"collection":[{"href":"https:\/\/diariodelsurdigital.com.ar\/index.php?rest_route=\/wp\/v2\/posts"}],"about":[{"href":"https:\/\/diariodelsurdigital.com.ar\/index.php?rest_route=\/wp\/v2\/types\/post"}],"author":[{"embeddable":true,"href":"https:\/\/diariodelsurdigital.com.ar\/index.php?rest_route=\/wp\/v2\/users\/4"}],"replies":[{"embeddable":true,"href":"https:\/\/diariodelsurdigital.com.ar\/index.php?rest_route=%2Fwp%2Fv2%2Fcomments&post=3894"}],"version-history":[{"count":1,"href":"https:\/\/diariodelsurdigital.com.ar\/index.php?rest_route=\/wp\/v2\/posts\/3894\/revisions"}],"predecessor-version":[{"id":3896,"href":"https:\/\/diariodelsurdigital.com.ar\/index.php?rest_route=\/wp\/v2\/posts\/3894\/revisions\/3896"}],"wp:featuredmedia":[{"embeddable":true,"href":"https:\/\/diariodelsurdigital.com.ar\/index.php?rest_route=\/wp\/v2\/media\/3895"}],"wp:attachment":[{"href":"https:\/\/diariodelsurdigital.com.ar\/index.php?rest_route=%2Fwp%2Fv2%2Fmedia&parent=3894"}],"wp:term":[{"taxonomy":"category","embeddable":true,"href":"https:\/\/diariodelsurdigital.com.ar\/index.php?rest_route=%2Fwp%2Fv2%2Fcategories&post=3894"},{"taxonomy":"post_tag","embeddable":true,"href":"https:\/\/diariodelsurdigital.com.ar\/index.php?rest_route=%2Fwp%2Fv2%2Ftags&post=3894"}],"curies":[{"name":"wp","href":"https:\/\/api.w.org\/{rel}","templated":true}]}}