{"id":3897,"date":"2025-07-31T09:04:53","date_gmt":"2025-07-31T12:04:53","guid":{"rendered":"https:\/\/diariodelsurdigital.com.ar\/?p=3897"},"modified":"2025-07-31T09:04:54","modified_gmt":"2025-07-31T12:04:54","slug":"elecciones-legislativas-nacionales-gobernadores-conformaron-el-frente-un-grito-federal","status":"publish","type":"post","link":"https:\/\/diariodelsurdigital.com.ar\/?p=3897","title":{"rendered":"Elecciones legislativas nacionales: Gobernadores conformaron el frente \u201cUn grito Federal\u201d"},"content":{"rendered":"\n<p>Forma parte tambi\u00e9n Ignacio Torres (Chubut), Mart\u00edn Llaryora (C\u00f3rdoba), Carlos Sadir (Jujuy) y Claudio Vidal (Santa Cruz). \u201cComo gobernadores, tenemos la enorme responsabilidad de defender los intereses de nuestras provincias y, al mismo tiempo, contribuir a la gobernabilidad de la Argentina\u201d, sostiene el comunicado emitido.<\/p>\n\n\n\n<p>De cara a las elecciones legislativas nacionales que se llevar\u00e1n a cabo el pr\u00f3ximo 26 de octubre en gran parte del pa\u00eds, los gobernadores Ignacio Torres (Chubut), Maximiliano Pullaro (Santa Fe), Mart\u00edn Llaryora (C\u00f3rdoba), Carlos Sadir (Jujuy) y Claudio Vidal (Santa Cruz) conformaron el frente \u201cUn grito federal\u201d.<\/p>\n\n\n\n<p>\u201cHemos decidido competir mancomunadamente sabiendo que la realidad actual nos exige vocer\u00edas que defiendan a la Argentina del trabajo. Con nuestra mirada: la de quienes cuidan cada peso, producen, invierten y reivindican todos los d\u00edas a la Argentina del trabajo. Una mirada puesta en el futuro, con la decisi\u00f3n de hacernos cargo del presente y de dejar atr\u00e1s, definitivamente, el pasado que nos dividi\u00f3 y fren\u00f3 nuestro desarrollo\u201d, expresa el comunicado elaborado entre las partes.<\/p>\n\n\n\n<p>El nombre del Frente refiere a que \u201chay un grito federal que necesita voces en el Congreso\u201d. Y agrega: \u201cComo gobernadores, tenemos la enorme responsabilidad de defender los intereses de nuestras provincias y, al mismo tiempo, contribuir a la gobernabilidad de la Argentina\u201d.<\/p>\n\n\n\n<p>Es que el escrito aclara que tanto el gobierno nacional como los gobiernos provinciales han \u201checho los ajustes necesarios para conseguir en la Naci\u00f3n y las Provincias el equilibrio fiscal imprescindible para avanzar en los cambios que necesit\u00e1bamos en forma sustentable\u201d. Pero tambi\u00e9n es \u201cimprescindible\u201d que haya \u201cobras de infraestructura imprescindibles para desarrollar nuestras provincias, \u00fanico camino para desarrollar el pa\u00eds\u201d, remarcando que no ha sucedido.<\/p>\n\n\n\n<p>Por lo que este grupo de mandatarios conform\u00f3 esta unidad para \u201ccuidar a nuestra gente y ser capaces de crecer en armon\u00eda y con igualdad de oportunidades para cada uno de los 47 millones de argentinos\u201d.<\/p>\n\n\n\n<p>Como conclusi\u00f3n, el comunicado sostiene: \u201cQueremos una Argentina pujante, justa y segura. Una Argentina sin violencia ni grietas innecesarias. Una Argentina donde podamos vivir en paz, trabajar con dignidad y so\u00f1ar sin l\u00edmites. Nuestra vocaci\u00f3n es clara: construir, todos los d\u00edas, la Argentina de los sue\u00f1os de todos\u201d.<\/p>\n","protected":false},"excerpt":{"rendered":"<p>Forma parte tambi\u00e9n Ignacio Torres (Chubut), Mart\u00edn Llaryora (C\u00f3rdoba), Carlos Sadir (Jujuy) y Claudio Vidal (Santa Cruz). \u201cComo gobernadores, tenemos la enorme responsabilidad de defender los intereses de nuestras provincias y, al mismo tiempo, contribuir a la gobernabilidad de la Argentina\u201d, sostiene el comunicado emitido. De cara a las elecciones legislativas nacionales que se llevar\u00e1n [&hellip;]<\/p>\n","protected":false},"author":4,"featured_media":3898,"comment_status":"open","ping_status":"open","sticky":false,"template":"","format":"standard","meta":{"footnotes":""},"categories":[1],"tags":[],"class_list":{"0":"post-3897","1":"post","2":"type-post","3":"status-publish","4":"format-standard","5":"has-post-thumbnail","7":"category-uncategorized"},"yoast_head":"<!-- This site is optimized with the Yoast SEO plugin v27.4 - https:\/\/yoast.com\/product\/yoast-seo-wordpress\/ -->\n<title>Elecciones legislativas nacionales: Gobernadores conformaron el frente \u201cUn grito Federal\u201d - Diario del Sur<\/title>\n<meta name=\"robots\" content=\"index, follow, max-snippet:-1, max-image-preview:large, max-video-preview:-1\" \/>\n<link rel=\"canonical\" href=\"https:\/\/diariodelsurdigital.com.ar\/?p=3897\" \/>\n<meta property=\"og:locale\" content=\"es_ES\" \/>\n<meta property=\"og:type\" content=\"article\" \/>\n<meta property=\"og:title\" content=\"Elecciones legislativas nacionales: Gobernadores conformaron el frente \u201cUn grito Federal\u201d - Diario del Sur\" \/>\n<meta property=\"og:description\" content=\"Forma parte tambi\u00e9n Ignacio Torres (Chubut), Mart\u00edn Llaryora (C\u00f3rdoba), Carlos Sadir (Jujuy) y Claudio Vidal (Santa Cruz). \u201cComo gobernadores, tenemos la enorme responsabilidad de defender los intereses de nuestras provincias y, al mismo tiempo, contribuir a la gobernabilidad de la Argentina\u201d, sostiene el comunicado emitido. De cara a las elecciones legislativas nacionales que se llevar\u00e1n [&hellip;]\" \/>\n<meta property=\"og:url\" content=\"https:\/\/diariodelsurdigital.com.ar\/?p=3897\" \/>\n<meta property=\"og:site_name\" content=\"Diario del Sur\" \/>\n<meta property=\"article:published_time\" content=\"2025-07-31T12:04:53+00:00\" \/>\n<meta property=\"article:modified_time\" content=\"2025-07-31T12:04:54+00:00\" \/>\n<meta property=\"og:image\" content=\"https:\/\/diariodelsurdigital.com.ar\/wp-content\/uploads\/2025\/07\/md-46.webp\" \/>\n\t<meta property=\"og:image:width\" content=\"992\" \/>\n\t<meta property=\"og:image:height\" content=\"610\" \/>\n\t<meta property=\"og:image:type\" content=\"image\/webp\" \/>\n<meta name=\"author\" content=\"Diario del Sur Digital\" \/>\n<meta name=\"twitter:card\" content=\"summary_large_image\" \/>\n<meta name=\"twitter:label1\" content=\"Escrito por\" \/>\n\t<meta name=\"twitter:data1\" content=\"Diario del Sur Digital\" \/>\n\t<meta name=\"twitter:label2\" content=\"Tiempo de lectura\" \/>\n\t<meta name=\"twitter:data2\" content=\"2 minutos\" \/>\n<script type=\"application\/ld+json\" class=\"yoast-schema-graph\">{\"@context\":\"https:\\\/\\\/schema.org\",\"@graph\":[{\"@type\":\"Article\",\"@id\":\"https:\\\/\\\/diariodelsurdigital.com.ar\\\/?p=3897#article\",\"isPartOf\":{\"@id\":\"https:\\\/\\\/diariodelsurdigital.com.ar\\\/?p=3897\"},\"author\":{\"name\":\"Diario del Sur Digital\",\"@id\":\"https:\\\/\\\/diariodelsurdigital.com.ar\\\/#\\\/schema\\\/person\\\/1a4992532ed62965c968031b49195c81\"},\"headline\":\"Elecciones legislativas nacionales: Gobernadores conformaron el frente \u201cUn grito Federal\u201d\",\"datePublished\":\"2025-07-31T12:04:53+00:00\",\"dateModified\":\"2025-07-31T12:04:54+00:00\",\"mainEntityOfPage\":{\"@id\":\"https:\\\/\\\/diariodelsurdigital.com.ar\\\/?p=3897\"},\"wordCount\":392,\"commentCount\":0,\"image\":{\"@id\":\"https:\\\/\\\/diariodelsurdigital.com.ar\\\/?p=3897#primaryimage\"},\"thumbnailUrl\":\"https:\\\/\\\/diariodelsurdigital.com.ar\\\/wp-content\\\/uploads\\\/2025\\\/07\\\/md-46.webp\",\"articleSection\":[\"Uncategorized\"],\"inLanguage\":\"es\",\"potentialAction\":[{\"@type\":\"CommentAction\",\"name\":\"Comment\",\"target\":[\"https:\\\/\\\/diariodelsurdigital.com.ar\\\/?p=3897#respond\"]}]},{\"@type\":\"WebPage\",\"@id\":\"https:\\\/\\\/diariodelsurdigital.com.ar\\\/?p=3897\",\"url\":\"https:\\\/\\\/diariodelsurdigital.com.ar\\\/?p=3897\",\"name\":\"Elecciones legislativas nacionales: Gobernadores conformaron el frente \u201cUn grito Federal\u201d - Diario del Sur\",\"isPartOf\":{\"@id\":\"https:\\\/\\\/diariodelsurdigital.com.ar\\\/#website\"},\"primaryImageOfPage\":{\"@id\":\"https:\\\/\\\/diariodelsurdigital.com.ar\\\/?p=3897#primaryimage\"},\"image\":{\"@id\":\"https:\\\/\\\/diariodelsurdigital.com.ar\\\/?p=3897#primaryimage\"},\"thumbnailUrl\":\"https:\\\/\\\/diariodelsurdigital.com.ar\\\/wp-content\\\/uploads\\\/2025\\\/07\\\/md-46.webp\",\"datePublished\":\"2025-07-31T12:04:53+00:00\",\"dateModified\":\"2025-07-31T12:04:54+00:00\",\"author\":{\"@id\":\"https:\\\/\\\/diariodelsurdigital.com.ar\\\/#\\\/schema\\\/person\\\/1a4992532ed62965c968031b49195c81\"},\"breadcrumb\":{\"@id\":\"https:\\\/\\\/diariodelsurdigital.com.ar\\\/?p=3897#breadcrumb\"},\"inLanguage\":\"es\",\"potentialAction\":[{\"@type\":\"ReadAction\",\"target\":[\"https:\\\/\\\/diariodelsurdigital.com.ar\\\/?p=3897\"]}]},{\"@type\":\"ImageObject\",\"inLanguage\":\"es\",\"@id\":\"https:\\\/\\\/diariodelsurdigital.com.ar\\\/?p=3897#primaryimage\",\"url\":\"https:\\\/\\\/diariodelsurdigital.com.ar\\\/wp-content\\\/uploads\\\/2025\\\/07\\\/md-46.webp\",\"contentUrl\":\"https:\\\/\\\/diariodelsurdigital.com.ar\\\/wp-content\\\/uploads\\\/2025\\\/07\\\/md-46.webp\",\"width\":992,\"height\":610},{\"@type\":\"BreadcrumbList\",\"@id\":\"https:\\\/\\\/diariodelsurdigital.com.ar\\\/?p=3897#breadcrumb\",\"itemListElement\":[{\"@type\":\"ListItem\",\"position\":1,\"name\":\"Portada\",\"item\":\"https:\\\/\\\/diariodelsurdigital.com.ar\\\/\"},{\"@type\":\"ListItem\",\"position\":2,\"name\":\"Elecciones legislativas nacionales: Gobernadores conformaron el frente \u201cUn grito Federal\u201d\"}]},{\"@type\":\"WebSite\",\"@id\":\"https:\\\/\\\/diariodelsurdigital.com.ar\\\/#website\",\"url\":\"https:\\\/\\\/diariodelsurdigital.com.ar\\\/\",\"name\":\"Diario del Sur\",\"description\":\"Digital\",\"potentialAction\":[{\"@type\":\"SearchAction\",\"target\":{\"@type\":\"EntryPoint\",\"urlTemplate\":\"https:\\\/\\\/diariodelsurdigital.com.ar\\\/?s={search_term_string}\"},\"query-input\":{\"@type\":\"PropertyValueSpecification\",\"valueRequired\":true,\"valueName\":\"search_term_string\"}}],\"inLanguage\":\"es\"},{\"@type\":\"Person\",\"@id\":\"https:\\\/\\\/diariodelsurdigital.com.ar\\\/#\\\/schema\\\/person\\\/1a4992532ed62965c968031b49195c81\",\"name\":\"Diario del Sur Digital\",\"image\":{\"@type\":\"ImageObject\",\"inLanguage\":\"es\",\"@id\":\"https:\\\/\\\/secure.gravatar.com\\\/avatar\\\/f0c7c47fc7146d19828273b9b8eda651c9c7ab583767e6338d3d3bee825adf76?s=96&d=mm&r=g\",\"url\":\"https:\\\/\\\/secure.gravatar.com\\\/avatar\\\/f0c7c47fc7146d19828273b9b8eda651c9c7ab583767e6338d3d3bee825adf76?s=96&d=mm&r=g\",\"contentUrl\":\"https:\\\/\\\/secure.gravatar.com\\\/avatar\\\/f0c7c47fc7146d19828273b9b8eda651c9c7ab583767e6338d3d3bee825adf76?s=96&d=mm&r=g\",\"caption\":\"Diario del Sur Digital\"},\"url\":\"https:\\\/\\\/diariodelsurdigital.com.ar\\\/?author=4\"}]}<\/script>\n<!-- \/ Yoast SEO plugin. -->","yoast_head_json":{"title":"Elecciones legislativas nacionales: Gobernadores conformaron el frente \u201cUn grito Federal\u201d - Diario del Sur","robots":{"index":"index","follow":"follow","max-snippet":"max-snippet:-1","max-image-preview":"max-image-preview:large","max-video-preview":"max-video-preview:-1"},"canonical":"https:\/\/diariodelsurdigital.com.ar\/?p=3897","og_locale":"es_ES","og_type":"article","og_title":"Elecciones legislativas nacionales: Gobernadores conformaron el frente \u201cUn grito Federal\u201d - Diario del Sur","og_description":"Forma parte tambi\u00e9n Ignacio Torres (Chubut), Mart\u00edn Llaryora (C\u00f3rdoba), Carlos Sadir (Jujuy) y Claudio Vidal (Santa Cruz). \u201cComo gobernadores, tenemos la enorme responsabilidad de defender los intereses de nuestras provincias y, al mismo tiempo, contribuir a la gobernabilidad de la Argentina\u201d, sostiene el comunicado emitido. De cara a las elecciones legislativas nacionales que se llevar\u00e1n [&hellip;]","og_url":"https:\/\/diariodelsurdigital.com.ar\/?p=3897","og_site_name":"Diario del Sur","article_published_time":"2025-07-31T12:04:53+00:00","article_modified_time":"2025-07-31T12:04:54+00:00","og_image":[{"width":992,"height":610,"url":"https:\/\/diariodelsurdigital.com.ar\/wp-content\/uploads\/2025\/07\/md-46.webp","type":"image\/webp"}],"author":"Diario del Sur Digital","twitter_card":"summary_large_image","twitter_misc":{"Escrito por":"Diario del Sur Digital","Tiempo de lectura":"2 minutos"},"schema":{"@context":"https:\/\/schema.org","@graph":[{"@type":"Article","@id":"https:\/\/diariodelsurdigital.com.ar\/?p=3897#article","isPartOf":{"@id":"https:\/\/diariodelsurdigital.com.ar\/?p=3897"},"author":{"name":"Diario del Sur Digital","@id":"https:\/\/diariodelsurdigital.com.ar\/#\/schema\/person\/1a4992532ed62965c968031b49195c81"},"headline":"Elecciones legislativas nacionales: Gobernadores conformaron el frente \u201cUn grito Federal\u201d","datePublished":"2025-07-31T12:04:53+00:00","dateModified":"2025-07-31T12:04:54+00:00","mainEntityOfPage":{"@id":"https:\/\/diariodelsurdigital.com.ar\/?p=3897"},"wordCount":392,"commentCount":0,"image":{"@id":"https:\/\/diariodelsurdigital.com.ar\/?p=3897#primaryimage"},"thumbnailUrl":"https:\/\/diariodelsurdigital.com.ar\/wp-content\/uploads\/2025\/07\/md-46.webp","articleSection":["Uncategorized"],"inLanguage":"es","potentialAction":[{"@type":"CommentAction","name":"Comment","target":["https:\/\/diariodelsurdigital.com.ar\/?p=3897#respond"]}]},{"@type":"WebPage","@id":"https:\/\/diariodelsurdigital.com.ar\/?p=3897","url":"https:\/\/diariodelsurdigital.com.ar\/?p=3897","name":"Elecciones legislativas nacionales: Gobernadores conformaron el frente \u201cUn grito Federal\u201d - Diario del Sur","isPartOf":{"@id":"https:\/\/diariodelsurdigital.com.ar\/#website"},"primaryImageOfPage":{"@id":"https:\/\/diariodelsurdigital.com.ar\/?p=3897#primaryimage"},"image":{"@id":"https:\/\/diariodelsurdigital.com.ar\/?p=3897#primaryimage"},"thumbnailUrl":"https:\/\/diariodelsurdigital.com.ar\/wp-content\/uploads\/2025\/07\/md-46.webp","datePublished":"2025-07-31T12:04:53+00:00","dateModified":"2025-07-31T12:04:54+00:00","author":{"@id":"https:\/\/diariodelsurdigital.com.ar\/#\/schema\/person\/1a4992532ed62965c968031b49195c81"},"breadcrumb":{"@id":"https:\/\/diariodelsurdigital.com.ar\/?p=3897#breadcrumb"},"inLanguage":"es","potentialAction":[{"@type":"ReadAction","target":["https:\/\/diariodelsurdigital.com.ar\/?p=3897"]}]},{"@type":"ImageObject","inLanguage":"es","@id":"https:\/\/diariodelsurdigital.com.ar\/?p=3897#primaryimage","url":"https:\/\/diariodelsurdigital.com.ar\/wp-content\/uploads\/2025\/07\/md-46.webp","contentUrl":"https:\/\/diariodelsurdigital.com.ar\/wp-content\/uploads\/2025\/07\/md-46.webp","width":992,"height":610},{"@type":"BreadcrumbList","@id":"https:\/\/diariodelsurdigital.com.ar\/?p=3897#breadcrumb","itemListElement":[{"@type":"ListItem","position":1,"name":"Portada","item":"https:\/\/diariodelsurdigital.com.ar\/"},{"@type":"ListItem","position":2,"name":"Elecciones legislativas nacionales: Gobernadores conformaron el frente \u201cUn grito Federal\u201d"}]},{"@type":"WebSite","@id":"https:\/\/diariodelsurdigital.com.ar\/#website","url":"https:\/\/diariodelsurdigital.com.ar\/","name":"Diario del Sur","description":"Digital","potentialAction":[{"@type":"SearchAction","target":{"@type":"EntryPoint","urlTemplate":"https:\/\/diariodelsurdigital.com.ar\/?s={search_term_string}"},"query-input":{"@type":"PropertyValueSpecification","valueRequired":true,"valueName":"search_term_string"}}],"inLanguage":"es"},{"@type":"Person","@id":"https:\/\/diariodelsurdigital.com.ar\/#\/schema\/person\/1a4992532ed62965c968031b49195c81","name":"Diario del Sur Digital","image":{"@type":"ImageObject","inLanguage":"es","@id":"https:\/\/secure.gravatar.com\/avatar\/f0c7c47fc7146d19828273b9b8eda651c9c7ab583767e6338d3d3bee825adf76?s=96&d=mm&r=g","url":"https:\/\/secure.gravatar.com\/avatar\/f0c7c47fc7146d19828273b9b8eda651c9c7ab583767e6338d3d3bee825adf76?s=96&d=mm&r=g","contentUrl":"https:\/\/secure.gravatar.com\/avatar\/f0c7c47fc7146d19828273b9b8eda651c9c7ab583767e6338d3d3bee825adf76?s=96&d=mm&r=g","caption":"Diario del Sur Digital"},"url":"https:\/\/diariodelsurdigital.com.ar\/?author=4"}]}},"_links":{"self":[{"href":"https:\/\/diariodelsurdigital.com.ar\/index.php?rest_route=\/wp\/v2\/posts\/3897","targetHints":{"allow":["GET"]}}],"collection":[{"href":"https:\/\/diariodelsurdigital.com.ar\/index.php?rest_route=\/wp\/v2\/posts"}],"about":[{"href":"https:\/\/diariodelsurdigital.com.ar\/index.php?rest_route=\/wp\/v2\/types\/post"}],"author":[{"embeddable":true,"href":"https:\/\/diariodelsurdigital.com.ar\/index.php?rest_route=\/wp\/v2\/users\/4"}],"replies":[{"embeddable":true,"href":"https:\/\/diariodelsurdigital.com.ar\/index.php?rest_route=%2Fwp%2Fv2%2Fcomments&post=3897"}],"version-history":[{"count":1,"href":"https:\/\/diariodelsurdigital.com.ar\/index.php?rest_route=\/wp\/v2\/posts\/3897\/revisions"}],"predecessor-version":[{"id":3899,"href":"https:\/\/diariodelsurdigital.com.ar\/index.php?rest_route=\/wp\/v2\/posts\/3897\/revisions\/3899"}],"wp:featuredmedia":[{"embeddable":true,"href":"https:\/\/diariodelsurdigital.com.ar\/index.php?rest_route=\/wp\/v2\/media\/3898"}],"wp:attachment":[{"href":"https:\/\/diariodelsurdigital.com.ar\/index.php?rest_route=%2Fwp%2Fv2%2Fmedia&parent=3897"}],"wp:term":[{"taxonomy":"category","embeddable":true,"href":"https:\/\/diariodelsurdigital.com.ar\/index.php?rest_route=%2Fwp%2Fv2%2Fcategories&post=3897"},{"taxonomy":"post_tag","embeddable":true,"href":"https:\/\/diariodelsurdigital.com.ar\/index.php?rest_route=%2Fwp%2Fv2%2Ftags&post=3897"}],"curies":[{"name":"wp","href":"https:\/\/api.w.org\/{rel}","templated":true}]}}