{"id":3900,"date":"2025-07-31T09:06:44","date_gmt":"2025-07-31T12:06:44","guid":{"rendered":"https:\/\/diariodelsurdigital.com.ar\/?p=3900"},"modified":"2025-07-31T09:06:45","modified_gmt":"2025-07-31T12:06:45","slug":"marcha-de-jubilados-en-buenos-aires-siete-detenidos-tras-enfrentamientos-con-la-policia","status":"publish","type":"post","link":"https:\/\/diariodelsurdigital.com.ar\/?p=3900","title":{"rendered":"Marcha de jubilados en Buenos Aires: siete detenidos tras enfrentamientos con la Polic\u00eda"},"content":{"rendered":"\n<p>Se repiti\u00f3 lo ocurrido en protestas anteriores en el Congreso. Adem\u00e1s, reportaron varios heridos.<\/p>\n\n\n\n<p><\/p>\n\n\n\n<p>Luego de varias semanas en que las habituales marchas por los jubilados transcurrieron sin mayores sobresaltos, este mi\u00e9rcoles por la tarde volvi\u00f3 la tensi\u00f3n frente al Congreso. Los incidentes se desataron pasadas las 17, cuando efectivos de la Polic\u00eda de la Ciudad de Buenos Aires intentaron aplicar el protocolo antipiquetes.<\/p>\n\n\n\n<p>Este operativo instruye que los manifestantes deben ocupar solo dos carriles de la avenida para asegurar el tr\u00e1nsito.<\/p>\n\n\n\n<p>Seg\u00fan lo informado por Clar\u00edn, la situaci\u00f3n deriv\u00f3 en corridas y enfrentamientos cara a cara entre los manifestantes y agentes de la Polic\u00eda de la Ciudad y la Polic\u00eda Federal, quienes custodian los alrededores del Congreso. Se reportaron varios heridos a ra\u00edz de estos choques.<\/p>\n\n\n\n<p>Marcha de jubilados: protocolo antipiquetes y detenciones<\/p>\n\n\n\n<p>En el marco del operativo de seguridad, las autoridades comunicaron que casi 100 personas intentaron agredir a agentes de la Polic\u00eda de la Ciudad mientras intentaban despejar la Avenida de Mayo. Como resultado de estas agresiones, siete individuos fueron detenidos.<\/p>\n\n\n\n<p>Las fuerzas de seguridad, incluyendo columnas de agentes con escudos y el apoyo de un carro hidrante, avanzaron por Avenida Rivadavia en direcci\u00f3n al cruce con Avenida Entre R\u00edos-Callao para dispersar a los manifestantes.<\/p>\n\n\n\n<p>Heridos en la marcha de jubilados<\/p>\n\n\n\n<p>Los enfrentamientos no solo dejaron un saldo de detenidos, sino tambi\u00e9n de manifestantes heridos. Las c\u00e1maras de televisi\u00f3n presentes en el lugar captaron c\u00f3mo al menos dos manifestantes sufrieron lesiones tras forcejeos con agentes de la Polic\u00eda Federal sobre Avenida Rivadavia.<\/p>\n\n\n\n<p>Uno de los momentos m\u00e1s destacados fue la asistencia a una mujer que, pasadas las 17 horas, fue socorrida por param\u00e9dicos de la Cruz Roja. Fue vendada en varias partes del cuerpo y trasladada en camilla hacia una ambulancia para su hospitalizaci\u00f3n. Poco despu\u00e9s, otra mujer fue vista acusando haber sido rociada con gas lacrim\u00f3geno.<\/p>\n","protected":false},"excerpt":{"rendered":"<p>Se repiti\u00f3 lo ocurrido en protestas anteriores en el Congreso. Adem\u00e1s, reportaron varios heridos. Luego de varias semanas en que las habituales marchas por los jubilados transcurrieron sin mayores sobresaltos, este mi\u00e9rcoles por la tarde volvi\u00f3 la tensi\u00f3n frente al Congreso. Los incidentes se desataron pasadas las 17, cuando efectivos de la Polic\u00eda de la [&hellip;]<\/p>\n","protected":false},"author":4,"featured_media":3901,"comment_status":"open","ping_status":"open","sticky":false,"template":"","format":"standard","meta":{"footnotes":""},"categories":[18],"tags":[],"class_list":{"0":"post-3900","1":"post","2":"type-post","3":"status-publish","4":"format-standard","5":"has-post-thumbnail","7":"category-nacionales"},"yoast_head":"<!-- This site is optimized with the Yoast SEO plugin v27.4 - https:\/\/yoast.com\/product\/yoast-seo-wordpress\/ -->\n<title>Marcha de jubilados en Buenos Aires: siete detenidos tras enfrentamientos con la Polic\u00eda - Diario del Sur<\/title>\n<meta name=\"robots\" content=\"index, follow, max-snippet:-1, max-image-preview:large, max-video-preview:-1\" \/>\n<link rel=\"canonical\" href=\"https:\/\/diariodelsurdigital.com.ar\/?p=3900\" \/>\n<meta property=\"og:locale\" content=\"es_ES\" \/>\n<meta property=\"og:type\" content=\"article\" \/>\n<meta property=\"og:title\" content=\"Marcha de jubilados en Buenos Aires: siete detenidos tras enfrentamientos con la Polic\u00eda - Diario del Sur\" \/>\n<meta property=\"og:description\" content=\"Se repiti\u00f3 lo ocurrido en protestas anteriores en el Congreso. Adem\u00e1s, reportaron varios heridos. Luego de varias semanas en que las habituales marchas por los jubilados transcurrieron sin mayores sobresaltos, este mi\u00e9rcoles por la tarde volvi\u00f3 la tensi\u00f3n frente al Congreso. Los incidentes se desataron pasadas las 17, cuando efectivos de la Polic\u00eda de la [&hellip;]\" \/>\n<meta property=\"og:url\" content=\"https:\/\/diariodelsurdigital.com.ar\/?p=3900\" \/>\n<meta property=\"og:site_name\" content=\"Diario del Sur\" \/>\n<meta property=\"article:published_time\" content=\"2025-07-31T12:06:44+00:00\" \/>\n<meta property=\"article:modified_time\" content=\"2025-07-31T12:06:45+00:00\" \/>\n<meta property=\"og:image\" content=\"https:\/\/diariodelsurdigital.com.ar\/wp-content\/uploads\/2025\/07\/md-47.webp\" \/>\n\t<meta property=\"og:image:width\" content=\"992\" \/>\n\t<meta property=\"og:image:height\" content=\"744\" \/>\n\t<meta property=\"og:image:type\" content=\"image\/webp\" \/>\n<meta name=\"author\" content=\"Diario del Sur Digital\" \/>\n<meta name=\"twitter:card\" content=\"summary_large_image\" \/>\n<meta name=\"twitter:label1\" content=\"Escrito por\" \/>\n\t<meta name=\"twitter:data1\" content=\"Diario del Sur Digital\" \/>\n\t<meta name=\"twitter:label2\" content=\"Tiempo de lectura\" \/>\n\t<meta name=\"twitter:data2\" content=\"2 minutos\" \/>\n<script type=\"application\/ld+json\" class=\"yoast-schema-graph\">{\"@context\":\"https:\\\/\\\/schema.org\",\"@graph\":[{\"@type\":\"Article\",\"@id\":\"https:\\\/\\\/diariodelsurdigital.com.ar\\\/?p=3900#article\",\"isPartOf\":{\"@id\":\"https:\\\/\\\/diariodelsurdigital.com.ar\\\/?p=3900\"},\"author\":{\"name\":\"Diario del Sur Digital\",\"@id\":\"https:\\\/\\\/diariodelsurdigital.com.ar\\\/#\\\/schema\\\/person\\\/1a4992532ed62965c968031b49195c81\"},\"headline\":\"Marcha de jubilados en Buenos Aires: siete detenidos tras enfrentamientos con la Polic\u00eda\",\"datePublished\":\"2025-07-31T12:06:44+00:00\",\"dateModified\":\"2025-07-31T12:06:45+00:00\",\"mainEntityOfPage\":{\"@id\":\"https:\\\/\\\/diariodelsurdigital.com.ar\\\/?p=3900\"},\"wordCount\":345,\"commentCount\":0,\"image\":{\"@id\":\"https:\\\/\\\/diariodelsurdigital.com.ar\\\/?p=3900#primaryimage\"},\"thumbnailUrl\":\"https:\\\/\\\/diariodelsurdigital.com.ar\\\/wp-content\\\/uploads\\\/2025\\\/07\\\/md-47.webp\",\"articleSection\":[\"Nacionales\"],\"inLanguage\":\"es\",\"potentialAction\":[{\"@type\":\"CommentAction\",\"name\":\"Comment\",\"target\":[\"https:\\\/\\\/diariodelsurdigital.com.ar\\\/?p=3900#respond\"]}]},{\"@type\":\"WebPage\",\"@id\":\"https:\\\/\\\/diariodelsurdigital.com.ar\\\/?p=3900\",\"url\":\"https:\\\/\\\/diariodelsurdigital.com.ar\\\/?p=3900\",\"name\":\"Marcha de jubilados en Buenos Aires: siete detenidos tras enfrentamientos con la Polic\u00eda - Diario del Sur\",\"isPartOf\":{\"@id\":\"https:\\\/\\\/diariodelsurdigital.com.ar\\\/#website\"},\"primaryImageOfPage\":{\"@id\":\"https:\\\/\\\/diariodelsurdigital.com.ar\\\/?p=3900#primaryimage\"},\"image\":{\"@id\":\"https:\\\/\\\/diariodelsurdigital.com.ar\\\/?p=3900#primaryimage\"},\"thumbnailUrl\":\"https:\\\/\\\/diariodelsurdigital.com.ar\\\/wp-content\\\/uploads\\\/2025\\\/07\\\/md-47.webp\",\"datePublished\":\"2025-07-31T12:06:44+00:00\",\"dateModified\":\"2025-07-31T12:06:45+00:00\",\"author\":{\"@id\":\"https:\\\/\\\/diariodelsurdigital.com.ar\\\/#\\\/schema\\\/person\\\/1a4992532ed62965c968031b49195c81\"},\"breadcrumb\":{\"@id\":\"https:\\\/\\\/diariodelsurdigital.com.ar\\\/?p=3900#breadcrumb\"},\"inLanguage\":\"es\",\"potentialAction\":[{\"@type\":\"ReadAction\",\"target\":[\"https:\\\/\\\/diariodelsurdigital.com.ar\\\/?p=3900\"]}]},{\"@type\":\"ImageObject\",\"inLanguage\":\"es\",\"@id\":\"https:\\\/\\\/diariodelsurdigital.com.ar\\\/?p=3900#primaryimage\",\"url\":\"https:\\\/\\\/diariodelsurdigital.com.ar\\\/wp-content\\\/uploads\\\/2025\\\/07\\\/md-47.webp\",\"contentUrl\":\"https:\\\/\\\/diariodelsurdigital.com.ar\\\/wp-content\\\/uploads\\\/2025\\\/07\\\/md-47.webp\",\"width\":992,\"height\":744},{\"@type\":\"BreadcrumbList\",\"@id\":\"https:\\\/\\\/diariodelsurdigital.com.ar\\\/?p=3900#breadcrumb\",\"itemListElement\":[{\"@type\":\"ListItem\",\"position\":1,\"name\":\"Portada\",\"item\":\"https:\\\/\\\/diariodelsurdigital.com.ar\\\/\"},{\"@type\":\"ListItem\",\"position\":2,\"name\":\"Marcha de jubilados en Buenos Aires: siete detenidos tras enfrentamientos con la Polic\u00eda\"}]},{\"@type\":\"WebSite\",\"@id\":\"https:\\\/\\\/diariodelsurdigital.com.ar\\\/#website\",\"url\":\"https:\\\/\\\/diariodelsurdigital.com.ar\\\/\",\"name\":\"Diario del Sur\",\"description\":\"Digital\",\"potentialAction\":[{\"@type\":\"SearchAction\",\"target\":{\"@type\":\"EntryPoint\",\"urlTemplate\":\"https:\\\/\\\/diariodelsurdigital.com.ar\\\/?s={search_term_string}\"},\"query-input\":{\"@type\":\"PropertyValueSpecification\",\"valueRequired\":true,\"valueName\":\"search_term_string\"}}],\"inLanguage\":\"es\"},{\"@type\":\"Person\",\"@id\":\"https:\\\/\\\/diariodelsurdigital.com.ar\\\/#\\\/schema\\\/person\\\/1a4992532ed62965c968031b49195c81\",\"name\":\"Diario del Sur Digital\",\"image\":{\"@type\":\"ImageObject\",\"inLanguage\":\"es\",\"@id\":\"https:\\\/\\\/secure.gravatar.com\\\/avatar\\\/f0c7c47fc7146d19828273b9b8eda651c9c7ab583767e6338d3d3bee825adf76?s=96&d=mm&r=g\",\"url\":\"https:\\\/\\\/secure.gravatar.com\\\/avatar\\\/f0c7c47fc7146d19828273b9b8eda651c9c7ab583767e6338d3d3bee825adf76?s=96&d=mm&r=g\",\"contentUrl\":\"https:\\\/\\\/secure.gravatar.com\\\/avatar\\\/f0c7c47fc7146d19828273b9b8eda651c9c7ab583767e6338d3d3bee825adf76?s=96&d=mm&r=g\",\"caption\":\"Diario del Sur Digital\"},\"url\":\"https:\\\/\\\/diariodelsurdigital.com.ar\\\/?author=4\"}]}<\/script>\n<!-- \/ Yoast SEO plugin. -->","yoast_head_json":{"title":"Marcha de jubilados en Buenos Aires: siete detenidos tras enfrentamientos con la Polic\u00eda - Diario del Sur","robots":{"index":"index","follow":"follow","max-snippet":"max-snippet:-1","max-image-preview":"max-image-preview:large","max-video-preview":"max-video-preview:-1"},"canonical":"https:\/\/diariodelsurdigital.com.ar\/?p=3900","og_locale":"es_ES","og_type":"article","og_title":"Marcha de jubilados en Buenos Aires: siete detenidos tras enfrentamientos con la Polic\u00eda - Diario del Sur","og_description":"Se repiti\u00f3 lo ocurrido en protestas anteriores en el Congreso. Adem\u00e1s, reportaron varios heridos. Luego de varias semanas en que las habituales marchas por los jubilados transcurrieron sin mayores sobresaltos, este mi\u00e9rcoles por la tarde volvi\u00f3 la tensi\u00f3n frente al Congreso. Los incidentes se desataron pasadas las 17, cuando efectivos de la Polic\u00eda de la [&hellip;]","og_url":"https:\/\/diariodelsurdigital.com.ar\/?p=3900","og_site_name":"Diario del Sur","article_published_time":"2025-07-31T12:06:44+00:00","article_modified_time":"2025-07-31T12:06:45+00:00","og_image":[{"width":992,"height":744,"url":"https:\/\/diariodelsurdigital.com.ar\/wp-content\/uploads\/2025\/07\/md-47.webp","type":"image\/webp"}],"author":"Diario del Sur Digital","twitter_card":"summary_large_image","twitter_misc":{"Escrito por":"Diario del Sur Digital","Tiempo de lectura":"2 minutos"},"schema":{"@context":"https:\/\/schema.org","@graph":[{"@type":"Article","@id":"https:\/\/diariodelsurdigital.com.ar\/?p=3900#article","isPartOf":{"@id":"https:\/\/diariodelsurdigital.com.ar\/?p=3900"},"author":{"name":"Diario del Sur Digital","@id":"https:\/\/diariodelsurdigital.com.ar\/#\/schema\/person\/1a4992532ed62965c968031b49195c81"},"headline":"Marcha de jubilados en Buenos Aires: siete detenidos tras enfrentamientos con la Polic\u00eda","datePublished":"2025-07-31T12:06:44+00:00","dateModified":"2025-07-31T12:06:45+00:00","mainEntityOfPage":{"@id":"https:\/\/diariodelsurdigital.com.ar\/?p=3900"},"wordCount":345,"commentCount":0,"image":{"@id":"https:\/\/diariodelsurdigital.com.ar\/?p=3900#primaryimage"},"thumbnailUrl":"https:\/\/diariodelsurdigital.com.ar\/wp-content\/uploads\/2025\/07\/md-47.webp","articleSection":["Nacionales"],"inLanguage":"es","potentialAction":[{"@type":"CommentAction","name":"Comment","target":["https:\/\/diariodelsurdigital.com.ar\/?p=3900#respond"]}]},{"@type":"WebPage","@id":"https:\/\/diariodelsurdigital.com.ar\/?p=3900","url":"https:\/\/diariodelsurdigital.com.ar\/?p=3900","name":"Marcha de jubilados en Buenos Aires: siete detenidos tras enfrentamientos con la Polic\u00eda - Diario del Sur","isPartOf":{"@id":"https:\/\/diariodelsurdigital.com.ar\/#website"},"primaryImageOfPage":{"@id":"https:\/\/diariodelsurdigital.com.ar\/?p=3900#primaryimage"},"image":{"@id":"https:\/\/diariodelsurdigital.com.ar\/?p=3900#primaryimage"},"thumbnailUrl":"https:\/\/diariodelsurdigital.com.ar\/wp-content\/uploads\/2025\/07\/md-47.webp","datePublished":"2025-07-31T12:06:44+00:00","dateModified":"2025-07-31T12:06:45+00:00","author":{"@id":"https:\/\/diariodelsurdigital.com.ar\/#\/schema\/person\/1a4992532ed62965c968031b49195c81"},"breadcrumb":{"@id":"https:\/\/diariodelsurdigital.com.ar\/?p=3900#breadcrumb"},"inLanguage":"es","potentialAction":[{"@type":"ReadAction","target":["https:\/\/diariodelsurdigital.com.ar\/?p=3900"]}]},{"@type":"ImageObject","inLanguage":"es","@id":"https:\/\/diariodelsurdigital.com.ar\/?p=3900#primaryimage","url":"https:\/\/diariodelsurdigital.com.ar\/wp-content\/uploads\/2025\/07\/md-47.webp","contentUrl":"https:\/\/diariodelsurdigital.com.ar\/wp-content\/uploads\/2025\/07\/md-47.webp","width":992,"height":744},{"@type":"BreadcrumbList","@id":"https:\/\/diariodelsurdigital.com.ar\/?p=3900#breadcrumb","itemListElement":[{"@type":"ListItem","position":1,"name":"Portada","item":"https:\/\/diariodelsurdigital.com.ar\/"},{"@type":"ListItem","position":2,"name":"Marcha de jubilados en Buenos Aires: siete detenidos tras enfrentamientos con la Polic\u00eda"}]},{"@type":"WebSite","@id":"https:\/\/diariodelsurdigital.com.ar\/#website","url":"https:\/\/diariodelsurdigital.com.ar\/","name":"Diario del Sur","description":"Digital","potentialAction":[{"@type":"SearchAction","target":{"@type":"EntryPoint","urlTemplate":"https:\/\/diariodelsurdigital.com.ar\/?s={search_term_string}"},"query-input":{"@type":"PropertyValueSpecification","valueRequired":true,"valueName":"search_term_string"}}],"inLanguage":"es"},{"@type":"Person","@id":"https:\/\/diariodelsurdigital.com.ar\/#\/schema\/person\/1a4992532ed62965c968031b49195c81","name":"Diario del Sur Digital","image":{"@type":"ImageObject","inLanguage":"es","@id":"https:\/\/secure.gravatar.com\/avatar\/f0c7c47fc7146d19828273b9b8eda651c9c7ab583767e6338d3d3bee825adf76?s=96&d=mm&r=g","url":"https:\/\/secure.gravatar.com\/avatar\/f0c7c47fc7146d19828273b9b8eda651c9c7ab583767e6338d3d3bee825adf76?s=96&d=mm&r=g","contentUrl":"https:\/\/secure.gravatar.com\/avatar\/f0c7c47fc7146d19828273b9b8eda651c9c7ab583767e6338d3d3bee825adf76?s=96&d=mm&r=g","caption":"Diario del Sur Digital"},"url":"https:\/\/diariodelsurdigital.com.ar\/?author=4"}]}},"_links":{"self":[{"href":"https:\/\/diariodelsurdigital.com.ar\/index.php?rest_route=\/wp\/v2\/posts\/3900","targetHints":{"allow":["GET"]}}],"collection":[{"href":"https:\/\/diariodelsurdigital.com.ar\/index.php?rest_route=\/wp\/v2\/posts"}],"about":[{"href":"https:\/\/diariodelsurdigital.com.ar\/index.php?rest_route=\/wp\/v2\/types\/post"}],"author":[{"embeddable":true,"href":"https:\/\/diariodelsurdigital.com.ar\/index.php?rest_route=\/wp\/v2\/users\/4"}],"replies":[{"embeddable":true,"href":"https:\/\/diariodelsurdigital.com.ar\/index.php?rest_route=%2Fwp%2Fv2%2Fcomments&post=3900"}],"version-history":[{"count":1,"href":"https:\/\/diariodelsurdigital.com.ar\/index.php?rest_route=\/wp\/v2\/posts\/3900\/revisions"}],"predecessor-version":[{"id":3902,"href":"https:\/\/diariodelsurdigital.com.ar\/index.php?rest_route=\/wp\/v2\/posts\/3900\/revisions\/3902"}],"wp:featuredmedia":[{"embeddable":true,"href":"https:\/\/diariodelsurdigital.com.ar\/index.php?rest_route=\/wp\/v2\/media\/3901"}],"wp:attachment":[{"href":"https:\/\/diariodelsurdigital.com.ar\/index.php?rest_route=%2Fwp%2Fv2%2Fmedia&parent=3900"}],"wp:term":[{"taxonomy":"category","embeddable":true,"href":"https:\/\/diariodelsurdigital.com.ar\/index.php?rest_route=%2Fwp%2Fv2%2Fcategories&post=3900"},{"taxonomy":"post_tag","embeddable":true,"href":"https:\/\/diariodelsurdigital.com.ar\/index.php?rest_route=%2Fwp%2Fv2%2Ftags&post=3900"}],"curies":[{"name":"wp","href":"https:\/\/api.w.org\/{rel}","templated":true}]}}