{"id":3903,"date":"2025-07-31T09:09:31","date_gmt":"2025-07-31T12:09:31","guid":{"rendered":"https:\/\/diariodelsurdigital.com.ar\/?p=3903"},"modified":"2025-07-31T09:09:32","modified_gmt":"2025-07-31T12:09:32","slug":"edgardo-kueider-ira-a-juicio-oral-en-paraguay-por-tentativa-de-contrabando","status":"publish","type":"post","link":"https:\/\/diariodelsurdigital.com.ar\/?p=3903","title":{"rendered":"Edgardo Kueider ir\u00e1 a juicio oral en Paraguay por tentativa de contrabando"},"content":{"rendered":"\n<p>La decisi\u00f3n judicial se tom\u00f3 tras rechazar nulidades y excluir pruebas, mientras la justicia argentina solicita su extradici\u00f3n por presunto lavado de activos.<\/p>\n\n\n\n<p><\/p>\n\n\n\n<p>El juez Humberto Otaz\u00fa dispuso esta ma\u00f1ana enviar al ex senador nacional Edgardo Kueider y a su pareja, Iara Guinsel, a juicio por el delito de contrabando en grado de tentativa. Ambos pusieron un inmueble como fianza en la causa de extradici\u00f3n.<\/p>\n\n\n\n<p>La audiencia preliminar se concret\u00f3 esta ma\u00f1ana en el Juzgado de Delitos Econ\u00f3micos de Asunci\u00f3n. Comenz\u00f3 sobre las 9 y finaliz\u00f3 antes de las 11. Al t\u00e9rmino del encuentro, Otaz\u00fa anunci\u00f3 que la decisi\u00f3n es remitir el caso a juicio oral y p\u00fablico.<\/p>\n\n\n\n<p>Kueider y Guinsel llegaron al sal\u00f3n acompa\u00f1ados de personal de la Polic\u00eda Nacional de Paraguay. Ambos cumplen arresto domiciliario por esta causa y por el pedido de extradici\u00f3n a la Argentina que realiz\u00f3 la jueza federal de San Isidro Sandra Arroyo Salgado.<\/p>\n\n\n\n<p>El ex legislador nacional fue recibido por sus abogados, Carlos Ar\u00e9valo y Marcelo Bogado. Vest\u00eda camisa blanca, campera negra y jeans azules. De buen talante, salud\u00f3 uno por uno a todos los que participaron de la audiencia.<\/p>\n\n\n\n<p>Al concluir la instancia judicial, Otaz\u00fa indic\u00f3 en declaraciones a El Observador de Paraguay que su decisi\u00f3n fue \u201cla apertura a juicio oral y p\u00fablico\u201d del caso. Tanto a Kueider como a Guinsel se les imputa el hecho de haber querido ingresar al Paraguay con m\u00e1s de USD 200 mil sin declarar el pasado 4 de diciembre de 2024.<\/p>\n\n\n\n<p>El magistrado coment\u00f3 adem\u00e1s que no hizo lugar a un planteo de nulidad que hab\u00edan presentado Ar\u00e9valo y Bogado contra la acusaci\u00f3n. Los letrados solicitaban la absoluci\u00f3n de sus pupilos.<\/p>\n\n\n\n<p>La misma suerte corri\u00f3 el pedido de que se excluyan como prueba los videos captados por las c\u00e1maras del circuito primario de Aduanas en el Puente de la Amistad y las filmaciones que se hicieron durante el procedimiento. Estos registros mostraron el dinero que hab\u00eda en la mochila que le secuestraron a Kueider.<\/p>\n\n\n\n<p>Adem\u00e1s, remarc\u00f3 que la rapidez en la decisi\u00f3n se debi\u00f3 a que durante la audiencia se plantearon \u201cpocas incidencias\u201d. \u201cHab\u00eda dos acusados y una defensa com\u00fan que plante\u00f3 dos objeciones a la acusaci\u00f3n y tres inclusiones probatorias\u201d, relat\u00f3. Sobre esto \u00faltimo, Fiscal\u00eda no hizo objeciones. \u201cEl Juzgado tambi\u00e9n entendi\u00f3 que correspond\u00eda lo solicitado por la defensa y se admitieron\u201d, puntualiz\u00f3 Otaz\u00fa. No brind\u00f3 detalles sobre el contenido material.<\/p>\n\n\n\n<p>El magistrado remarc\u00f3 que el \u00fanico hecho punible que se les atribuye es tentativa de contrabando. \u201cAs\u00ed se inici\u00f3 el proceso. Fue la calificaci\u00f3n primaria en el acta de imputaci\u00f3n. Y hoy tambi\u00e9n el Ministerio P\u00fablico Fiscal ratific\u00f3 la postura de que se est\u00e1 hablando de una tentativa de contrabando\u201d, por haber querido introducir ese dinero sin declarar al Paraguay.<\/p>\n\n\n\n<p>\u201cLa defensa tiene un criterio jur\u00eddico distinto en cuanto a lo que debe considerarse bien o mercanc\u00eda. Eso ser\u00e1 objeto de debate en la instancia que corresponda, donde cada parte podr\u00e1 producir pruebas y hacer uso del derecho que tienen. Adem\u00e1s, podr\u00e1n explayarse y exponer cu\u00e1les son los fundamentos de sus pretensiones\u201d, consign\u00f3 Otaz\u00fa.<\/p>\n\n\n\n<p>Completado este paso, la Justicia paraguaya deber\u00e1 definir el Tribunal y la fecha en la que Kueider y Guinsel ser\u00e1n sometidos a juicio oral y p\u00fablico.<\/p>\n\n\n\n<p>Esta instancia tambi\u00e9n influir\u00e1 sobre el pedido de extradici\u00f3n que realiz\u00f3 la Justicia Federal argentina. Ayer, el exsenador y su pareja fueron detenidos y llevados ante el juez Rolando Duarte. Rechazaron la f\u00f3rmula simple, es decir aceptar el pedido y regresar a la Argentina. Esto implica que habr\u00e1 un juicio para determinar qu\u00e9 se hace.<\/p>\n\n\n\n<p>Seg\u00fan puntualiz\u00f3 Duarte al t\u00e9rmino del procedimiento, Kueider y Guinsel depositaron 500 millones de guaran\u00edes (unos 4 mil d\u00f3lares) cada uno en calidad de fianza. Fue a trav\u00e9s de un inmueble. Tras este primer paso, el Juzgado de Arroyo Salgado tendr\u00e1 45 d\u00edas para remitir al juez paraguayo toda la documentaci\u00f3n tendiente a la extradici\u00f3n. El \u00fanico delito que le endos\u00f3 la magistrada argentina a la pareja es el lavado de activos, pese a que en el caso que lleva hay otros cr\u00edmenes tipificados, public\u00f3 Infobae.<\/p>\n","protected":false},"excerpt":{"rendered":"<p>La decisi\u00f3n judicial se tom\u00f3 tras rechazar nulidades y excluir pruebas, mientras la justicia argentina solicita su extradici\u00f3n por presunto lavado de activos. El juez Humberto Otaz\u00fa dispuso esta ma\u00f1ana enviar al ex senador nacional Edgardo Kueider y a su pareja, Iara Guinsel, a juicio por el delito de contrabando en grado de tentativa. Ambos [&hellip;]<\/p>\n","protected":false},"author":4,"featured_media":3904,"comment_status":"open","ping_status":"open","sticky":false,"template":"","format":"standard","meta":{"footnotes":""},"categories":[22],"tags":[],"class_list":{"0":"post-3903","1":"post","2":"type-post","3":"status-publish","4":"format-standard","5":"has-post-thumbnail","7":"category-politica"},"yoast_head":"<!-- This site is optimized with the Yoast SEO plugin v27.4 - https:\/\/yoast.com\/product\/yoast-seo-wordpress\/ -->\n<title>Edgardo Kueider ir\u00e1 a juicio oral en Paraguay por tentativa de contrabando - Diario del Sur<\/title>\n<meta name=\"robots\" content=\"index, follow, max-snippet:-1, max-image-preview:large, max-video-preview:-1\" \/>\n<link rel=\"canonical\" href=\"https:\/\/diariodelsurdigital.com.ar\/?p=3903\" \/>\n<meta property=\"og:locale\" content=\"es_ES\" \/>\n<meta property=\"og:type\" content=\"article\" \/>\n<meta property=\"og:title\" content=\"Edgardo Kueider ir\u00e1 a juicio oral en Paraguay por tentativa de contrabando - Diario del Sur\" \/>\n<meta property=\"og:description\" content=\"La decisi\u00f3n judicial se tom\u00f3 tras rechazar nulidades y excluir pruebas, mientras la justicia argentina solicita su extradici\u00f3n por presunto lavado de activos. El juez Humberto Otaz\u00fa dispuso esta ma\u00f1ana enviar al ex senador nacional Edgardo Kueider y a su pareja, Iara Guinsel, a juicio por el delito de contrabando en grado de tentativa. Ambos [&hellip;]\" \/>\n<meta property=\"og:url\" content=\"https:\/\/diariodelsurdigital.com.ar\/?p=3903\" \/>\n<meta property=\"og:site_name\" content=\"Diario del Sur\" \/>\n<meta property=\"article:published_time\" content=\"2025-07-31T12:09:31+00:00\" \/>\n<meta property=\"article:modified_time\" content=\"2025-07-31T12:09:32+00:00\" \/>\n<meta property=\"og:image\" content=\"https:\/\/diariodelsurdigital.com.ar\/wp-content\/uploads\/2025\/07\/md-48.webp\" \/>\n\t<meta property=\"og:image:width\" content=\"992\" \/>\n\t<meta property=\"og:image:height\" content=\"558\" \/>\n\t<meta property=\"og:image:type\" content=\"image\/webp\" \/>\n<meta name=\"author\" content=\"Diario del Sur Digital\" \/>\n<meta name=\"twitter:card\" content=\"summary_large_image\" \/>\n<meta name=\"twitter:label1\" content=\"Escrito por\" \/>\n\t<meta name=\"twitter:data1\" content=\"Diario del Sur Digital\" \/>\n\t<meta name=\"twitter:label2\" content=\"Tiempo de lectura\" \/>\n\t<meta name=\"twitter:data2\" content=\"4 minutos\" \/>\n<script type=\"application\/ld+json\" class=\"yoast-schema-graph\">{\"@context\":\"https:\\\/\\\/schema.org\",\"@graph\":[{\"@type\":\"Article\",\"@id\":\"https:\\\/\\\/diariodelsurdigital.com.ar\\\/?p=3903#article\",\"isPartOf\":{\"@id\":\"https:\\\/\\\/diariodelsurdigital.com.ar\\\/?p=3903\"},\"author\":{\"name\":\"Diario del Sur Digital\",\"@id\":\"https:\\\/\\\/diariodelsurdigital.com.ar\\\/#\\\/schema\\\/person\\\/1a4992532ed62965c968031b49195c81\"},\"headline\":\"Edgardo Kueider ir\u00e1 a juicio oral en Paraguay por tentativa de contrabando\",\"datePublished\":\"2025-07-31T12:09:31+00:00\",\"dateModified\":\"2025-07-31T12:09:32+00:00\",\"mainEntityOfPage\":{\"@id\":\"https:\\\/\\\/diariodelsurdigital.com.ar\\\/?p=3903\"},\"wordCount\":739,\"commentCount\":0,\"image\":{\"@id\":\"https:\\\/\\\/diariodelsurdigital.com.ar\\\/?p=3903#primaryimage\"},\"thumbnailUrl\":\"https:\\\/\\\/diariodelsurdigital.com.ar\\\/wp-content\\\/uploads\\\/2025\\\/07\\\/md-48.webp\",\"articleSection\":[\"Pol\u00edtica\"],\"inLanguage\":\"es\",\"potentialAction\":[{\"@type\":\"CommentAction\",\"name\":\"Comment\",\"target\":[\"https:\\\/\\\/diariodelsurdigital.com.ar\\\/?p=3903#respond\"]}]},{\"@type\":\"WebPage\",\"@id\":\"https:\\\/\\\/diariodelsurdigital.com.ar\\\/?p=3903\",\"url\":\"https:\\\/\\\/diariodelsurdigital.com.ar\\\/?p=3903\",\"name\":\"Edgardo Kueider ir\u00e1 a juicio oral en Paraguay por tentativa de contrabando - Diario del Sur\",\"isPartOf\":{\"@id\":\"https:\\\/\\\/diariodelsurdigital.com.ar\\\/#website\"},\"primaryImageOfPage\":{\"@id\":\"https:\\\/\\\/diariodelsurdigital.com.ar\\\/?p=3903#primaryimage\"},\"image\":{\"@id\":\"https:\\\/\\\/diariodelsurdigital.com.ar\\\/?p=3903#primaryimage\"},\"thumbnailUrl\":\"https:\\\/\\\/diariodelsurdigital.com.ar\\\/wp-content\\\/uploads\\\/2025\\\/07\\\/md-48.webp\",\"datePublished\":\"2025-07-31T12:09:31+00:00\",\"dateModified\":\"2025-07-31T12:09:32+00:00\",\"author\":{\"@id\":\"https:\\\/\\\/diariodelsurdigital.com.ar\\\/#\\\/schema\\\/person\\\/1a4992532ed62965c968031b49195c81\"},\"breadcrumb\":{\"@id\":\"https:\\\/\\\/diariodelsurdigital.com.ar\\\/?p=3903#breadcrumb\"},\"inLanguage\":\"es\",\"potentialAction\":[{\"@type\":\"ReadAction\",\"target\":[\"https:\\\/\\\/diariodelsurdigital.com.ar\\\/?p=3903\"]}]},{\"@type\":\"ImageObject\",\"inLanguage\":\"es\",\"@id\":\"https:\\\/\\\/diariodelsurdigital.com.ar\\\/?p=3903#primaryimage\",\"url\":\"https:\\\/\\\/diariodelsurdigital.com.ar\\\/wp-content\\\/uploads\\\/2025\\\/07\\\/md-48.webp\",\"contentUrl\":\"https:\\\/\\\/diariodelsurdigital.com.ar\\\/wp-content\\\/uploads\\\/2025\\\/07\\\/md-48.webp\",\"width\":992,\"height\":558},{\"@type\":\"BreadcrumbList\",\"@id\":\"https:\\\/\\\/diariodelsurdigital.com.ar\\\/?p=3903#breadcrumb\",\"itemListElement\":[{\"@type\":\"ListItem\",\"position\":1,\"name\":\"Portada\",\"item\":\"https:\\\/\\\/diariodelsurdigital.com.ar\\\/\"},{\"@type\":\"ListItem\",\"position\":2,\"name\":\"Edgardo Kueider ir\u00e1 a juicio oral en Paraguay por tentativa de contrabando\"}]},{\"@type\":\"WebSite\",\"@id\":\"https:\\\/\\\/diariodelsurdigital.com.ar\\\/#website\",\"url\":\"https:\\\/\\\/diariodelsurdigital.com.ar\\\/\",\"name\":\"Diario del Sur\",\"description\":\"Digital\",\"potentialAction\":[{\"@type\":\"SearchAction\",\"target\":{\"@type\":\"EntryPoint\",\"urlTemplate\":\"https:\\\/\\\/diariodelsurdigital.com.ar\\\/?s={search_term_string}\"},\"query-input\":{\"@type\":\"PropertyValueSpecification\",\"valueRequired\":true,\"valueName\":\"search_term_string\"}}],\"inLanguage\":\"es\"},{\"@type\":\"Person\",\"@id\":\"https:\\\/\\\/diariodelsurdigital.com.ar\\\/#\\\/schema\\\/person\\\/1a4992532ed62965c968031b49195c81\",\"name\":\"Diario del Sur Digital\",\"image\":{\"@type\":\"ImageObject\",\"inLanguage\":\"es\",\"@id\":\"https:\\\/\\\/secure.gravatar.com\\\/avatar\\\/f0c7c47fc7146d19828273b9b8eda651c9c7ab583767e6338d3d3bee825adf76?s=96&d=mm&r=g\",\"url\":\"https:\\\/\\\/secure.gravatar.com\\\/avatar\\\/f0c7c47fc7146d19828273b9b8eda651c9c7ab583767e6338d3d3bee825adf76?s=96&d=mm&r=g\",\"contentUrl\":\"https:\\\/\\\/secure.gravatar.com\\\/avatar\\\/f0c7c47fc7146d19828273b9b8eda651c9c7ab583767e6338d3d3bee825adf76?s=96&d=mm&r=g\",\"caption\":\"Diario del Sur Digital\"},\"url\":\"https:\\\/\\\/diariodelsurdigital.com.ar\\\/?author=4\"}]}<\/script>\n<!-- \/ Yoast SEO plugin. -->","yoast_head_json":{"title":"Edgardo Kueider ir\u00e1 a juicio oral en Paraguay por tentativa de contrabando - Diario del Sur","robots":{"index":"index","follow":"follow","max-snippet":"max-snippet:-1","max-image-preview":"max-image-preview:large","max-video-preview":"max-video-preview:-1"},"canonical":"https:\/\/diariodelsurdigital.com.ar\/?p=3903","og_locale":"es_ES","og_type":"article","og_title":"Edgardo Kueider ir\u00e1 a juicio oral en Paraguay por tentativa de contrabando - Diario del Sur","og_description":"La decisi\u00f3n judicial se tom\u00f3 tras rechazar nulidades y excluir pruebas, mientras la justicia argentina solicita su extradici\u00f3n por presunto lavado de activos. El juez Humberto Otaz\u00fa dispuso esta ma\u00f1ana enviar al ex senador nacional Edgardo Kueider y a su pareja, Iara Guinsel, a juicio por el delito de contrabando en grado de tentativa. Ambos [&hellip;]","og_url":"https:\/\/diariodelsurdigital.com.ar\/?p=3903","og_site_name":"Diario del Sur","article_published_time":"2025-07-31T12:09:31+00:00","article_modified_time":"2025-07-31T12:09:32+00:00","og_image":[{"width":992,"height":558,"url":"https:\/\/diariodelsurdigital.com.ar\/wp-content\/uploads\/2025\/07\/md-48.webp","type":"image\/webp"}],"author":"Diario del Sur Digital","twitter_card":"summary_large_image","twitter_misc":{"Escrito por":"Diario del Sur Digital","Tiempo de lectura":"4 minutos"},"schema":{"@context":"https:\/\/schema.org","@graph":[{"@type":"Article","@id":"https:\/\/diariodelsurdigital.com.ar\/?p=3903#article","isPartOf":{"@id":"https:\/\/diariodelsurdigital.com.ar\/?p=3903"},"author":{"name":"Diario del Sur Digital","@id":"https:\/\/diariodelsurdigital.com.ar\/#\/schema\/person\/1a4992532ed62965c968031b49195c81"},"headline":"Edgardo Kueider ir\u00e1 a juicio oral en Paraguay por tentativa de contrabando","datePublished":"2025-07-31T12:09:31+00:00","dateModified":"2025-07-31T12:09:32+00:00","mainEntityOfPage":{"@id":"https:\/\/diariodelsurdigital.com.ar\/?p=3903"},"wordCount":739,"commentCount":0,"image":{"@id":"https:\/\/diariodelsurdigital.com.ar\/?p=3903#primaryimage"},"thumbnailUrl":"https:\/\/diariodelsurdigital.com.ar\/wp-content\/uploads\/2025\/07\/md-48.webp","articleSection":["Pol\u00edtica"],"inLanguage":"es","potentialAction":[{"@type":"CommentAction","name":"Comment","target":["https:\/\/diariodelsurdigital.com.ar\/?p=3903#respond"]}]},{"@type":"WebPage","@id":"https:\/\/diariodelsurdigital.com.ar\/?p=3903","url":"https:\/\/diariodelsurdigital.com.ar\/?p=3903","name":"Edgardo Kueider ir\u00e1 a juicio oral en Paraguay por tentativa de contrabando - Diario del Sur","isPartOf":{"@id":"https:\/\/diariodelsurdigital.com.ar\/#website"},"primaryImageOfPage":{"@id":"https:\/\/diariodelsurdigital.com.ar\/?p=3903#primaryimage"},"image":{"@id":"https:\/\/diariodelsurdigital.com.ar\/?p=3903#primaryimage"},"thumbnailUrl":"https:\/\/diariodelsurdigital.com.ar\/wp-content\/uploads\/2025\/07\/md-48.webp","datePublished":"2025-07-31T12:09:31+00:00","dateModified":"2025-07-31T12:09:32+00:00","author":{"@id":"https:\/\/diariodelsurdigital.com.ar\/#\/schema\/person\/1a4992532ed62965c968031b49195c81"},"breadcrumb":{"@id":"https:\/\/diariodelsurdigital.com.ar\/?p=3903#breadcrumb"},"inLanguage":"es","potentialAction":[{"@type":"ReadAction","target":["https:\/\/diariodelsurdigital.com.ar\/?p=3903"]}]},{"@type":"ImageObject","inLanguage":"es","@id":"https:\/\/diariodelsurdigital.com.ar\/?p=3903#primaryimage","url":"https:\/\/diariodelsurdigital.com.ar\/wp-content\/uploads\/2025\/07\/md-48.webp","contentUrl":"https:\/\/diariodelsurdigital.com.ar\/wp-content\/uploads\/2025\/07\/md-48.webp","width":992,"height":558},{"@type":"BreadcrumbList","@id":"https:\/\/diariodelsurdigital.com.ar\/?p=3903#breadcrumb","itemListElement":[{"@type":"ListItem","position":1,"name":"Portada","item":"https:\/\/diariodelsurdigital.com.ar\/"},{"@type":"ListItem","position":2,"name":"Edgardo Kueider ir\u00e1 a juicio oral en Paraguay por tentativa de contrabando"}]},{"@type":"WebSite","@id":"https:\/\/diariodelsurdigital.com.ar\/#website","url":"https:\/\/diariodelsurdigital.com.ar\/","name":"Diario del Sur","description":"Digital","potentialAction":[{"@type":"SearchAction","target":{"@type":"EntryPoint","urlTemplate":"https:\/\/diariodelsurdigital.com.ar\/?s={search_term_string}"},"query-input":{"@type":"PropertyValueSpecification","valueRequired":true,"valueName":"search_term_string"}}],"inLanguage":"es"},{"@type":"Person","@id":"https:\/\/diariodelsurdigital.com.ar\/#\/schema\/person\/1a4992532ed62965c968031b49195c81","name":"Diario del Sur Digital","image":{"@type":"ImageObject","inLanguage":"es","@id":"https:\/\/secure.gravatar.com\/avatar\/f0c7c47fc7146d19828273b9b8eda651c9c7ab583767e6338d3d3bee825adf76?s=96&d=mm&r=g","url":"https:\/\/secure.gravatar.com\/avatar\/f0c7c47fc7146d19828273b9b8eda651c9c7ab583767e6338d3d3bee825adf76?s=96&d=mm&r=g","contentUrl":"https:\/\/secure.gravatar.com\/avatar\/f0c7c47fc7146d19828273b9b8eda651c9c7ab583767e6338d3d3bee825adf76?s=96&d=mm&r=g","caption":"Diario del Sur Digital"},"url":"https:\/\/diariodelsurdigital.com.ar\/?author=4"}]}},"_links":{"self":[{"href":"https:\/\/diariodelsurdigital.com.ar\/index.php?rest_route=\/wp\/v2\/posts\/3903","targetHints":{"allow":["GET"]}}],"collection":[{"href":"https:\/\/diariodelsurdigital.com.ar\/index.php?rest_route=\/wp\/v2\/posts"}],"about":[{"href":"https:\/\/diariodelsurdigital.com.ar\/index.php?rest_route=\/wp\/v2\/types\/post"}],"author":[{"embeddable":true,"href":"https:\/\/diariodelsurdigital.com.ar\/index.php?rest_route=\/wp\/v2\/users\/4"}],"replies":[{"embeddable":true,"href":"https:\/\/diariodelsurdigital.com.ar\/index.php?rest_route=%2Fwp%2Fv2%2Fcomments&post=3903"}],"version-history":[{"count":1,"href":"https:\/\/diariodelsurdigital.com.ar\/index.php?rest_route=\/wp\/v2\/posts\/3903\/revisions"}],"predecessor-version":[{"id":3905,"href":"https:\/\/diariodelsurdigital.com.ar\/index.php?rest_route=\/wp\/v2\/posts\/3903\/revisions\/3905"}],"wp:featuredmedia":[{"embeddable":true,"href":"https:\/\/diariodelsurdigital.com.ar\/index.php?rest_route=\/wp\/v2\/media\/3904"}],"wp:attachment":[{"href":"https:\/\/diariodelsurdigital.com.ar\/index.php?rest_route=%2Fwp%2Fv2%2Fmedia&parent=3903"}],"wp:term":[{"taxonomy":"category","embeddable":true,"href":"https:\/\/diariodelsurdigital.com.ar\/index.php?rest_route=%2Fwp%2Fv2%2Fcategories&post=3903"},{"taxonomy":"post_tag","embeddable":true,"href":"https:\/\/diariodelsurdigital.com.ar\/index.php?rest_route=%2Fwp%2Fv2%2Ftags&post=3903"}],"curies":[{"name":"wp","href":"https:\/\/api.w.org\/{rel}","templated":true}]}}