{"id":3920,"date":"2025-08-01T10:26:23","date_gmt":"2025-08-01T13:26:23","guid":{"rendered":"https:\/\/diariodelsurdigital.com.ar\/?p=3920"},"modified":"2025-08-01T10:26:24","modified_gmt":"2025-08-01T13:26:24","slug":"el-pro-se-debate-entre-acordar-con-la-libertad-avanza-o-ir-con-juntos-por-el-cambio-en-las-provincias","status":"publish","type":"post","link":"https:\/\/diariodelsurdigital.com.ar\/?p=3920","title":{"rendered":"El PRO se debate entre acordar con La Libertad Avanza o ir con Juntos por el Cambio en las provincias"},"content":{"rendered":"\n<p>El consejo nacional del partido amarillo analiz\u00f3 el mapa de alianzas electorales de todo el pa\u00eds. Cada distrito tendr\u00e1 libertad de acci\u00f3n para hacer la \u201cmejor elecci\u00f3n posible\u201d. La intervenci\u00f3n del partido en C\u00f3rdoba. La inc\u00f3gnita porte\u00f1a.<\/p>\n\n\n\n<p>No hay orden ni proyecto, solo la voluntad de sobrevivir. A menos de una semana de que venza el plazo para formalizar las alianzas de cara a las elecciones de octubre, el PRO se encuentra en estado asambleario. Dividido entre estrategias regionales dispares que lo llevan, a veces, a aliarse con La Libertad Avanza y, en otras, a posicionarse como oposici\u00f3n al Gobierno, el PRO revisa su mapa de acuerdos bajo una sola m\u00e1xima: hacer la mejor elecci\u00f3n \u201cposible\u201d en un contexto de atomizaci\u00f3n y crisis de identidad.<\/p>\n\n\n\n<p>Fue el propio Mauricio Macri quien firm\u00f3 la libertad de acci\u00f3n el mes pasado, cuando en una reuni\u00f3n del consejo nacional del PRO habl\u00f3 de \u201chacer la mejor elecci\u00f3n posible\u201d y cerrar acuerdos \u201ccon dignidad\u201d. El mensaje estaba dirigido, entonces, a Cristian Ritondo y a los acuerdistas bonaerenses que pujaban por cerrar una alianza con Karina Milei en Provincia de Buenos Aires. Un mes despu\u00e9s, con el acuerdo firmado y la duda acuciante de si suceder\u00e1 lo mismo en CABA, Macri volvi\u00f3 a defender la misma postura.<\/p>\n\n\n\n<p>Fue durante un zoom que se llev\u00f3 a cabo el jueves por la ma\u00f1ana, en el que participaron casi todos los jefes partidarios provinciales. Presidida por Macri, la reuni\u00f3n gir\u00f3 en torno al mapa de alianzas de todo el pa\u00eds. Algunas, como Santa Fe o Chubut, formar\u00e1n parte de una versi\u00f3n ampliada de Juntos por el Cambio: horas antes, el gobernador chubutense, Ignacio Torres, hab\u00eda sido el anfitri\u00f3n del lanzamiento de un nuevo espacio federal junto al cordob\u00e9s Mart\u00edn Llaryora y el santafesino Maximiliano Pullaro. Lo mismo se espera que suceda en Mendoza, en donde el PRO qued\u00f3 por fuera del acuerdo que LLA cerr\u00f3 con el gobernador radical Alfredo Cornejo la semana pasada.<\/p>\n\n\n\n<p>En otras provincias, como PBA, el PRO defini\u00f3 ir en alianza con LLA. Ritondo no particip\u00f3 del encuentro, pero m\u00e1s de un dirigente porte\u00f1o presiona para que intervenga tambi\u00e9n en la negociaci\u00f3n de la Ciudad: \u201cEl tema es correrlo a Jorge (Macri) de la mesa. En Provincia se logr\u00f3 cerrar un muy buen acuerdo, y en CABA se puede evitar una nueva humillaci\u00f3n\u201d, se\u00f1ala un acuerdista porte\u00f1o que observa que, pese a los chispazos entre el jefe de Gobierno porte\u00f1o y Karina, ambos espacios llegar\u00e1n a la conclusi\u00f3n de que todos -LLA y el PRO-ganar\u00e1n si firman una alianza electoral.<\/p>\n\n\n\n<p>Otra de las provincias en las cuales el PRO busca cerrar un acuerdo con LLA es en C\u00f3rdoba: la provincia en donde Macri ha sido m\u00e1s exitoso electoralmente, despu\u00e9s de CABA. All\u00ed la bullrichista Laura Rodr\u00edguez Machado reelige la banca y, al igual de lo que sucede con el radical Rodrigo de Loredo, los excambiemitas pretenden formalizar una alianza que le permita ganarle al peronismo cordobesista que lidera, ahora, Llaryora.<\/p>\n\n\n\n<p>El PRO cordob\u00e9s, sin embargo, se encuentra atravesado por una larga batalla judicial y, a pocos d\u00edas de que venza el plazo para presentar las alianzas, existe la posibilidad de que Macri no pueda hacerse con el control del partido a tiempo. El presidente del partido, hoy, es el diputado Oscar Agost Carre\u00f1o, una de los principales armadores del pichettismo en el Congreso. Agost Carre\u00f1o abandon\u00f3 el bloque PRO y funciona, hace m\u00e1s de un a\u00f1o, como una de las espadas de la oposici\u00f3n a Javier Milei.<\/p>\n\n\n\n<p>Macri intent\u00f3 hacerse con el control del partido en diciembre, pero un fallo de la Justicia Electoral declar\u00f3 inv\u00e1lida la intervenci\u00f3n dispuesta por el PRO Nacional. El expresidente apel\u00f3 el fallo y, a modo de presi\u00f3n, volvi\u00f3 a definir la intervenci\u00f3n del partido en la reuni\u00f3n del consejo nacional del jueves. En este caso, se defini\u00f3 como interventor al diputado Mart\u00edn Yeza, exintendente de Pinamar.<\/p>\n\n\n\n<p>No fue el \u00fanico caso en el que el Consejo Nacional tuvo que intervenir. Adem\u00e1s de C\u00f3rdoba, el Consejo defini\u00f3 intervenir el partido en La Rioja y Santa Cruz.<\/p>\n","protected":false},"excerpt":{"rendered":"<p>El consejo nacional del partido amarillo analiz\u00f3 el mapa de alianzas electorales de todo el pa\u00eds. Cada distrito tendr\u00e1 libertad de acci\u00f3n para hacer la \u201cmejor elecci\u00f3n posible\u201d. La intervenci\u00f3n del partido en C\u00f3rdoba. La inc\u00f3gnita porte\u00f1a. No hay orden ni proyecto, solo la voluntad de sobrevivir. A menos de una semana de que venza [&hellip;]<\/p>\n","protected":false},"author":4,"featured_media":3921,"comment_status":"open","ping_status":"open","sticky":false,"template":"","format":"standard","meta":{"footnotes":""},"categories":[18,22],"tags":[],"class_list":{"0":"post-3920","1":"post","2":"type-post","3":"status-publish","4":"format-standard","5":"has-post-thumbnail","7":"category-nacionales","8":"category-politica"},"yoast_head":"<!-- This site is optimized with the Yoast SEO plugin v27.4 - https:\/\/yoast.com\/product\/yoast-seo-wordpress\/ -->\n<title>El PRO se debate entre acordar con La Libertad Avanza o ir con Juntos por el Cambio en las provincias - Diario del Sur<\/title>\n<meta name=\"robots\" content=\"index, follow, max-snippet:-1, max-image-preview:large, max-video-preview:-1\" \/>\n<link rel=\"canonical\" href=\"https:\/\/diariodelsurdigital.com.ar\/?p=3920\" \/>\n<meta property=\"og:locale\" content=\"es_ES\" \/>\n<meta property=\"og:type\" content=\"article\" \/>\n<meta property=\"og:title\" content=\"El PRO se debate entre acordar con La Libertad Avanza o ir con Juntos por el Cambio en las provincias - Diario del Sur\" \/>\n<meta property=\"og:description\" content=\"El consejo nacional del partido amarillo analiz\u00f3 el mapa de alianzas electorales de todo el pa\u00eds. Cada distrito tendr\u00e1 libertad de acci\u00f3n para hacer la \u201cmejor elecci\u00f3n posible\u201d. La intervenci\u00f3n del partido en C\u00f3rdoba. La inc\u00f3gnita porte\u00f1a. No hay orden ni proyecto, solo la voluntad de sobrevivir. A menos de una semana de que venza [&hellip;]\" \/>\n<meta property=\"og:url\" content=\"https:\/\/diariodelsurdigital.com.ar\/?p=3920\" \/>\n<meta property=\"og:site_name\" content=\"Diario del Sur\" \/>\n<meta property=\"article:published_time\" content=\"2025-08-01T13:26:23+00:00\" \/>\n<meta property=\"article:modified_time\" content=\"2025-08-01T13:26:24+00:00\" \/>\n<meta property=\"og:image\" content=\"https:\/\/diariodelsurdigital.com.ar\/wp-content\/uploads\/2025\/08\/md-52.webp\" \/>\n\t<meta property=\"og:image:width\" content=\"992\" \/>\n\t<meta property=\"og:image:height\" content=\"558\" \/>\n\t<meta property=\"og:image:type\" content=\"image\/webp\" \/>\n<meta name=\"author\" content=\"Diario del Sur Digital\" \/>\n<meta name=\"twitter:card\" content=\"summary_large_image\" \/>\n<meta name=\"twitter:label1\" content=\"Escrito por\" \/>\n\t<meta name=\"twitter:data1\" content=\"Diario del Sur Digital\" \/>\n\t<meta name=\"twitter:label2\" content=\"Tiempo de lectura\" \/>\n\t<meta name=\"twitter:data2\" content=\"4 minutos\" \/>\n<script type=\"application\/ld+json\" class=\"yoast-schema-graph\">{\"@context\":\"https:\\\/\\\/schema.org\",\"@graph\":[{\"@type\":\"Article\",\"@id\":\"https:\\\/\\\/diariodelsurdigital.com.ar\\\/?p=3920#article\",\"isPartOf\":{\"@id\":\"https:\\\/\\\/diariodelsurdigital.com.ar\\\/?p=3920\"},\"author\":{\"name\":\"Diario del Sur Digital\",\"@id\":\"https:\\\/\\\/diariodelsurdigital.com.ar\\\/#\\\/schema\\\/person\\\/1a4992532ed62965c968031b49195c81\"},\"headline\":\"El PRO se debate entre acordar con La Libertad Avanza o ir con Juntos por el Cambio en las provincias\",\"datePublished\":\"2025-08-01T13:26:23+00:00\",\"dateModified\":\"2025-08-01T13:26:24+00:00\",\"mainEntityOfPage\":{\"@id\":\"https:\\\/\\\/diariodelsurdigital.com.ar\\\/?p=3920\"},\"wordCount\":751,\"commentCount\":0,\"image\":{\"@id\":\"https:\\\/\\\/diariodelsurdigital.com.ar\\\/?p=3920#primaryimage\"},\"thumbnailUrl\":\"https:\\\/\\\/diariodelsurdigital.com.ar\\\/wp-content\\\/uploads\\\/2025\\\/08\\\/md-52.webp\",\"articleSection\":[\"Nacionales\",\"Pol\u00edtica\"],\"inLanguage\":\"es\",\"potentialAction\":[{\"@type\":\"CommentAction\",\"name\":\"Comment\",\"target\":[\"https:\\\/\\\/diariodelsurdigital.com.ar\\\/?p=3920#respond\"]}]},{\"@type\":\"WebPage\",\"@id\":\"https:\\\/\\\/diariodelsurdigital.com.ar\\\/?p=3920\",\"url\":\"https:\\\/\\\/diariodelsurdigital.com.ar\\\/?p=3920\",\"name\":\"El PRO se debate entre acordar con La Libertad Avanza o ir con Juntos por el Cambio en las provincias - Diario del Sur\",\"isPartOf\":{\"@id\":\"https:\\\/\\\/diariodelsurdigital.com.ar\\\/#website\"},\"primaryImageOfPage\":{\"@id\":\"https:\\\/\\\/diariodelsurdigital.com.ar\\\/?p=3920#primaryimage\"},\"image\":{\"@id\":\"https:\\\/\\\/diariodelsurdigital.com.ar\\\/?p=3920#primaryimage\"},\"thumbnailUrl\":\"https:\\\/\\\/diariodelsurdigital.com.ar\\\/wp-content\\\/uploads\\\/2025\\\/08\\\/md-52.webp\",\"datePublished\":\"2025-08-01T13:26:23+00:00\",\"dateModified\":\"2025-08-01T13:26:24+00:00\",\"author\":{\"@id\":\"https:\\\/\\\/diariodelsurdigital.com.ar\\\/#\\\/schema\\\/person\\\/1a4992532ed62965c968031b49195c81\"},\"breadcrumb\":{\"@id\":\"https:\\\/\\\/diariodelsurdigital.com.ar\\\/?p=3920#breadcrumb\"},\"inLanguage\":\"es\",\"potentialAction\":[{\"@type\":\"ReadAction\",\"target\":[\"https:\\\/\\\/diariodelsurdigital.com.ar\\\/?p=3920\"]}]},{\"@type\":\"ImageObject\",\"inLanguage\":\"es\",\"@id\":\"https:\\\/\\\/diariodelsurdigital.com.ar\\\/?p=3920#primaryimage\",\"url\":\"https:\\\/\\\/diariodelsurdigital.com.ar\\\/wp-content\\\/uploads\\\/2025\\\/08\\\/md-52.webp\",\"contentUrl\":\"https:\\\/\\\/diariodelsurdigital.com.ar\\\/wp-content\\\/uploads\\\/2025\\\/08\\\/md-52.webp\",\"width\":992,\"height\":558},{\"@type\":\"BreadcrumbList\",\"@id\":\"https:\\\/\\\/diariodelsurdigital.com.ar\\\/?p=3920#breadcrumb\",\"itemListElement\":[{\"@type\":\"ListItem\",\"position\":1,\"name\":\"Portada\",\"item\":\"https:\\\/\\\/diariodelsurdigital.com.ar\\\/\"},{\"@type\":\"ListItem\",\"position\":2,\"name\":\"El PRO se debate entre acordar con La Libertad Avanza o ir con Juntos por el Cambio en las provincias\"}]},{\"@type\":\"WebSite\",\"@id\":\"https:\\\/\\\/diariodelsurdigital.com.ar\\\/#website\",\"url\":\"https:\\\/\\\/diariodelsurdigital.com.ar\\\/\",\"name\":\"Diario del Sur\",\"description\":\"Digital\",\"potentialAction\":[{\"@type\":\"SearchAction\",\"target\":{\"@type\":\"EntryPoint\",\"urlTemplate\":\"https:\\\/\\\/diariodelsurdigital.com.ar\\\/?s={search_term_string}\"},\"query-input\":{\"@type\":\"PropertyValueSpecification\",\"valueRequired\":true,\"valueName\":\"search_term_string\"}}],\"inLanguage\":\"es\"},{\"@type\":\"Person\",\"@id\":\"https:\\\/\\\/diariodelsurdigital.com.ar\\\/#\\\/schema\\\/person\\\/1a4992532ed62965c968031b49195c81\",\"name\":\"Diario del Sur Digital\",\"image\":{\"@type\":\"ImageObject\",\"inLanguage\":\"es\",\"@id\":\"https:\\\/\\\/secure.gravatar.com\\\/avatar\\\/f0c7c47fc7146d19828273b9b8eda651c9c7ab583767e6338d3d3bee825adf76?s=96&d=mm&r=g\",\"url\":\"https:\\\/\\\/secure.gravatar.com\\\/avatar\\\/f0c7c47fc7146d19828273b9b8eda651c9c7ab583767e6338d3d3bee825adf76?s=96&d=mm&r=g\",\"contentUrl\":\"https:\\\/\\\/secure.gravatar.com\\\/avatar\\\/f0c7c47fc7146d19828273b9b8eda651c9c7ab583767e6338d3d3bee825adf76?s=96&d=mm&r=g\",\"caption\":\"Diario del Sur Digital\"},\"url\":\"https:\\\/\\\/diariodelsurdigital.com.ar\\\/?author=4\"}]}<\/script>\n<!-- \/ Yoast SEO plugin. -->","yoast_head_json":{"title":"El PRO se debate entre acordar con La Libertad Avanza o ir con Juntos por el Cambio en las provincias - Diario del Sur","robots":{"index":"index","follow":"follow","max-snippet":"max-snippet:-1","max-image-preview":"max-image-preview:large","max-video-preview":"max-video-preview:-1"},"canonical":"https:\/\/diariodelsurdigital.com.ar\/?p=3920","og_locale":"es_ES","og_type":"article","og_title":"El PRO se debate entre acordar con La Libertad Avanza o ir con Juntos por el Cambio en las provincias - Diario del Sur","og_description":"El consejo nacional del partido amarillo analiz\u00f3 el mapa de alianzas electorales de todo el pa\u00eds. Cada distrito tendr\u00e1 libertad de acci\u00f3n para hacer la \u201cmejor elecci\u00f3n posible\u201d. La intervenci\u00f3n del partido en C\u00f3rdoba. La inc\u00f3gnita porte\u00f1a. No hay orden ni proyecto, solo la voluntad de sobrevivir. A menos de una semana de que venza [&hellip;]","og_url":"https:\/\/diariodelsurdigital.com.ar\/?p=3920","og_site_name":"Diario del Sur","article_published_time":"2025-08-01T13:26:23+00:00","article_modified_time":"2025-08-01T13:26:24+00:00","og_image":[{"width":992,"height":558,"url":"https:\/\/diariodelsurdigital.com.ar\/wp-content\/uploads\/2025\/08\/md-52.webp","type":"image\/webp"}],"author":"Diario del Sur Digital","twitter_card":"summary_large_image","twitter_misc":{"Escrito por":"Diario del Sur Digital","Tiempo de lectura":"4 minutos"},"schema":{"@context":"https:\/\/schema.org","@graph":[{"@type":"Article","@id":"https:\/\/diariodelsurdigital.com.ar\/?p=3920#article","isPartOf":{"@id":"https:\/\/diariodelsurdigital.com.ar\/?p=3920"},"author":{"name":"Diario del Sur Digital","@id":"https:\/\/diariodelsurdigital.com.ar\/#\/schema\/person\/1a4992532ed62965c968031b49195c81"},"headline":"El PRO se debate entre acordar con La Libertad Avanza o ir con Juntos por el Cambio en las provincias","datePublished":"2025-08-01T13:26:23+00:00","dateModified":"2025-08-01T13:26:24+00:00","mainEntityOfPage":{"@id":"https:\/\/diariodelsurdigital.com.ar\/?p=3920"},"wordCount":751,"commentCount":0,"image":{"@id":"https:\/\/diariodelsurdigital.com.ar\/?p=3920#primaryimage"},"thumbnailUrl":"https:\/\/diariodelsurdigital.com.ar\/wp-content\/uploads\/2025\/08\/md-52.webp","articleSection":["Nacionales","Pol\u00edtica"],"inLanguage":"es","potentialAction":[{"@type":"CommentAction","name":"Comment","target":["https:\/\/diariodelsurdigital.com.ar\/?p=3920#respond"]}]},{"@type":"WebPage","@id":"https:\/\/diariodelsurdigital.com.ar\/?p=3920","url":"https:\/\/diariodelsurdigital.com.ar\/?p=3920","name":"El PRO se debate entre acordar con La Libertad Avanza o ir con Juntos por el Cambio en las provincias - Diario del Sur","isPartOf":{"@id":"https:\/\/diariodelsurdigital.com.ar\/#website"},"primaryImageOfPage":{"@id":"https:\/\/diariodelsurdigital.com.ar\/?p=3920#primaryimage"},"image":{"@id":"https:\/\/diariodelsurdigital.com.ar\/?p=3920#primaryimage"},"thumbnailUrl":"https:\/\/diariodelsurdigital.com.ar\/wp-content\/uploads\/2025\/08\/md-52.webp","datePublished":"2025-08-01T13:26:23+00:00","dateModified":"2025-08-01T13:26:24+00:00","author":{"@id":"https:\/\/diariodelsurdigital.com.ar\/#\/schema\/person\/1a4992532ed62965c968031b49195c81"},"breadcrumb":{"@id":"https:\/\/diariodelsurdigital.com.ar\/?p=3920#breadcrumb"},"inLanguage":"es","potentialAction":[{"@type":"ReadAction","target":["https:\/\/diariodelsurdigital.com.ar\/?p=3920"]}]},{"@type":"ImageObject","inLanguage":"es","@id":"https:\/\/diariodelsurdigital.com.ar\/?p=3920#primaryimage","url":"https:\/\/diariodelsurdigital.com.ar\/wp-content\/uploads\/2025\/08\/md-52.webp","contentUrl":"https:\/\/diariodelsurdigital.com.ar\/wp-content\/uploads\/2025\/08\/md-52.webp","width":992,"height":558},{"@type":"BreadcrumbList","@id":"https:\/\/diariodelsurdigital.com.ar\/?p=3920#breadcrumb","itemListElement":[{"@type":"ListItem","position":1,"name":"Portada","item":"https:\/\/diariodelsurdigital.com.ar\/"},{"@type":"ListItem","position":2,"name":"El PRO se debate entre acordar con La Libertad Avanza o ir con Juntos por el Cambio en las provincias"}]},{"@type":"WebSite","@id":"https:\/\/diariodelsurdigital.com.ar\/#website","url":"https:\/\/diariodelsurdigital.com.ar\/","name":"Diario del Sur","description":"Digital","potentialAction":[{"@type":"SearchAction","target":{"@type":"EntryPoint","urlTemplate":"https:\/\/diariodelsurdigital.com.ar\/?s={search_term_string}"},"query-input":{"@type":"PropertyValueSpecification","valueRequired":true,"valueName":"search_term_string"}}],"inLanguage":"es"},{"@type":"Person","@id":"https:\/\/diariodelsurdigital.com.ar\/#\/schema\/person\/1a4992532ed62965c968031b49195c81","name":"Diario del Sur Digital","image":{"@type":"ImageObject","inLanguage":"es","@id":"https:\/\/secure.gravatar.com\/avatar\/f0c7c47fc7146d19828273b9b8eda651c9c7ab583767e6338d3d3bee825adf76?s=96&d=mm&r=g","url":"https:\/\/secure.gravatar.com\/avatar\/f0c7c47fc7146d19828273b9b8eda651c9c7ab583767e6338d3d3bee825adf76?s=96&d=mm&r=g","contentUrl":"https:\/\/secure.gravatar.com\/avatar\/f0c7c47fc7146d19828273b9b8eda651c9c7ab583767e6338d3d3bee825adf76?s=96&d=mm&r=g","caption":"Diario del Sur Digital"},"url":"https:\/\/diariodelsurdigital.com.ar\/?author=4"}]}},"_links":{"self":[{"href":"https:\/\/diariodelsurdigital.com.ar\/index.php?rest_route=\/wp\/v2\/posts\/3920","targetHints":{"allow":["GET"]}}],"collection":[{"href":"https:\/\/diariodelsurdigital.com.ar\/index.php?rest_route=\/wp\/v2\/posts"}],"about":[{"href":"https:\/\/diariodelsurdigital.com.ar\/index.php?rest_route=\/wp\/v2\/types\/post"}],"author":[{"embeddable":true,"href":"https:\/\/diariodelsurdigital.com.ar\/index.php?rest_route=\/wp\/v2\/users\/4"}],"replies":[{"embeddable":true,"href":"https:\/\/diariodelsurdigital.com.ar\/index.php?rest_route=%2Fwp%2Fv2%2Fcomments&post=3920"}],"version-history":[{"count":1,"href":"https:\/\/diariodelsurdigital.com.ar\/index.php?rest_route=\/wp\/v2\/posts\/3920\/revisions"}],"predecessor-version":[{"id":3922,"href":"https:\/\/diariodelsurdigital.com.ar\/index.php?rest_route=\/wp\/v2\/posts\/3920\/revisions\/3922"}],"wp:featuredmedia":[{"embeddable":true,"href":"https:\/\/diariodelsurdigital.com.ar\/index.php?rest_route=\/wp\/v2\/media\/3921"}],"wp:attachment":[{"href":"https:\/\/diariodelsurdigital.com.ar\/index.php?rest_route=%2Fwp%2Fv2%2Fmedia&parent=3920"}],"wp:term":[{"taxonomy":"category","embeddable":true,"href":"https:\/\/diariodelsurdigital.com.ar\/index.php?rest_route=%2Fwp%2Fv2%2Fcategories&post=3920"},{"taxonomy":"post_tag","embeddable":true,"href":"https:\/\/diariodelsurdigital.com.ar\/index.php?rest_route=%2Fwp%2Fv2%2Ftags&post=3920"}],"curies":[{"name":"wp","href":"https:\/\/api.w.org\/{rel}","templated":true}]}}