{"id":3927,"date":"2025-08-01T12:28:26","date_gmt":"2025-08-01T15:28:26","guid":{"rendered":"https:\/\/diariodelsurdigital.com.ar\/?p=3927"},"modified":"2025-08-01T12:28:27","modified_gmt":"2025-08-01T15:28:27","slug":"escapo-de-control-policial-y-fue-atrapado-con-un-ladrillo-de-droga-tras-persecucion","status":"publish","type":"post","link":"https:\/\/diariodelsurdigital.com.ar\/?p=3927","title":{"rendered":"Escap\u00f3 de control policial y fue atrapado con un \u201cladrillo\u201d de droga tras persecuci\u00f3n"},"content":{"rendered":"\n<figure class=\"wp-block-image\"><img decoding=\"async\" src=\"https:\/\/media.elentrerios.com\/fotos-v2\/2025\/08\/01\/l_1754060021.jpg\" alt=\"\" title=\"\"\/><\/figure>\n\n\n\n<p>En el marco de los operativos \u201cCampo seguro\u201d, que realiza la Polic\u00eda de Entre R\u00edos, la Direcci\u00f3n General de Prevenci\u00f3n de Delitos Rurales \u2013 Brigada Col\u00f3n llev\u00f3 a cabo un procedimiento que culmin\u00f3 con la detenci\u00f3n de un joven y el secuestro de droga en Villa Elisa.<\/p>\n\n\n\n<p>La secuencia comenz\u00f3 alrededor de las 18 del jueves, cuando efectivos se encontraban apostados en la intersecci\u00f3n de las rutas nacionales 14 y 130. En ese momento, observaron un autom\u00f3vil Peugeot 504 rojo que circulaba de oeste a este y cuyo conductor, al notar la presencia policial, disminuy\u00f3 la velocidad, realiz\u00f3 una maniobra brusca y emprendi\u00f3 una fuga a gran velocidad en direcci\u00f3n contraria.<\/p>\n\n\n\n<p>Ante esta actitud sospechosa, se inici\u00f3 una persecuci\u00f3n controlada, con apoyo de m\u00f3viles de la misma brigada y de la comisar\u00eda elisense, implementando un operativo cerrojo. El seguimiento se extendi\u00f3 por distintas calles de la localidad, hasta que finalmente el veh\u00edculo fue interceptado en las inmediaciones de calles Cepeda y Emilio Portenier.<\/p>\n\n\n\n<p>El autom\u00f3vil era conducido por un joven de 29 a\u00f1os, quien iba acompa\u00f1ado por una mujer de 21, ambos domiciliados en Villa Elisa. Al ser identificados, manifestaron haber intentado evadir el control por no poseer carnet de conducir y portar cigarrillos de marihuana.<\/p>\n\n\n\n<figure class=\"wp-block-image\"><img decoding=\"async\" src=\"https:\/\/media.elentrerios.com\/fotos-emb\/2025\/08\/01\/o_1754059149.jpg\" alt=\"\"\/><\/figure>\n\n\n\n<p>Informada la Unidad Fiscal, se dispuso la intervenci\u00f3n de la Divisi\u00f3n de Toxicolog\u00eda, que procedi\u00f3 a la inspecci\u00f3n del veh\u00edculo. En su interior se hall\u00f3 un \u201cladrillo\u201d de sustancia vegetal compactada, varios envoltorios de distintos tama\u00f1os y cigarrillos armados que, tras los test correspondientes, se confirm\u00f3 que se trataba de marihuana, con un peso total aproximado de 1,6 kilogramos. Tambi\u00e9n se encontr\u00f3 un envoltorio con una sustancia blancuzca que result\u00f3 ser clorhidrato de coca\u00edna, adem\u00e1s de dos tel\u00e9fonos celulares.<\/p>\n\n\n\n<p>Por disposici\u00f3n judicial, se procedi\u00f3 al secuestro del veh\u00edculo, los estupefacientes y los dem\u00e1s elementos de inter\u00e9s para la causa. El conductor fue detenido y alojado en sede policial, mientras que la mujer fue correctamente identificada y qued\u00f3 supeditada a la investigaci\u00f3n.<\/p>\n\n\n\n<p>Fuente: El Entre Rios<\/p>\n","protected":false},"excerpt":{"rendered":"<p>En el marco de los operativos \u201cCampo seguro\u201d, que realiza la Polic\u00eda de Entre R\u00edos, la Direcci\u00f3n General de Prevenci\u00f3n de Delitos Rurales \u2013 Brigada Col\u00f3n llev\u00f3 a cabo un procedimiento que culmin\u00f3 con la detenci\u00f3n de un joven y el secuestro de droga en Villa Elisa. La secuencia comenz\u00f3 alrededor de las 18 del [&hellip;]<\/p>\n","protected":false},"author":3,"featured_media":3928,"comment_status":"open","ping_status":"open","sticky":false,"template":"","format":"standard","meta":{"footnotes":""},"categories":[21],"tags":[],"class_list":{"0":"post-3927","1":"post","2":"type-post","3":"status-publish","4":"format-standard","5":"has-post-thumbnail","7":"category-policiales"},"yoast_head":"<!-- This site is optimized with the Yoast SEO plugin v27.4 - https:\/\/yoast.com\/product\/yoast-seo-wordpress\/ -->\n<title>Escap\u00f3 de control policial y fue atrapado con un \u201cladrillo\u201d de droga tras persecuci\u00f3n - Diario del Sur<\/title>\n<meta name=\"robots\" content=\"index, follow, max-snippet:-1, max-image-preview:large, max-video-preview:-1\" \/>\n<link rel=\"canonical\" href=\"https:\/\/diariodelsurdigital.com.ar\/?p=3927\" \/>\n<meta property=\"og:locale\" content=\"es_ES\" \/>\n<meta property=\"og:type\" content=\"article\" \/>\n<meta property=\"og:title\" content=\"Escap\u00f3 de control policial y fue atrapado con un \u201cladrillo\u201d de droga tras persecuci\u00f3n - Diario del Sur\" \/>\n<meta property=\"og:description\" content=\"En el marco de los operativos \u201cCampo seguro\u201d, que realiza la Polic\u00eda de Entre R\u00edos, la Direcci\u00f3n General de Prevenci\u00f3n de Delitos Rurales \u2013 Brigada Col\u00f3n llev\u00f3 a cabo un procedimiento que culmin\u00f3 con la detenci\u00f3n de un joven y el secuestro de droga en Villa Elisa. La secuencia comenz\u00f3 alrededor de las 18 del [&hellip;]\" \/>\n<meta property=\"og:url\" content=\"https:\/\/diariodelsurdigital.com.ar\/?p=3927\" \/>\n<meta property=\"og:site_name\" content=\"Diario del Sur\" \/>\n<meta property=\"article:published_time\" content=\"2025-08-01T15:28:26+00:00\" \/>\n<meta property=\"article:modified_time\" content=\"2025-08-01T15:28:27+00:00\" \/>\n<meta property=\"og:image\" content=\"https:\/\/diariodelsurdigital.com.ar\/wp-content\/uploads\/2025\/08\/l_1754060021.jpg\" \/>\n\t<meta property=\"og:image:width\" content=\"870\" \/>\n\t<meta property=\"og:image:height\" content=\"580\" \/>\n\t<meta property=\"og:image:type\" content=\"image\/jpeg\" \/>\n<meta name=\"author\" content=\"Diario del Sur Digital\" \/>\n<meta name=\"twitter:card\" content=\"summary_large_image\" \/>\n<meta name=\"twitter:label1\" content=\"Escrito por\" \/>\n\t<meta name=\"twitter:data1\" content=\"Diario del Sur Digital\" \/>\n\t<meta name=\"twitter:label2\" content=\"Tiempo de lectura\" \/>\n\t<meta name=\"twitter:data2\" content=\"3 minutos\" \/>\n<script type=\"application\/ld+json\" class=\"yoast-schema-graph\">{\"@context\":\"https:\\\/\\\/schema.org\",\"@graph\":[{\"@type\":\"Article\",\"@id\":\"https:\\\/\\\/diariodelsurdigital.com.ar\\\/?p=3927#article\",\"isPartOf\":{\"@id\":\"https:\\\/\\\/diariodelsurdigital.com.ar\\\/?p=3927\"},\"author\":{\"name\":\"Diario del Sur Digital\",\"@id\":\"https:\\\/\\\/diariodelsurdigital.com.ar\\\/#\\\/schema\\\/person\\\/d794acb23337e88c6e4004a39c32be62\"},\"headline\":\"Escap\u00f3 de control policial y fue atrapado con un \u201cladrillo\u201d de droga tras persecuci\u00f3n\",\"datePublished\":\"2025-08-01T15:28:26+00:00\",\"dateModified\":\"2025-08-01T15:28:27+00:00\",\"mainEntityOfPage\":{\"@id\":\"https:\\\/\\\/diariodelsurdigital.com.ar\\\/?p=3927\"},\"wordCount\":369,\"commentCount\":0,\"image\":{\"@id\":\"https:\\\/\\\/diariodelsurdigital.com.ar\\\/?p=3927#primaryimage\"},\"thumbnailUrl\":\"https:\\\/\\\/diariodelsurdigital.com.ar\\\/wp-content\\\/uploads\\\/2025\\\/08\\\/l_1754060021.jpg\",\"articleSection\":[\"Policiales\"],\"inLanguage\":\"es\",\"potentialAction\":[{\"@type\":\"CommentAction\",\"name\":\"Comment\",\"target\":[\"https:\\\/\\\/diariodelsurdigital.com.ar\\\/?p=3927#respond\"]}]},{\"@type\":\"WebPage\",\"@id\":\"https:\\\/\\\/diariodelsurdigital.com.ar\\\/?p=3927\",\"url\":\"https:\\\/\\\/diariodelsurdigital.com.ar\\\/?p=3927\",\"name\":\"Escap\u00f3 de control policial y fue atrapado con un \u201cladrillo\u201d de droga tras persecuci\u00f3n - Diario del Sur\",\"isPartOf\":{\"@id\":\"https:\\\/\\\/diariodelsurdigital.com.ar\\\/#website\"},\"primaryImageOfPage\":{\"@id\":\"https:\\\/\\\/diariodelsurdigital.com.ar\\\/?p=3927#primaryimage\"},\"image\":{\"@id\":\"https:\\\/\\\/diariodelsurdigital.com.ar\\\/?p=3927#primaryimage\"},\"thumbnailUrl\":\"https:\\\/\\\/diariodelsurdigital.com.ar\\\/wp-content\\\/uploads\\\/2025\\\/08\\\/l_1754060021.jpg\",\"datePublished\":\"2025-08-01T15:28:26+00:00\",\"dateModified\":\"2025-08-01T15:28:27+00:00\",\"author\":{\"@id\":\"https:\\\/\\\/diariodelsurdigital.com.ar\\\/#\\\/schema\\\/person\\\/d794acb23337e88c6e4004a39c32be62\"},\"breadcrumb\":{\"@id\":\"https:\\\/\\\/diariodelsurdigital.com.ar\\\/?p=3927#breadcrumb\"},\"inLanguage\":\"es\",\"potentialAction\":[{\"@type\":\"ReadAction\",\"target\":[\"https:\\\/\\\/diariodelsurdigital.com.ar\\\/?p=3927\"]}]},{\"@type\":\"ImageObject\",\"inLanguage\":\"es\",\"@id\":\"https:\\\/\\\/diariodelsurdigital.com.ar\\\/?p=3927#primaryimage\",\"url\":\"https:\\\/\\\/diariodelsurdigital.com.ar\\\/wp-content\\\/uploads\\\/2025\\\/08\\\/l_1754060021.jpg\",\"contentUrl\":\"https:\\\/\\\/diariodelsurdigital.com.ar\\\/wp-content\\\/uploads\\\/2025\\\/08\\\/l_1754060021.jpg\",\"width\":870,\"height\":580},{\"@type\":\"BreadcrumbList\",\"@id\":\"https:\\\/\\\/diariodelsurdigital.com.ar\\\/?p=3927#breadcrumb\",\"itemListElement\":[{\"@type\":\"ListItem\",\"position\":1,\"name\":\"Portada\",\"item\":\"https:\\\/\\\/diariodelsurdigital.com.ar\\\/\"},{\"@type\":\"ListItem\",\"position\":2,\"name\":\"Escap\u00f3 de control policial y fue atrapado con un \u201cladrillo\u201d de droga tras persecuci\u00f3n\"}]},{\"@type\":\"WebSite\",\"@id\":\"https:\\\/\\\/diariodelsurdigital.com.ar\\\/#website\",\"url\":\"https:\\\/\\\/diariodelsurdigital.com.ar\\\/\",\"name\":\"Diario del Sur\",\"description\":\"Digital\",\"potentialAction\":[{\"@type\":\"SearchAction\",\"target\":{\"@type\":\"EntryPoint\",\"urlTemplate\":\"https:\\\/\\\/diariodelsurdigital.com.ar\\\/?s={search_term_string}\"},\"query-input\":{\"@type\":\"PropertyValueSpecification\",\"valueRequired\":true,\"valueName\":\"search_term_string\"}}],\"inLanguage\":\"es\"},{\"@type\":\"Person\",\"@id\":\"https:\\\/\\\/diariodelsurdigital.com.ar\\\/#\\\/schema\\\/person\\\/d794acb23337e88c6e4004a39c32be62\",\"name\":\"Diario del Sur Digital\",\"image\":{\"@type\":\"ImageObject\",\"inLanguage\":\"es\",\"@id\":\"https:\\\/\\\/secure.gravatar.com\\\/avatar\\\/47679bcfa15734cfdefc176b6ad58adeeccac22b2e03e095ada6c622af2b463a?s=96&d=mm&r=g\",\"url\":\"https:\\\/\\\/secure.gravatar.com\\\/avatar\\\/47679bcfa15734cfdefc176b6ad58adeeccac22b2e03e095ada6c622af2b463a?s=96&d=mm&r=g\",\"contentUrl\":\"https:\\\/\\\/secure.gravatar.com\\\/avatar\\\/47679bcfa15734cfdefc176b6ad58adeeccac22b2e03e095ada6c622af2b463a?s=96&d=mm&r=g\",\"caption\":\"Diario del Sur Digital\"},\"url\":\"https:\\\/\\\/diariodelsurdigital.com.ar\\\/?author=3\"}]}<\/script>\n<!-- \/ Yoast SEO plugin. -->","yoast_head_json":{"title":"Escap\u00f3 de control policial y fue atrapado con un \u201cladrillo\u201d de droga tras persecuci\u00f3n - Diario del Sur","robots":{"index":"index","follow":"follow","max-snippet":"max-snippet:-1","max-image-preview":"max-image-preview:large","max-video-preview":"max-video-preview:-1"},"canonical":"https:\/\/diariodelsurdigital.com.ar\/?p=3927","og_locale":"es_ES","og_type":"article","og_title":"Escap\u00f3 de control policial y fue atrapado con un \u201cladrillo\u201d de droga tras persecuci\u00f3n - Diario del Sur","og_description":"En el marco de los operativos \u201cCampo seguro\u201d, que realiza la Polic\u00eda de Entre R\u00edos, la Direcci\u00f3n General de Prevenci\u00f3n de Delitos Rurales \u2013 Brigada Col\u00f3n llev\u00f3 a cabo un procedimiento que culmin\u00f3 con la detenci\u00f3n de un joven y el secuestro de droga en Villa Elisa. La secuencia comenz\u00f3 alrededor de las 18 del [&hellip;]","og_url":"https:\/\/diariodelsurdigital.com.ar\/?p=3927","og_site_name":"Diario del Sur","article_published_time":"2025-08-01T15:28:26+00:00","article_modified_time":"2025-08-01T15:28:27+00:00","og_image":[{"width":870,"height":580,"url":"https:\/\/diariodelsurdigital.com.ar\/wp-content\/uploads\/2025\/08\/l_1754060021.jpg","type":"image\/jpeg"}],"author":"Diario del Sur Digital","twitter_card":"summary_large_image","twitter_misc":{"Escrito por":"Diario del Sur Digital","Tiempo de lectura":"3 minutos"},"schema":{"@context":"https:\/\/schema.org","@graph":[{"@type":"Article","@id":"https:\/\/diariodelsurdigital.com.ar\/?p=3927#article","isPartOf":{"@id":"https:\/\/diariodelsurdigital.com.ar\/?p=3927"},"author":{"name":"Diario del Sur Digital","@id":"https:\/\/diariodelsurdigital.com.ar\/#\/schema\/person\/d794acb23337e88c6e4004a39c32be62"},"headline":"Escap\u00f3 de control policial y fue atrapado con un \u201cladrillo\u201d de droga tras persecuci\u00f3n","datePublished":"2025-08-01T15:28:26+00:00","dateModified":"2025-08-01T15:28:27+00:00","mainEntityOfPage":{"@id":"https:\/\/diariodelsurdigital.com.ar\/?p=3927"},"wordCount":369,"commentCount":0,"image":{"@id":"https:\/\/diariodelsurdigital.com.ar\/?p=3927#primaryimage"},"thumbnailUrl":"https:\/\/diariodelsurdigital.com.ar\/wp-content\/uploads\/2025\/08\/l_1754060021.jpg","articleSection":["Policiales"],"inLanguage":"es","potentialAction":[{"@type":"CommentAction","name":"Comment","target":["https:\/\/diariodelsurdigital.com.ar\/?p=3927#respond"]}]},{"@type":"WebPage","@id":"https:\/\/diariodelsurdigital.com.ar\/?p=3927","url":"https:\/\/diariodelsurdigital.com.ar\/?p=3927","name":"Escap\u00f3 de control policial y fue atrapado con un \u201cladrillo\u201d de droga tras persecuci\u00f3n - Diario del Sur","isPartOf":{"@id":"https:\/\/diariodelsurdigital.com.ar\/#website"},"primaryImageOfPage":{"@id":"https:\/\/diariodelsurdigital.com.ar\/?p=3927#primaryimage"},"image":{"@id":"https:\/\/diariodelsurdigital.com.ar\/?p=3927#primaryimage"},"thumbnailUrl":"https:\/\/diariodelsurdigital.com.ar\/wp-content\/uploads\/2025\/08\/l_1754060021.jpg","datePublished":"2025-08-01T15:28:26+00:00","dateModified":"2025-08-01T15:28:27+00:00","author":{"@id":"https:\/\/diariodelsurdigital.com.ar\/#\/schema\/person\/d794acb23337e88c6e4004a39c32be62"},"breadcrumb":{"@id":"https:\/\/diariodelsurdigital.com.ar\/?p=3927#breadcrumb"},"inLanguage":"es","potentialAction":[{"@type":"ReadAction","target":["https:\/\/diariodelsurdigital.com.ar\/?p=3927"]}]},{"@type":"ImageObject","inLanguage":"es","@id":"https:\/\/diariodelsurdigital.com.ar\/?p=3927#primaryimage","url":"https:\/\/diariodelsurdigital.com.ar\/wp-content\/uploads\/2025\/08\/l_1754060021.jpg","contentUrl":"https:\/\/diariodelsurdigital.com.ar\/wp-content\/uploads\/2025\/08\/l_1754060021.jpg","width":870,"height":580},{"@type":"BreadcrumbList","@id":"https:\/\/diariodelsurdigital.com.ar\/?p=3927#breadcrumb","itemListElement":[{"@type":"ListItem","position":1,"name":"Portada","item":"https:\/\/diariodelsurdigital.com.ar\/"},{"@type":"ListItem","position":2,"name":"Escap\u00f3 de control policial y fue atrapado con un \u201cladrillo\u201d de droga tras persecuci\u00f3n"}]},{"@type":"WebSite","@id":"https:\/\/diariodelsurdigital.com.ar\/#website","url":"https:\/\/diariodelsurdigital.com.ar\/","name":"Diario del Sur","description":"Digital","potentialAction":[{"@type":"SearchAction","target":{"@type":"EntryPoint","urlTemplate":"https:\/\/diariodelsurdigital.com.ar\/?s={search_term_string}"},"query-input":{"@type":"PropertyValueSpecification","valueRequired":true,"valueName":"search_term_string"}}],"inLanguage":"es"},{"@type":"Person","@id":"https:\/\/diariodelsurdigital.com.ar\/#\/schema\/person\/d794acb23337e88c6e4004a39c32be62","name":"Diario del Sur Digital","image":{"@type":"ImageObject","inLanguage":"es","@id":"https:\/\/secure.gravatar.com\/avatar\/47679bcfa15734cfdefc176b6ad58adeeccac22b2e03e095ada6c622af2b463a?s=96&d=mm&r=g","url":"https:\/\/secure.gravatar.com\/avatar\/47679bcfa15734cfdefc176b6ad58adeeccac22b2e03e095ada6c622af2b463a?s=96&d=mm&r=g","contentUrl":"https:\/\/secure.gravatar.com\/avatar\/47679bcfa15734cfdefc176b6ad58adeeccac22b2e03e095ada6c622af2b463a?s=96&d=mm&r=g","caption":"Diario del Sur Digital"},"url":"https:\/\/diariodelsurdigital.com.ar\/?author=3"}]}},"_links":{"self":[{"href":"https:\/\/diariodelsurdigital.com.ar\/index.php?rest_route=\/wp\/v2\/posts\/3927","targetHints":{"allow":["GET"]}}],"collection":[{"href":"https:\/\/diariodelsurdigital.com.ar\/index.php?rest_route=\/wp\/v2\/posts"}],"about":[{"href":"https:\/\/diariodelsurdigital.com.ar\/index.php?rest_route=\/wp\/v2\/types\/post"}],"author":[{"embeddable":true,"href":"https:\/\/diariodelsurdigital.com.ar\/index.php?rest_route=\/wp\/v2\/users\/3"}],"replies":[{"embeddable":true,"href":"https:\/\/diariodelsurdigital.com.ar\/index.php?rest_route=%2Fwp%2Fv2%2Fcomments&post=3927"}],"version-history":[{"count":1,"href":"https:\/\/diariodelsurdigital.com.ar\/index.php?rest_route=\/wp\/v2\/posts\/3927\/revisions"}],"predecessor-version":[{"id":3929,"href":"https:\/\/diariodelsurdigital.com.ar\/index.php?rest_route=\/wp\/v2\/posts\/3927\/revisions\/3929"}],"wp:featuredmedia":[{"embeddable":true,"href":"https:\/\/diariodelsurdigital.com.ar\/index.php?rest_route=\/wp\/v2\/media\/3928"}],"wp:attachment":[{"href":"https:\/\/diariodelsurdigital.com.ar\/index.php?rest_route=%2Fwp%2Fv2%2Fmedia&parent=3927"}],"wp:term":[{"taxonomy":"category","embeddable":true,"href":"https:\/\/diariodelsurdigital.com.ar\/index.php?rest_route=%2Fwp%2Fv2%2Fcategories&post=3927"},{"taxonomy":"post_tag","embeddable":true,"href":"https:\/\/diariodelsurdigital.com.ar\/index.php?rest_route=%2Fwp%2Fv2%2Ftags&post=3927"}],"curies":[{"name":"wp","href":"https:\/\/api.w.org\/{rel}","templated":true}]}}