{"id":3930,"date":"2025-08-01T13:57:14","date_gmt":"2025-08-01T16:57:14","guid":{"rendered":"https:\/\/diariodelsurdigital.com.ar\/?p=3930"},"modified":"2025-08-01T14:04:39","modified_gmt":"2025-08-01T17:04:39","slug":"julio-solanas-apoya-un-armado-de-una-lista-peronista-contra-la-lista-oficialista-de-bahl-y-mitchel","status":"publish","type":"post","link":"https:\/\/diariodelsurdigital.com.ar\/?p=3930","title":{"rendered":"Julio Solanas acompa\u00f1ar\u00e1 un \u00abarmado\u00bb peronista contra la lista oficialista de Bahl y Mitchel"},"content":{"rendered":"\n<h2 class=\"wp-block-heading\" id=\"nota-title\"><\/h2>\n\n\n\n<p>El dirigente paranaense cuestion\u00f3 la rosca por la cual se impidi\u00f3 la participaci\u00f3n de varias listas en la interna del Partido Justicialista. Dijo estar acompa\u00f1ando el armado que encabezar\u00e1 Gustavo Guzm\u00e1n como candidato a diputado nacional.<\/p>\n\n\n\n<p><strong>\u201cHay una cuesti\u00f3n de origen que es haber cerrado el partido, no dejar participar en una interna, que tiene que ver con la democracia interna del justicialismo de Entre R\u00edos que ha dado los mejores frutos cuando se fue a la misma; cuando se cerr\u00f3 y dejar de participar empez\u00f3 el peronismo a ganar algunas elecciones pero sab\u00edamos que se iban achicando absolutamente las posibilidades despu\u00e9s de triunfo. Esto es lo que ha sucedido en este tiempo\u201d,<\/strong>&nbsp;analiz\u00f3 Solanas.<\/p>\n\n\n\n<p><strong>\u201cNo estoy en el armado, estoy acompa\u00f1ando a aquellos compa\u00f1eros que presentaron la lista 10, que la encabezaba Guzm\u00e1n a diputado nacional y el intendente de Feliciano en senadores. Al dejar sin efecto las internas o la democracia interna del partido, que para m\u00ed fue sumamente desagradable y un error que no condice con la democracia interna del partido, hubo justificativos enormes diciendo que faltaban los avales, cuestiones formales que no tienen nada que ver con la pol\u00edtica. Evidentemente no hab\u00eda voluntad pol\u00edtica de promover la interna\u201d,&nbsp;<\/strong>indic\u00f3.<\/p>\n\n\n\n<p><strong>\u201cSe insiste en una cuesti\u00f3n del \u201cpor fuera\u201d; en realidad los compa\u00f1eros que est\u00e1n buscando ahora una alternativa, el peronismo rebelde, es porque no tuvieron la posibilidad de mostrar una alternativa dentro de la democracia interna de nuestro partido\u201d,&nbsp;<\/strong>remarc\u00f3.<\/p>\n\n\n\n<p><strong>\u201cNo es por fuera, sino una lista absolutamente peronista, que lleva sobre sus espaldas el hecho de no haber sido la propuesta considerada para una interna, implica que nadie puede cuestionar esto, porque lo cuestionable es que no se dej\u00f3 participar, eso es lo m\u00e1s grave. Como siempre, se sigue ocultando la verdad, manifestando que la decisi\u00f3n est\u00e1 entre unos pocos\u201d,&nbsp;<\/strong>dijo Solanas.<\/p>\n\n\n\n<p><strong>\u201cNunca perder es para siempre y nunca ganar es para siempre, algunos compa\u00f1eros creen que porque circunstancialmente han ganado son parte de manejar la birome como quieren, cercenando la posibilidad de participaci\u00f3n de los peronistas. Esto se tendr\u00eda que haber pensado antes, no ahora el reproche, porque si los compa\u00f1eros se sienten habidos de participar es l\u00f3gico que lo pueden hacer, porque no tuvieron oportunidad de hacerlo dentro del partido, de otra forma. Por eso me resisto a escuchar a aquellos que dicen que es por afuera. Ac\u00e1 hay una g\u00e9nesis que no se dej\u00f3 participar a un grupo de compa\u00f1eros dentro de la democracia interna del partido\u201d.<\/strong><strong><\/strong><\/p>\n\n\n\n<p><strong>\u201cFue un error garrafal de quienes conducen hoy el peronismo de no dejar participar. No es verdad esto de que van por afuera algunos compa\u00f1eros\u201d,&nbsp;<\/strong>remarc\u00f3.<\/p>\n\n\n\n<p><strong>\u201cLos compa\u00f1eros tienen sobradas razones para presentar una alternativa, porque ac\u00e1 hay compa\u00f1eros que quisieron participar en la democracia interna del PJ entrerriana y por artilugios no los han dejado participar, quieren participar y est\u00e1n buscando la forma de hacerlo en las generales en octubre\u201d<\/strong>, dijo Solanas.<\/p>\n\n\n\n<p><strong>Fuente:<\/strong>\u00a0Radio La Voz<\/p>\n","protected":false},"excerpt":{"rendered":"<p>El dirigente paranaense cuestion\u00f3 la rosca por la cual se impidi\u00f3 la participaci\u00f3n de varias listas en la interna del Partido Justicialista. Dijo estar acompa\u00f1ando el armado que encabezar\u00e1 Gustavo Guzm\u00e1n como candidato a diputado nacional. \u201cHay una cuesti\u00f3n de origen que es haber cerrado el partido, no dejar participar en una interna, que tiene [&hellip;]<\/p>\n","protected":false},"author":2,"featured_media":3931,"comment_status":"open","ping_status":"open","sticky":false,"template":"","format":"standard","meta":{"footnotes":""},"categories":[17],"tags":[],"class_list":{"0":"post-3930","1":"post","2":"type-post","3":"status-publish","4":"format-standard","5":"has-post-thumbnail","7":"category-provinciales"},"yoast_head":"<!-- This site is optimized with the Yoast SEO plugin v27.4 - https:\/\/yoast.com\/product\/yoast-seo-wordpress\/ -->\n<title>Julio Solanas acompa\u00f1ar\u00e1 un &quot;armado&quot; peronista contra la lista oficialista de Bahl y Mitchel - Diario del Sur<\/title>\n<meta name=\"robots\" content=\"index, follow, max-snippet:-1, max-image-preview:large, max-video-preview:-1\" \/>\n<link rel=\"canonical\" href=\"https:\/\/diariodelsurdigital.com.ar\/?p=3930\" \/>\n<meta property=\"og:locale\" content=\"es_ES\" \/>\n<meta property=\"og:type\" content=\"article\" \/>\n<meta property=\"og:title\" content=\"Julio Solanas acompa\u00f1ar\u00e1 un &quot;armado&quot; peronista contra la lista oficialista de Bahl y Mitchel - Diario del Sur\" \/>\n<meta property=\"og:description\" content=\"El dirigente paranaense cuestion\u00f3 la rosca por la cual se impidi\u00f3 la participaci\u00f3n de varias listas en la interna del Partido Justicialista. Dijo estar acompa\u00f1ando el armado que encabezar\u00e1 Gustavo Guzm\u00e1n como candidato a diputado nacional. \u201cHay una cuesti\u00f3n de origen que es haber cerrado el partido, no dejar participar en una interna, que tiene [&hellip;]\" \/>\n<meta property=\"og:url\" content=\"https:\/\/diariodelsurdigital.com.ar\/?p=3930\" \/>\n<meta property=\"og:site_name\" content=\"Diario del Sur\" \/>\n<meta property=\"article:published_time\" content=\"2025-08-01T16:57:14+00:00\" \/>\n<meta property=\"article:modified_time\" content=\"2025-08-01T17:04:39+00:00\" \/>\n<meta property=\"og:image\" content=\"https:\/\/diariodelsurdigital.com.ar\/wp-content\/uploads\/2025\/08\/b_1682686313.jpg\" \/>\n\t<meta property=\"og:image:width\" content=\"441\" \/>\n\t<meta property=\"og:image:height\" content=\"303\" \/>\n\t<meta property=\"og:image:type\" content=\"image\/jpeg\" \/>\n<meta name=\"author\" content=\"Diario del Sur Digital\" \/>\n<meta name=\"twitter:card\" content=\"summary_large_image\" \/>\n<meta name=\"twitter:label1\" content=\"Escrito por\" \/>\n\t<meta name=\"twitter:data1\" content=\"Diario del Sur Digital\" \/>\n\t<meta name=\"twitter:label2\" content=\"Tiempo de lectura\" \/>\n\t<meta name=\"twitter:data2\" content=\"3 minutos\" \/>\n<script type=\"application\/ld+json\" class=\"yoast-schema-graph\">{\"@context\":\"https:\\\/\\\/schema.org\",\"@graph\":[{\"@type\":\"Article\",\"@id\":\"https:\\\/\\\/diariodelsurdigital.com.ar\\\/?p=3930#article\",\"isPartOf\":{\"@id\":\"https:\\\/\\\/diariodelsurdigital.com.ar\\\/?p=3930\"},\"author\":{\"name\":\"Diario del Sur Digital\",\"@id\":\"https:\\\/\\\/diariodelsurdigital.com.ar\\\/#\\\/schema\\\/person\\\/6136a32571657f7dba980b88b04c5465\"},\"headline\":\"Julio Solanas acompa\u00f1ar\u00e1 un \u00abarmado\u00bb peronista contra la lista oficialista de Bahl y Mitchel\",\"datePublished\":\"2025-08-01T16:57:14+00:00\",\"dateModified\":\"2025-08-01T17:04:39+00:00\",\"mainEntityOfPage\":{\"@id\":\"https:\\\/\\\/diariodelsurdigital.com.ar\\\/?p=3930\"},\"wordCount\":539,\"commentCount\":0,\"image\":{\"@id\":\"https:\\\/\\\/diariodelsurdigital.com.ar\\\/?p=3930#primaryimage\"},\"thumbnailUrl\":\"https:\\\/\\\/diariodelsurdigital.com.ar\\\/wp-content\\\/uploads\\\/2025\\\/08\\\/b_1682686313.jpg\",\"articleSection\":[\"Provinciales\"],\"inLanguage\":\"es\",\"potentialAction\":[{\"@type\":\"CommentAction\",\"name\":\"Comment\",\"target\":[\"https:\\\/\\\/diariodelsurdigital.com.ar\\\/?p=3930#respond\"]}]},{\"@type\":\"WebPage\",\"@id\":\"https:\\\/\\\/diariodelsurdigital.com.ar\\\/?p=3930\",\"url\":\"https:\\\/\\\/diariodelsurdigital.com.ar\\\/?p=3930\",\"name\":\"Julio Solanas acompa\u00f1ar\u00e1 un \\\"armado\\\" peronista contra la lista oficialista de Bahl y Mitchel - Diario del Sur\",\"isPartOf\":{\"@id\":\"https:\\\/\\\/diariodelsurdigital.com.ar\\\/#website\"},\"primaryImageOfPage\":{\"@id\":\"https:\\\/\\\/diariodelsurdigital.com.ar\\\/?p=3930#primaryimage\"},\"image\":{\"@id\":\"https:\\\/\\\/diariodelsurdigital.com.ar\\\/?p=3930#primaryimage\"},\"thumbnailUrl\":\"https:\\\/\\\/diariodelsurdigital.com.ar\\\/wp-content\\\/uploads\\\/2025\\\/08\\\/b_1682686313.jpg\",\"datePublished\":\"2025-08-01T16:57:14+00:00\",\"dateModified\":\"2025-08-01T17:04:39+00:00\",\"author\":{\"@id\":\"https:\\\/\\\/diariodelsurdigital.com.ar\\\/#\\\/schema\\\/person\\\/6136a32571657f7dba980b88b04c5465\"},\"breadcrumb\":{\"@id\":\"https:\\\/\\\/diariodelsurdigital.com.ar\\\/?p=3930#breadcrumb\"},\"inLanguage\":\"es\",\"potentialAction\":[{\"@type\":\"ReadAction\",\"target\":[\"https:\\\/\\\/diariodelsurdigital.com.ar\\\/?p=3930\"]}]},{\"@type\":\"ImageObject\",\"inLanguage\":\"es\",\"@id\":\"https:\\\/\\\/diariodelsurdigital.com.ar\\\/?p=3930#primaryimage\",\"url\":\"https:\\\/\\\/diariodelsurdigital.com.ar\\\/wp-content\\\/uploads\\\/2025\\\/08\\\/b_1682686313.jpg\",\"contentUrl\":\"https:\\\/\\\/diariodelsurdigital.com.ar\\\/wp-content\\\/uploads\\\/2025\\\/08\\\/b_1682686313.jpg\",\"width\":441,\"height\":303},{\"@type\":\"BreadcrumbList\",\"@id\":\"https:\\\/\\\/diariodelsurdigital.com.ar\\\/?p=3930#breadcrumb\",\"itemListElement\":[{\"@type\":\"ListItem\",\"position\":1,\"name\":\"Portada\",\"item\":\"https:\\\/\\\/diariodelsurdigital.com.ar\\\/\"},{\"@type\":\"ListItem\",\"position\":2,\"name\":\"Julio Solanas acompa\u00f1ar\u00e1 un \u00abarmado\u00bb peronista contra la lista oficialista de Bahl y Mitchel\"}]},{\"@type\":\"WebSite\",\"@id\":\"https:\\\/\\\/diariodelsurdigital.com.ar\\\/#website\",\"url\":\"https:\\\/\\\/diariodelsurdigital.com.ar\\\/\",\"name\":\"Diario del Sur\",\"description\":\"Digital\",\"potentialAction\":[{\"@type\":\"SearchAction\",\"target\":{\"@type\":\"EntryPoint\",\"urlTemplate\":\"https:\\\/\\\/diariodelsurdigital.com.ar\\\/?s={search_term_string}\"},\"query-input\":{\"@type\":\"PropertyValueSpecification\",\"valueRequired\":true,\"valueName\":\"search_term_string\"}}],\"inLanguage\":\"es\"},{\"@type\":\"Person\",\"@id\":\"https:\\\/\\\/diariodelsurdigital.com.ar\\\/#\\\/schema\\\/person\\\/6136a32571657f7dba980b88b04c5465\",\"name\":\"Diario del Sur Digital\",\"image\":{\"@type\":\"ImageObject\",\"inLanguage\":\"es\",\"@id\":\"https:\\\/\\\/secure.gravatar.com\\\/avatar\\\/4c29ceac98541dd42460b2474aaa5dd37594d6ce6cb3cf2c101d09b48ee287ba?s=96&d=mm&r=g\",\"url\":\"https:\\\/\\\/secure.gravatar.com\\\/avatar\\\/4c29ceac98541dd42460b2474aaa5dd37594d6ce6cb3cf2c101d09b48ee287ba?s=96&d=mm&r=g\",\"contentUrl\":\"https:\\\/\\\/secure.gravatar.com\\\/avatar\\\/4c29ceac98541dd42460b2474aaa5dd37594d6ce6cb3cf2c101d09b48ee287ba?s=96&d=mm&r=g\",\"caption\":\"Diario del Sur Digital\"},\"url\":\"https:\\\/\\\/diariodelsurdigital.com.ar\\\/?author=2\"}]}<\/script>\n<!-- \/ Yoast SEO plugin. -->","yoast_head_json":{"title":"Julio Solanas acompa\u00f1ar\u00e1 un \"armado\" peronista contra la lista oficialista de Bahl y Mitchel - Diario del Sur","robots":{"index":"index","follow":"follow","max-snippet":"max-snippet:-1","max-image-preview":"max-image-preview:large","max-video-preview":"max-video-preview:-1"},"canonical":"https:\/\/diariodelsurdigital.com.ar\/?p=3930","og_locale":"es_ES","og_type":"article","og_title":"Julio Solanas acompa\u00f1ar\u00e1 un \"armado\" peronista contra la lista oficialista de Bahl y Mitchel - Diario del Sur","og_description":"El dirigente paranaense cuestion\u00f3 la rosca por la cual se impidi\u00f3 la participaci\u00f3n de varias listas en la interna del Partido Justicialista. Dijo estar acompa\u00f1ando el armado que encabezar\u00e1 Gustavo Guzm\u00e1n como candidato a diputado nacional. \u201cHay una cuesti\u00f3n de origen que es haber cerrado el partido, no dejar participar en una interna, que tiene [&hellip;]","og_url":"https:\/\/diariodelsurdigital.com.ar\/?p=3930","og_site_name":"Diario del Sur","article_published_time":"2025-08-01T16:57:14+00:00","article_modified_time":"2025-08-01T17:04:39+00:00","og_image":[{"width":441,"height":303,"url":"https:\/\/diariodelsurdigital.com.ar\/wp-content\/uploads\/2025\/08\/b_1682686313.jpg","type":"image\/jpeg"}],"author":"Diario del Sur Digital","twitter_card":"summary_large_image","twitter_misc":{"Escrito por":"Diario del Sur Digital","Tiempo de lectura":"3 minutos"},"schema":{"@context":"https:\/\/schema.org","@graph":[{"@type":"Article","@id":"https:\/\/diariodelsurdigital.com.ar\/?p=3930#article","isPartOf":{"@id":"https:\/\/diariodelsurdigital.com.ar\/?p=3930"},"author":{"name":"Diario del Sur Digital","@id":"https:\/\/diariodelsurdigital.com.ar\/#\/schema\/person\/6136a32571657f7dba980b88b04c5465"},"headline":"Julio Solanas acompa\u00f1ar\u00e1 un \u00abarmado\u00bb peronista contra la lista oficialista de Bahl y Mitchel","datePublished":"2025-08-01T16:57:14+00:00","dateModified":"2025-08-01T17:04:39+00:00","mainEntityOfPage":{"@id":"https:\/\/diariodelsurdigital.com.ar\/?p=3930"},"wordCount":539,"commentCount":0,"image":{"@id":"https:\/\/diariodelsurdigital.com.ar\/?p=3930#primaryimage"},"thumbnailUrl":"https:\/\/diariodelsurdigital.com.ar\/wp-content\/uploads\/2025\/08\/b_1682686313.jpg","articleSection":["Provinciales"],"inLanguage":"es","potentialAction":[{"@type":"CommentAction","name":"Comment","target":["https:\/\/diariodelsurdigital.com.ar\/?p=3930#respond"]}]},{"@type":"WebPage","@id":"https:\/\/diariodelsurdigital.com.ar\/?p=3930","url":"https:\/\/diariodelsurdigital.com.ar\/?p=3930","name":"Julio Solanas acompa\u00f1ar\u00e1 un \"armado\" peronista contra la lista oficialista de Bahl y Mitchel - Diario del Sur","isPartOf":{"@id":"https:\/\/diariodelsurdigital.com.ar\/#website"},"primaryImageOfPage":{"@id":"https:\/\/diariodelsurdigital.com.ar\/?p=3930#primaryimage"},"image":{"@id":"https:\/\/diariodelsurdigital.com.ar\/?p=3930#primaryimage"},"thumbnailUrl":"https:\/\/diariodelsurdigital.com.ar\/wp-content\/uploads\/2025\/08\/b_1682686313.jpg","datePublished":"2025-08-01T16:57:14+00:00","dateModified":"2025-08-01T17:04:39+00:00","author":{"@id":"https:\/\/diariodelsurdigital.com.ar\/#\/schema\/person\/6136a32571657f7dba980b88b04c5465"},"breadcrumb":{"@id":"https:\/\/diariodelsurdigital.com.ar\/?p=3930#breadcrumb"},"inLanguage":"es","potentialAction":[{"@type":"ReadAction","target":["https:\/\/diariodelsurdigital.com.ar\/?p=3930"]}]},{"@type":"ImageObject","inLanguage":"es","@id":"https:\/\/diariodelsurdigital.com.ar\/?p=3930#primaryimage","url":"https:\/\/diariodelsurdigital.com.ar\/wp-content\/uploads\/2025\/08\/b_1682686313.jpg","contentUrl":"https:\/\/diariodelsurdigital.com.ar\/wp-content\/uploads\/2025\/08\/b_1682686313.jpg","width":441,"height":303},{"@type":"BreadcrumbList","@id":"https:\/\/diariodelsurdigital.com.ar\/?p=3930#breadcrumb","itemListElement":[{"@type":"ListItem","position":1,"name":"Portada","item":"https:\/\/diariodelsurdigital.com.ar\/"},{"@type":"ListItem","position":2,"name":"Julio Solanas acompa\u00f1ar\u00e1 un \u00abarmado\u00bb peronista contra la lista oficialista de Bahl y Mitchel"}]},{"@type":"WebSite","@id":"https:\/\/diariodelsurdigital.com.ar\/#website","url":"https:\/\/diariodelsurdigital.com.ar\/","name":"Diario del Sur","description":"Digital","potentialAction":[{"@type":"SearchAction","target":{"@type":"EntryPoint","urlTemplate":"https:\/\/diariodelsurdigital.com.ar\/?s={search_term_string}"},"query-input":{"@type":"PropertyValueSpecification","valueRequired":true,"valueName":"search_term_string"}}],"inLanguage":"es"},{"@type":"Person","@id":"https:\/\/diariodelsurdigital.com.ar\/#\/schema\/person\/6136a32571657f7dba980b88b04c5465","name":"Diario del Sur Digital","image":{"@type":"ImageObject","inLanguage":"es","@id":"https:\/\/secure.gravatar.com\/avatar\/4c29ceac98541dd42460b2474aaa5dd37594d6ce6cb3cf2c101d09b48ee287ba?s=96&d=mm&r=g","url":"https:\/\/secure.gravatar.com\/avatar\/4c29ceac98541dd42460b2474aaa5dd37594d6ce6cb3cf2c101d09b48ee287ba?s=96&d=mm&r=g","contentUrl":"https:\/\/secure.gravatar.com\/avatar\/4c29ceac98541dd42460b2474aaa5dd37594d6ce6cb3cf2c101d09b48ee287ba?s=96&d=mm&r=g","caption":"Diario del Sur Digital"},"url":"https:\/\/diariodelsurdigital.com.ar\/?author=2"}]}},"_links":{"self":[{"href":"https:\/\/diariodelsurdigital.com.ar\/index.php?rest_route=\/wp\/v2\/posts\/3930","targetHints":{"allow":["GET"]}}],"collection":[{"href":"https:\/\/diariodelsurdigital.com.ar\/index.php?rest_route=\/wp\/v2\/posts"}],"about":[{"href":"https:\/\/diariodelsurdigital.com.ar\/index.php?rest_route=\/wp\/v2\/types\/post"}],"author":[{"embeddable":true,"href":"https:\/\/diariodelsurdigital.com.ar\/index.php?rest_route=\/wp\/v2\/users\/2"}],"replies":[{"embeddable":true,"href":"https:\/\/diariodelsurdigital.com.ar\/index.php?rest_route=%2Fwp%2Fv2%2Fcomments&post=3930"}],"version-history":[{"count":2,"href":"https:\/\/diariodelsurdigital.com.ar\/index.php?rest_route=\/wp\/v2\/posts\/3930\/revisions"}],"predecessor-version":[{"id":3933,"href":"https:\/\/diariodelsurdigital.com.ar\/index.php?rest_route=\/wp\/v2\/posts\/3930\/revisions\/3933"}],"wp:featuredmedia":[{"embeddable":true,"href":"https:\/\/diariodelsurdigital.com.ar\/index.php?rest_route=\/wp\/v2\/media\/3931"}],"wp:attachment":[{"href":"https:\/\/diariodelsurdigital.com.ar\/index.php?rest_route=%2Fwp%2Fv2%2Fmedia&parent=3930"}],"wp:term":[{"taxonomy":"category","embeddable":true,"href":"https:\/\/diariodelsurdigital.com.ar\/index.php?rest_route=%2Fwp%2Fv2%2Fcategories&post=3930"},{"taxonomy":"post_tag","embeddable":true,"href":"https:\/\/diariodelsurdigital.com.ar\/index.php?rest_route=%2Fwp%2Fv2%2Ftags&post=3930"}],"curies":[{"name":"wp","href":"https:\/\/api.w.org\/{rel}","templated":true}]}}