{"id":3935,"date":"2025-08-03T16:28:25","date_gmt":"2025-08-03T19:28:25","guid":{"rendered":"https:\/\/diariodelsurdigital.com.ar\/?p=3935"},"modified":"2025-08-03T16:28:26","modified_gmt":"2025-08-03T19:28:26","slug":"detuvieron-a-un-hombre-de-buenos-aires-que-cometio-delitos-en-dos-ciudades-entrerrianas-viajaba-acompanado-por-su-familia","status":"publish","type":"post","link":"https:\/\/diariodelsurdigital.com.ar\/?p=3935","title":{"rendered":"Detuvieron a un hombre de Buenos Aires que cometi\u00f3 delitos en dos ciudades entrerrianas. Viajaba acompa\u00f1ado por su familia"},"content":{"rendered":"\n<figure class=\"wp-block-image\"><img decoding=\"async\" src=\"https:\/\/media.elentrerios.com\/fotos-v2\/2025\/08\/03\/l_1754235364.jpg\" alt=\"\" title=\"\"\/><\/figure>\n\n\n\n<p>Durante la tarde de este s\u00e1bado, personal policial de Federaci\u00f3n tom\u00f3 conocimiento de que en un domicilio de calle Ibirapit\u00e1 al 550, aproximadamente, un hombre hab\u00eda roto los vidrios de una ventana con intenciones de abrirla e ingresar. El due\u00f1o de la vivienda reaccion\u00f3 y quien intentaba ingresar se retir\u00f3, no obstante qued\u00f3 registrado en las c\u00e1maras de seguridad.<\/p>\n\n\n\n<p>La Polic\u00eda comenz\u00f3 a trabajar para tratar de identificar al individuo, intercambiando im\u00e1genes con personal de otras departamentales, a la vez que tambi\u00e9n sal\u00edan publicadas en redes sociales. Seg\u00fan informaron, recibieron una comunicaci\u00f3n de parte de personal de la departamental Col\u00f3n, quienes manifestaron que en esa ciudad se hab\u00edan cometido hechos similares y ten\u00edan registros f\u00edlmicos donde se observaba al mismo hombre, inclusive aportando caracter\u00edsticas del veh\u00edculo en el que se conduc\u00eda, coincidente con el que hab\u00eda actuado en Federaci\u00f3n.<\/p>\n\n\n\n<p>Tras ver el material emitieron una alerta a todas las \u00e1reas y unidades policiales y, m\u00e1s tarde en calle Mar\u00eda Porteiro de Flores, lugar donde se encuentra un complejo de departamentos de alquiler, interceptaron un veh\u00edculo de similares caracter\u00edsticas al que buscaban e identificaron a sus ocupantes.<\/p>\n\n\n\n<p>Mientras este procedimiento se estaba realizando, informaron otro hecho ocurrido en calle Alem al 750 de Federaci\u00f3n, donde hab\u00edan sustra\u00eddo una importante suma de dinero en moneda nacional y extranjera. Emitieron una orden de requisa para el veh\u00edculo, que permiti\u00f3 secuestrar la totalidad del dinero, vestimentas y calzados observados y constatados en el hecho de calle Ibirapit\u00e1, y un frasco que conten\u00eda una sustancia vegetal, que al realizarle la prueba de campo arroj\u00f3 resultado positivo para cannabis sativa.<\/p>\n\n\n\n<p>Adem\u00e1s secuestraron varios electrodom\u00e9sticos y documentaciones, productos de los hechos sucedidos en Col\u00f3n.<\/p>\n\n\n\n<p>Fuente: El Entre Rios<\/p>\n","protected":false},"excerpt":{"rendered":"<p>Durante la tarde de este s\u00e1bado, personal policial de Federaci\u00f3n tom\u00f3 conocimiento de que en un domicilio de calle Ibirapit\u00e1 al 550, aproximadamente, un hombre hab\u00eda roto los vidrios de una ventana con intenciones de abrirla e ingresar. El due\u00f1o de la vivienda reaccion\u00f3 y quien intentaba ingresar se retir\u00f3, no obstante qued\u00f3 registrado en [&hellip;]<\/p>\n","protected":false},"author":3,"featured_media":3936,"comment_status":"open","ping_status":"open","sticky":false,"template":"","format":"standard","meta":{"footnotes":""},"categories":[21],"tags":[],"class_list":{"0":"post-3935","1":"post","2":"type-post","3":"status-publish","4":"format-standard","5":"has-post-thumbnail","7":"category-policiales"},"yoast_head":"<!-- This site is optimized with the Yoast SEO plugin v27.4 - https:\/\/yoast.com\/product\/yoast-seo-wordpress\/ -->\n<title>Detuvieron a un hombre de Buenos Aires que cometi\u00f3 delitos en dos ciudades entrerrianas. Viajaba acompa\u00f1ado por su familia - Diario del Sur<\/title>\n<meta name=\"robots\" content=\"index, follow, max-snippet:-1, max-image-preview:large, max-video-preview:-1\" \/>\n<link rel=\"canonical\" href=\"https:\/\/diariodelsurdigital.com.ar\/?p=3935\" \/>\n<meta property=\"og:locale\" content=\"es_ES\" \/>\n<meta property=\"og:type\" content=\"article\" \/>\n<meta property=\"og:title\" content=\"Detuvieron a un hombre de Buenos Aires que cometi\u00f3 delitos en dos ciudades entrerrianas. Viajaba acompa\u00f1ado por su familia - Diario del Sur\" \/>\n<meta property=\"og:description\" content=\"Durante la tarde de este s\u00e1bado, personal policial de Federaci\u00f3n tom\u00f3 conocimiento de que en un domicilio de calle Ibirapit\u00e1 al 550, aproximadamente, un hombre hab\u00eda roto los vidrios de una ventana con intenciones de abrirla e ingresar. El due\u00f1o de la vivienda reaccion\u00f3 y quien intentaba ingresar se retir\u00f3, no obstante qued\u00f3 registrado en [&hellip;]\" \/>\n<meta property=\"og:url\" content=\"https:\/\/diariodelsurdigital.com.ar\/?p=3935\" \/>\n<meta property=\"og:site_name\" content=\"Diario del Sur\" \/>\n<meta property=\"article:published_time\" content=\"2025-08-03T19:28:25+00:00\" \/>\n<meta property=\"article:modified_time\" content=\"2025-08-03T19:28:26+00:00\" \/>\n<meta property=\"og:image\" content=\"https:\/\/diariodelsurdigital.com.ar\/wp-content\/uploads\/2025\/08\/l_1754235364.jpg\" \/>\n\t<meta property=\"og:image:width\" content=\"870\" \/>\n\t<meta property=\"og:image:height\" content=\"580\" \/>\n\t<meta property=\"og:image:type\" content=\"image\/jpeg\" \/>\n<meta name=\"author\" content=\"Diario del Sur Digital\" \/>\n<meta name=\"twitter:card\" content=\"summary_large_image\" \/>\n<meta name=\"twitter:label1\" content=\"Escrito por\" \/>\n\t<meta name=\"twitter:data1\" content=\"Diario del Sur Digital\" \/>\n\t<meta name=\"twitter:label2\" content=\"Tiempo de lectura\" \/>\n\t<meta name=\"twitter:data2\" content=\"2 minutos\" \/>\n<script type=\"application\/ld+json\" class=\"yoast-schema-graph\">{\"@context\":\"https:\\\/\\\/schema.org\",\"@graph\":[{\"@type\":\"Article\",\"@id\":\"https:\\\/\\\/diariodelsurdigital.com.ar\\\/?p=3935#article\",\"isPartOf\":{\"@id\":\"https:\\\/\\\/diariodelsurdigital.com.ar\\\/?p=3935\"},\"author\":{\"name\":\"Diario del Sur Digital\",\"@id\":\"https:\\\/\\\/diariodelsurdigital.com.ar\\\/#\\\/schema\\\/person\\\/d794acb23337e88c6e4004a39c32be62\"},\"headline\":\"Detuvieron a un hombre de Buenos Aires que cometi\u00f3 delitos en dos ciudades entrerrianas. Viajaba acompa\u00f1ado por su familia\",\"datePublished\":\"2025-08-03T19:28:25+00:00\",\"dateModified\":\"2025-08-03T19:28:26+00:00\",\"mainEntityOfPage\":{\"@id\":\"https:\\\/\\\/diariodelsurdigital.com.ar\\\/?p=3935\"},\"wordCount\":331,\"commentCount\":0,\"image\":{\"@id\":\"https:\\\/\\\/diariodelsurdigital.com.ar\\\/?p=3935#primaryimage\"},\"thumbnailUrl\":\"https:\\\/\\\/diariodelsurdigital.com.ar\\\/wp-content\\\/uploads\\\/2025\\\/08\\\/l_1754235364.jpg\",\"articleSection\":[\"Policiales\"],\"inLanguage\":\"es\",\"potentialAction\":[{\"@type\":\"CommentAction\",\"name\":\"Comment\",\"target\":[\"https:\\\/\\\/diariodelsurdigital.com.ar\\\/?p=3935#respond\"]}]},{\"@type\":\"WebPage\",\"@id\":\"https:\\\/\\\/diariodelsurdigital.com.ar\\\/?p=3935\",\"url\":\"https:\\\/\\\/diariodelsurdigital.com.ar\\\/?p=3935\",\"name\":\"Detuvieron a un hombre de Buenos Aires que cometi\u00f3 delitos en dos ciudades entrerrianas. Viajaba acompa\u00f1ado por su familia - Diario del Sur\",\"isPartOf\":{\"@id\":\"https:\\\/\\\/diariodelsurdigital.com.ar\\\/#website\"},\"primaryImageOfPage\":{\"@id\":\"https:\\\/\\\/diariodelsurdigital.com.ar\\\/?p=3935#primaryimage\"},\"image\":{\"@id\":\"https:\\\/\\\/diariodelsurdigital.com.ar\\\/?p=3935#primaryimage\"},\"thumbnailUrl\":\"https:\\\/\\\/diariodelsurdigital.com.ar\\\/wp-content\\\/uploads\\\/2025\\\/08\\\/l_1754235364.jpg\",\"datePublished\":\"2025-08-03T19:28:25+00:00\",\"dateModified\":\"2025-08-03T19:28:26+00:00\",\"author\":{\"@id\":\"https:\\\/\\\/diariodelsurdigital.com.ar\\\/#\\\/schema\\\/person\\\/d794acb23337e88c6e4004a39c32be62\"},\"breadcrumb\":{\"@id\":\"https:\\\/\\\/diariodelsurdigital.com.ar\\\/?p=3935#breadcrumb\"},\"inLanguage\":\"es\",\"potentialAction\":[{\"@type\":\"ReadAction\",\"target\":[\"https:\\\/\\\/diariodelsurdigital.com.ar\\\/?p=3935\"]}]},{\"@type\":\"ImageObject\",\"inLanguage\":\"es\",\"@id\":\"https:\\\/\\\/diariodelsurdigital.com.ar\\\/?p=3935#primaryimage\",\"url\":\"https:\\\/\\\/diariodelsurdigital.com.ar\\\/wp-content\\\/uploads\\\/2025\\\/08\\\/l_1754235364.jpg\",\"contentUrl\":\"https:\\\/\\\/diariodelsurdigital.com.ar\\\/wp-content\\\/uploads\\\/2025\\\/08\\\/l_1754235364.jpg\",\"width\":870,\"height\":580},{\"@type\":\"BreadcrumbList\",\"@id\":\"https:\\\/\\\/diariodelsurdigital.com.ar\\\/?p=3935#breadcrumb\",\"itemListElement\":[{\"@type\":\"ListItem\",\"position\":1,\"name\":\"Portada\",\"item\":\"https:\\\/\\\/diariodelsurdigital.com.ar\\\/\"},{\"@type\":\"ListItem\",\"position\":2,\"name\":\"Detuvieron a un hombre de Buenos Aires que cometi\u00f3 delitos en dos ciudades entrerrianas. Viajaba acompa\u00f1ado por su familia\"}]},{\"@type\":\"WebSite\",\"@id\":\"https:\\\/\\\/diariodelsurdigital.com.ar\\\/#website\",\"url\":\"https:\\\/\\\/diariodelsurdigital.com.ar\\\/\",\"name\":\"Diario del Sur\",\"description\":\"Digital\",\"potentialAction\":[{\"@type\":\"SearchAction\",\"target\":{\"@type\":\"EntryPoint\",\"urlTemplate\":\"https:\\\/\\\/diariodelsurdigital.com.ar\\\/?s={search_term_string}\"},\"query-input\":{\"@type\":\"PropertyValueSpecification\",\"valueRequired\":true,\"valueName\":\"search_term_string\"}}],\"inLanguage\":\"es\"},{\"@type\":\"Person\",\"@id\":\"https:\\\/\\\/diariodelsurdigital.com.ar\\\/#\\\/schema\\\/person\\\/d794acb23337e88c6e4004a39c32be62\",\"name\":\"Diario del Sur Digital\",\"image\":{\"@type\":\"ImageObject\",\"inLanguage\":\"es\",\"@id\":\"https:\\\/\\\/secure.gravatar.com\\\/avatar\\\/47679bcfa15734cfdefc176b6ad58adeeccac22b2e03e095ada6c622af2b463a?s=96&d=mm&r=g\",\"url\":\"https:\\\/\\\/secure.gravatar.com\\\/avatar\\\/47679bcfa15734cfdefc176b6ad58adeeccac22b2e03e095ada6c622af2b463a?s=96&d=mm&r=g\",\"contentUrl\":\"https:\\\/\\\/secure.gravatar.com\\\/avatar\\\/47679bcfa15734cfdefc176b6ad58adeeccac22b2e03e095ada6c622af2b463a?s=96&d=mm&r=g\",\"caption\":\"Diario del Sur Digital\"},\"url\":\"https:\\\/\\\/diariodelsurdigital.com.ar\\\/?author=3\"}]}<\/script>\n<!-- \/ Yoast SEO plugin. -->","yoast_head_json":{"title":"Detuvieron a un hombre de Buenos Aires que cometi\u00f3 delitos en dos ciudades entrerrianas. Viajaba acompa\u00f1ado por su familia - Diario del Sur","robots":{"index":"index","follow":"follow","max-snippet":"max-snippet:-1","max-image-preview":"max-image-preview:large","max-video-preview":"max-video-preview:-1"},"canonical":"https:\/\/diariodelsurdigital.com.ar\/?p=3935","og_locale":"es_ES","og_type":"article","og_title":"Detuvieron a un hombre de Buenos Aires que cometi\u00f3 delitos en dos ciudades entrerrianas. Viajaba acompa\u00f1ado por su familia - Diario del Sur","og_description":"Durante la tarde de este s\u00e1bado, personal policial de Federaci\u00f3n tom\u00f3 conocimiento de que en un domicilio de calle Ibirapit\u00e1 al 550, aproximadamente, un hombre hab\u00eda roto los vidrios de una ventana con intenciones de abrirla e ingresar. El due\u00f1o de la vivienda reaccion\u00f3 y quien intentaba ingresar se retir\u00f3, no obstante qued\u00f3 registrado en [&hellip;]","og_url":"https:\/\/diariodelsurdigital.com.ar\/?p=3935","og_site_name":"Diario del Sur","article_published_time":"2025-08-03T19:28:25+00:00","article_modified_time":"2025-08-03T19:28:26+00:00","og_image":[{"width":870,"height":580,"url":"https:\/\/diariodelsurdigital.com.ar\/wp-content\/uploads\/2025\/08\/l_1754235364.jpg","type":"image\/jpeg"}],"author":"Diario del Sur Digital","twitter_card":"summary_large_image","twitter_misc":{"Escrito por":"Diario del Sur Digital","Tiempo de lectura":"2 minutos"},"schema":{"@context":"https:\/\/schema.org","@graph":[{"@type":"Article","@id":"https:\/\/diariodelsurdigital.com.ar\/?p=3935#article","isPartOf":{"@id":"https:\/\/diariodelsurdigital.com.ar\/?p=3935"},"author":{"name":"Diario del Sur Digital","@id":"https:\/\/diariodelsurdigital.com.ar\/#\/schema\/person\/d794acb23337e88c6e4004a39c32be62"},"headline":"Detuvieron a un hombre de Buenos Aires que cometi\u00f3 delitos en dos ciudades entrerrianas. Viajaba acompa\u00f1ado por su familia","datePublished":"2025-08-03T19:28:25+00:00","dateModified":"2025-08-03T19:28:26+00:00","mainEntityOfPage":{"@id":"https:\/\/diariodelsurdigital.com.ar\/?p=3935"},"wordCount":331,"commentCount":0,"image":{"@id":"https:\/\/diariodelsurdigital.com.ar\/?p=3935#primaryimage"},"thumbnailUrl":"https:\/\/diariodelsurdigital.com.ar\/wp-content\/uploads\/2025\/08\/l_1754235364.jpg","articleSection":["Policiales"],"inLanguage":"es","potentialAction":[{"@type":"CommentAction","name":"Comment","target":["https:\/\/diariodelsurdigital.com.ar\/?p=3935#respond"]}]},{"@type":"WebPage","@id":"https:\/\/diariodelsurdigital.com.ar\/?p=3935","url":"https:\/\/diariodelsurdigital.com.ar\/?p=3935","name":"Detuvieron a un hombre de Buenos Aires que cometi\u00f3 delitos en dos ciudades entrerrianas. Viajaba acompa\u00f1ado por su familia - Diario del Sur","isPartOf":{"@id":"https:\/\/diariodelsurdigital.com.ar\/#website"},"primaryImageOfPage":{"@id":"https:\/\/diariodelsurdigital.com.ar\/?p=3935#primaryimage"},"image":{"@id":"https:\/\/diariodelsurdigital.com.ar\/?p=3935#primaryimage"},"thumbnailUrl":"https:\/\/diariodelsurdigital.com.ar\/wp-content\/uploads\/2025\/08\/l_1754235364.jpg","datePublished":"2025-08-03T19:28:25+00:00","dateModified":"2025-08-03T19:28:26+00:00","author":{"@id":"https:\/\/diariodelsurdigital.com.ar\/#\/schema\/person\/d794acb23337e88c6e4004a39c32be62"},"breadcrumb":{"@id":"https:\/\/diariodelsurdigital.com.ar\/?p=3935#breadcrumb"},"inLanguage":"es","potentialAction":[{"@type":"ReadAction","target":["https:\/\/diariodelsurdigital.com.ar\/?p=3935"]}]},{"@type":"ImageObject","inLanguage":"es","@id":"https:\/\/diariodelsurdigital.com.ar\/?p=3935#primaryimage","url":"https:\/\/diariodelsurdigital.com.ar\/wp-content\/uploads\/2025\/08\/l_1754235364.jpg","contentUrl":"https:\/\/diariodelsurdigital.com.ar\/wp-content\/uploads\/2025\/08\/l_1754235364.jpg","width":870,"height":580},{"@type":"BreadcrumbList","@id":"https:\/\/diariodelsurdigital.com.ar\/?p=3935#breadcrumb","itemListElement":[{"@type":"ListItem","position":1,"name":"Portada","item":"https:\/\/diariodelsurdigital.com.ar\/"},{"@type":"ListItem","position":2,"name":"Detuvieron a un hombre de Buenos Aires que cometi\u00f3 delitos en dos ciudades entrerrianas. Viajaba acompa\u00f1ado por su familia"}]},{"@type":"WebSite","@id":"https:\/\/diariodelsurdigital.com.ar\/#website","url":"https:\/\/diariodelsurdigital.com.ar\/","name":"Diario del Sur","description":"Digital","potentialAction":[{"@type":"SearchAction","target":{"@type":"EntryPoint","urlTemplate":"https:\/\/diariodelsurdigital.com.ar\/?s={search_term_string}"},"query-input":{"@type":"PropertyValueSpecification","valueRequired":true,"valueName":"search_term_string"}}],"inLanguage":"es"},{"@type":"Person","@id":"https:\/\/diariodelsurdigital.com.ar\/#\/schema\/person\/d794acb23337e88c6e4004a39c32be62","name":"Diario del Sur Digital","image":{"@type":"ImageObject","inLanguage":"es","@id":"https:\/\/secure.gravatar.com\/avatar\/47679bcfa15734cfdefc176b6ad58adeeccac22b2e03e095ada6c622af2b463a?s=96&d=mm&r=g","url":"https:\/\/secure.gravatar.com\/avatar\/47679bcfa15734cfdefc176b6ad58adeeccac22b2e03e095ada6c622af2b463a?s=96&d=mm&r=g","contentUrl":"https:\/\/secure.gravatar.com\/avatar\/47679bcfa15734cfdefc176b6ad58adeeccac22b2e03e095ada6c622af2b463a?s=96&d=mm&r=g","caption":"Diario del Sur Digital"},"url":"https:\/\/diariodelsurdigital.com.ar\/?author=3"}]}},"_links":{"self":[{"href":"https:\/\/diariodelsurdigital.com.ar\/index.php?rest_route=\/wp\/v2\/posts\/3935","targetHints":{"allow":["GET"]}}],"collection":[{"href":"https:\/\/diariodelsurdigital.com.ar\/index.php?rest_route=\/wp\/v2\/posts"}],"about":[{"href":"https:\/\/diariodelsurdigital.com.ar\/index.php?rest_route=\/wp\/v2\/types\/post"}],"author":[{"embeddable":true,"href":"https:\/\/diariodelsurdigital.com.ar\/index.php?rest_route=\/wp\/v2\/users\/3"}],"replies":[{"embeddable":true,"href":"https:\/\/diariodelsurdigital.com.ar\/index.php?rest_route=%2Fwp%2Fv2%2Fcomments&post=3935"}],"version-history":[{"count":1,"href":"https:\/\/diariodelsurdigital.com.ar\/index.php?rest_route=\/wp\/v2\/posts\/3935\/revisions"}],"predecessor-version":[{"id":3937,"href":"https:\/\/diariodelsurdigital.com.ar\/index.php?rest_route=\/wp\/v2\/posts\/3935\/revisions\/3937"}],"wp:featuredmedia":[{"embeddable":true,"href":"https:\/\/diariodelsurdigital.com.ar\/index.php?rest_route=\/wp\/v2\/media\/3936"}],"wp:attachment":[{"href":"https:\/\/diariodelsurdigital.com.ar\/index.php?rest_route=%2Fwp%2Fv2%2Fmedia&parent=3935"}],"wp:term":[{"taxonomy":"category","embeddable":true,"href":"https:\/\/diariodelsurdigital.com.ar\/index.php?rest_route=%2Fwp%2Fv2%2Fcategories&post=3935"},{"taxonomy":"post_tag","embeddable":true,"href":"https:\/\/diariodelsurdigital.com.ar\/index.php?rest_route=%2Fwp%2Fv2%2Ftags&post=3935"}],"curies":[{"name":"wp","href":"https:\/\/api.w.org\/{rel}","templated":true}]}}