{"id":3938,"date":"2025-08-03T16:30:54","date_gmt":"2025-08-03T19:30:54","guid":{"rendered":"https:\/\/diariodelsurdigital.com.ar\/?p=3938"},"modified":"2025-08-03T16:30:55","modified_gmt":"2025-08-03T19:30:55","slug":"fin-a-la-pension-por-viudez-el-cambio-previsional-que-deja-sin-proteccion-a-miles-de-mayores","status":"publish","type":"post","link":"https:\/\/diariodelsurdigital.com.ar\/?p=3938","title":{"rendered":"Fin a la pensi\u00f3n por viudez: el cambio previsional que deja sin protecci\u00f3n a miles de mayores"},"content":{"rendered":"\n<p><strong>Desde 2025, un cambio en la normativa previsional modific\u00f3 de forma sustancial el r\u00e9gimen de pensiones por fallecimiento.<\/strong><\/p>\n\n\n\n<figure class=\"wp-block-image\"><img decoding=\"async\" src=\"https:\/\/cdnartic.ar\/isqU5gpvVJmAkpawUdERYGhbZRQ=\/1500x0\/filters:no_upscale()\/https:\/\/elheraldocdn.eleco.com.ar\/media\/2025\/08\/pension.jpeg\" alt=\"Fin a la pensi\u00f3n por viudez: el cambio previsional que deja sin protecci\u00f3n a miles de mayores\"\/><\/figure>\n\n\n\n<p>La Administraci\u00f3n Nacional de la Seguridad Social (ANSES) determin\u00f3 que quienes perciban la Pensi\u00f3n Universal para el Adulto Mayor (PUAM) ya no podr\u00e1n acceder a la pensi\u00f3n por viudez en caso de fallecimiento de su pareja.<br>La medida est\u00e1 vinculada con la eliminaci\u00f3n de la moratoria previsional, que hasta el a\u00f1o pasado permit\u00eda jubilarse sin completar los 30 a\u00f1os de aportes exigidos por ley. De este modo, se establece una diferencia clara entre los jubilados del sistema contributivo tradicional \u2014que mantienen el derecho a la pensi\u00f3n por viudez\u2014 y quienes reciben la PUAM, que quedan excluidos.<br>La PUAM, que equivale al 80% de la jubilaci\u00f3n m\u00ednima, sigue vigente como opci\u00f3n para personas de 65 a\u00f1os o m\u00e1s que no alcanzaron los a\u00f1os de aportes requeridos, pero la imposibilidad de transferir una pensi\u00f3n por viudez incrementa la vulnerabilidad econ\u00f3mica de miles de adultos mayores.<br>Organizaciones y especialistas advierten que la medida profundiza la desigualdad dentro del sistema previsional, dejando sin protecci\u00f3n a parejas que convivieron durante a\u00f1os y que ahora no podr\u00e1n acceder a ese ingreso extra en momentos cr\u00edticos.<\/p>\n\n\n\n<p>Fuente: El Heraldo<\/p>\n","protected":false},"excerpt":{"rendered":"<p>Desde 2025, un cambio en la normativa previsional modific\u00f3 de forma sustancial el r\u00e9gimen de pensiones por fallecimiento. La Administraci\u00f3n Nacional de la Seguridad Social (ANSES) determin\u00f3 que quienes perciban la Pensi\u00f3n Universal para el Adulto Mayor (PUAM) ya no podr\u00e1n acceder a la pensi\u00f3n por viudez en caso de fallecimiento de su pareja.La medida [&hellip;]<\/p>\n","protected":false},"author":3,"featured_media":3939,"comment_status":"open","ping_status":"open","sticky":false,"template":"","format":"standard","meta":{"footnotes":""},"categories":[19],"tags":[],"class_list":{"0":"post-3938","1":"post","2":"type-post","3":"status-publish","4":"format-standard","5":"has-post-thumbnail","7":"category-interes-general"},"yoast_head":"<!-- This site is optimized with the Yoast SEO plugin v27.4 - https:\/\/yoast.com\/product\/yoast-seo-wordpress\/ -->\n<title>Fin a la pensi\u00f3n por viudez: el cambio previsional que deja sin protecci\u00f3n a miles de mayores - Diario del Sur<\/title>\n<meta name=\"robots\" content=\"index, follow, max-snippet:-1, max-image-preview:large, max-video-preview:-1\" \/>\n<link rel=\"canonical\" href=\"https:\/\/diariodelsurdigital.com.ar\/?p=3938\" \/>\n<meta property=\"og:locale\" content=\"es_ES\" \/>\n<meta property=\"og:type\" content=\"article\" \/>\n<meta property=\"og:title\" content=\"Fin a la pensi\u00f3n por viudez: el cambio previsional que deja sin protecci\u00f3n a miles de mayores - Diario del Sur\" \/>\n<meta property=\"og:description\" content=\"Desde 2025, un cambio en la normativa previsional modific\u00f3 de forma sustancial el r\u00e9gimen de pensiones por fallecimiento. La Administraci\u00f3n Nacional de la Seguridad Social (ANSES) determin\u00f3 que quienes perciban la Pensi\u00f3n Universal para el Adulto Mayor (PUAM) ya no podr\u00e1n acceder a la pensi\u00f3n por viudez en caso de fallecimiento de su pareja.La medida [&hellip;]\" \/>\n<meta property=\"og:url\" content=\"https:\/\/diariodelsurdigital.com.ar\/?p=3938\" \/>\n<meta property=\"og:site_name\" content=\"Diario del Sur\" \/>\n<meta property=\"article:published_time\" content=\"2025-08-03T19:30:54+00:00\" \/>\n<meta property=\"article:modified_time\" content=\"2025-08-03T19:30:55+00:00\" \/>\n<meta property=\"og:image\" content=\"https:\/\/diariodelsurdigital.com.ar\/wp-content\/uploads\/2025\/08\/pension.jpg\" \/>\n\t<meta property=\"og:image:width\" content=\"960\" \/>\n\t<meta property=\"og:image:height\" content=\"720\" \/>\n\t<meta property=\"og:image:type\" content=\"image\/jpeg\" \/>\n<meta name=\"author\" content=\"Diario del Sur Digital\" \/>\n<meta name=\"twitter:card\" content=\"summary_large_image\" \/>\n<meta name=\"twitter:label1\" content=\"Escrito por\" \/>\n\t<meta name=\"twitter:data1\" content=\"Diario del Sur Digital\" \/>\n\t<meta name=\"twitter:label2\" content=\"Tiempo de lectura\" \/>\n\t<meta name=\"twitter:data2\" content=\"2 minutos\" \/>\n<script type=\"application\/ld+json\" class=\"yoast-schema-graph\">{\"@context\":\"https:\\\/\\\/schema.org\",\"@graph\":[{\"@type\":\"Article\",\"@id\":\"https:\\\/\\\/diariodelsurdigital.com.ar\\\/?p=3938#article\",\"isPartOf\":{\"@id\":\"https:\\\/\\\/diariodelsurdigital.com.ar\\\/?p=3938\"},\"author\":{\"name\":\"Diario del Sur Digital\",\"@id\":\"https:\\\/\\\/diariodelsurdigital.com.ar\\\/#\\\/schema\\\/person\\\/d794acb23337e88c6e4004a39c32be62\"},\"headline\":\"Fin a la pensi\u00f3n por viudez: el cambio previsional que deja sin protecci\u00f3n a miles de mayores\",\"datePublished\":\"2025-08-03T19:30:54+00:00\",\"dateModified\":\"2025-08-03T19:30:55+00:00\",\"mainEntityOfPage\":{\"@id\":\"https:\\\/\\\/diariodelsurdigital.com.ar\\\/?p=3938\"},\"wordCount\":237,\"commentCount\":0,\"image\":{\"@id\":\"https:\\\/\\\/diariodelsurdigital.com.ar\\\/?p=3938#primaryimage\"},\"thumbnailUrl\":\"https:\\\/\\\/diariodelsurdigital.com.ar\\\/wp-content\\\/uploads\\\/2025\\\/08\\\/pension.jpg\",\"articleSection\":[\"Inter\u00e9s General\"],\"inLanguage\":\"es\",\"potentialAction\":[{\"@type\":\"CommentAction\",\"name\":\"Comment\",\"target\":[\"https:\\\/\\\/diariodelsurdigital.com.ar\\\/?p=3938#respond\"]}]},{\"@type\":\"WebPage\",\"@id\":\"https:\\\/\\\/diariodelsurdigital.com.ar\\\/?p=3938\",\"url\":\"https:\\\/\\\/diariodelsurdigital.com.ar\\\/?p=3938\",\"name\":\"Fin a la pensi\u00f3n por viudez: el cambio previsional que deja sin protecci\u00f3n a miles de mayores - Diario del Sur\",\"isPartOf\":{\"@id\":\"https:\\\/\\\/diariodelsurdigital.com.ar\\\/#website\"},\"primaryImageOfPage\":{\"@id\":\"https:\\\/\\\/diariodelsurdigital.com.ar\\\/?p=3938#primaryimage\"},\"image\":{\"@id\":\"https:\\\/\\\/diariodelsurdigital.com.ar\\\/?p=3938#primaryimage\"},\"thumbnailUrl\":\"https:\\\/\\\/diariodelsurdigital.com.ar\\\/wp-content\\\/uploads\\\/2025\\\/08\\\/pension.jpg\",\"datePublished\":\"2025-08-03T19:30:54+00:00\",\"dateModified\":\"2025-08-03T19:30:55+00:00\",\"author\":{\"@id\":\"https:\\\/\\\/diariodelsurdigital.com.ar\\\/#\\\/schema\\\/person\\\/d794acb23337e88c6e4004a39c32be62\"},\"breadcrumb\":{\"@id\":\"https:\\\/\\\/diariodelsurdigital.com.ar\\\/?p=3938#breadcrumb\"},\"inLanguage\":\"es\",\"potentialAction\":[{\"@type\":\"ReadAction\",\"target\":[\"https:\\\/\\\/diariodelsurdigital.com.ar\\\/?p=3938\"]}]},{\"@type\":\"ImageObject\",\"inLanguage\":\"es\",\"@id\":\"https:\\\/\\\/diariodelsurdigital.com.ar\\\/?p=3938#primaryimage\",\"url\":\"https:\\\/\\\/diariodelsurdigital.com.ar\\\/wp-content\\\/uploads\\\/2025\\\/08\\\/pension.jpg\",\"contentUrl\":\"https:\\\/\\\/diariodelsurdigital.com.ar\\\/wp-content\\\/uploads\\\/2025\\\/08\\\/pension.jpg\",\"width\":960,\"height\":720},{\"@type\":\"BreadcrumbList\",\"@id\":\"https:\\\/\\\/diariodelsurdigital.com.ar\\\/?p=3938#breadcrumb\",\"itemListElement\":[{\"@type\":\"ListItem\",\"position\":1,\"name\":\"Portada\",\"item\":\"https:\\\/\\\/diariodelsurdigital.com.ar\\\/\"},{\"@type\":\"ListItem\",\"position\":2,\"name\":\"Fin a la pensi\u00f3n por viudez: el cambio previsional que deja sin protecci\u00f3n a miles de mayores\"}]},{\"@type\":\"WebSite\",\"@id\":\"https:\\\/\\\/diariodelsurdigital.com.ar\\\/#website\",\"url\":\"https:\\\/\\\/diariodelsurdigital.com.ar\\\/\",\"name\":\"Diario del Sur\",\"description\":\"Digital\",\"potentialAction\":[{\"@type\":\"SearchAction\",\"target\":{\"@type\":\"EntryPoint\",\"urlTemplate\":\"https:\\\/\\\/diariodelsurdigital.com.ar\\\/?s={search_term_string}\"},\"query-input\":{\"@type\":\"PropertyValueSpecification\",\"valueRequired\":true,\"valueName\":\"search_term_string\"}}],\"inLanguage\":\"es\"},{\"@type\":\"Person\",\"@id\":\"https:\\\/\\\/diariodelsurdigital.com.ar\\\/#\\\/schema\\\/person\\\/d794acb23337e88c6e4004a39c32be62\",\"name\":\"Diario del Sur Digital\",\"image\":{\"@type\":\"ImageObject\",\"inLanguage\":\"es\",\"@id\":\"https:\\\/\\\/secure.gravatar.com\\\/avatar\\\/47679bcfa15734cfdefc176b6ad58adeeccac22b2e03e095ada6c622af2b463a?s=96&d=mm&r=g\",\"url\":\"https:\\\/\\\/secure.gravatar.com\\\/avatar\\\/47679bcfa15734cfdefc176b6ad58adeeccac22b2e03e095ada6c622af2b463a?s=96&d=mm&r=g\",\"contentUrl\":\"https:\\\/\\\/secure.gravatar.com\\\/avatar\\\/47679bcfa15734cfdefc176b6ad58adeeccac22b2e03e095ada6c622af2b463a?s=96&d=mm&r=g\",\"caption\":\"Diario del Sur Digital\"},\"url\":\"https:\\\/\\\/diariodelsurdigital.com.ar\\\/?author=3\"}]}<\/script>\n<!-- \/ Yoast SEO plugin. -->","yoast_head_json":{"title":"Fin a la pensi\u00f3n por viudez: el cambio previsional que deja sin protecci\u00f3n a miles de mayores - Diario del Sur","robots":{"index":"index","follow":"follow","max-snippet":"max-snippet:-1","max-image-preview":"max-image-preview:large","max-video-preview":"max-video-preview:-1"},"canonical":"https:\/\/diariodelsurdigital.com.ar\/?p=3938","og_locale":"es_ES","og_type":"article","og_title":"Fin a la pensi\u00f3n por viudez: el cambio previsional que deja sin protecci\u00f3n a miles de mayores - Diario del Sur","og_description":"Desde 2025, un cambio en la normativa previsional modific\u00f3 de forma sustancial el r\u00e9gimen de pensiones por fallecimiento. La Administraci\u00f3n Nacional de la Seguridad Social (ANSES) determin\u00f3 que quienes perciban la Pensi\u00f3n Universal para el Adulto Mayor (PUAM) ya no podr\u00e1n acceder a la pensi\u00f3n por viudez en caso de fallecimiento de su pareja.La medida [&hellip;]","og_url":"https:\/\/diariodelsurdigital.com.ar\/?p=3938","og_site_name":"Diario del Sur","article_published_time":"2025-08-03T19:30:54+00:00","article_modified_time":"2025-08-03T19:30:55+00:00","og_image":[{"width":960,"height":720,"url":"https:\/\/diariodelsurdigital.com.ar\/wp-content\/uploads\/2025\/08\/pension.jpg","type":"image\/jpeg"}],"author":"Diario del Sur Digital","twitter_card":"summary_large_image","twitter_misc":{"Escrito por":"Diario del Sur Digital","Tiempo de lectura":"2 minutos"},"schema":{"@context":"https:\/\/schema.org","@graph":[{"@type":"Article","@id":"https:\/\/diariodelsurdigital.com.ar\/?p=3938#article","isPartOf":{"@id":"https:\/\/diariodelsurdigital.com.ar\/?p=3938"},"author":{"name":"Diario del Sur Digital","@id":"https:\/\/diariodelsurdigital.com.ar\/#\/schema\/person\/d794acb23337e88c6e4004a39c32be62"},"headline":"Fin a la pensi\u00f3n por viudez: el cambio previsional que deja sin protecci\u00f3n a miles de mayores","datePublished":"2025-08-03T19:30:54+00:00","dateModified":"2025-08-03T19:30:55+00:00","mainEntityOfPage":{"@id":"https:\/\/diariodelsurdigital.com.ar\/?p=3938"},"wordCount":237,"commentCount":0,"image":{"@id":"https:\/\/diariodelsurdigital.com.ar\/?p=3938#primaryimage"},"thumbnailUrl":"https:\/\/diariodelsurdigital.com.ar\/wp-content\/uploads\/2025\/08\/pension.jpg","articleSection":["Inter\u00e9s General"],"inLanguage":"es","potentialAction":[{"@type":"CommentAction","name":"Comment","target":["https:\/\/diariodelsurdigital.com.ar\/?p=3938#respond"]}]},{"@type":"WebPage","@id":"https:\/\/diariodelsurdigital.com.ar\/?p=3938","url":"https:\/\/diariodelsurdigital.com.ar\/?p=3938","name":"Fin a la pensi\u00f3n por viudez: el cambio previsional que deja sin protecci\u00f3n a miles de mayores - Diario del Sur","isPartOf":{"@id":"https:\/\/diariodelsurdigital.com.ar\/#website"},"primaryImageOfPage":{"@id":"https:\/\/diariodelsurdigital.com.ar\/?p=3938#primaryimage"},"image":{"@id":"https:\/\/diariodelsurdigital.com.ar\/?p=3938#primaryimage"},"thumbnailUrl":"https:\/\/diariodelsurdigital.com.ar\/wp-content\/uploads\/2025\/08\/pension.jpg","datePublished":"2025-08-03T19:30:54+00:00","dateModified":"2025-08-03T19:30:55+00:00","author":{"@id":"https:\/\/diariodelsurdigital.com.ar\/#\/schema\/person\/d794acb23337e88c6e4004a39c32be62"},"breadcrumb":{"@id":"https:\/\/diariodelsurdigital.com.ar\/?p=3938#breadcrumb"},"inLanguage":"es","potentialAction":[{"@type":"ReadAction","target":["https:\/\/diariodelsurdigital.com.ar\/?p=3938"]}]},{"@type":"ImageObject","inLanguage":"es","@id":"https:\/\/diariodelsurdigital.com.ar\/?p=3938#primaryimage","url":"https:\/\/diariodelsurdigital.com.ar\/wp-content\/uploads\/2025\/08\/pension.jpg","contentUrl":"https:\/\/diariodelsurdigital.com.ar\/wp-content\/uploads\/2025\/08\/pension.jpg","width":960,"height":720},{"@type":"BreadcrumbList","@id":"https:\/\/diariodelsurdigital.com.ar\/?p=3938#breadcrumb","itemListElement":[{"@type":"ListItem","position":1,"name":"Portada","item":"https:\/\/diariodelsurdigital.com.ar\/"},{"@type":"ListItem","position":2,"name":"Fin a la pensi\u00f3n por viudez: el cambio previsional que deja sin protecci\u00f3n a miles de mayores"}]},{"@type":"WebSite","@id":"https:\/\/diariodelsurdigital.com.ar\/#website","url":"https:\/\/diariodelsurdigital.com.ar\/","name":"Diario del Sur","description":"Digital","potentialAction":[{"@type":"SearchAction","target":{"@type":"EntryPoint","urlTemplate":"https:\/\/diariodelsurdigital.com.ar\/?s={search_term_string}"},"query-input":{"@type":"PropertyValueSpecification","valueRequired":true,"valueName":"search_term_string"}}],"inLanguage":"es"},{"@type":"Person","@id":"https:\/\/diariodelsurdigital.com.ar\/#\/schema\/person\/d794acb23337e88c6e4004a39c32be62","name":"Diario del Sur Digital","image":{"@type":"ImageObject","inLanguage":"es","@id":"https:\/\/secure.gravatar.com\/avatar\/47679bcfa15734cfdefc176b6ad58adeeccac22b2e03e095ada6c622af2b463a?s=96&d=mm&r=g","url":"https:\/\/secure.gravatar.com\/avatar\/47679bcfa15734cfdefc176b6ad58adeeccac22b2e03e095ada6c622af2b463a?s=96&d=mm&r=g","contentUrl":"https:\/\/secure.gravatar.com\/avatar\/47679bcfa15734cfdefc176b6ad58adeeccac22b2e03e095ada6c622af2b463a?s=96&d=mm&r=g","caption":"Diario del Sur Digital"},"url":"https:\/\/diariodelsurdigital.com.ar\/?author=3"}]}},"_links":{"self":[{"href":"https:\/\/diariodelsurdigital.com.ar\/index.php?rest_route=\/wp\/v2\/posts\/3938","targetHints":{"allow":["GET"]}}],"collection":[{"href":"https:\/\/diariodelsurdigital.com.ar\/index.php?rest_route=\/wp\/v2\/posts"}],"about":[{"href":"https:\/\/diariodelsurdigital.com.ar\/index.php?rest_route=\/wp\/v2\/types\/post"}],"author":[{"embeddable":true,"href":"https:\/\/diariodelsurdigital.com.ar\/index.php?rest_route=\/wp\/v2\/users\/3"}],"replies":[{"embeddable":true,"href":"https:\/\/diariodelsurdigital.com.ar\/index.php?rest_route=%2Fwp%2Fv2%2Fcomments&post=3938"}],"version-history":[{"count":1,"href":"https:\/\/diariodelsurdigital.com.ar\/index.php?rest_route=\/wp\/v2\/posts\/3938\/revisions"}],"predecessor-version":[{"id":3940,"href":"https:\/\/diariodelsurdigital.com.ar\/index.php?rest_route=\/wp\/v2\/posts\/3938\/revisions\/3940"}],"wp:featuredmedia":[{"embeddable":true,"href":"https:\/\/diariodelsurdigital.com.ar\/index.php?rest_route=\/wp\/v2\/media\/3939"}],"wp:attachment":[{"href":"https:\/\/diariodelsurdigital.com.ar\/index.php?rest_route=%2Fwp%2Fv2%2Fmedia&parent=3938"}],"wp:term":[{"taxonomy":"category","embeddable":true,"href":"https:\/\/diariodelsurdigital.com.ar\/index.php?rest_route=%2Fwp%2Fv2%2Fcategories&post=3938"},{"taxonomy":"post_tag","embeddable":true,"href":"https:\/\/diariodelsurdigital.com.ar\/index.php?rest_route=%2Fwp%2Fv2%2Ftags&post=3938"}],"curies":[{"name":"wp","href":"https:\/\/api.w.org\/{rel}","templated":true}]}}