{"id":3941,"date":"2025-08-03T16:33:48","date_gmt":"2025-08-03T19:33:48","guid":{"rendered":"https:\/\/diariodelsurdigital.com.ar\/?p=3941"},"modified":"2025-08-03T16:33:49","modified_gmt":"2025-08-03T19:33:49","slug":"capturaron-en-entre-rios-a-un-hombre-acusado-por-el-homicidio-de-un-curandero-en-cordoba","status":"publish","type":"post","link":"https:\/\/diariodelsurdigital.com.ar\/?p=3941","title":{"rendered":"Capturaron en Entre R\u00edos a un hombre acusado por el homicidio de un curandero en C\u00f3rdoba"},"content":{"rendered":"\n<figure class=\"wp-block-image\"><img decoding=\"async\" src=\"https:\/\/media.elentrerios.com\/fotos-v2\/2025\/08\/03\/l_1754232337.jpg\" alt=\"\" title=\"\"\/><\/figure>\n\n\n\n<p>Acasi una semana del asesinato de Enrique Ortiz, un curandero de 82 a\u00f1os en la localidad cordobesa de Villa Los Aromos, la Polic\u00eda logr\u00f3 detener al segundo sospechoso del crimen. Se trata de Emanuel P\u00e1ez, de 26 a\u00f1os, quien fue localizado en la provincia de Entre R\u00edos en el marco de un operativo conjunto entre las fuerzas de seguridad de ambas jurisdicciones.<\/p>\n\n\n\n<p>Seg\u00fan fuentes ligadas a la investigaci\u00f3n, esta persona se present\u00f3 espont\u00e1neamente en la Jefatura policial de Gualeguay y luego se dio aviso a la Polic\u00eda de C\u00f3rdoba para coordinar el traslado a esa provincia.<\/p>\n\n\n\n<p>P\u00e1ez fue identificado como uno de los presuntos autores del robo seguido de homicidio ocurrido el pasado 30 de julio. Tras su detenci\u00f3n, qued\u00f3 alojado en una comisar\u00eda entrerriana, a la espera de ser trasladado a C\u00f3rdoba. El procedimiento judicial ser\u00e1 coordinado por el fiscal Alejandro Peralta Ottonello, a cargo de la Fiscal\u00eda de Alta Gracia, que lidera la investigaci\u00f3n desde el inicio.<\/p>\n\n\n\n<p>La captura de P\u00e1ez se produjo menos de 24 horas despu\u00e9s de que se confirmara la detenci\u00f3n de Agust\u00edn Montenegro, de 23 a\u00f1os, el primer sospechoso. Montenegro fue arrestado en una peluquer\u00eda del barrio General Bustos, en Alta Gracia, mientras esperaba su turno para cortarse el cabello. Seg\u00fan fuentes policiales, el joven tiene antecedentes por robo.<\/p>\n\n\n\n<p>Ambos detenidos est\u00e1n se\u00f1alados como coautores del crimen de Ortiz, cuyo cuerpo fue hallado atado y golpeado en su vivienda de Villa Los Aromos, en el Departamento Santa Mar\u00eda. El hecho ocurri\u00f3 durante la ma\u00f1ana del mi\u00e9rcoles 30 de julio y fue descubierto por un vecino, quien ingres\u00f3 a la casa ubicada en calle Los Eucaliptos al 700 y alert\u00f3 a la polic\u00eda.<\/p>\n\n\n\n<p>En el lugar intervino personal de la Departamental Santa Mar\u00eda, la Divisi\u00f3n Homicidios y agentes de seguridad comunal. La casa estaba completamente desordenada, lo que llev\u00f3 a las autoridades a manejar la hip\u00f3tesis de un homicidio en ocasi\u00f3n de robo.<\/p>\n\n\n\n<p>Seg\u00fan declar\u00f3 un sobrino de la v\u00edctima, la puerta del domicilio estaba abierta y la llave hab\u00eda quedado colocada por fuera. Adem\u00e1s, mencion\u00f3 que Ortiz habr\u00eda iniciado una relaci\u00f3n sentimental semanas antes del crimen. Otro dato que llam\u00f3 la atenci\u00f3n de los investigadores fue que el hombre ten\u00eda intenciones de comprar un autom\u00f3vil, lo cual podr\u00eda haber generado sospechas sobre la existencia de dinero en efectivo.<\/p>\n\n\n\n<p>En paralelo, vecinos de la zona aseguraron que Ortiz se encontraba en buen estado de salud y no presentaba signos de vulnerabilidad. El Ministerio P\u00fablico Fiscal (MPF) dispuso diversos peritajes y mantiene abiertas varias l\u00edneas de investigaci\u00f3n. Tambi\u00e9n se revisan c\u00e1maras de seguridad de la zona para obtener registros que permitan esclarecer lo ocurrido.<\/p>\n\n\n\n<p>Fuente: El Entre Rios<\/p>\n","protected":false},"excerpt":{"rendered":"<p>Acasi una semana del asesinato de Enrique Ortiz, un curandero de 82 a\u00f1os en la localidad cordobesa de Villa Los Aromos, la Polic\u00eda logr\u00f3 detener al segundo sospechoso del crimen. Se trata de Emanuel P\u00e1ez, de 26 a\u00f1os, quien fue localizado en la provincia de Entre R\u00edos en el marco de un operativo conjunto entre [&hellip;]<\/p>\n","protected":false},"author":3,"featured_media":3942,"comment_status":"open","ping_status":"open","sticky":false,"template":"","format":"standard","meta":{"footnotes":""},"categories":[21,17],"tags":[],"class_list":{"0":"post-3941","1":"post","2":"type-post","3":"status-publish","4":"format-standard","5":"has-post-thumbnail","7":"category-policiales","8":"category-provinciales"},"yoast_head":"<!-- This site is optimized with the Yoast SEO plugin v27.4 - https:\/\/yoast.com\/product\/yoast-seo-wordpress\/ -->\n<title>Capturaron en Entre R\u00edos a un hombre acusado por el homicidio de un curandero en C\u00f3rdoba - Diario del Sur<\/title>\n<meta name=\"robots\" content=\"index, follow, max-snippet:-1, max-image-preview:large, max-video-preview:-1\" \/>\n<link rel=\"canonical\" href=\"https:\/\/diariodelsurdigital.com.ar\/?p=3941\" \/>\n<meta property=\"og:locale\" content=\"es_ES\" \/>\n<meta property=\"og:type\" content=\"article\" \/>\n<meta property=\"og:title\" content=\"Capturaron en Entre R\u00edos a un hombre acusado por el homicidio de un curandero en C\u00f3rdoba - Diario del Sur\" \/>\n<meta property=\"og:description\" content=\"Acasi una semana del asesinato de Enrique Ortiz, un curandero de 82 a\u00f1os en la localidad cordobesa de Villa Los Aromos, la Polic\u00eda logr\u00f3 detener al segundo sospechoso del crimen. Se trata de Emanuel P\u00e1ez, de 26 a\u00f1os, quien fue localizado en la provincia de Entre R\u00edos en el marco de un operativo conjunto entre [&hellip;]\" \/>\n<meta property=\"og:url\" content=\"https:\/\/diariodelsurdigital.com.ar\/?p=3941\" \/>\n<meta property=\"og:site_name\" content=\"Diario del Sur\" \/>\n<meta property=\"article:published_time\" content=\"2025-08-03T19:33:48+00:00\" \/>\n<meta property=\"article:modified_time\" content=\"2025-08-03T19:33:49+00:00\" \/>\n<meta property=\"og:image\" content=\"https:\/\/diariodelsurdigital.com.ar\/wp-content\/uploads\/2025\/08\/l_1754232337.jpg\" \/>\n\t<meta property=\"og:image:width\" content=\"870\" \/>\n\t<meta property=\"og:image:height\" content=\"580\" \/>\n\t<meta property=\"og:image:type\" content=\"image\/jpeg\" \/>\n<meta name=\"author\" content=\"Diario del Sur Digital\" \/>\n<meta name=\"twitter:card\" content=\"summary_large_image\" \/>\n<meta name=\"twitter:label1\" content=\"Escrito por\" \/>\n\t<meta name=\"twitter:data1\" content=\"Diario del Sur Digital\" \/>\n\t<meta name=\"twitter:label2\" content=\"Tiempo de lectura\" \/>\n\t<meta name=\"twitter:data2\" content=\"3 minutos\" \/>\n<script type=\"application\/ld+json\" class=\"yoast-schema-graph\">{\"@context\":\"https:\\\/\\\/schema.org\",\"@graph\":[{\"@type\":\"Article\",\"@id\":\"https:\\\/\\\/diariodelsurdigital.com.ar\\\/?p=3941#article\",\"isPartOf\":{\"@id\":\"https:\\\/\\\/diariodelsurdigital.com.ar\\\/?p=3941\"},\"author\":{\"name\":\"Diario del Sur Digital\",\"@id\":\"https:\\\/\\\/diariodelsurdigital.com.ar\\\/#\\\/schema\\\/person\\\/d794acb23337e88c6e4004a39c32be62\"},\"headline\":\"Capturaron en Entre R\u00edos a un hombre acusado por el homicidio de un curandero en C\u00f3rdoba\",\"datePublished\":\"2025-08-03T19:33:48+00:00\",\"dateModified\":\"2025-08-03T19:33:49+00:00\",\"mainEntityOfPage\":{\"@id\":\"https:\\\/\\\/diariodelsurdigital.com.ar\\\/?p=3941\"},\"wordCount\":501,\"commentCount\":0,\"image\":{\"@id\":\"https:\\\/\\\/diariodelsurdigital.com.ar\\\/?p=3941#primaryimage\"},\"thumbnailUrl\":\"https:\\\/\\\/diariodelsurdigital.com.ar\\\/wp-content\\\/uploads\\\/2025\\\/08\\\/l_1754232337.jpg\",\"articleSection\":[\"Policiales\",\"Provinciales\"],\"inLanguage\":\"es\",\"potentialAction\":[{\"@type\":\"CommentAction\",\"name\":\"Comment\",\"target\":[\"https:\\\/\\\/diariodelsurdigital.com.ar\\\/?p=3941#respond\"]}]},{\"@type\":\"WebPage\",\"@id\":\"https:\\\/\\\/diariodelsurdigital.com.ar\\\/?p=3941\",\"url\":\"https:\\\/\\\/diariodelsurdigital.com.ar\\\/?p=3941\",\"name\":\"Capturaron en Entre R\u00edos a un hombre acusado por el homicidio de un curandero en C\u00f3rdoba - Diario del Sur\",\"isPartOf\":{\"@id\":\"https:\\\/\\\/diariodelsurdigital.com.ar\\\/#website\"},\"primaryImageOfPage\":{\"@id\":\"https:\\\/\\\/diariodelsurdigital.com.ar\\\/?p=3941#primaryimage\"},\"image\":{\"@id\":\"https:\\\/\\\/diariodelsurdigital.com.ar\\\/?p=3941#primaryimage\"},\"thumbnailUrl\":\"https:\\\/\\\/diariodelsurdigital.com.ar\\\/wp-content\\\/uploads\\\/2025\\\/08\\\/l_1754232337.jpg\",\"datePublished\":\"2025-08-03T19:33:48+00:00\",\"dateModified\":\"2025-08-03T19:33:49+00:00\",\"author\":{\"@id\":\"https:\\\/\\\/diariodelsurdigital.com.ar\\\/#\\\/schema\\\/person\\\/d794acb23337e88c6e4004a39c32be62\"},\"breadcrumb\":{\"@id\":\"https:\\\/\\\/diariodelsurdigital.com.ar\\\/?p=3941#breadcrumb\"},\"inLanguage\":\"es\",\"potentialAction\":[{\"@type\":\"ReadAction\",\"target\":[\"https:\\\/\\\/diariodelsurdigital.com.ar\\\/?p=3941\"]}]},{\"@type\":\"ImageObject\",\"inLanguage\":\"es\",\"@id\":\"https:\\\/\\\/diariodelsurdigital.com.ar\\\/?p=3941#primaryimage\",\"url\":\"https:\\\/\\\/diariodelsurdigital.com.ar\\\/wp-content\\\/uploads\\\/2025\\\/08\\\/l_1754232337.jpg\",\"contentUrl\":\"https:\\\/\\\/diariodelsurdigital.com.ar\\\/wp-content\\\/uploads\\\/2025\\\/08\\\/l_1754232337.jpg\",\"width\":870,\"height\":580},{\"@type\":\"BreadcrumbList\",\"@id\":\"https:\\\/\\\/diariodelsurdigital.com.ar\\\/?p=3941#breadcrumb\",\"itemListElement\":[{\"@type\":\"ListItem\",\"position\":1,\"name\":\"Portada\",\"item\":\"https:\\\/\\\/diariodelsurdigital.com.ar\\\/\"},{\"@type\":\"ListItem\",\"position\":2,\"name\":\"Capturaron en Entre R\u00edos a un hombre acusado por el homicidio de un curandero en C\u00f3rdoba\"}]},{\"@type\":\"WebSite\",\"@id\":\"https:\\\/\\\/diariodelsurdigital.com.ar\\\/#website\",\"url\":\"https:\\\/\\\/diariodelsurdigital.com.ar\\\/\",\"name\":\"Diario del Sur\",\"description\":\"Digital\",\"potentialAction\":[{\"@type\":\"SearchAction\",\"target\":{\"@type\":\"EntryPoint\",\"urlTemplate\":\"https:\\\/\\\/diariodelsurdigital.com.ar\\\/?s={search_term_string}\"},\"query-input\":{\"@type\":\"PropertyValueSpecification\",\"valueRequired\":true,\"valueName\":\"search_term_string\"}}],\"inLanguage\":\"es\"},{\"@type\":\"Person\",\"@id\":\"https:\\\/\\\/diariodelsurdigital.com.ar\\\/#\\\/schema\\\/person\\\/d794acb23337e88c6e4004a39c32be62\",\"name\":\"Diario del Sur Digital\",\"image\":{\"@type\":\"ImageObject\",\"inLanguage\":\"es\",\"@id\":\"https:\\\/\\\/secure.gravatar.com\\\/avatar\\\/47679bcfa15734cfdefc176b6ad58adeeccac22b2e03e095ada6c622af2b463a?s=96&d=mm&r=g\",\"url\":\"https:\\\/\\\/secure.gravatar.com\\\/avatar\\\/47679bcfa15734cfdefc176b6ad58adeeccac22b2e03e095ada6c622af2b463a?s=96&d=mm&r=g\",\"contentUrl\":\"https:\\\/\\\/secure.gravatar.com\\\/avatar\\\/47679bcfa15734cfdefc176b6ad58adeeccac22b2e03e095ada6c622af2b463a?s=96&d=mm&r=g\",\"caption\":\"Diario del Sur Digital\"},\"url\":\"https:\\\/\\\/diariodelsurdigital.com.ar\\\/?author=3\"}]}<\/script>\n<!-- \/ Yoast SEO plugin. -->","yoast_head_json":{"title":"Capturaron en Entre R\u00edos a un hombre acusado por el homicidio de un curandero en C\u00f3rdoba - Diario del Sur","robots":{"index":"index","follow":"follow","max-snippet":"max-snippet:-1","max-image-preview":"max-image-preview:large","max-video-preview":"max-video-preview:-1"},"canonical":"https:\/\/diariodelsurdigital.com.ar\/?p=3941","og_locale":"es_ES","og_type":"article","og_title":"Capturaron en Entre R\u00edos a un hombre acusado por el homicidio de un curandero en C\u00f3rdoba - Diario del Sur","og_description":"Acasi una semana del asesinato de Enrique Ortiz, un curandero de 82 a\u00f1os en la localidad cordobesa de Villa Los Aromos, la Polic\u00eda logr\u00f3 detener al segundo sospechoso del crimen. Se trata de Emanuel P\u00e1ez, de 26 a\u00f1os, quien fue localizado en la provincia de Entre R\u00edos en el marco de un operativo conjunto entre [&hellip;]","og_url":"https:\/\/diariodelsurdigital.com.ar\/?p=3941","og_site_name":"Diario del Sur","article_published_time":"2025-08-03T19:33:48+00:00","article_modified_time":"2025-08-03T19:33:49+00:00","og_image":[{"width":870,"height":580,"url":"https:\/\/diariodelsurdigital.com.ar\/wp-content\/uploads\/2025\/08\/l_1754232337.jpg","type":"image\/jpeg"}],"author":"Diario del Sur Digital","twitter_card":"summary_large_image","twitter_misc":{"Escrito por":"Diario del Sur Digital","Tiempo de lectura":"3 minutos"},"schema":{"@context":"https:\/\/schema.org","@graph":[{"@type":"Article","@id":"https:\/\/diariodelsurdigital.com.ar\/?p=3941#article","isPartOf":{"@id":"https:\/\/diariodelsurdigital.com.ar\/?p=3941"},"author":{"name":"Diario del Sur Digital","@id":"https:\/\/diariodelsurdigital.com.ar\/#\/schema\/person\/d794acb23337e88c6e4004a39c32be62"},"headline":"Capturaron en Entre R\u00edos a un hombre acusado por el homicidio de un curandero en C\u00f3rdoba","datePublished":"2025-08-03T19:33:48+00:00","dateModified":"2025-08-03T19:33:49+00:00","mainEntityOfPage":{"@id":"https:\/\/diariodelsurdigital.com.ar\/?p=3941"},"wordCount":501,"commentCount":0,"image":{"@id":"https:\/\/diariodelsurdigital.com.ar\/?p=3941#primaryimage"},"thumbnailUrl":"https:\/\/diariodelsurdigital.com.ar\/wp-content\/uploads\/2025\/08\/l_1754232337.jpg","articleSection":["Policiales","Provinciales"],"inLanguage":"es","potentialAction":[{"@type":"CommentAction","name":"Comment","target":["https:\/\/diariodelsurdigital.com.ar\/?p=3941#respond"]}]},{"@type":"WebPage","@id":"https:\/\/diariodelsurdigital.com.ar\/?p=3941","url":"https:\/\/diariodelsurdigital.com.ar\/?p=3941","name":"Capturaron en Entre R\u00edos a un hombre acusado por el homicidio de un curandero en C\u00f3rdoba - Diario del Sur","isPartOf":{"@id":"https:\/\/diariodelsurdigital.com.ar\/#website"},"primaryImageOfPage":{"@id":"https:\/\/diariodelsurdigital.com.ar\/?p=3941#primaryimage"},"image":{"@id":"https:\/\/diariodelsurdigital.com.ar\/?p=3941#primaryimage"},"thumbnailUrl":"https:\/\/diariodelsurdigital.com.ar\/wp-content\/uploads\/2025\/08\/l_1754232337.jpg","datePublished":"2025-08-03T19:33:48+00:00","dateModified":"2025-08-03T19:33:49+00:00","author":{"@id":"https:\/\/diariodelsurdigital.com.ar\/#\/schema\/person\/d794acb23337e88c6e4004a39c32be62"},"breadcrumb":{"@id":"https:\/\/diariodelsurdigital.com.ar\/?p=3941#breadcrumb"},"inLanguage":"es","potentialAction":[{"@type":"ReadAction","target":["https:\/\/diariodelsurdigital.com.ar\/?p=3941"]}]},{"@type":"ImageObject","inLanguage":"es","@id":"https:\/\/diariodelsurdigital.com.ar\/?p=3941#primaryimage","url":"https:\/\/diariodelsurdigital.com.ar\/wp-content\/uploads\/2025\/08\/l_1754232337.jpg","contentUrl":"https:\/\/diariodelsurdigital.com.ar\/wp-content\/uploads\/2025\/08\/l_1754232337.jpg","width":870,"height":580},{"@type":"BreadcrumbList","@id":"https:\/\/diariodelsurdigital.com.ar\/?p=3941#breadcrumb","itemListElement":[{"@type":"ListItem","position":1,"name":"Portada","item":"https:\/\/diariodelsurdigital.com.ar\/"},{"@type":"ListItem","position":2,"name":"Capturaron en Entre R\u00edos a un hombre acusado por el homicidio de un curandero en C\u00f3rdoba"}]},{"@type":"WebSite","@id":"https:\/\/diariodelsurdigital.com.ar\/#website","url":"https:\/\/diariodelsurdigital.com.ar\/","name":"Diario del Sur","description":"Digital","potentialAction":[{"@type":"SearchAction","target":{"@type":"EntryPoint","urlTemplate":"https:\/\/diariodelsurdigital.com.ar\/?s={search_term_string}"},"query-input":{"@type":"PropertyValueSpecification","valueRequired":true,"valueName":"search_term_string"}}],"inLanguage":"es"},{"@type":"Person","@id":"https:\/\/diariodelsurdigital.com.ar\/#\/schema\/person\/d794acb23337e88c6e4004a39c32be62","name":"Diario del Sur Digital","image":{"@type":"ImageObject","inLanguage":"es","@id":"https:\/\/secure.gravatar.com\/avatar\/47679bcfa15734cfdefc176b6ad58adeeccac22b2e03e095ada6c622af2b463a?s=96&d=mm&r=g","url":"https:\/\/secure.gravatar.com\/avatar\/47679bcfa15734cfdefc176b6ad58adeeccac22b2e03e095ada6c622af2b463a?s=96&d=mm&r=g","contentUrl":"https:\/\/secure.gravatar.com\/avatar\/47679bcfa15734cfdefc176b6ad58adeeccac22b2e03e095ada6c622af2b463a?s=96&d=mm&r=g","caption":"Diario del Sur Digital"},"url":"https:\/\/diariodelsurdigital.com.ar\/?author=3"}]}},"_links":{"self":[{"href":"https:\/\/diariodelsurdigital.com.ar\/index.php?rest_route=\/wp\/v2\/posts\/3941","targetHints":{"allow":["GET"]}}],"collection":[{"href":"https:\/\/diariodelsurdigital.com.ar\/index.php?rest_route=\/wp\/v2\/posts"}],"about":[{"href":"https:\/\/diariodelsurdigital.com.ar\/index.php?rest_route=\/wp\/v2\/types\/post"}],"author":[{"embeddable":true,"href":"https:\/\/diariodelsurdigital.com.ar\/index.php?rest_route=\/wp\/v2\/users\/3"}],"replies":[{"embeddable":true,"href":"https:\/\/diariodelsurdigital.com.ar\/index.php?rest_route=%2Fwp%2Fv2%2Fcomments&post=3941"}],"version-history":[{"count":1,"href":"https:\/\/diariodelsurdigital.com.ar\/index.php?rest_route=\/wp\/v2\/posts\/3941\/revisions"}],"predecessor-version":[{"id":3943,"href":"https:\/\/diariodelsurdigital.com.ar\/index.php?rest_route=\/wp\/v2\/posts\/3941\/revisions\/3943"}],"wp:featuredmedia":[{"embeddable":true,"href":"https:\/\/diariodelsurdigital.com.ar\/index.php?rest_route=\/wp\/v2\/media\/3942"}],"wp:attachment":[{"href":"https:\/\/diariodelsurdigital.com.ar\/index.php?rest_route=%2Fwp%2Fv2%2Fmedia&parent=3941"}],"wp:term":[{"taxonomy":"category","embeddable":true,"href":"https:\/\/diariodelsurdigital.com.ar\/index.php?rest_route=%2Fwp%2Fv2%2Fcategories&post=3941"},{"taxonomy":"post_tag","embeddable":true,"href":"https:\/\/diariodelsurdigital.com.ar\/index.php?rest_route=%2Fwp%2Fv2%2Ftags&post=3941"}],"curies":[{"name":"wp","href":"https:\/\/api.w.org\/{rel}","templated":true}]}}