{"id":3945,"date":"2025-08-04T14:47:27","date_gmt":"2025-08-04T17:47:27","guid":{"rendered":"https:\/\/diariodelsurdigital.com.ar\/?p=3945"},"modified":"2025-08-04T14:47:28","modified_gmt":"2025-08-04T17:47:28","slug":"derrumbe-en-una-mina-de-cobre-en-chile-un-hombre-murio-y-cinco-trabajadores-quedaron-atrapados","status":"publish","type":"post","link":"https:\/\/diariodelsurdigital.com.ar\/?p=3945","title":{"rendered":"Derrumbe en una mina de cobre en Chile: un hombre muri\u00f3 y cinco trabajadores quedaron atrapados"},"content":{"rendered":"\n<p>Ocurri\u00f3 en la zona de \u201cEl Teniente\u201d, el yacimiento subterr\u00e1neo m\u00e1s grande del mundo, en Rancagua ubicado en la regi\u00f3n de O\u2019Higgins, en el centro de Chile. La tragedia se desencaden\u00f3 despu\u00e9s de que un terremoto de magnitud 4,3 afectara la estructura.<\/p>\n\n\n\n<p>El sismo se registr\u00f3 a las 17:34, con epicentro a 36 kil\u00f3metros al noreste de Rancagua, regi\u00f3n de O\u2019Higgins, y afect\u00f3 al sector Andesita de la Divisi\u00f3n El Teniente, inform\u00f3 el diario BiobioChile. Adem\u00e1s, otros nueve trabajadores resultaron heridos.<\/p>\n\n\n\n<p>En la tragedia, muri\u00f3 un minero identificado como Paulo Mar\u00edn Tapia, empleado de la empresa Salfa Montajes. Mar\u00edn Tapia participaba en el Proyecto Andesita, una iniciativa estructural impulsada por la Corporaci\u00f3n Nacional del Cobre (Codelco) que contempla la construcci\u00f3n de t\u00faneles, la habilitaci\u00f3n de puntos de extracci\u00f3n, piques de extracci\u00f3n y otras obras complementarias en la mina \u201cEl Teniente\u201d<\/p>\n\n\n\n<p>En tanto, los cinco mineros desaparecidos tras el derrumbe son Mois\u00e9s Pavez Armijo, Gonzalo N\u00fa\u00f1ez Caroca, Alex Araya Acevedo, Jean Miranda Ibaceta y Carlos Arancibia Valenzuela, seg\u00fan confirm\u00f3 la Constructora Gardilcic en un comunicado que cit\u00f3 el diario chileno.<\/p>\n\n\n\n<p>El presidente chileno, Gabriel Boric, difundi\u00f3 a trav\u00e9s de X su mensaje de condolencias a la familia de la v\u00edctima. \u201cMis m\u00e1s sentidas condolencias a la familia, amigos y compa\u00f1eros de Paulo Mar\u00edn Tapia (\u2026), que lamentablemente falleci\u00f3 en un accidente en la mina. A sus seres queridos y compa\u00f1eros de faena, mi abrazo en este dif\u00edcil momento\u201d, escribi\u00f3.<\/p>\n\n\n\n<p>Adem\u00e1s, resalt\u00f3 que el gobierno dispuso \u201cdesde el primer minuto todos los recursos y esfuerzos en la b\u00fasqueda de los cinco trabajadores con los que a\u00fan no se tiene contacto\u201d y concluy\u00f3: \u201cHe instruido a la ministra de Miner\u00eda, Aurora Williams, estar en la zona para coordinar en terreno todas las acciones necesarias. Haremos todo lo que est\u00e1 a nuestro alcance para encontrarlos\u201d.<\/p>\n\n\n\n<p>Rescatistas de la tragedia de 2010 se sumaron a la b\u00fasqueda de los mineros<\/p>\n\n\n\n<p>Rescatistas con experiencia en salvamento de los 33 mineros atrapados 69 d\u00edas en 2010 se sumaron a las labores de b\u00fasqueda de los cinco hombres desaparecidos desde la tarde del jueves en una mina de cobre del centro de Chile.<\/p>\n\n\n\n<p>Frente a la entrada de la mina El Teniente, situada en la localidad de Machal\u00ed, a unos 130 kil\u00f3metros al sur de Santiago de Chile, familiares y trabajadores de empresas concesionarias esperan que la tragedia acabe con el mismo resultado del accidente en la mina San Jos\u00e9 en 2010.<\/p>\n\n\n\n<p>\u201cEl equipo especializado de trabajo de alto riego se encuentra en plena coordinaci\u00f3n con los brigadistas rescatistas de la Divisi\u00f3n El Teniente para poder llegar al lugar donde se encontrar\u00edan las cinco personas desaparecidas\u201d, explic\u00f3 a la prensa el subprefecto Juan Reyes Guti\u00e9rrez.<\/p>\n\n\n\n<p>El operativo de rescate se da en medio de las cr\u00edticas de grupos de trabajadores que responsabilizan del hecho a Codelco, la primera cupr\u00edfera del mundo y propietaria de la explotaci\u00f3n.<\/p>\n\n\n\n<p>Hasta el momento, se desconoce el estado de salud de los cinco mineros ya que no han logrado establecer contacto con ellos.<\/p>\n\n\n\n<p>Seg\u00fan explic\u00f3 un trabajador al canal de televisi\u00f3n CNN-Chile, sus compa\u00f1eros est\u00e1n en una zona de dif\u00edcil acceso y alta complejidad, pero con los insumos necesarios para sobrevivir por un tiempo.<\/p>\n\n\n\n<p>\u201cEn ese sector, que es de alta complejidad para trabajar, existen refugios mineros para aproximadamente veinte personas, con todo su equipamiento: ox\u00edgeno, agua, comida\u2026 de todo para estar un par de d\u00edas en caso de que no puedan ser encontrados\u201d, se\u00f1al\u00f3 el minero.<\/p>\n\n\n\n<p>Los cinco desaparecidos estar\u00edan a unos 500 metros de profundidad, en el sector Andesita de la Divisi\u00f3n El Teniente, y su localizaci\u00f3n exacta se conocer\u00eda con un georradar.<\/p>\n","protected":false},"excerpt":{"rendered":"<p>Ocurri\u00f3 en la zona de \u201cEl Teniente\u201d, el yacimiento subterr\u00e1neo m\u00e1s grande del mundo, en Rancagua ubicado en la regi\u00f3n de O\u2019Higgins, en el centro de Chile. La tragedia se desencaden\u00f3 despu\u00e9s de que un terremoto de magnitud 4,3 afectara la estructura. El sismo se registr\u00f3 a las 17:34, con epicentro a 36 kil\u00f3metros al [&hellip;]<\/p>\n","protected":false},"author":4,"featured_media":3946,"comment_status":"open","ping_status":"open","sticky":false,"template":"","format":"standard","meta":{"footnotes":""},"categories":[20],"tags":[],"class_list":{"0":"post-3945","1":"post","2":"type-post","3":"status-publish","4":"format-standard","5":"has-post-thumbnail","7":"category-internacionales"},"yoast_head":"<!-- This site is optimized with the Yoast SEO plugin v27.4 - https:\/\/yoast.com\/product\/yoast-seo-wordpress\/ -->\n<title>Derrumbe en una mina de cobre en Chile: un hombre muri\u00f3 y cinco trabajadores quedaron atrapados - Diario del Sur<\/title>\n<meta name=\"robots\" content=\"index, follow, max-snippet:-1, max-image-preview:large, max-video-preview:-1\" \/>\n<link rel=\"canonical\" href=\"https:\/\/diariodelsurdigital.com.ar\/?p=3945\" \/>\n<meta property=\"og:locale\" content=\"es_ES\" \/>\n<meta property=\"og:type\" content=\"article\" \/>\n<meta property=\"og:title\" content=\"Derrumbe en una mina de cobre en Chile: un hombre muri\u00f3 y cinco trabajadores quedaron atrapados - Diario del Sur\" \/>\n<meta property=\"og:description\" content=\"Ocurri\u00f3 en la zona de \u201cEl Teniente\u201d, el yacimiento subterr\u00e1neo m\u00e1s grande del mundo, en Rancagua ubicado en la regi\u00f3n de O\u2019Higgins, en el centro de Chile. La tragedia se desencaden\u00f3 despu\u00e9s de que un terremoto de magnitud 4,3 afectara la estructura. El sismo se registr\u00f3 a las 17:34, con epicentro a 36 kil\u00f3metros al [&hellip;]\" \/>\n<meta property=\"og:url\" content=\"https:\/\/diariodelsurdigital.com.ar\/?p=3945\" \/>\n<meta property=\"og:site_name\" content=\"Diario del Sur\" \/>\n<meta property=\"article:published_time\" content=\"2025-08-04T17:47:27+00:00\" \/>\n<meta property=\"article:modified_time\" content=\"2025-08-04T17:47:28+00:00\" \/>\n<meta property=\"og:image\" content=\"https:\/\/diariodelsurdigital.com.ar\/wp-content\/uploads\/2025\/08\/md-53.webp\" \/>\n\t<meta property=\"og:image:width\" content=\"992\" \/>\n\t<meta property=\"og:image:height\" content=\"558\" \/>\n\t<meta property=\"og:image:type\" content=\"image\/webp\" \/>\n<meta name=\"author\" content=\"Diario del Sur Digital\" \/>\n<meta name=\"twitter:card\" content=\"summary_large_image\" \/>\n<meta name=\"twitter:label1\" content=\"Escrito por\" \/>\n\t<meta name=\"twitter:data1\" content=\"Diario del Sur Digital\" \/>\n\t<meta name=\"twitter:label2\" content=\"Tiempo de lectura\" \/>\n\t<meta name=\"twitter:data2\" content=\"3 minutos\" \/>\n<script type=\"application\/ld+json\" class=\"yoast-schema-graph\">{\"@context\":\"https:\\\/\\\/schema.org\",\"@graph\":[{\"@type\":\"Article\",\"@id\":\"https:\\\/\\\/diariodelsurdigital.com.ar\\\/?p=3945#article\",\"isPartOf\":{\"@id\":\"https:\\\/\\\/diariodelsurdigital.com.ar\\\/?p=3945\"},\"author\":{\"name\":\"Diario del Sur Digital\",\"@id\":\"https:\\\/\\\/diariodelsurdigital.com.ar\\\/#\\\/schema\\\/person\\\/1a4992532ed62965c968031b49195c81\"},\"headline\":\"Derrumbe en una mina de cobre en Chile: un hombre muri\u00f3 y cinco trabajadores quedaron atrapados\",\"datePublished\":\"2025-08-04T17:47:27+00:00\",\"dateModified\":\"2025-08-04T17:47:28+00:00\",\"mainEntityOfPage\":{\"@id\":\"https:\\\/\\\/diariodelsurdigital.com.ar\\\/?p=3945\"},\"wordCount\":662,\"commentCount\":0,\"image\":{\"@id\":\"https:\\\/\\\/diariodelsurdigital.com.ar\\\/?p=3945#primaryimage\"},\"thumbnailUrl\":\"https:\\\/\\\/diariodelsurdigital.com.ar\\\/wp-content\\\/uploads\\\/2025\\\/08\\\/md-53.webp\",\"articleSection\":[\"Internacionales\"],\"inLanguage\":\"es\",\"potentialAction\":[{\"@type\":\"CommentAction\",\"name\":\"Comment\",\"target\":[\"https:\\\/\\\/diariodelsurdigital.com.ar\\\/?p=3945#respond\"]}]},{\"@type\":\"WebPage\",\"@id\":\"https:\\\/\\\/diariodelsurdigital.com.ar\\\/?p=3945\",\"url\":\"https:\\\/\\\/diariodelsurdigital.com.ar\\\/?p=3945\",\"name\":\"Derrumbe en una mina de cobre en Chile: un hombre muri\u00f3 y cinco trabajadores quedaron atrapados - Diario del Sur\",\"isPartOf\":{\"@id\":\"https:\\\/\\\/diariodelsurdigital.com.ar\\\/#website\"},\"primaryImageOfPage\":{\"@id\":\"https:\\\/\\\/diariodelsurdigital.com.ar\\\/?p=3945#primaryimage\"},\"image\":{\"@id\":\"https:\\\/\\\/diariodelsurdigital.com.ar\\\/?p=3945#primaryimage\"},\"thumbnailUrl\":\"https:\\\/\\\/diariodelsurdigital.com.ar\\\/wp-content\\\/uploads\\\/2025\\\/08\\\/md-53.webp\",\"datePublished\":\"2025-08-04T17:47:27+00:00\",\"dateModified\":\"2025-08-04T17:47:28+00:00\",\"author\":{\"@id\":\"https:\\\/\\\/diariodelsurdigital.com.ar\\\/#\\\/schema\\\/person\\\/1a4992532ed62965c968031b49195c81\"},\"breadcrumb\":{\"@id\":\"https:\\\/\\\/diariodelsurdigital.com.ar\\\/?p=3945#breadcrumb\"},\"inLanguage\":\"es\",\"potentialAction\":[{\"@type\":\"ReadAction\",\"target\":[\"https:\\\/\\\/diariodelsurdigital.com.ar\\\/?p=3945\"]}]},{\"@type\":\"ImageObject\",\"inLanguage\":\"es\",\"@id\":\"https:\\\/\\\/diariodelsurdigital.com.ar\\\/?p=3945#primaryimage\",\"url\":\"https:\\\/\\\/diariodelsurdigital.com.ar\\\/wp-content\\\/uploads\\\/2025\\\/08\\\/md-53.webp\",\"contentUrl\":\"https:\\\/\\\/diariodelsurdigital.com.ar\\\/wp-content\\\/uploads\\\/2025\\\/08\\\/md-53.webp\",\"width\":992,\"height\":558},{\"@type\":\"BreadcrumbList\",\"@id\":\"https:\\\/\\\/diariodelsurdigital.com.ar\\\/?p=3945#breadcrumb\",\"itemListElement\":[{\"@type\":\"ListItem\",\"position\":1,\"name\":\"Portada\",\"item\":\"https:\\\/\\\/diariodelsurdigital.com.ar\\\/\"},{\"@type\":\"ListItem\",\"position\":2,\"name\":\"Derrumbe en una mina de cobre en Chile: un hombre muri\u00f3 y cinco trabajadores quedaron atrapados\"}]},{\"@type\":\"WebSite\",\"@id\":\"https:\\\/\\\/diariodelsurdigital.com.ar\\\/#website\",\"url\":\"https:\\\/\\\/diariodelsurdigital.com.ar\\\/\",\"name\":\"Diario del Sur\",\"description\":\"Digital\",\"potentialAction\":[{\"@type\":\"SearchAction\",\"target\":{\"@type\":\"EntryPoint\",\"urlTemplate\":\"https:\\\/\\\/diariodelsurdigital.com.ar\\\/?s={search_term_string}\"},\"query-input\":{\"@type\":\"PropertyValueSpecification\",\"valueRequired\":true,\"valueName\":\"search_term_string\"}}],\"inLanguage\":\"es\"},{\"@type\":\"Person\",\"@id\":\"https:\\\/\\\/diariodelsurdigital.com.ar\\\/#\\\/schema\\\/person\\\/1a4992532ed62965c968031b49195c81\",\"name\":\"Diario del Sur Digital\",\"image\":{\"@type\":\"ImageObject\",\"inLanguage\":\"es\",\"@id\":\"https:\\\/\\\/secure.gravatar.com\\\/avatar\\\/f0c7c47fc7146d19828273b9b8eda651c9c7ab583767e6338d3d3bee825adf76?s=96&d=mm&r=g\",\"url\":\"https:\\\/\\\/secure.gravatar.com\\\/avatar\\\/f0c7c47fc7146d19828273b9b8eda651c9c7ab583767e6338d3d3bee825adf76?s=96&d=mm&r=g\",\"contentUrl\":\"https:\\\/\\\/secure.gravatar.com\\\/avatar\\\/f0c7c47fc7146d19828273b9b8eda651c9c7ab583767e6338d3d3bee825adf76?s=96&d=mm&r=g\",\"caption\":\"Diario del Sur Digital\"},\"url\":\"https:\\\/\\\/diariodelsurdigital.com.ar\\\/?author=4\"}]}<\/script>\n<!-- \/ Yoast SEO plugin. -->","yoast_head_json":{"title":"Derrumbe en una mina de cobre en Chile: un hombre muri\u00f3 y cinco trabajadores quedaron atrapados - Diario del Sur","robots":{"index":"index","follow":"follow","max-snippet":"max-snippet:-1","max-image-preview":"max-image-preview:large","max-video-preview":"max-video-preview:-1"},"canonical":"https:\/\/diariodelsurdigital.com.ar\/?p=3945","og_locale":"es_ES","og_type":"article","og_title":"Derrumbe en una mina de cobre en Chile: un hombre muri\u00f3 y cinco trabajadores quedaron atrapados - Diario del Sur","og_description":"Ocurri\u00f3 en la zona de \u201cEl Teniente\u201d, el yacimiento subterr\u00e1neo m\u00e1s grande del mundo, en Rancagua ubicado en la regi\u00f3n de O\u2019Higgins, en el centro de Chile. La tragedia se desencaden\u00f3 despu\u00e9s de que un terremoto de magnitud 4,3 afectara la estructura. El sismo se registr\u00f3 a las 17:34, con epicentro a 36 kil\u00f3metros al [&hellip;]","og_url":"https:\/\/diariodelsurdigital.com.ar\/?p=3945","og_site_name":"Diario del Sur","article_published_time":"2025-08-04T17:47:27+00:00","article_modified_time":"2025-08-04T17:47:28+00:00","og_image":[{"width":992,"height":558,"url":"https:\/\/diariodelsurdigital.com.ar\/wp-content\/uploads\/2025\/08\/md-53.webp","type":"image\/webp"}],"author":"Diario del Sur Digital","twitter_card":"summary_large_image","twitter_misc":{"Escrito por":"Diario del Sur Digital","Tiempo de lectura":"3 minutos"},"schema":{"@context":"https:\/\/schema.org","@graph":[{"@type":"Article","@id":"https:\/\/diariodelsurdigital.com.ar\/?p=3945#article","isPartOf":{"@id":"https:\/\/diariodelsurdigital.com.ar\/?p=3945"},"author":{"name":"Diario del Sur Digital","@id":"https:\/\/diariodelsurdigital.com.ar\/#\/schema\/person\/1a4992532ed62965c968031b49195c81"},"headline":"Derrumbe en una mina de cobre en Chile: un hombre muri\u00f3 y cinco trabajadores quedaron atrapados","datePublished":"2025-08-04T17:47:27+00:00","dateModified":"2025-08-04T17:47:28+00:00","mainEntityOfPage":{"@id":"https:\/\/diariodelsurdigital.com.ar\/?p=3945"},"wordCount":662,"commentCount":0,"image":{"@id":"https:\/\/diariodelsurdigital.com.ar\/?p=3945#primaryimage"},"thumbnailUrl":"https:\/\/diariodelsurdigital.com.ar\/wp-content\/uploads\/2025\/08\/md-53.webp","articleSection":["Internacionales"],"inLanguage":"es","potentialAction":[{"@type":"CommentAction","name":"Comment","target":["https:\/\/diariodelsurdigital.com.ar\/?p=3945#respond"]}]},{"@type":"WebPage","@id":"https:\/\/diariodelsurdigital.com.ar\/?p=3945","url":"https:\/\/diariodelsurdigital.com.ar\/?p=3945","name":"Derrumbe en una mina de cobre en Chile: un hombre muri\u00f3 y cinco trabajadores quedaron atrapados - Diario del Sur","isPartOf":{"@id":"https:\/\/diariodelsurdigital.com.ar\/#website"},"primaryImageOfPage":{"@id":"https:\/\/diariodelsurdigital.com.ar\/?p=3945#primaryimage"},"image":{"@id":"https:\/\/diariodelsurdigital.com.ar\/?p=3945#primaryimage"},"thumbnailUrl":"https:\/\/diariodelsurdigital.com.ar\/wp-content\/uploads\/2025\/08\/md-53.webp","datePublished":"2025-08-04T17:47:27+00:00","dateModified":"2025-08-04T17:47:28+00:00","author":{"@id":"https:\/\/diariodelsurdigital.com.ar\/#\/schema\/person\/1a4992532ed62965c968031b49195c81"},"breadcrumb":{"@id":"https:\/\/diariodelsurdigital.com.ar\/?p=3945#breadcrumb"},"inLanguage":"es","potentialAction":[{"@type":"ReadAction","target":["https:\/\/diariodelsurdigital.com.ar\/?p=3945"]}]},{"@type":"ImageObject","inLanguage":"es","@id":"https:\/\/diariodelsurdigital.com.ar\/?p=3945#primaryimage","url":"https:\/\/diariodelsurdigital.com.ar\/wp-content\/uploads\/2025\/08\/md-53.webp","contentUrl":"https:\/\/diariodelsurdigital.com.ar\/wp-content\/uploads\/2025\/08\/md-53.webp","width":992,"height":558},{"@type":"BreadcrumbList","@id":"https:\/\/diariodelsurdigital.com.ar\/?p=3945#breadcrumb","itemListElement":[{"@type":"ListItem","position":1,"name":"Portada","item":"https:\/\/diariodelsurdigital.com.ar\/"},{"@type":"ListItem","position":2,"name":"Derrumbe en una mina de cobre en Chile: un hombre muri\u00f3 y cinco trabajadores quedaron atrapados"}]},{"@type":"WebSite","@id":"https:\/\/diariodelsurdigital.com.ar\/#website","url":"https:\/\/diariodelsurdigital.com.ar\/","name":"Diario del Sur","description":"Digital","potentialAction":[{"@type":"SearchAction","target":{"@type":"EntryPoint","urlTemplate":"https:\/\/diariodelsurdigital.com.ar\/?s={search_term_string}"},"query-input":{"@type":"PropertyValueSpecification","valueRequired":true,"valueName":"search_term_string"}}],"inLanguage":"es"},{"@type":"Person","@id":"https:\/\/diariodelsurdigital.com.ar\/#\/schema\/person\/1a4992532ed62965c968031b49195c81","name":"Diario del Sur Digital","image":{"@type":"ImageObject","inLanguage":"es","@id":"https:\/\/secure.gravatar.com\/avatar\/f0c7c47fc7146d19828273b9b8eda651c9c7ab583767e6338d3d3bee825adf76?s=96&d=mm&r=g","url":"https:\/\/secure.gravatar.com\/avatar\/f0c7c47fc7146d19828273b9b8eda651c9c7ab583767e6338d3d3bee825adf76?s=96&d=mm&r=g","contentUrl":"https:\/\/secure.gravatar.com\/avatar\/f0c7c47fc7146d19828273b9b8eda651c9c7ab583767e6338d3d3bee825adf76?s=96&d=mm&r=g","caption":"Diario del Sur Digital"},"url":"https:\/\/diariodelsurdigital.com.ar\/?author=4"}]}},"_links":{"self":[{"href":"https:\/\/diariodelsurdigital.com.ar\/index.php?rest_route=\/wp\/v2\/posts\/3945","targetHints":{"allow":["GET"]}}],"collection":[{"href":"https:\/\/diariodelsurdigital.com.ar\/index.php?rest_route=\/wp\/v2\/posts"}],"about":[{"href":"https:\/\/diariodelsurdigital.com.ar\/index.php?rest_route=\/wp\/v2\/types\/post"}],"author":[{"embeddable":true,"href":"https:\/\/diariodelsurdigital.com.ar\/index.php?rest_route=\/wp\/v2\/users\/4"}],"replies":[{"embeddable":true,"href":"https:\/\/diariodelsurdigital.com.ar\/index.php?rest_route=%2Fwp%2Fv2%2Fcomments&post=3945"}],"version-history":[{"count":1,"href":"https:\/\/diariodelsurdigital.com.ar\/index.php?rest_route=\/wp\/v2\/posts\/3945\/revisions"}],"predecessor-version":[{"id":3947,"href":"https:\/\/diariodelsurdigital.com.ar\/index.php?rest_route=\/wp\/v2\/posts\/3945\/revisions\/3947"}],"wp:featuredmedia":[{"embeddable":true,"href":"https:\/\/diariodelsurdigital.com.ar\/index.php?rest_route=\/wp\/v2\/media\/3946"}],"wp:attachment":[{"href":"https:\/\/diariodelsurdigital.com.ar\/index.php?rest_route=%2Fwp%2Fv2%2Fmedia&parent=3945"}],"wp:term":[{"taxonomy":"category","embeddable":true,"href":"https:\/\/diariodelsurdigital.com.ar\/index.php?rest_route=%2Fwp%2Fv2%2Fcategories&post=3945"},{"taxonomy":"post_tag","embeddable":true,"href":"https:\/\/diariodelsurdigital.com.ar\/index.php?rest_route=%2Fwp%2Fv2%2Ftags&post=3945"}],"curies":[{"name":"wp","href":"https:\/\/api.w.org\/{rel}","templated":true}]}}