{"id":3948,"date":"2025-08-04T14:49:56","date_gmt":"2025-08-04T17:49:56","guid":{"rendered":"https:\/\/diariodelsurdigital.com.ar\/?p=3948"},"modified":"2025-08-04T14:49:57","modified_gmt":"2025-08-04T17:49:57","slug":"este-miercoles-comienza-el-cronograma-de-pagos-de-becas-provinciales","status":"publish","type":"post","link":"https:\/\/diariodelsurdigital.com.ar\/?p=3948","title":{"rendered":"Este mi\u00e9rcoles comienza el cronograma de pagos de becas provinciales"},"content":{"rendered":"\n<p>El Instituto Becario adelant\u00f3 que este mi\u00e9rcoles inicia el cronograma de pagos correspondiente al mes de agosto, para becas tanto de nivel secundaria como superior. Se percibe por finalizaci\u00f3n del DNI del beneficiario, y a trav\u00e9s del Banco Entre R\u00edos.<\/p>\n\n\n\n<p>El director ejecutivo del organismo, Mariano Berdi\u00f1as, explic\u00f3 que \u00abnuestro organismo dar\u00e1 cumplimiento al presente cronograma en tres tramos, comenzando este mi\u00e9rcoles 6 y finalizando el viernes 8 de agosto\u00bb.<\/p>\n\n\n\n<p>En ese sentido, el funcionario provincial subray\u00f3 que \u00abse trata de nuevas y renovaci\u00f3n, tanto para estudiantes secundarios como terciarios y universitarios\u00bb.<\/p>\n\n\n\n<p>Asimismo, \u00abel equipo contin\u00faa trabajando en la etapa de evaluaci\u00f3n de solicitudes, por lo que las familias podr\u00e1n seguir con su usuario y contrase\u00f1a el estado actual de su tr\u00e1mite\u00bb, dijo.<\/p>\n\n\n\n<p>Finalmente, Berdi\u00f1as manifest\u00f3 que \u00abquienes quieran realizar consultas se pueden acercar a la Casa Central, en Paran\u00e1, o a cualquiera de nuestras delegaciones departamentales. De la misma manera, se encuentra disponible el chat institucional en www.institutobecario.gov.ar, de lunes a viernes de 8 a 12, siempre con los datos del solicitante para poder brindar una correcta respuesta\u00bb.<\/p>\n\n\n\n<p>Cronograma de agosto<\/p>\n\n\n\n<p>Mi\u00e9rcoles 6 \/ Finalizaci\u00f3n de DNI en 0 , 1, 2 y 3 \/ Banco Entre R\u00edos<\/p>\n\n\n\n<p>Jueves 7 \/ Finalizaci\u00f3n de DNI en 4, 5 y 6 \/ Banco Entre R\u00edos<\/p>\n\n\n\n<p>Viernes 8 \/ Finalizaci\u00f3n de DNI en 7, 8 y 9 \/ Banco Entre R\u00edos. <\/p>\n","protected":false},"excerpt":{"rendered":"<p>El Instituto Becario adelant\u00f3 que este mi\u00e9rcoles inicia el cronograma de pagos correspondiente al mes de agosto, para becas tanto de nivel secundaria como superior. Se percibe por finalizaci\u00f3n del DNI del beneficiario, y a trav\u00e9s del Banco Entre R\u00edos. El director ejecutivo del organismo, Mariano Berdi\u00f1as, explic\u00f3 que \u00abnuestro organismo dar\u00e1 cumplimiento al presente [&hellip;]<\/p>\n","protected":false},"author":4,"featured_media":3949,"comment_status":"open","ping_status":"open","sticky":false,"template":"","format":"standard","meta":{"footnotes":""},"categories":[19,17],"tags":[],"class_list":{"0":"post-3948","1":"post","2":"type-post","3":"status-publish","4":"format-standard","5":"has-post-thumbnail","7":"category-interes-general","8":"category-provinciales"},"yoast_head":"<!-- This site is optimized with the Yoast SEO plugin v27.4 - https:\/\/yoast.com\/product\/yoast-seo-wordpress\/ -->\n<title>Este mi\u00e9rcoles comienza el cronograma de pagos de becas provinciales - Diario del Sur<\/title>\n<meta name=\"robots\" content=\"index, follow, max-snippet:-1, max-image-preview:large, max-video-preview:-1\" \/>\n<link rel=\"canonical\" href=\"https:\/\/diariodelsurdigital.com.ar\/?p=3948\" \/>\n<meta property=\"og:locale\" content=\"es_ES\" \/>\n<meta property=\"og:type\" content=\"article\" \/>\n<meta property=\"og:title\" content=\"Este mi\u00e9rcoles comienza el cronograma de pagos de becas provinciales - Diario del Sur\" \/>\n<meta property=\"og:description\" content=\"El Instituto Becario adelant\u00f3 que este mi\u00e9rcoles inicia el cronograma de pagos correspondiente al mes de agosto, para becas tanto de nivel secundaria como superior. Se percibe por finalizaci\u00f3n del DNI del beneficiario, y a trav\u00e9s del Banco Entre R\u00edos. El director ejecutivo del organismo, Mariano Berdi\u00f1as, explic\u00f3 que \u00abnuestro organismo dar\u00e1 cumplimiento al presente [&hellip;]\" \/>\n<meta property=\"og:url\" content=\"https:\/\/diariodelsurdigital.com.ar\/?p=3948\" \/>\n<meta property=\"og:site_name\" content=\"Diario del Sur\" \/>\n<meta property=\"article:published_time\" content=\"2025-08-04T17:49:56+00:00\" \/>\n<meta property=\"article:modified_time\" content=\"2025-08-04T17:49:57+00:00\" \/>\n<meta property=\"og:image\" content=\"https:\/\/diariodelsurdigital.com.ar\/wp-content\/uploads\/2025\/08\/md-54.webp\" \/>\n\t<meta property=\"og:image:width\" content=\"992\" \/>\n\t<meta property=\"og:image:height\" content=\"662\" \/>\n\t<meta property=\"og:image:type\" content=\"image\/webp\" \/>\n<meta name=\"author\" content=\"Diario del Sur Digital\" \/>\n<meta name=\"twitter:card\" content=\"summary_large_image\" \/>\n<meta name=\"twitter:label1\" content=\"Escrito por\" \/>\n\t<meta name=\"twitter:data1\" content=\"Diario del Sur Digital\" \/>\n\t<meta name=\"twitter:label2\" content=\"Tiempo de lectura\" \/>\n\t<meta name=\"twitter:data2\" content=\"2 minutos\" \/>\n<script type=\"application\/ld+json\" class=\"yoast-schema-graph\">{\"@context\":\"https:\\\/\\\/schema.org\",\"@graph\":[{\"@type\":\"Article\",\"@id\":\"https:\\\/\\\/diariodelsurdigital.com.ar\\\/?p=3948#article\",\"isPartOf\":{\"@id\":\"https:\\\/\\\/diariodelsurdigital.com.ar\\\/?p=3948\"},\"author\":{\"name\":\"Diario del Sur Digital\",\"@id\":\"https:\\\/\\\/diariodelsurdigital.com.ar\\\/#\\\/schema\\\/person\\\/1a4992532ed62965c968031b49195c81\"},\"headline\":\"Este mi\u00e9rcoles comienza el cronograma de pagos de becas provinciales\",\"datePublished\":\"2025-08-04T17:49:56+00:00\",\"dateModified\":\"2025-08-04T17:49:57+00:00\",\"mainEntityOfPage\":{\"@id\":\"https:\\\/\\\/diariodelsurdigital.com.ar\\\/?p=3948\"},\"wordCount\":239,\"commentCount\":0,\"image\":{\"@id\":\"https:\\\/\\\/diariodelsurdigital.com.ar\\\/?p=3948#primaryimage\"},\"thumbnailUrl\":\"https:\\\/\\\/diariodelsurdigital.com.ar\\\/wp-content\\\/uploads\\\/2025\\\/08\\\/md-54.webp\",\"articleSection\":[\"Inter\u00e9s General\",\"Provinciales\"],\"inLanguage\":\"es\",\"potentialAction\":[{\"@type\":\"CommentAction\",\"name\":\"Comment\",\"target\":[\"https:\\\/\\\/diariodelsurdigital.com.ar\\\/?p=3948#respond\"]}]},{\"@type\":\"WebPage\",\"@id\":\"https:\\\/\\\/diariodelsurdigital.com.ar\\\/?p=3948\",\"url\":\"https:\\\/\\\/diariodelsurdigital.com.ar\\\/?p=3948\",\"name\":\"Este mi\u00e9rcoles comienza el cronograma de pagos de becas provinciales - Diario del Sur\",\"isPartOf\":{\"@id\":\"https:\\\/\\\/diariodelsurdigital.com.ar\\\/#website\"},\"primaryImageOfPage\":{\"@id\":\"https:\\\/\\\/diariodelsurdigital.com.ar\\\/?p=3948#primaryimage\"},\"image\":{\"@id\":\"https:\\\/\\\/diariodelsurdigital.com.ar\\\/?p=3948#primaryimage\"},\"thumbnailUrl\":\"https:\\\/\\\/diariodelsurdigital.com.ar\\\/wp-content\\\/uploads\\\/2025\\\/08\\\/md-54.webp\",\"datePublished\":\"2025-08-04T17:49:56+00:00\",\"dateModified\":\"2025-08-04T17:49:57+00:00\",\"author\":{\"@id\":\"https:\\\/\\\/diariodelsurdigital.com.ar\\\/#\\\/schema\\\/person\\\/1a4992532ed62965c968031b49195c81\"},\"breadcrumb\":{\"@id\":\"https:\\\/\\\/diariodelsurdigital.com.ar\\\/?p=3948#breadcrumb\"},\"inLanguage\":\"es\",\"potentialAction\":[{\"@type\":\"ReadAction\",\"target\":[\"https:\\\/\\\/diariodelsurdigital.com.ar\\\/?p=3948\"]}]},{\"@type\":\"ImageObject\",\"inLanguage\":\"es\",\"@id\":\"https:\\\/\\\/diariodelsurdigital.com.ar\\\/?p=3948#primaryimage\",\"url\":\"https:\\\/\\\/diariodelsurdigital.com.ar\\\/wp-content\\\/uploads\\\/2025\\\/08\\\/md-54.webp\",\"contentUrl\":\"https:\\\/\\\/diariodelsurdigital.com.ar\\\/wp-content\\\/uploads\\\/2025\\\/08\\\/md-54.webp\",\"width\":992,\"height\":662},{\"@type\":\"BreadcrumbList\",\"@id\":\"https:\\\/\\\/diariodelsurdigital.com.ar\\\/?p=3948#breadcrumb\",\"itemListElement\":[{\"@type\":\"ListItem\",\"position\":1,\"name\":\"Portada\",\"item\":\"https:\\\/\\\/diariodelsurdigital.com.ar\\\/\"},{\"@type\":\"ListItem\",\"position\":2,\"name\":\"Este mi\u00e9rcoles comienza el cronograma de pagos de becas provinciales\"}]},{\"@type\":\"WebSite\",\"@id\":\"https:\\\/\\\/diariodelsurdigital.com.ar\\\/#website\",\"url\":\"https:\\\/\\\/diariodelsurdigital.com.ar\\\/\",\"name\":\"Diario del Sur\",\"description\":\"Digital\",\"potentialAction\":[{\"@type\":\"SearchAction\",\"target\":{\"@type\":\"EntryPoint\",\"urlTemplate\":\"https:\\\/\\\/diariodelsurdigital.com.ar\\\/?s={search_term_string}\"},\"query-input\":{\"@type\":\"PropertyValueSpecification\",\"valueRequired\":true,\"valueName\":\"search_term_string\"}}],\"inLanguage\":\"es\"},{\"@type\":\"Person\",\"@id\":\"https:\\\/\\\/diariodelsurdigital.com.ar\\\/#\\\/schema\\\/person\\\/1a4992532ed62965c968031b49195c81\",\"name\":\"Diario del Sur Digital\",\"image\":{\"@type\":\"ImageObject\",\"inLanguage\":\"es\",\"@id\":\"https:\\\/\\\/secure.gravatar.com\\\/avatar\\\/f0c7c47fc7146d19828273b9b8eda651c9c7ab583767e6338d3d3bee825adf76?s=96&d=mm&r=g\",\"url\":\"https:\\\/\\\/secure.gravatar.com\\\/avatar\\\/f0c7c47fc7146d19828273b9b8eda651c9c7ab583767e6338d3d3bee825adf76?s=96&d=mm&r=g\",\"contentUrl\":\"https:\\\/\\\/secure.gravatar.com\\\/avatar\\\/f0c7c47fc7146d19828273b9b8eda651c9c7ab583767e6338d3d3bee825adf76?s=96&d=mm&r=g\",\"caption\":\"Diario del Sur Digital\"},\"url\":\"https:\\\/\\\/diariodelsurdigital.com.ar\\\/?author=4\"}]}<\/script>\n<!-- \/ Yoast SEO plugin. -->","yoast_head_json":{"title":"Este mi\u00e9rcoles comienza el cronograma de pagos de becas provinciales - Diario del Sur","robots":{"index":"index","follow":"follow","max-snippet":"max-snippet:-1","max-image-preview":"max-image-preview:large","max-video-preview":"max-video-preview:-1"},"canonical":"https:\/\/diariodelsurdigital.com.ar\/?p=3948","og_locale":"es_ES","og_type":"article","og_title":"Este mi\u00e9rcoles comienza el cronograma de pagos de becas provinciales - Diario del Sur","og_description":"El Instituto Becario adelant\u00f3 que este mi\u00e9rcoles inicia el cronograma de pagos correspondiente al mes de agosto, para becas tanto de nivel secundaria como superior. Se percibe por finalizaci\u00f3n del DNI del beneficiario, y a trav\u00e9s del Banco Entre R\u00edos. El director ejecutivo del organismo, Mariano Berdi\u00f1as, explic\u00f3 que \u00abnuestro organismo dar\u00e1 cumplimiento al presente [&hellip;]","og_url":"https:\/\/diariodelsurdigital.com.ar\/?p=3948","og_site_name":"Diario del Sur","article_published_time":"2025-08-04T17:49:56+00:00","article_modified_time":"2025-08-04T17:49:57+00:00","og_image":[{"width":992,"height":662,"url":"https:\/\/diariodelsurdigital.com.ar\/wp-content\/uploads\/2025\/08\/md-54.webp","type":"image\/webp"}],"author":"Diario del Sur Digital","twitter_card":"summary_large_image","twitter_misc":{"Escrito por":"Diario del Sur Digital","Tiempo de lectura":"2 minutos"},"schema":{"@context":"https:\/\/schema.org","@graph":[{"@type":"Article","@id":"https:\/\/diariodelsurdigital.com.ar\/?p=3948#article","isPartOf":{"@id":"https:\/\/diariodelsurdigital.com.ar\/?p=3948"},"author":{"name":"Diario del Sur Digital","@id":"https:\/\/diariodelsurdigital.com.ar\/#\/schema\/person\/1a4992532ed62965c968031b49195c81"},"headline":"Este mi\u00e9rcoles comienza el cronograma de pagos de becas provinciales","datePublished":"2025-08-04T17:49:56+00:00","dateModified":"2025-08-04T17:49:57+00:00","mainEntityOfPage":{"@id":"https:\/\/diariodelsurdigital.com.ar\/?p=3948"},"wordCount":239,"commentCount":0,"image":{"@id":"https:\/\/diariodelsurdigital.com.ar\/?p=3948#primaryimage"},"thumbnailUrl":"https:\/\/diariodelsurdigital.com.ar\/wp-content\/uploads\/2025\/08\/md-54.webp","articleSection":["Inter\u00e9s General","Provinciales"],"inLanguage":"es","potentialAction":[{"@type":"CommentAction","name":"Comment","target":["https:\/\/diariodelsurdigital.com.ar\/?p=3948#respond"]}]},{"@type":"WebPage","@id":"https:\/\/diariodelsurdigital.com.ar\/?p=3948","url":"https:\/\/diariodelsurdigital.com.ar\/?p=3948","name":"Este mi\u00e9rcoles comienza el cronograma de pagos de becas provinciales - Diario del Sur","isPartOf":{"@id":"https:\/\/diariodelsurdigital.com.ar\/#website"},"primaryImageOfPage":{"@id":"https:\/\/diariodelsurdigital.com.ar\/?p=3948#primaryimage"},"image":{"@id":"https:\/\/diariodelsurdigital.com.ar\/?p=3948#primaryimage"},"thumbnailUrl":"https:\/\/diariodelsurdigital.com.ar\/wp-content\/uploads\/2025\/08\/md-54.webp","datePublished":"2025-08-04T17:49:56+00:00","dateModified":"2025-08-04T17:49:57+00:00","author":{"@id":"https:\/\/diariodelsurdigital.com.ar\/#\/schema\/person\/1a4992532ed62965c968031b49195c81"},"breadcrumb":{"@id":"https:\/\/diariodelsurdigital.com.ar\/?p=3948#breadcrumb"},"inLanguage":"es","potentialAction":[{"@type":"ReadAction","target":["https:\/\/diariodelsurdigital.com.ar\/?p=3948"]}]},{"@type":"ImageObject","inLanguage":"es","@id":"https:\/\/diariodelsurdigital.com.ar\/?p=3948#primaryimage","url":"https:\/\/diariodelsurdigital.com.ar\/wp-content\/uploads\/2025\/08\/md-54.webp","contentUrl":"https:\/\/diariodelsurdigital.com.ar\/wp-content\/uploads\/2025\/08\/md-54.webp","width":992,"height":662},{"@type":"BreadcrumbList","@id":"https:\/\/diariodelsurdigital.com.ar\/?p=3948#breadcrumb","itemListElement":[{"@type":"ListItem","position":1,"name":"Portada","item":"https:\/\/diariodelsurdigital.com.ar\/"},{"@type":"ListItem","position":2,"name":"Este mi\u00e9rcoles comienza el cronograma de pagos de becas provinciales"}]},{"@type":"WebSite","@id":"https:\/\/diariodelsurdigital.com.ar\/#website","url":"https:\/\/diariodelsurdigital.com.ar\/","name":"Diario del Sur","description":"Digital","potentialAction":[{"@type":"SearchAction","target":{"@type":"EntryPoint","urlTemplate":"https:\/\/diariodelsurdigital.com.ar\/?s={search_term_string}"},"query-input":{"@type":"PropertyValueSpecification","valueRequired":true,"valueName":"search_term_string"}}],"inLanguage":"es"},{"@type":"Person","@id":"https:\/\/diariodelsurdigital.com.ar\/#\/schema\/person\/1a4992532ed62965c968031b49195c81","name":"Diario del Sur Digital","image":{"@type":"ImageObject","inLanguage":"es","@id":"https:\/\/secure.gravatar.com\/avatar\/f0c7c47fc7146d19828273b9b8eda651c9c7ab583767e6338d3d3bee825adf76?s=96&d=mm&r=g","url":"https:\/\/secure.gravatar.com\/avatar\/f0c7c47fc7146d19828273b9b8eda651c9c7ab583767e6338d3d3bee825adf76?s=96&d=mm&r=g","contentUrl":"https:\/\/secure.gravatar.com\/avatar\/f0c7c47fc7146d19828273b9b8eda651c9c7ab583767e6338d3d3bee825adf76?s=96&d=mm&r=g","caption":"Diario del Sur Digital"},"url":"https:\/\/diariodelsurdigital.com.ar\/?author=4"}]}},"_links":{"self":[{"href":"https:\/\/diariodelsurdigital.com.ar\/index.php?rest_route=\/wp\/v2\/posts\/3948","targetHints":{"allow":["GET"]}}],"collection":[{"href":"https:\/\/diariodelsurdigital.com.ar\/index.php?rest_route=\/wp\/v2\/posts"}],"about":[{"href":"https:\/\/diariodelsurdigital.com.ar\/index.php?rest_route=\/wp\/v2\/types\/post"}],"author":[{"embeddable":true,"href":"https:\/\/diariodelsurdigital.com.ar\/index.php?rest_route=\/wp\/v2\/users\/4"}],"replies":[{"embeddable":true,"href":"https:\/\/diariodelsurdigital.com.ar\/index.php?rest_route=%2Fwp%2Fv2%2Fcomments&post=3948"}],"version-history":[{"count":1,"href":"https:\/\/diariodelsurdigital.com.ar\/index.php?rest_route=\/wp\/v2\/posts\/3948\/revisions"}],"predecessor-version":[{"id":3950,"href":"https:\/\/diariodelsurdigital.com.ar\/index.php?rest_route=\/wp\/v2\/posts\/3948\/revisions\/3950"}],"wp:featuredmedia":[{"embeddable":true,"href":"https:\/\/diariodelsurdigital.com.ar\/index.php?rest_route=\/wp\/v2\/media\/3949"}],"wp:attachment":[{"href":"https:\/\/diariodelsurdigital.com.ar\/index.php?rest_route=%2Fwp%2Fv2%2Fmedia&parent=3948"}],"wp:term":[{"taxonomy":"category","embeddable":true,"href":"https:\/\/diariodelsurdigital.com.ar\/index.php?rest_route=%2Fwp%2Fv2%2Fcategories&post=3948"},{"taxonomy":"post_tag","embeddable":true,"href":"https:\/\/diariodelsurdigital.com.ar\/index.php?rest_route=%2Fwp%2Fv2%2Ftags&post=3948"}],"curies":[{"name":"wp","href":"https:\/\/api.w.org\/{rel}","templated":true}]}}