{"id":3951,"date":"2025-08-04T14:51:54","date_gmt":"2025-08-04T17:51:54","guid":{"rendered":"https:\/\/diariodelsurdigital.com.ar\/?p=3951"},"modified":"2025-08-04T14:51:56","modified_gmt":"2025-08-04T17:51:56","slug":"crece-el-rechazo-en-entre-rios-al-veto-de-milei-es-una-decision-cruel-e-inhumana","status":"publish","type":"post","link":"https:\/\/diariodelsurdigital.com.ar\/?p=3951","title":{"rendered":"Crece el rechazo en Entre R\u00edos al veto de Milei: \u201cEs una decisi\u00f3n cruel e inhumana\u201d"},"content":{"rendered":"\n<p>El Presidente firm\u00f3 los vetos de los proyectos que aumentaban los ingresos para jubilados, recompon\u00eda la moratoria previsional y establec\u00eda la emergencia en discapacidad. La diputada Osuna afirm\u00f3 que \u201cel veto de Milei es una decisi\u00f3n cruel e inhumana\u201d, mientras que Gaillard adelant\u00f3 que desde UxP intentar\u00e1n rechazar tales vetos: \u201cEsperamos que quienes votaron a favor no se den vuelta en el recinto\u201d.<\/p>\n\n\n\n<p>Se trata del segundo veto de Milei a aumentos jubilatorios en sus dos a\u00f1os de gesti\u00f3n. El Congreso de la Naci\u00f3n tiene la facultad de insistir con las leyes, pero para eso necesita reunir los dos tercios de los votos en ambas C\u00e1maras.<\/p>\n\n\n\n<p>La clave estar\u00e1 en la C\u00e1mara de Diputados: mientras que en el Senado los proyectos superaron ampliamente ese umbral, en Diputados los m\u00e1rgenes fueron m\u00e1s ajustados.<\/p>\n\n\n\n<p>Bordet: \u201cRechazamos el veto presidencial porque no hay equilibrio fiscal posible sin justicia social\u201d<\/p>\n\n\n\n<p>Milei vet\u00f3 el aumento a los jubilados, la moratoria previsional y la emergencia en discapacidad<\/p>\n\n\n\n<p>Un nuevo veto de Milei: \u201cNecesitamos que los que han arrugado antes esta vez no se vendan\u201d, anticip\u00f3 Ledesma<br>A las cr\u00edticas del diputado nacional Tom\u00e1s Ledesma, se sumaron sus pares Blanca Osuna y Carolina Gaillard.<\/p>\n\n\n\n<p>\u201cEl veto de Milei es una decisi\u00f3n cruel e inhumana. Ajusta para disciplinar y endeuda con el FMI como pol\u00edtica de entrega\u201d, enfatiz\u00f3 Osuna.<\/p>\n\n\n\n<p>\u201cMientras le bajan impuestos a los ricos, dejan a los jubilados\/as y a las personas con discapacidad en la miseria. Otra vez, Milei de espaldas al pueblo\u201d, sostuvo en sus redes sociales.<\/p>\n\n\n\n<p>\u201cNosotros vamos a volver a plantarnos en la C\u00e1mara de Diputados para frenarlo, pero esta vez que nadie arrugue ni se venda\u201d, lanz\u00f3 en un claro mensaje de advertencia a quienes en su momento votaron a favor de esas leyes.<\/p>\n\n\n\n<p>Tambi\u00e9n se refiri\u00f3 al veo a la emergencia en discapacidad. En tal sentido, afirm\u00f3 que \u201cla discapacidad no puede esperar. Esto no es libertad, es crueldad. No al veto. No al abandono. No al ajuste en discapacidad\u201d.<\/p>\n\n\n\n<p>Por su parte, la diputada nacional Carolina Gaillard asegur\u00f3 que Milei \u201crecorta derecho, ni privilegios\u201d.<\/p>\n\n\n\n<p>\u201cCon el Decreto 534\/2025, Milei vet\u00f3 tres leyes votadas por amplia mayor\u00eda en el Congreso: Movilidad Jubilatoria y Bono Especial, Moratoria Previsional y Emergencia en Discapacidad\u201d.<\/p>\n\n\n\n<p>\u201cHay plata para bajar el d\u00f3lar a costa de m\u00e1s deuda y beneficiar a los de siempre. Pero no hay para jubilados, personas con discapacidad ni quienes m\u00e1s lo necesitan\u201d, se\u00f1al\u00f3 luego.<\/p>\n\n\n\n<p>\u201cDesde Uni\u00f3n por la Patria vamos a rechazar estos vetos. Esperamos que quienes votaron a favor no se den vuelta en el recinto\u201d, finaliz\u00f3.<\/p>\n","protected":false},"excerpt":{"rendered":"<p>El Presidente firm\u00f3 los vetos de los proyectos que aumentaban los ingresos para jubilados, recompon\u00eda la moratoria previsional y establec\u00eda la emergencia en discapacidad. La diputada Osuna afirm\u00f3 que \u201cel veto de Milei es una decisi\u00f3n cruel e inhumana\u201d, mientras que Gaillard adelant\u00f3 que desde UxP intentar\u00e1n rechazar tales vetos: \u201cEsperamos que quienes votaron a [&hellip;]<\/p>\n","protected":false},"author":4,"featured_media":3952,"comment_status":"open","ping_status":"open","sticky":false,"template":"","format":"standard","meta":{"footnotes":""},"categories":[22,17],"tags":[],"class_list":{"0":"post-3951","1":"post","2":"type-post","3":"status-publish","4":"format-standard","5":"has-post-thumbnail","7":"category-politica","8":"category-provinciales"},"yoast_head":"<!-- This site is optimized with the Yoast SEO plugin v27.4 - https:\/\/yoast.com\/product\/yoast-seo-wordpress\/ -->\n<title>Crece el rechazo en Entre R\u00edos al veto de Milei: \u201cEs una decisi\u00f3n cruel e inhumana\u201d - Diario del Sur<\/title>\n<meta name=\"robots\" content=\"index, follow, max-snippet:-1, max-image-preview:large, max-video-preview:-1\" \/>\n<link rel=\"canonical\" href=\"https:\/\/diariodelsurdigital.com.ar\/?p=3951\" \/>\n<meta property=\"og:locale\" content=\"es_ES\" \/>\n<meta property=\"og:type\" content=\"article\" \/>\n<meta property=\"og:title\" content=\"Crece el rechazo en Entre R\u00edos al veto de Milei: \u201cEs una decisi\u00f3n cruel e inhumana\u201d - Diario del Sur\" \/>\n<meta property=\"og:description\" content=\"El Presidente firm\u00f3 los vetos de los proyectos que aumentaban los ingresos para jubilados, recompon\u00eda la moratoria previsional y establec\u00eda la emergencia en discapacidad. La diputada Osuna afirm\u00f3 que \u201cel veto de Milei es una decisi\u00f3n cruel e inhumana\u201d, mientras que Gaillard adelant\u00f3 que desde UxP intentar\u00e1n rechazar tales vetos: \u201cEsperamos que quienes votaron a [&hellip;]\" \/>\n<meta property=\"og:url\" content=\"https:\/\/diariodelsurdigital.com.ar\/?p=3951\" \/>\n<meta property=\"og:site_name\" content=\"Diario del Sur\" \/>\n<meta property=\"article:published_time\" content=\"2025-08-04T17:51:54+00:00\" \/>\n<meta property=\"article:modified_time\" content=\"2025-08-04T17:51:56+00:00\" \/>\n<meta property=\"og:image\" content=\"https:\/\/diariodelsurdigital.com.ar\/wp-content\/uploads\/2025\/08\/md-55.webp\" \/>\n\t<meta property=\"og:image:width\" content=\"992\" \/>\n\t<meta property=\"og:image:height\" content=\"557\" \/>\n\t<meta property=\"og:image:type\" content=\"image\/webp\" \/>\n<meta name=\"author\" content=\"Diario del Sur Digital\" \/>\n<meta name=\"twitter:card\" content=\"summary_large_image\" \/>\n<meta name=\"twitter:label1\" content=\"Escrito por\" \/>\n\t<meta name=\"twitter:data1\" content=\"Diario del Sur Digital\" \/>\n\t<meta name=\"twitter:label2\" content=\"Tiempo de lectura\" \/>\n\t<meta name=\"twitter:data2\" content=\"3 minutos\" \/>\n<script type=\"application\/ld+json\" class=\"yoast-schema-graph\">{\"@context\":\"https:\\\/\\\/schema.org\",\"@graph\":[{\"@type\":\"Article\",\"@id\":\"https:\\\/\\\/diariodelsurdigital.com.ar\\\/?p=3951#article\",\"isPartOf\":{\"@id\":\"https:\\\/\\\/diariodelsurdigital.com.ar\\\/?p=3951\"},\"author\":{\"name\":\"Diario del Sur Digital\",\"@id\":\"https:\\\/\\\/diariodelsurdigital.com.ar\\\/#\\\/schema\\\/person\\\/1a4992532ed62965c968031b49195c81\"},\"headline\":\"Crece el rechazo en Entre R\u00edos al veto de Milei: \u201cEs una decisi\u00f3n cruel e inhumana\u201d\",\"datePublished\":\"2025-08-04T17:51:54+00:00\",\"dateModified\":\"2025-08-04T17:51:56+00:00\",\"mainEntityOfPage\":{\"@id\":\"https:\\\/\\\/diariodelsurdigital.com.ar\\\/?p=3951\"},\"wordCount\":467,\"commentCount\":0,\"image\":{\"@id\":\"https:\\\/\\\/diariodelsurdigital.com.ar\\\/?p=3951#primaryimage\"},\"thumbnailUrl\":\"https:\\\/\\\/diariodelsurdigital.com.ar\\\/wp-content\\\/uploads\\\/2025\\\/08\\\/md-55.webp\",\"articleSection\":[\"Pol\u00edtica\",\"Provinciales\"],\"inLanguage\":\"es\",\"potentialAction\":[{\"@type\":\"CommentAction\",\"name\":\"Comment\",\"target\":[\"https:\\\/\\\/diariodelsurdigital.com.ar\\\/?p=3951#respond\"]}]},{\"@type\":\"WebPage\",\"@id\":\"https:\\\/\\\/diariodelsurdigital.com.ar\\\/?p=3951\",\"url\":\"https:\\\/\\\/diariodelsurdigital.com.ar\\\/?p=3951\",\"name\":\"Crece el rechazo en Entre R\u00edos al veto de Milei: \u201cEs una decisi\u00f3n cruel e inhumana\u201d - Diario del Sur\",\"isPartOf\":{\"@id\":\"https:\\\/\\\/diariodelsurdigital.com.ar\\\/#website\"},\"primaryImageOfPage\":{\"@id\":\"https:\\\/\\\/diariodelsurdigital.com.ar\\\/?p=3951#primaryimage\"},\"image\":{\"@id\":\"https:\\\/\\\/diariodelsurdigital.com.ar\\\/?p=3951#primaryimage\"},\"thumbnailUrl\":\"https:\\\/\\\/diariodelsurdigital.com.ar\\\/wp-content\\\/uploads\\\/2025\\\/08\\\/md-55.webp\",\"datePublished\":\"2025-08-04T17:51:54+00:00\",\"dateModified\":\"2025-08-04T17:51:56+00:00\",\"author\":{\"@id\":\"https:\\\/\\\/diariodelsurdigital.com.ar\\\/#\\\/schema\\\/person\\\/1a4992532ed62965c968031b49195c81\"},\"breadcrumb\":{\"@id\":\"https:\\\/\\\/diariodelsurdigital.com.ar\\\/?p=3951#breadcrumb\"},\"inLanguage\":\"es\",\"potentialAction\":[{\"@type\":\"ReadAction\",\"target\":[\"https:\\\/\\\/diariodelsurdigital.com.ar\\\/?p=3951\"]}]},{\"@type\":\"ImageObject\",\"inLanguage\":\"es\",\"@id\":\"https:\\\/\\\/diariodelsurdigital.com.ar\\\/?p=3951#primaryimage\",\"url\":\"https:\\\/\\\/diariodelsurdigital.com.ar\\\/wp-content\\\/uploads\\\/2025\\\/08\\\/md-55.webp\",\"contentUrl\":\"https:\\\/\\\/diariodelsurdigital.com.ar\\\/wp-content\\\/uploads\\\/2025\\\/08\\\/md-55.webp\",\"width\":992,\"height\":557},{\"@type\":\"BreadcrumbList\",\"@id\":\"https:\\\/\\\/diariodelsurdigital.com.ar\\\/?p=3951#breadcrumb\",\"itemListElement\":[{\"@type\":\"ListItem\",\"position\":1,\"name\":\"Portada\",\"item\":\"https:\\\/\\\/diariodelsurdigital.com.ar\\\/\"},{\"@type\":\"ListItem\",\"position\":2,\"name\":\"Crece el rechazo en Entre R\u00edos al veto de Milei: \u201cEs una decisi\u00f3n cruel e inhumana\u201d\"}]},{\"@type\":\"WebSite\",\"@id\":\"https:\\\/\\\/diariodelsurdigital.com.ar\\\/#website\",\"url\":\"https:\\\/\\\/diariodelsurdigital.com.ar\\\/\",\"name\":\"Diario del Sur\",\"description\":\"Digital\",\"potentialAction\":[{\"@type\":\"SearchAction\",\"target\":{\"@type\":\"EntryPoint\",\"urlTemplate\":\"https:\\\/\\\/diariodelsurdigital.com.ar\\\/?s={search_term_string}\"},\"query-input\":{\"@type\":\"PropertyValueSpecification\",\"valueRequired\":true,\"valueName\":\"search_term_string\"}}],\"inLanguage\":\"es\"},{\"@type\":\"Person\",\"@id\":\"https:\\\/\\\/diariodelsurdigital.com.ar\\\/#\\\/schema\\\/person\\\/1a4992532ed62965c968031b49195c81\",\"name\":\"Diario del Sur Digital\",\"image\":{\"@type\":\"ImageObject\",\"inLanguage\":\"es\",\"@id\":\"https:\\\/\\\/secure.gravatar.com\\\/avatar\\\/f0c7c47fc7146d19828273b9b8eda651c9c7ab583767e6338d3d3bee825adf76?s=96&d=mm&r=g\",\"url\":\"https:\\\/\\\/secure.gravatar.com\\\/avatar\\\/f0c7c47fc7146d19828273b9b8eda651c9c7ab583767e6338d3d3bee825adf76?s=96&d=mm&r=g\",\"contentUrl\":\"https:\\\/\\\/secure.gravatar.com\\\/avatar\\\/f0c7c47fc7146d19828273b9b8eda651c9c7ab583767e6338d3d3bee825adf76?s=96&d=mm&r=g\",\"caption\":\"Diario del Sur Digital\"},\"url\":\"https:\\\/\\\/diariodelsurdigital.com.ar\\\/?author=4\"}]}<\/script>\n<!-- \/ Yoast SEO plugin. -->","yoast_head_json":{"title":"Crece el rechazo en Entre R\u00edos al veto de Milei: \u201cEs una decisi\u00f3n cruel e inhumana\u201d - Diario del Sur","robots":{"index":"index","follow":"follow","max-snippet":"max-snippet:-1","max-image-preview":"max-image-preview:large","max-video-preview":"max-video-preview:-1"},"canonical":"https:\/\/diariodelsurdigital.com.ar\/?p=3951","og_locale":"es_ES","og_type":"article","og_title":"Crece el rechazo en Entre R\u00edos al veto de Milei: \u201cEs una decisi\u00f3n cruel e inhumana\u201d - Diario del Sur","og_description":"El Presidente firm\u00f3 los vetos de los proyectos que aumentaban los ingresos para jubilados, recompon\u00eda la moratoria previsional y establec\u00eda la emergencia en discapacidad. La diputada Osuna afirm\u00f3 que \u201cel veto de Milei es una decisi\u00f3n cruel e inhumana\u201d, mientras que Gaillard adelant\u00f3 que desde UxP intentar\u00e1n rechazar tales vetos: \u201cEsperamos que quienes votaron a [&hellip;]","og_url":"https:\/\/diariodelsurdigital.com.ar\/?p=3951","og_site_name":"Diario del Sur","article_published_time":"2025-08-04T17:51:54+00:00","article_modified_time":"2025-08-04T17:51:56+00:00","og_image":[{"width":992,"height":557,"url":"https:\/\/diariodelsurdigital.com.ar\/wp-content\/uploads\/2025\/08\/md-55.webp","type":"image\/webp"}],"author":"Diario del Sur Digital","twitter_card":"summary_large_image","twitter_misc":{"Escrito por":"Diario del Sur Digital","Tiempo de lectura":"3 minutos"},"schema":{"@context":"https:\/\/schema.org","@graph":[{"@type":"Article","@id":"https:\/\/diariodelsurdigital.com.ar\/?p=3951#article","isPartOf":{"@id":"https:\/\/diariodelsurdigital.com.ar\/?p=3951"},"author":{"name":"Diario del Sur Digital","@id":"https:\/\/diariodelsurdigital.com.ar\/#\/schema\/person\/1a4992532ed62965c968031b49195c81"},"headline":"Crece el rechazo en Entre R\u00edos al veto de Milei: \u201cEs una decisi\u00f3n cruel e inhumana\u201d","datePublished":"2025-08-04T17:51:54+00:00","dateModified":"2025-08-04T17:51:56+00:00","mainEntityOfPage":{"@id":"https:\/\/diariodelsurdigital.com.ar\/?p=3951"},"wordCount":467,"commentCount":0,"image":{"@id":"https:\/\/diariodelsurdigital.com.ar\/?p=3951#primaryimage"},"thumbnailUrl":"https:\/\/diariodelsurdigital.com.ar\/wp-content\/uploads\/2025\/08\/md-55.webp","articleSection":["Pol\u00edtica","Provinciales"],"inLanguage":"es","potentialAction":[{"@type":"CommentAction","name":"Comment","target":["https:\/\/diariodelsurdigital.com.ar\/?p=3951#respond"]}]},{"@type":"WebPage","@id":"https:\/\/diariodelsurdigital.com.ar\/?p=3951","url":"https:\/\/diariodelsurdigital.com.ar\/?p=3951","name":"Crece el rechazo en Entre R\u00edos al veto de Milei: \u201cEs una decisi\u00f3n cruel e inhumana\u201d - Diario del Sur","isPartOf":{"@id":"https:\/\/diariodelsurdigital.com.ar\/#website"},"primaryImageOfPage":{"@id":"https:\/\/diariodelsurdigital.com.ar\/?p=3951#primaryimage"},"image":{"@id":"https:\/\/diariodelsurdigital.com.ar\/?p=3951#primaryimage"},"thumbnailUrl":"https:\/\/diariodelsurdigital.com.ar\/wp-content\/uploads\/2025\/08\/md-55.webp","datePublished":"2025-08-04T17:51:54+00:00","dateModified":"2025-08-04T17:51:56+00:00","author":{"@id":"https:\/\/diariodelsurdigital.com.ar\/#\/schema\/person\/1a4992532ed62965c968031b49195c81"},"breadcrumb":{"@id":"https:\/\/diariodelsurdigital.com.ar\/?p=3951#breadcrumb"},"inLanguage":"es","potentialAction":[{"@type":"ReadAction","target":["https:\/\/diariodelsurdigital.com.ar\/?p=3951"]}]},{"@type":"ImageObject","inLanguage":"es","@id":"https:\/\/diariodelsurdigital.com.ar\/?p=3951#primaryimage","url":"https:\/\/diariodelsurdigital.com.ar\/wp-content\/uploads\/2025\/08\/md-55.webp","contentUrl":"https:\/\/diariodelsurdigital.com.ar\/wp-content\/uploads\/2025\/08\/md-55.webp","width":992,"height":557},{"@type":"BreadcrumbList","@id":"https:\/\/diariodelsurdigital.com.ar\/?p=3951#breadcrumb","itemListElement":[{"@type":"ListItem","position":1,"name":"Portada","item":"https:\/\/diariodelsurdigital.com.ar\/"},{"@type":"ListItem","position":2,"name":"Crece el rechazo en Entre R\u00edos al veto de Milei: \u201cEs una decisi\u00f3n cruel e inhumana\u201d"}]},{"@type":"WebSite","@id":"https:\/\/diariodelsurdigital.com.ar\/#website","url":"https:\/\/diariodelsurdigital.com.ar\/","name":"Diario del Sur","description":"Digital","potentialAction":[{"@type":"SearchAction","target":{"@type":"EntryPoint","urlTemplate":"https:\/\/diariodelsurdigital.com.ar\/?s={search_term_string}"},"query-input":{"@type":"PropertyValueSpecification","valueRequired":true,"valueName":"search_term_string"}}],"inLanguage":"es"},{"@type":"Person","@id":"https:\/\/diariodelsurdigital.com.ar\/#\/schema\/person\/1a4992532ed62965c968031b49195c81","name":"Diario del Sur Digital","image":{"@type":"ImageObject","inLanguage":"es","@id":"https:\/\/secure.gravatar.com\/avatar\/f0c7c47fc7146d19828273b9b8eda651c9c7ab583767e6338d3d3bee825adf76?s=96&d=mm&r=g","url":"https:\/\/secure.gravatar.com\/avatar\/f0c7c47fc7146d19828273b9b8eda651c9c7ab583767e6338d3d3bee825adf76?s=96&d=mm&r=g","contentUrl":"https:\/\/secure.gravatar.com\/avatar\/f0c7c47fc7146d19828273b9b8eda651c9c7ab583767e6338d3d3bee825adf76?s=96&d=mm&r=g","caption":"Diario del Sur Digital"},"url":"https:\/\/diariodelsurdigital.com.ar\/?author=4"}]}},"_links":{"self":[{"href":"https:\/\/diariodelsurdigital.com.ar\/index.php?rest_route=\/wp\/v2\/posts\/3951","targetHints":{"allow":["GET"]}}],"collection":[{"href":"https:\/\/diariodelsurdigital.com.ar\/index.php?rest_route=\/wp\/v2\/posts"}],"about":[{"href":"https:\/\/diariodelsurdigital.com.ar\/index.php?rest_route=\/wp\/v2\/types\/post"}],"author":[{"embeddable":true,"href":"https:\/\/diariodelsurdigital.com.ar\/index.php?rest_route=\/wp\/v2\/users\/4"}],"replies":[{"embeddable":true,"href":"https:\/\/diariodelsurdigital.com.ar\/index.php?rest_route=%2Fwp%2Fv2%2Fcomments&post=3951"}],"version-history":[{"count":1,"href":"https:\/\/diariodelsurdigital.com.ar\/index.php?rest_route=\/wp\/v2\/posts\/3951\/revisions"}],"predecessor-version":[{"id":3953,"href":"https:\/\/diariodelsurdigital.com.ar\/index.php?rest_route=\/wp\/v2\/posts\/3951\/revisions\/3953"}],"wp:featuredmedia":[{"embeddable":true,"href":"https:\/\/diariodelsurdigital.com.ar\/index.php?rest_route=\/wp\/v2\/media\/3952"}],"wp:attachment":[{"href":"https:\/\/diariodelsurdigital.com.ar\/index.php?rest_route=%2Fwp%2Fv2%2Fmedia&parent=3951"}],"wp:term":[{"taxonomy":"category","embeddable":true,"href":"https:\/\/diariodelsurdigital.com.ar\/index.php?rest_route=%2Fwp%2Fv2%2Fcategories&post=3951"},{"taxonomy":"post_tag","embeddable":true,"href":"https:\/\/diariodelsurdigital.com.ar\/index.php?rest_route=%2Fwp%2Fv2%2Ftags&post=3951"}],"curies":[{"name":"wp","href":"https:\/\/api.w.org\/{rel}","templated":true}]}}