{"id":3965,"date":"2025-08-05T14:16:11","date_gmt":"2025-08-05T17:16:11","guid":{"rendered":"https:\/\/diariodelsurdigital.com.ar\/?p=3965"},"modified":"2025-08-05T14:16:13","modified_gmt":"2025-08-05T17:16:13","slug":"entre-rios-se-encuentra-entre-las-provincias-con-menos-crimenes-de-odio-contra-el-colectivo-lgbt","status":"publish","type":"post","link":"https:\/\/diariodelsurdigital.com.ar\/?p=3965","title":{"rendered":"Entre R\u00edos se encuentra entre las provincias con menos cr\u00edmenes de odio contra el colectivo LGBT+"},"content":{"rendered":"\n<p>Un informe del Observatorio Nacional de Cr\u00edmenes de Odio LGBT+, elaborado tambi\u00e9n por la Federaci\u00f3n Argentina LGBT+, revel\u00f3 que a nivel nacional hay m\u00e1s agresiones contra lesbianas, gays, bisexuales, trans y no binaries que en 2024. Entre R\u00edos es de las provincias con menos cantidad de casos.<\/p>\n\n\n\n<p><\/p>\n\n\n\n<p>El Observatorio Nacional de Cr\u00edmenes de Odio LGBT+ realiz\u00f3 un informe en el que destac\u00f3 un contundente aumento de los ataques f\u00edsicos contra el colectivo LGBTIQ+ ya que en el per\u00edodo que va desde el 1\u00ba de enero al 30 de junio de 2025 se igual\u00f3 al 72% de hechos violentos de todo el 2024.<\/p>\n\n\n\n<p>En el estudio elaborado por la Federaci\u00f3n Argentina LGBT+ afirman que estos cr\u00edmenes \u00abtienen la intenci\u00f3n de da\u00f1ar y en algunos casos incluso ocasionar la muerte de la v\u00edctima\u00bb y que est\u00e1n basados \u00aben el rechazo, desprecio, odio y\/o discriminaci\u00f3n contra un colectivo de personas hist\u00f3ricamente vulneradas y\/o discriminadas\u00bb.<\/p>\n\n\n\n<p>Adem\u00e1s, el escrito explica que las fuentes son los medios masivos de comunicaci\u00f3n y la informaci\u00f3n obtenida por la Defensor\u00eda LGBT+, que depende del Instituto contra la Discriminaci\u00f3n (ICD) de la Defensor\u00eda del Pueblo de la Ciudad de Buenos Aires, junto a los datos recolectados por la Federaci\u00f3n Argentina LGBT+.<\/p>\n\n\n\n<p>Los resultados semestrales<br>Para la primera mitad de este a\u00f1o ocurrieron ciento dos (102) cr\u00edmenes de odio en los que \u00abla orientaci\u00f3n sexual, la identidad y\/o la expresi\u00f3n de g\u00e9nero de todas las v\u00edctimas fueron utilizadas como pretexto discriminatorio para la vulneraci\u00f3n de sus derechos y la violencia hacia ellas\u00bb.<\/p>\n\n\n\n<p>Advierten que el hubo 72 agresiones contra las mujeres trans (70,6% de las agresiones), mientras que en segundo lugar estan los varones gay cis, que padecieron 17 ataques (16,7%). Luego aparecen hechos de violencia contra 7 lesbianas (6,9%), 5 embestidas contra varones trans (4,9%) y un atropello contra una persona no binarie, lo que signific\u00f3 un 1% de los casos registrados.<\/p>\n\n\n\n<p>Adem\u00e1s, resaltaron que 16,7% de los ataques son lesiones al derecho a la vida, que comprenden a diversos asesinatos, muertes por violencia estructural y suicidios. En tanto el 83,3% restante abarca lesiones al derecho a la integridad f\u00edsica, es decir, casos que no finalizaron en fallecimientos pero que s\u00ed incluye los intentos de suicidio.<\/p>\n\n\n\n<p>Entre las agresiones contra el derecho a la vida, el 23,5% son asesinatos (3 varones gays cis y 1 lesbiana), pero el 58,8% fueron muertes por violencia estructural (8 mujeres trans, 1 var\u00f3n trans y 1 persona no binaria), lo que implica una vulneraci\u00f3n sistem\u00e1tica e hist\u00f3rica de derechos que ocasion\u00f3 muertes evitables. Por otro lado, el 17,6% fueron casos de suicidios (2 varones gays cis y 1 mujer trans).<\/p>\n\n\n\n<p>El mismo documento lamenta que \u00abson las mujeres trans quienes concentran la forma m\u00e1s brutal del odio y la discriminaci\u00f3n estructural, expresada en pr\u00e1cticas que contin\u00faan arrebat\u00e1ndo sus vidas con una sa\u00f1a alarmante\u00bb, al expresar que tambi\u00e9n m\u00e1s de la mitad de los asesinatos los sufren ellas.<\/p>\n\n\n\n<p>Las 9 mujeres trans asesinadas representaron al 52,9% de las v\u00edctimas, seguidas de los varones gays cis con 6 asesinatos (35,3%) y de las lesbianas y no binaries (representando un 1% con un caso por lado).<\/p>\n\n\n\n<p>El fragmento etario que sufre mayormente los ataques contra el colectivo LGBT es de la adultez joven. Poco m\u00e1s del 60% de las v\u00edctimas de cr\u00edmenes de odio tienen entre 20 y 39 a\u00f1os, aunque el rango entre los 40 y los 49 a\u00f1os re\u00fane al 19,4% de los, las y lxs agredidxs. Si bien por estad\u00edstica se disminuye a mayor edad, esto tambi\u00e9n demuestra que muchos asesinatos son antes de que las personas que integran el colectivo LGBT puedan envejecer, sobre todo los de las mujeres trans.<\/p>\n\n\n\n<p>Distribuci\u00f3n geogr\u00e1fica<br>En cuanto a la distribuci\u00f3n geogr\u00e1fica de los cr\u00edmenes de odio registrados en Argentina durante los primeros seis meses de 2025, el n\u00famero m\u00e1s alto se concentr\u00f3 en la provincia de Buenos Aires, con el 60,8 % (62 casos) del total. En segundo lugar se ubic\u00f3 la Ciudad Aut\u00f3noma de Buenos Aires, con el 23,5 % (24 casos).<\/p>\n\n\n\n<p>Luego se encuentran C\u00f3rdoba con el 3,9 % (4 casos), Chaco con el 2,9 % (3 casos), y las provincias de Salta y Tierra del Fuego, ambas con el 2,0 % (2 casos cada una). Finalmente, con el 1,0 % (1 caso cada una), figuran Chubut, Corrientes, Entre R\u00edos, Santa Fe y Santiago del Estero, public\u00f3 P\u00e1gina 12.<\/p>\n","protected":false},"excerpt":{"rendered":"<p>Un informe del Observatorio Nacional de Cr\u00edmenes de Odio LGBT+, elaborado tambi\u00e9n por la Federaci\u00f3n Argentina LGBT+, revel\u00f3 que a nivel nacional hay m\u00e1s agresiones contra lesbianas, gays, bisexuales, trans y no binaries que en 2024. Entre R\u00edos es de las provincias con menos cantidad de casos. El Observatorio Nacional de Cr\u00edmenes de Odio LGBT+ [&hellip;]<\/p>\n","protected":false},"author":4,"featured_media":3966,"comment_status":"open","ping_status":"open","sticky":false,"template":"","format":"standard","meta":{"footnotes":""},"categories":[19,17],"tags":[],"class_list":{"0":"post-3965","1":"post","2":"type-post","3":"status-publish","4":"format-standard","5":"has-post-thumbnail","7":"category-interes-general","8":"category-provinciales"},"yoast_head":"<!-- This site is optimized with the Yoast SEO plugin v27.4 - https:\/\/yoast.com\/product\/yoast-seo-wordpress\/ -->\n<title>Entre R\u00edos se encuentra entre las provincias con menos cr\u00edmenes de odio contra el colectivo LGBT+ - Diario del Sur<\/title>\n<meta name=\"robots\" content=\"index, follow, max-snippet:-1, max-image-preview:large, max-video-preview:-1\" \/>\n<link rel=\"canonical\" href=\"https:\/\/diariodelsurdigital.com.ar\/?p=3965\" \/>\n<meta property=\"og:locale\" content=\"es_ES\" \/>\n<meta property=\"og:type\" content=\"article\" \/>\n<meta property=\"og:title\" content=\"Entre R\u00edos se encuentra entre las provincias con menos cr\u00edmenes de odio contra el colectivo LGBT+ - Diario del Sur\" \/>\n<meta property=\"og:description\" content=\"Un informe del Observatorio Nacional de Cr\u00edmenes de Odio LGBT+, elaborado tambi\u00e9n por la Federaci\u00f3n Argentina LGBT+, revel\u00f3 que a nivel nacional hay m\u00e1s agresiones contra lesbianas, gays, bisexuales, trans y no binaries que en 2024. Entre R\u00edos es de las provincias con menos cantidad de casos. El Observatorio Nacional de Cr\u00edmenes de Odio LGBT+ [&hellip;]\" \/>\n<meta property=\"og:url\" content=\"https:\/\/diariodelsurdigital.com.ar\/?p=3965\" \/>\n<meta property=\"og:site_name\" content=\"Diario del Sur\" \/>\n<meta property=\"article:published_time\" content=\"2025-08-05T17:16:11+00:00\" \/>\n<meta property=\"article:modified_time\" content=\"2025-08-05T17:16:13+00:00\" \/>\n<meta property=\"og:image\" content=\"https:\/\/diariodelsurdigital.com.ar\/wp-content\/uploads\/2025\/08\/md-57.webp\" \/>\n\t<meta property=\"og:image:width\" content=\"992\" \/>\n\t<meta property=\"og:image:height\" content=\"744\" \/>\n\t<meta property=\"og:image:type\" content=\"image\/webp\" \/>\n<meta name=\"author\" content=\"Diario del Sur Digital\" \/>\n<meta name=\"twitter:card\" content=\"summary_large_image\" \/>\n<meta name=\"twitter:label1\" content=\"Escrito por\" \/>\n\t<meta name=\"twitter:data1\" content=\"Diario del Sur Digital\" \/>\n\t<meta name=\"twitter:label2\" content=\"Tiempo de lectura\" \/>\n\t<meta name=\"twitter:data2\" content=\"4 minutos\" \/>\n<script type=\"application\/ld+json\" class=\"yoast-schema-graph\">{\"@context\":\"https:\\\/\\\/schema.org\",\"@graph\":[{\"@type\":\"Article\",\"@id\":\"https:\\\/\\\/diariodelsurdigital.com.ar\\\/?p=3965#article\",\"isPartOf\":{\"@id\":\"https:\\\/\\\/diariodelsurdigital.com.ar\\\/?p=3965\"},\"author\":{\"name\":\"Diario del Sur Digital\",\"@id\":\"https:\\\/\\\/diariodelsurdigital.com.ar\\\/#\\\/schema\\\/person\\\/1a4992532ed62965c968031b49195c81\"},\"headline\":\"Entre R\u00edos se encuentra entre las provincias con menos cr\u00edmenes de odio contra el colectivo LGBT+\",\"datePublished\":\"2025-08-05T17:16:11+00:00\",\"dateModified\":\"2025-08-05T17:16:13+00:00\",\"mainEntityOfPage\":{\"@id\":\"https:\\\/\\\/diariodelsurdigital.com.ar\\\/?p=3965\"},\"wordCount\":749,\"commentCount\":0,\"image\":{\"@id\":\"https:\\\/\\\/diariodelsurdigital.com.ar\\\/?p=3965#primaryimage\"},\"thumbnailUrl\":\"https:\\\/\\\/diariodelsurdigital.com.ar\\\/wp-content\\\/uploads\\\/2025\\\/08\\\/md-57.webp\",\"articleSection\":[\"Inter\u00e9s General\",\"Provinciales\"],\"inLanguage\":\"es\",\"potentialAction\":[{\"@type\":\"CommentAction\",\"name\":\"Comment\",\"target\":[\"https:\\\/\\\/diariodelsurdigital.com.ar\\\/?p=3965#respond\"]}]},{\"@type\":\"WebPage\",\"@id\":\"https:\\\/\\\/diariodelsurdigital.com.ar\\\/?p=3965\",\"url\":\"https:\\\/\\\/diariodelsurdigital.com.ar\\\/?p=3965\",\"name\":\"Entre R\u00edos se encuentra entre las provincias con menos cr\u00edmenes de odio contra el colectivo LGBT+ - Diario del Sur\",\"isPartOf\":{\"@id\":\"https:\\\/\\\/diariodelsurdigital.com.ar\\\/#website\"},\"primaryImageOfPage\":{\"@id\":\"https:\\\/\\\/diariodelsurdigital.com.ar\\\/?p=3965#primaryimage\"},\"image\":{\"@id\":\"https:\\\/\\\/diariodelsurdigital.com.ar\\\/?p=3965#primaryimage\"},\"thumbnailUrl\":\"https:\\\/\\\/diariodelsurdigital.com.ar\\\/wp-content\\\/uploads\\\/2025\\\/08\\\/md-57.webp\",\"datePublished\":\"2025-08-05T17:16:11+00:00\",\"dateModified\":\"2025-08-05T17:16:13+00:00\",\"author\":{\"@id\":\"https:\\\/\\\/diariodelsurdigital.com.ar\\\/#\\\/schema\\\/person\\\/1a4992532ed62965c968031b49195c81\"},\"breadcrumb\":{\"@id\":\"https:\\\/\\\/diariodelsurdigital.com.ar\\\/?p=3965#breadcrumb\"},\"inLanguage\":\"es\",\"potentialAction\":[{\"@type\":\"ReadAction\",\"target\":[\"https:\\\/\\\/diariodelsurdigital.com.ar\\\/?p=3965\"]}]},{\"@type\":\"ImageObject\",\"inLanguage\":\"es\",\"@id\":\"https:\\\/\\\/diariodelsurdigital.com.ar\\\/?p=3965#primaryimage\",\"url\":\"https:\\\/\\\/diariodelsurdigital.com.ar\\\/wp-content\\\/uploads\\\/2025\\\/08\\\/md-57.webp\",\"contentUrl\":\"https:\\\/\\\/diariodelsurdigital.com.ar\\\/wp-content\\\/uploads\\\/2025\\\/08\\\/md-57.webp\",\"width\":992,\"height\":744},{\"@type\":\"BreadcrumbList\",\"@id\":\"https:\\\/\\\/diariodelsurdigital.com.ar\\\/?p=3965#breadcrumb\",\"itemListElement\":[{\"@type\":\"ListItem\",\"position\":1,\"name\":\"Portada\",\"item\":\"https:\\\/\\\/diariodelsurdigital.com.ar\\\/\"},{\"@type\":\"ListItem\",\"position\":2,\"name\":\"Entre R\u00edos se encuentra entre las provincias con menos cr\u00edmenes de odio contra el colectivo LGBT+\"}]},{\"@type\":\"WebSite\",\"@id\":\"https:\\\/\\\/diariodelsurdigital.com.ar\\\/#website\",\"url\":\"https:\\\/\\\/diariodelsurdigital.com.ar\\\/\",\"name\":\"Diario del Sur\",\"description\":\"Digital\",\"potentialAction\":[{\"@type\":\"SearchAction\",\"target\":{\"@type\":\"EntryPoint\",\"urlTemplate\":\"https:\\\/\\\/diariodelsurdigital.com.ar\\\/?s={search_term_string}\"},\"query-input\":{\"@type\":\"PropertyValueSpecification\",\"valueRequired\":true,\"valueName\":\"search_term_string\"}}],\"inLanguage\":\"es\"},{\"@type\":\"Person\",\"@id\":\"https:\\\/\\\/diariodelsurdigital.com.ar\\\/#\\\/schema\\\/person\\\/1a4992532ed62965c968031b49195c81\",\"name\":\"Diario del Sur Digital\",\"image\":{\"@type\":\"ImageObject\",\"inLanguage\":\"es\",\"@id\":\"https:\\\/\\\/secure.gravatar.com\\\/avatar\\\/f0c7c47fc7146d19828273b9b8eda651c9c7ab583767e6338d3d3bee825adf76?s=96&d=mm&r=g\",\"url\":\"https:\\\/\\\/secure.gravatar.com\\\/avatar\\\/f0c7c47fc7146d19828273b9b8eda651c9c7ab583767e6338d3d3bee825adf76?s=96&d=mm&r=g\",\"contentUrl\":\"https:\\\/\\\/secure.gravatar.com\\\/avatar\\\/f0c7c47fc7146d19828273b9b8eda651c9c7ab583767e6338d3d3bee825adf76?s=96&d=mm&r=g\",\"caption\":\"Diario del Sur Digital\"},\"url\":\"https:\\\/\\\/diariodelsurdigital.com.ar\\\/?author=4\"}]}<\/script>\n<!-- \/ Yoast SEO plugin. -->","yoast_head_json":{"title":"Entre R\u00edos se encuentra entre las provincias con menos cr\u00edmenes de odio contra el colectivo LGBT+ - Diario del Sur","robots":{"index":"index","follow":"follow","max-snippet":"max-snippet:-1","max-image-preview":"max-image-preview:large","max-video-preview":"max-video-preview:-1"},"canonical":"https:\/\/diariodelsurdigital.com.ar\/?p=3965","og_locale":"es_ES","og_type":"article","og_title":"Entre R\u00edos se encuentra entre las provincias con menos cr\u00edmenes de odio contra el colectivo LGBT+ - Diario del Sur","og_description":"Un informe del Observatorio Nacional de Cr\u00edmenes de Odio LGBT+, elaborado tambi\u00e9n por la Federaci\u00f3n Argentina LGBT+, revel\u00f3 que a nivel nacional hay m\u00e1s agresiones contra lesbianas, gays, bisexuales, trans y no binaries que en 2024. Entre R\u00edos es de las provincias con menos cantidad de casos. El Observatorio Nacional de Cr\u00edmenes de Odio LGBT+ [&hellip;]","og_url":"https:\/\/diariodelsurdigital.com.ar\/?p=3965","og_site_name":"Diario del Sur","article_published_time":"2025-08-05T17:16:11+00:00","article_modified_time":"2025-08-05T17:16:13+00:00","og_image":[{"width":992,"height":744,"url":"https:\/\/diariodelsurdigital.com.ar\/wp-content\/uploads\/2025\/08\/md-57.webp","type":"image\/webp"}],"author":"Diario del Sur Digital","twitter_card":"summary_large_image","twitter_misc":{"Escrito por":"Diario del Sur Digital","Tiempo de lectura":"4 minutos"},"schema":{"@context":"https:\/\/schema.org","@graph":[{"@type":"Article","@id":"https:\/\/diariodelsurdigital.com.ar\/?p=3965#article","isPartOf":{"@id":"https:\/\/diariodelsurdigital.com.ar\/?p=3965"},"author":{"name":"Diario del Sur Digital","@id":"https:\/\/diariodelsurdigital.com.ar\/#\/schema\/person\/1a4992532ed62965c968031b49195c81"},"headline":"Entre R\u00edos se encuentra entre las provincias con menos cr\u00edmenes de odio contra el colectivo LGBT+","datePublished":"2025-08-05T17:16:11+00:00","dateModified":"2025-08-05T17:16:13+00:00","mainEntityOfPage":{"@id":"https:\/\/diariodelsurdigital.com.ar\/?p=3965"},"wordCount":749,"commentCount":0,"image":{"@id":"https:\/\/diariodelsurdigital.com.ar\/?p=3965#primaryimage"},"thumbnailUrl":"https:\/\/diariodelsurdigital.com.ar\/wp-content\/uploads\/2025\/08\/md-57.webp","articleSection":["Inter\u00e9s General","Provinciales"],"inLanguage":"es","potentialAction":[{"@type":"CommentAction","name":"Comment","target":["https:\/\/diariodelsurdigital.com.ar\/?p=3965#respond"]}]},{"@type":"WebPage","@id":"https:\/\/diariodelsurdigital.com.ar\/?p=3965","url":"https:\/\/diariodelsurdigital.com.ar\/?p=3965","name":"Entre R\u00edos se encuentra entre las provincias con menos cr\u00edmenes de odio contra el colectivo LGBT+ - Diario del Sur","isPartOf":{"@id":"https:\/\/diariodelsurdigital.com.ar\/#website"},"primaryImageOfPage":{"@id":"https:\/\/diariodelsurdigital.com.ar\/?p=3965#primaryimage"},"image":{"@id":"https:\/\/diariodelsurdigital.com.ar\/?p=3965#primaryimage"},"thumbnailUrl":"https:\/\/diariodelsurdigital.com.ar\/wp-content\/uploads\/2025\/08\/md-57.webp","datePublished":"2025-08-05T17:16:11+00:00","dateModified":"2025-08-05T17:16:13+00:00","author":{"@id":"https:\/\/diariodelsurdigital.com.ar\/#\/schema\/person\/1a4992532ed62965c968031b49195c81"},"breadcrumb":{"@id":"https:\/\/diariodelsurdigital.com.ar\/?p=3965#breadcrumb"},"inLanguage":"es","potentialAction":[{"@type":"ReadAction","target":["https:\/\/diariodelsurdigital.com.ar\/?p=3965"]}]},{"@type":"ImageObject","inLanguage":"es","@id":"https:\/\/diariodelsurdigital.com.ar\/?p=3965#primaryimage","url":"https:\/\/diariodelsurdigital.com.ar\/wp-content\/uploads\/2025\/08\/md-57.webp","contentUrl":"https:\/\/diariodelsurdigital.com.ar\/wp-content\/uploads\/2025\/08\/md-57.webp","width":992,"height":744},{"@type":"BreadcrumbList","@id":"https:\/\/diariodelsurdigital.com.ar\/?p=3965#breadcrumb","itemListElement":[{"@type":"ListItem","position":1,"name":"Portada","item":"https:\/\/diariodelsurdigital.com.ar\/"},{"@type":"ListItem","position":2,"name":"Entre R\u00edos se encuentra entre las provincias con menos cr\u00edmenes de odio contra el colectivo LGBT+"}]},{"@type":"WebSite","@id":"https:\/\/diariodelsurdigital.com.ar\/#website","url":"https:\/\/diariodelsurdigital.com.ar\/","name":"Diario del Sur","description":"Digital","potentialAction":[{"@type":"SearchAction","target":{"@type":"EntryPoint","urlTemplate":"https:\/\/diariodelsurdigital.com.ar\/?s={search_term_string}"},"query-input":{"@type":"PropertyValueSpecification","valueRequired":true,"valueName":"search_term_string"}}],"inLanguage":"es"},{"@type":"Person","@id":"https:\/\/diariodelsurdigital.com.ar\/#\/schema\/person\/1a4992532ed62965c968031b49195c81","name":"Diario del Sur Digital","image":{"@type":"ImageObject","inLanguage":"es","@id":"https:\/\/secure.gravatar.com\/avatar\/f0c7c47fc7146d19828273b9b8eda651c9c7ab583767e6338d3d3bee825adf76?s=96&d=mm&r=g","url":"https:\/\/secure.gravatar.com\/avatar\/f0c7c47fc7146d19828273b9b8eda651c9c7ab583767e6338d3d3bee825adf76?s=96&d=mm&r=g","contentUrl":"https:\/\/secure.gravatar.com\/avatar\/f0c7c47fc7146d19828273b9b8eda651c9c7ab583767e6338d3d3bee825adf76?s=96&d=mm&r=g","caption":"Diario del Sur Digital"},"url":"https:\/\/diariodelsurdigital.com.ar\/?author=4"}]}},"_links":{"self":[{"href":"https:\/\/diariodelsurdigital.com.ar\/index.php?rest_route=\/wp\/v2\/posts\/3965","targetHints":{"allow":["GET"]}}],"collection":[{"href":"https:\/\/diariodelsurdigital.com.ar\/index.php?rest_route=\/wp\/v2\/posts"}],"about":[{"href":"https:\/\/diariodelsurdigital.com.ar\/index.php?rest_route=\/wp\/v2\/types\/post"}],"author":[{"embeddable":true,"href":"https:\/\/diariodelsurdigital.com.ar\/index.php?rest_route=\/wp\/v2\/users\/4"}],"replies":[{"embeddable":true,"href":"https:\/\/diariodelsurdigital.com.ar\/index.php?rest_route=%2Fwp%2Fv2%2Fcomments&post=3965"}],"version-history":[{"count":1,"href":"https:\/\/diariodelsurdigital.com.ar\/index.php?rest_route=\/wp\/v2\/posts\/3965\/revisions"}],"predecessor-version":[{"id":3967,"href":"https:\/\/diariodelsurdigital.com.ar\/index.php?rest_route=\/wp\/v2\/posts\/3965\/revisions\/3967"}],"wp:featuredmedia":[{"embeddable":true,"href":"https:\/\/diariodelsurdigital.com.ar\/index.php?rest_route=\/wp\/v2\/media\/3966"}],"wp:attachment":[{"href":"https:\/\/diariodelsurdigital.com.ar\/index.php?rest_route=%2Fwp%2Fv2%2Fmedia&parent=3965"}],"wp:term":[{"taxonomy":"category","embeddable":true,"href":"https:\/\/diariodelsurdigital.com.ar\/index.php?rest_route=%2Fwp%2Fv2%2Fcategories&post=3965"},{"taxonomy":"post_tag","embeddable":true,"href":"https:\/\/diariodelsurdigital.com.ar\/index.php?rest_route=%2Fwp%2Fv2%2Ftags&post=3965"}],"curies":[{"name":"wp","href":"https:\/\/api.w.org\/{rel}","templated":true}]}}