{"id":3968,"date":"2025-08-05T14:40:59","date_gmt":"2025-08-05T17:40:59","guid":{"rendered":"https:\/\/diariodelsurdigital.com.ar\/?p=3968"},"modified":"2025-08-05T14:41:00","modified_gmt":"2025-08-05T17:41:00","slug":"agmer-acuso-a-frigerio-de-instrumentar-un-ajuste-furibundo-y-denuncio-la-grave-crisis-edilicia-de-las-escuelas","status":"publish","type":"post","link":"https:\/\/diariodelsurdigital.com.ar\/?p=3968","title":{"rendered":"Agmer acus\u00f3 a Frigerio de instrumentar \u201cun ajuste furibundo\u201d y denunci\u00f3 la grave crisis edilicia de las escuelas"},"content":{"rendered":"\n<p>Hace un mes el congreso del sindicato solicit\u00f3 la \u201curgente\u201d convocatoria a paritaria de condiciones laborales y de infraestructura, pero todav\u00eda no hubo respuesta por parte del Gobierno. Lo dijo a APFDigital secretario Gremial, Guillermo Zampedri, quien cuestion\u00f3 el \u201cajuste escandaloso\u201d de la gesti\u00f3n de Frigerio y puso el ojo en \u201cel grav\u00edsimo problema de infraestructura escolar\u201d que hay en la provincia.<\/p>\n\n\n\n<p><\/p>\n\n\n\n<p>El jueves 3 de julio se desarroll\u00f3 el \u00faltimo Congreso Extraordinario de Asociaci\u00f3n del Magisterio de Entre R\u00edos (Agmer) en la ciudad de Villaguay que resolvi\u00f3 declararse en estado de alerta y exigir la \u201curgente\u201d convocatoria a paritarias de condiciones laborales y de infraestructura.<\/p>\n\n\n\n<p>A m\u00e1s de un mes de aquella resoluci\u00f3n, no hubo convocatoria formal por parte del Gobierno a estas instancias paritarias, \u201cno hubo reuni\u00f3n formal de paritarias\u201d, inform\u00f3 el Secretario Gremial del sindicato.<\/p>\n\n\n\n<p>Agmer se declar\u00f3 en estado de alerta y exigi\u00f3 la \u201curgente\u201d convocatoria a paritarias<br>Si bien hubo di\u00e1logo del titular del gremio (Marcelo Pagani) y de la vocal gremial (Susana Cogno) con las autoridades pol\u00edticas del Consejo General de Educaci\u00f3n, lo cierto es que no hubo una convocatoria formal al espacio paritario.<\/p>\n\n\n\n<p>\u201cEntendemos que es urgente discutir la infraestructura en las escuelas porque est\u00e1n atravesando por una situaci\u00f3n muy compleja y el tema necesita ser abordado de manera integral\u201d, sostuvo.<\/p>\n\n\n\n<p>Consultado por esta Agencia, indic\u00f3 que durante el receso escolar se realizaron \u201calgunas reparaciones menores\u201d, pero asegur\u00f3 que eso \u201cno alcanza\u201d y consider\u00f3 que \u201cno es verdad que se puede gestionar sin plata, sino que para reparar las escuelas se necesita de una inversi\u00f3n importante y eso no est\u00e1 ocurriendo\u201d.<\/p>\n\n\n\n<p>Al poner sobre la mesa las causas del estado de situaci\u00f3n de los establecimientos escolares, Zampedri fue contundente: \u201cLa motosierra de Milei lleg\u00f3 a Entre R\u00edos, ya que el gobierno nacional no financia ninguna obra en escuelas y el gobierno de Frigerio aplica un ajuste furibundo, lo cual genera un problema grav\u00edsimo de infraestructura que se agrava d\u00eda a d\u00eda porque no mantenimiento\u201d.<\/p>\n\n\n\n<p>\u201cAjuste escandaloso de Frigerio\u201d<\/p>\n\n\n\n<p>Luego el Secretario Gremial de Agmer adelant\u00f3 que en el congreso provincial que este jueves tendr\u00e1 lugar en Paran\u00e1 \u201cse fijar\u00e1 un posicionamiento pol\u00edtico respecto del escandaloso ajuste que est\u00e1 llevando adelante el gobierno de Rogelio Frigerio en materia de educaci\u00f3n con el cierre de los centros educativos de alfabetizaci\u00f3n de j\u00f3venes y adultos, el cierre de las horas TICs en los centros formaci\u00f3n profesional, la reducci\u00f3n del servicio de transporte escolar rural y la amenaza de cierre de 300 escuelas rurales bajo el eufemismo de un \u2018Mapa de Reorganizaci\u00f3n\u2019\u201d.<\/p>\n\n\n\n<p>\u201cHay una pol\u00edtica de ajuste terror\u00edfica del gobierno antipopular, antiobrero y antisindical de Frigerio que castiga fuertemente a las escuelas p\u00fablicas y al derecho a la educaci\u00f3n\u201d, enfatiz\u00f3.<\/p>\n\n\n\n<p>Consultado por esta agencia, descart\u00f3 la posibilidad de que el proceso eleccionario que est\u00e1 atravesando el gremio pueda interferir en la lucha sindical contra este ajuste: \u201cDe ninguna manera el proceso de renovaci\u00f3n de autoridades que tendr\u00e1 lugar el 25 de septiembre va a obstaculizar la lucha incondicional por la escuela p\u00fablica y los derechos conquistados por los trabajadores de la educaci\u00f3n\u201d.<\/p>\n\n\n\n<p>Paritarias salariales<\/p>\n\n\n\n<p>En relaci\u00f3n a las negociaciones salariales, Guillermo Zampedri record\u00f3 que a comienzos de a\u00f1o se firm\u00f3 un acuerdo paritario que rige para todo el 2025 que implica aumentos mensuales acordes a la inflaci\u00f3n.<\/p>\n\n\n\n<p>\u201cEl hecho de que haya posibilidades de reabrir las conversaciones forma parte del debate continuo que hay en las distintas instancias org\u00e1nicas de Agmer, pero por ahora se sigue aplicando la pauta que se acord\u00f3 a principios de a\u00f1o\u201d, finaliz\u00f3.<\/p>\n","protected":false},"excerpt":{"rendered":"<p>Hace un mes el congreso del sindicato solicit\u00f3 la \u201curgente\u201d convocatoria a paritaria de condiciones laborales y de infraestructura, pero todav\u00eda no hubo respuesta por parte del Gobierno. Lo dijo a APFDigital secretario Gremial, Guillermo Zampedri, quien cuestion\u00f3 el \u201cajuste escandaloso\u201d de la gesti\u00f3n de Frigerio y puso el ojo en \u201cel grav\u00edsimo problema de [&hellip;]<\/p>\n","protected":false},"author":4,"featured_media":3969,"comment_status":"open","ping_status":"open","sticky":false,"template":"","format":"standard","meta":{"footnotes":""},"categories":[17],"tags":[],"class_list":{"0":"post-3968","1":"post","2":"type-post","3":"status-publish","4":"format-standard","5":"has-post-thumbnail","7":"category-provinciales"},"yoast_head":"<!-- This site is optimized with the Yoast SEO plugin v27.4 - https:\/\/yoast.com\/product\/yoast-seo-wordpress\/ -->\n<title>Agmer acus\u00f3 a Frigerio de instrumentar \u201cun ajuste furibundo\u201d y denunci\u00f3 la grave crisis edilicia de las escuelas - Diario del Sur<\/title>\n<meta name=\"robots\" content=\"index, follow, max-snippet:-1, max-image-preview:large, max-video-preview:-1\" \/>\n<link rel=\"canonical\" href=\"https:\/\/diariodelsurdigital.com.ar\/?p=3968\" \/>\n<meta property=\"og:locale\" content=\"es_ES\" \/>\n<meta property=\"og:type\" content=\"article\" \/>\n<meta property=\"og:title\" content=\"Agmer acus\u00f3 a Frigerio de instrumentar \u201cun ajuste furibundo\u201d y denunci\u00f3 la grave crisis edilicia de las escuelas - Diario del Sur\" \/>\n<meta property=\"og:description\" content=\"Hace un mes el congreso del sindicato solicit\u00f3 la \u201curgente\u201d convocatoria a paritaria de condiciones laborales y de infraestructura, pero todav\u00eda no hubo respuesta por parte del Gobierno. Lo dijo a APFDigital secretario Gremial, Guillermo Zampedri, quien cuestion\u00f3 el \u201cajuste escandaloso\u201d de la gesti\u00f3n de Frigerio y puso el ojo en \u201cel grav\u00edsimo problema de [&hellip;]\" \/>\n<meta property=\"og:url\" content=\"https:\/\/diariodelsurdigital.com.ar\/?p=3968\" \/>\n<meta property=\"og:site_name\" content=\"Diario del Sur\" \/>\n<meta property=\"article:published_time\" content=\"2025-08-05T17:40:59+00:00\" \/>\n<meta property=\"article:modified_time\" content=\"2025-08-05T17:41:00+00:00\" \/>\n<meta property=\"og:image\" content=\"https:\/\/diariodelsurdigital.com.ar\/wp-content\/uploads\/2025\/08\/md-58.webp\" \/>\n\t<meta property=\"og:image:width\" content=\"992\" \/>\n\t<meta property=\"og:image:height\" content=\"661\" \/>\n\t<meta property=\"og:image:type\" content=\"image\/webp\" \/>\n<meta name=\"author\" content=\"Diario del Sur Digital\" \/>\n<meta name=\"twitter:card\" content=\"summary_large_image\" \/>\n<meta name=\"twitter:label1\" content=\"Escrito por\" \/>\n\t<meta name=\"twitter:data1\" content=\"Diario del Sur Digital\" \/>\n\t<meta name=\"twitter:label2\" content=\"Tiempo de lectura\" \/>\n\t<meta name=\"twitter:data2\" content=\"3 minutos\" \/>\n<script type=\"application\/ld+json\" class=\"yoast-schema-graph\">{\"@context\":\"https:\\\/\\\/schema.org\",\"@graph\":[{\"@type\":\"Article\",\"@id\":\"https:\\\/\\\/diariodelsurdigital.com.ar\\\/?p=3968#article\",\"isPartOf\":{\"@id\":\"https:\\\/\\\/diariodelsurdigital.com.ar\\\/?p=3968\"},\"author\":{\"name\":\"Diario del Sur Digital\",\"@id\":\"https:\\\/\\\/diariodelsurdigital.com.ar\\\/#\\\/schema\\\/person\\\/1a4992532ed62965c968031b49195c81\"},\"headline\":\"Agmer acus\u00f3 a Frigerio de instrumentar \u201cun ajuste furibundo\u201d y denunci\u00f3 la grave crisis edilicia de las escuelas\",\"datePublished\":\"2025-08-05T17:40:59+00:00\",\"dateModified\":\"2025-08-05T17:41:00+00:00\",\"mainEntityOfPage\":{\"@id\":\"https:\\\/\\\/diariodelsurdigital.com.ar\\\/?p=3968\"},\"wordCount\":641,\"commentCount\":0,\"image\":{\"@id\":\"https:\\\/\\\/diariodelsurdigital.com.ar\\\/?p=3968#primaryimage\"},\"thumbnailUrl\":\"https:\\\/\\\/diariodelsurdigital.com.ar\\\/wp-content\\\/uploads\\\/2025\\\/08\\\/md-58.webp\",\"articleSection\":[\"Provinciales\"],\"inLanguage\":\"es\",\"potentialAction\":[{\"@type\":\"CommentAction\",\"name\":\"Comment\",\"target\":[\"https:\\\/\\\/diariodelsurdigital.com.ar\\\/?p=3968#respond\"]}]},{\"@type\":\"WebPage\",\"@id\":\"https:\\\/\\\/diariodelsurdigital.com.ar\\\/?p=3968\",\"url\":\"https:\\\/\\\/diariodelsurdigital.com.ar\\\/?p=3968\",\"name\":\"Agmer acus\u00f3 a Frigerio de instrumentar \u201cun ajuste furibundo\u201d y denunci\u00f3 la grave crisis edilicia de las escuelas - Diario del Sur\",\"isPartOf\":{\"@id\":\"https:\\\/\\\/diariodelsurdigital.com.ar\\\/#website\"},\"primaryImageOfPage\":{\"@id\":\"https:\\\/\\\/diariodelsurdigital.com.ar\\\/?p=3968#primaryimage\"},\"image\":{\"@id\":\"https:\\\/\\\/diariodelsurdigital.com.ar\\\/?p=3968#primaryimage\"},\"thumbnailUrl\":\"https:\\\/\\\/diariodelsurdigital.com.ar\\\/wp-content\\\/uploads\\\/2025\\\/08\\\/md-58.webp\",\"datePublished\":\"2025-08-05T17:40:59+00:00\",\"dateModified\":\"2025-08-05T17:41:00+00:00\",\"author\":{\"@id\":\"https:\\\/\\\/diariodelsurdigital.com.ar\\\/#\\\/schema\\\/person\\\/1a4992532ed62965c968031b49195c81\"},\"breadcrumb\":{\"@id\":\"https:\\\/\\\/diariodelsurdigital.com.ar\\\/?p=3968#breadcrumb\"},\"inLanguage\":\"es\",\"potentialAction\":[{\"@type\":\"ReadAction\",\"target\":[\"https:\\\/\\\/diariodelsurdigital.com.ar\\\/?p=3968\"]}]},{\"@type\":\"ImageObject\",\"inLanguage\":\"es\",\"@id\":\"https:\\\/\\\/diariodelsurdigital.com.ar\\\/?p=3968#primaryimage\",\"url\":\"https:\\\/\\\/diariodelsurdigital.com.ar\\\/wp-content\\\/uploads\\\/2025\\\/08\\\/md-58.webp\",\"contentUrl\":\"https:\\\/\\\/diariodelsurdigital.com.ar\\\/wp-content\\\/uploads\\\/2025\\\/08\\\/md-58.webp\",\"width\":992,\"height\":661},{\"@type\":\"BreadcrumbList\",\"@id\":\"https:\\\/\\\/diariodelsurdigital.com.ar\\\/?p=3968#breadcrumb\",\"itemListElement\":[{\"@type\":\"ListItem\",\"position\":1,\"name\":\"Portada\",\"item\":\"https:\\\/\\\/diariodelsurdigital.com.ar\\\/\"},{\"@type\":\"ListItem\",\"position\":2,\"name\":\"Agmer acus\u00f3 a Frigerio de instrumentar \u201cun ajuste furibundo\u201d y denunci\u00f3 la grave crisis edilicia de las escuelas\"}]},{\"@type\":\"WebSite\",\"@id\":\"https:\\\/\\\/diariodelsurdigital.com.ar\\\/#website\",\"url\":\"https:\\\/\\\/diariodelsurdigital.com.ar\\\/\",\"name\":\"Diario del Sur\",\"description\":\"Digital\",\"potentialAction\":[{\"@type\":\"SearchAction\",\"target\":{\"@type\":\"EntryPoint\",\"urlTemplate\":\"https:\\\/\\\/diariodelsurdigital.com.ar\\\/?s={search_term_string}\"},\"query-input\":{\"@type\":\"PropertyValueSpecification\",\"valueRequired\":true,\"valueName\":\"search_term_string\"}}],\"inLanguage\":\"es\"},{\"@type\":\"Person\",\"@id\":\"https:\\\/\\\/diariodelsurdigital.com.ar\\\/#\\\/schema\\\/person\\\/1a4992532ed62965c968031b49195c81\",\"name\":\"Diario del Sur Digital\",\"image\":{\"@type\":\"ImageObject\",\"inLanguage\":\"es\",\"@id\":\"https:\\\/\\\/secure.gravatar.com\\\/avatar\\\/f0c7c47fc7146d19828273b9b8eda651c9c7ab583767e6338d3d3bee825adf76?s=96&d=mm&r=g\",\"url\":\"https:\\\/\\\/secure.gravatar.com\\\/avatar\\\/f0c7c47fc7146d19828273b9b8eda651c9c7ab583767e6338d3d3bee825adf76?s=96&d=mm&r=g\",\"contentUrl\":\"https:\\\/\\\/secure.gravatar.com\\\/avatar\\\/f0c7c47fc7146d19828273b9b8eda651c9c7ab583767e6338d3d3bee825adf76?s=96&d=mm&r=g\",\"caption\":\"Diario del Sur Digital\"},\"url\":\"https:\\\/\\\/diariodelsurdigital.com.ar\\\/?author=4\"}]}<\/script>\n<!-- \/ Yoast SEO plugin. -->","yoast_head_json":{"title":"Agmer acus\u00f3 a Frigerio de instrumentar \u201cun ajuste furibundo\u201d y denunci\u00f3 la grave crisis edilicia de las escuelas - Diario del Sur","robots":{"index":"index","follow":"follow","max-snippet":"max-snippet:-1","max-image-preview":"max-image-preview:large","max-video-preview":"max-video-preview:-1"},"canonical":"https:\/\/diariodelsurdigital.com.ar\/?p=3968","og_locale":"es_ES","og_type":"article","og_title":"Agmer acus\u00f3 a Frigerio de instrumentar \u201cun ajuste furibundo\u201d y denunci\u00f3 la grave crisis edilicia de las escuelas - Diario del Sur","og_description":"Hace un mes el congreso del sindicato solicit\u00f3 la \u201curgente\u201d convocatoria a paritaria de condiciones laborales y de infraestructura, pero todav\u00eda no hubo respuesta por parte del Gobierno. Lo dijo a APFDigital secretario Gremial, Guillermo Zampedri, quien cuestion\u00f3 el \u201cajuste escandaloso\u201d de la gesti\u00f3n de Frigerio y puso el ojo en \u201cel grav\u00edsimo problema de [&hellip;]","og_url":"https:\/\/diariodelsurdigital.com.ar\/?p=3968","og_site_name":"Diario del Sur","article_published_time":"2025-08-05T17:40:59+00:00","article_modified_time":"2025-08-05T17:41:00+00:00","og_image":[{"width":992,"height":661,"url":"https:\/\/diariodelsurdigital.com.ar\/wp-content\/uploads\/2025\/08\/md-58.webp","type":"image\/webp"}],"author":"Diario del Sur Digital","twitter_card":"summary_large_image","twitter_misc":{"Escrito por":"Diario del Sur Digital","Tiempo de lectura":"3 minutos"},"schema":{"@context":"https:\/\/schema.org","@graph":[{"@type":"Article","@id":"https:\/\/diariodelsurdigital.com.ar\/?p=3968#article","isPartOf":{"@id":"https:\/\/diariodelsurdigital.com.ar\/?p=3968"},"author":{"name":"Diario del Sur Digital","@id":"https:\/\/diariodelsurdigital.com.ar\/#\/schema\/person\/1a4992532ed62965c968031b49195c81"},"headline":"Agmer acus\u00f3 a Frigerio de instrumentar \u201cun ajuste furibundo\u201d y denunci\u00f3 la grave crisis edilicia de las escuelas","datePublished":"2025-08-05T17:40:59+00:00","dateModified":"2025-08-05T17:41:00+00:00","mainEntityOfPage":{"@id":"https:\/\/diariodelsurdigital.com.ar\/?p=3968"},"wordCount":641,"commentCount":0,"image":{"@id":"https:\/\/diariodelsurdigital.com.ar\/?p=3968#primaryimage"},"thumbnailUrl":"https:\/\/diariodelsurdigital.com.ar\/wp-content\/uploads\/2025\/08\/md-58.webp","articleSection":["Provinciales"],"inLanguage":"es","potentialAction":[{"@type":"CommentAction","name":"Comment","target":["https:\/\/diariodelsurdigital.com.ar\/?p=3968#respond"]}]},{"@type":"WebPage","@id":"https:\/\/diariodelsurdigital.com.ar\/?p=3968","url":"https:\/\/diariodelsurdigital.com.ar\/?p=3968","name":"Agmer acus\u00f3 a Frigerio de instrumentar \u201cun ajuste furibundo\u201d y denunci\u00f3 la grave crisis edilicia de las escuelas - Diario del Sur","isPartOf":{"@id":"https:\/\/diariodelsurdigital.com.ar\/#website"},"primaryImageOfPage":{"@id":"https:\/\/diariodelsurdigital.com.ar\/?p=3968#primaryimage"},"image":{"@id":"https:\/\/diariodelsurdigital.com.ar\/?p=3968#primaryimage"},"thumbnailUrl":"https:\/\/diariodelsurdigital.com.ar\/wp-content\/uploads\/2025\/08\/md-58.webp","datePublished":"2025-08-05T17:40:59+00:00","dateModified":"2025-08-05T17:41:00+00:00","author":{"@id":"https:\/\/diariodelsurdigital.com.ar\/#\/schema\/person\/1a4992532ed62965c968031b49195c81"},"breadcrumb":{"@id":"https:\/\/diariodelsurdigital.com.ar\/?p=3968#breadcrumb"},"inLanguage":"es","potentialAction":[{"@type":"ReadAction","target":["https:\/\/diariodelsurdigital.com.ar\/?p=3968"]}]},{"@type":"ImageObject","inLanguage":"es","@id":"https:\/\/diariodelsurdigital.com.ar\/?p=3968#primaryimage","url":"https:\/\/diariodelsurdigital.com.ar\/wp-content\/uploads\/2025\/08\/md-58.webp","contentUrl":"https:\/\/diariodelsurdigital.com.ar\/wp-content\/uploads\/2025\/08\/md-58.webp","width":992,"height":661},{"@type":"BreadcrumbList","@id":"https:\/\/diariodelsurdigital.com.ar\/?p=3968#breadcrumb","itemListElement":[{"@type":"ListItem","position":1,"name":"Portada","item":"https:\/\/diariodelsurdigital.com.ar\/"},{"@type":"ListItem","position":2,"name":"Agmer acus\u00f3 a Frigerio de instrumentar \u201cun ajuste furibundo\u201d y denunci\u00f3 la grave crisis edilicia de las escuelas"}]},{"@type":"WebSite","@id":"https:\/\/diariodelsurdigital.com.ar\/#website","url":"https:\/\/diariodelsurdigital.com.ar\/","name":"Diario del Sur","description":"Digital","potentialAction":[{"@type":"SearchAction","target":{"@type":"EntryPoint","urlTemplate":"https:\/\/diariodelsurdigital.com.ar\/?s={search_term_string}"},"query-input":{"@type":"PropertyValueSpecification","valueRequired":true,"valueName":"search_term_string"}}],"inLanguage":"es"},{"@type":"Person","@id":"https:\/\/diariodelsurdigital.com.ar\/#\/schema\/person\/1a4992532ed62965c968031b49195c81","name":"Diario del Sur Digital","image":{"@type":"ImageObject","inLanguage":"es","@id":"https:\/\/secure.gravatar.com\/avatar\/f0c7c47fc7146d19828273b9b8eda651c9c7ab583767e6338d3d3bee825adf76?s=96&d=mm&r=g","url":"https:\/\/secure.gravatar.com\/avatar\/f0c7c47fc7146d19828273b9b8eda651c9c7ab583767e6338d3d3bee825adf76?s=96&d=mm&r=g","contentUrl":"https:\/\/secure.gravatar.com\/avatar\/f0c7c47fc7146d19828273b9b8eda651c9c7ab583767e6338d3d3bee825adf76?s=96&d=mm&r=g","caption":"Diario del Sur Digital"},"url":"https:\/\/diariodelsurdigital.com.ar\/?author=4"}]}},"_links":{"self":[{"href":"https:\/\/diariodelsurdigital.com.ar\/index.php?rest_route=\/wp\/v2\/posts\/3968","targetHints":{"allow":["GET"]}}],"collection":[{"href":"https:\/\/diariodelsurdigital.com.ar\/index.php?rest_route=\/wp\/v2\/posts"}],"about":[{"href":"https:\/\/diariodelsurdigital.com.ar\/index.php?rest_route=\/wp\/v2\/types\/post"}],"author":[{"embeddable":true,"href":"https:\/\/diariodelsurdigital.com.ar\/index.php?rest_route=\/wp\/v2\/users\/4"}],"replies":[{"embeddable":true,"href":"https:\/\/diariodelsurdigital.com.ar\/index.php?rest_route=%2Fwp%2Fv2%2Fcomments&post=3968"}],"version-history":[{"count":1,"href":"https:\/\/diariodelsurdigital.com.ar\/index.php?rest_route=\/wp\/v2\/posts\/3968\/revisions"}],"predecessor-version":[{"id":3970,"href":"https:\/\/diariodelsurdigital.com.ar\/index.php?rest_route=\/wp\/v2\/posts\/3968\/revisions\/3970"}],"wp:featuredmedia":[{"embeddable":true,"href":"https:\/\/diariodelsurdigital.com.ar\/index.php?rest_route=\/wp\/v2\/media\/3969"}],"wp:attachment":[{"href":"https:\/\/diariodelsurdigital.com.ar\/index.php?rest_route=%2Fwp%2Fv2%2Fmedia&parent=3968"}],"wp:term":[{"taxonomy":"category","embeddable":true,"href":"https:\/\/diariodelsurdigital.com.ar\/index.php?rest_route=%2Fwp%2Fv2%2Fcategories&post=3968"},{"taxonomy":"post_tag","embeddable":true,"href":"https:\/\/diariodelsurdigital.com.ar\/index.php?rest_route=%2Fwp%2Fv2%2Ftags&post=3968"}],"curies":[{"name":"wp","href":"https:\/\/api.w.org\/{rel}","templated":true}]}}