{"id":3971,"date":"2025-08-05T14:46:01","date_gmt":"2025-08-05T17:46:01","guid":{"rendered":"https:\/\/diariodelsurdigital.com.ar\/?p=3971"},"modified":"2025-08-05T14:46:02","modified_gmt":"2025-08-05T17:46:02","slug":"municipales-cuestionan-los-vetos-de-milei","status":"publish","type":"post","link":"https:\/\/diariodelsurdigital.com.ar\/?p=3971","title":{"rendered":"Municipales cuestionan los vetos de Milei"},"content":{"rendered":"\n<p>A trav\u00e9s de un comunicado, el titular de la de la Federaci\u00f3n Entrerriana de Sindicatos de Trabajadores Municipales (Festram) se manifest\u00f3 en contra de los vetos del presidente, Javier Milei. \u201cNos enfrentamos a un panorama de creciente desigualdad, negligencia y profunda falta de sensibilidad con los m\u00e1s d\u00e9biles\u201d, manifest\u00f3 Barber\u00e1n.<\/p>\n\n\n\n<p>Tras loa vetos del presidente el Secretario General de la Festram, Mario Barber\u00e1n, emiti\u00f3 un comunicado titulado \u00abEl accionar del gobierno perjudica a los m\u00e1s vulnerables. No podemos quedarnos de brazos cruzados\u00bb. A continuaci\u00f3n, el documento:<\/p>\n\n\n\n<p>\u201cComo Secretario General de la Federaci\u00f3n Entrerriana de Sindicatos de Trabajadores Municipales (FESTRAM), quiero manifestar mi total rechazo a las decisiones que ha tomado el gobierno nacional en los \u00faltimos d\u00edas, y que considero profundamente injustas. Mientras el Presidente baja las retenciones a los m\u00e1s ricos, veta el aumento jubilatorio y hace m\u00e1s pobres a nuestros jubilados, veta la emergencia en discapacidad, veta la ayuda a Bah\u00eda Blanca y no resuelve la situaci\u00f3n cr\u00edtica del Hospital infantil Garrahan, nos enfrentamos a un panorama de creciente desigualdad, negligencia y profunda falta de sensibilidad con los m\u00e1s d\u00e9biles\u201d.<\/p>\n\n\n\n<p>\u201cEs inaceptable que en momentos donde m\u00e1s se necesita el apoyo a los sectores m\u00e1s vulnerables, el Presidente act\u00fae en sentido contrario, afectando derechos fundamentales de las personas mayores, las personas con discapacidad, y dejando en una situaci\u00f3n de desamparo a los hospitales p\u00fablicos que brindan atenci\u00f3n de calidad a los m\u00e1s necesitados\u201d.<\/p>\n\n\n\n<p>\u201cAdem\u00e1s de esto, se contin\u00faa con una pol\u00edtica de enfrentamiento hacia las universidades p\u00fablicas, los periodistas, y la oposici\u00f3n pol\u00edtica, es decir en contra de todo aquel que piense distinto. Adem\u00e1s, es grav\u00edsimo que se difame la excelencia cient\u00edfica del Conicet y se lleve adelante el desmantelamiento del INTA y el INTI, organismos que son claves para el desarrollo de nuestro pa\u00eds y el bienestar social\u201d.<\/p>\n\n\n\n<p>\u201cDesde la Festram, nos oponemos rotundamente a estas pol\u00edticas que no solo son injustas, sino que tambi\u00e9n demuestran una profunda desconexi\u00f3n con las realidades que viven millones de argentinos y argentinas. Hoy m\u00e1s que nunca, el movimiento obrero debe ser solidario con los que est\u00e1n atravesando situaciones dif\u00edciles. Los trabajadores y trabajadoras debemos unirnos para defender lo que nos corresponde: nuestros derechos, la salud, la educaci\u00f3n p\u00fablica y la justicia social\u201d.<\/p>\n","protected":false},"excerpt":{"rendered":"<p>A trav\u00e9s de un comunicado, el titular de la de la Federaci\u00f3n Entrerriana de Sindicatos de Trabajadores Municipales (Festram) se manifest\u00f3 en contra de los vetos del presidente, Javier Milei. \u201cNos enfrentamos a un panorama de creciente desigualdad, negligencia y profunda falta de sensibilidad con los m\u00e1s d\u00e9biles\u201d, manifest\u00f3 Barber\u00e1n. Tras loa vetos del presidente [&hellip;]<\/p>\n","protected":false},"author":4,"featured_media":3817,"comment_status":"open","ping_status":"open","sticky":false,"template":"","format":"standard","meta":{"footnotes":""},"categories":[17],"tags":[],"class_list":{"0":"post-3971","1":"post","2":"type-post","3":"status-publish","4":"format-standard","5":"has-post-thumbnail","7":"category-provinciales"},"yoast_head":"<!-- This site is optimized with the Yoast SEO plugin v27.4 - https:\/\/yoast.com\/product\/yoast-seo-wordpress\/ -->\n<title>Municipales cuestionan los vetos de Milei - Diario del Sur<\/title>\n<meta name=\"robots\" content=\"index, follow, max-snippet:-1, max-image-preview:large, max-video-preview:-1\" \/>\n<link rel=\"canonical\" href=\"https:\/\/diariodelsurdigital.com.ar\/?p=3971\" \/>\n<meta property=\"og:locale\" content=\"es_ES\" \/>\n<meta property=\"og:type\" content=\"article\" \/>\n<meta property=\"og:title\" content=\"Municipales cuestionan los vetos de Milei - Diario del Sur\" \/>\n<meta property=\"og:description\" content=\"A trav\u00e9s de un comunicado, el titular de la de la Federaci\u00f3n Entrerriana de Sindicatos de Trabajadores Municipales (Festram) se manifest\u00f3 en contra de los vetos del presidente, Javier Milei. \u201cNos enfrentamos a un panorama de creciente desigualdad, negligencia y profunda falta de sensibilidad con los m\u00e1s d\u00e9biles\u201d, manifest\u00f3 Barber\u00e1n. Tras loa vetos del presidente [&hellip;]\" \/>\n<meta property=\"og:url\" content=\"https:\/\/diariodelsurdigital.com.ar\/?p=3971\" \/>\n<meta property=\"og:site_name\" content=\"Diario del Sur\" \/>\n<meta property=\"article:published_time\" content=\"2025-08-05T17:46:01+00:00\" \/>\n<meta property=\"article:modified_time\" content=\"2025-08-05T17:46:02+00:00\" \/>\n<meta property=\"og:image\" content=\"https:\/\/diariodelsurdigital.com.ar\/wp-content\/uploads\/2025\/07\/md-30.webp\" \/>\n\t<meta property=\"og:image:width\" content=\"992\" \/>\n\t<meta property=\"og:image:height\" content=\"660\" \/>\n\t<meta property=\"og:image:type\" content=\"image\/webp\" \/>\n<meta name=\"author\" content=\"Diario del Sur Digital\" \/>\n<meta name=\"twitter:card\" content=\"summary_large_image\" \/>\n<meta name=\"twitter:label1\" content=\"Escrito por\" \/>\n\t<meta name=\"twitter:data1\" content=\"Diario del Sur Digital\" \/>\n\t<meta name=\"twitter:label2\" content=\"Tiempo de lectura\" \/>\n\t<meta name=\"twitter:data2\" content=\"2 minutos\" \/>\n<script type=\"application\/ld+json\" class=\"yoast-schema-graph\">{\"@context\":\"https:\\\/\\\/schema.org\",\"@graph\":[{\"@type\":\"Article\",\"@id\":\"https:\\\/\\\/diariodelsurdigital.com.ar\\\/?p=3971#article\",\"isPartOf\":{\"@id\":\"https:\\\/\\\/diariodelsurdigital.com.ar\\\/?p=3971\"},\"author\":{\"name\":\"Diario del Sur Digital\",\"@id\":\"https:\\\/\\\/diariodelsurdigital.com.ar\\\/#\\\/schema\\\/person\\\/1a4992532ed62965c968031b49195c81\"},\"headline\":\"Municipales cuestionan los vetos de Milei\",\"datePublished\":\"2025-08-05T17:46:01+00:00\",\"dateModified\":\"2025-08-05T17:46:02+00:00\",\"mainEntityOfPage\":{\"@id\":\"https:\\\/\\\/diariodelsurdigital.com.ar\\\/?p=3971\"},\"wordCount\":420,\"commentCount\":0,\"image\":{\"@id\":\"https:\\\/\\\/diariodelsurdigital.com.ar\\\/?p=3971#primaryimage\"},\"thumbnailUrl\":\"https:\\\/\\\/diariodelsurdigital.com.ar\\\/wp-content\\\/uploads\\\/2025\\\/07\\\/md-30.webp\",\"articleSection\":[\"Provinciales\"],\"inLanguage\":\"es\",\"potentialAction\":[{\"@type\":\"CommentAction\",\"name\":\"Comment\",\"target\":[\"https:\\\/\\\/diariodelsurdigital.com.ar\\\/?p=3971#respond\"]}]},{\"@type\":\"WebPage\",\"@id\":\"https:\\\/\\\/diariodelsurdigital.com.ar\\\/?p=3971\",\"url\":\"https:\\\/\\\/diariodelsurdigital.com.ar\\\/?p=3971\",\"name\":\"Municipales cuestionan los vetos de Milei - Diario del Sur\",\"isPartOf\":{\"@id\":\"https:\\\/\\\/diariodelsurdigital.com.ar\\\/#website\"},\"primaryImageOfPage\":{\"@id\":\"https:\\\/\\\/diariodelsurdigital.com.ar\\\/?p=3971#primaryimage\"},\"image\":{\"@id\":\"https:\\\/\\\/diariodelsurdigital.com.ar\\\/?p=3971#primaryimage\"},\"thumbnailUrl\":\"https:\\\/\\\/diariodelsurdigital.com.ar\\\/wp-content\\\/uploads\\\/2025\\\/07\\\/md-30.webp\",\"datePublished\":\"2025-08-05T17:46:01+00:00\",\"dateModified\":\"2025-08-05T17:46:02+00:00\",\"author\":{\"@id\":\"https:\\\/\\\/diariodelsurdigital.com.ar\\\/#\\\/schema\\\/person\\\/1a4992532ed62965c968031b49195c81\"},\"breadcrumb\":{\"@id\":\"https:\\\/\\\/diariodelsurdigital.com.ar\\\/?p=3971#breadcrumb\"},\"inLanguage\":\"es\",\"potentialAction\":[{\"@type\":\"ReadAction\",\"target\":[\"https:\\\/\\\/diariodelsurdigital.com.ar\\\/?p=3971\"]}]},{\"@type\":\"ImageObject\",\"inLanguage\":\"es\",\"@id\":\"https:\\\/\\\/diariodelsurdigital.com.ar\\\/?p=3971#primaryimage\",\"url\":\"https:\\\/\\\/diariodelsurdigital.com.ar\\\/wp-content\\\/uploads\\\/2025\\\/07\\\/md-30.webp\",\"contentUrl\":\"https:\\\/\\\/diariodelsurdigital.com.ar\\\/wp-content\\\/uploads\\\/2025\\\/07\\\/md-30.webp\",\"width\":992,\"height\":660},{\"@type\":\"BreadcrumbList\",\"@id\":\"https:\\\/\\\/diariodelsurdigital.com.ar\\\/?p=3971#breadcrumb\",\"itemListElement\":[{\"@type\":\"ListItem\",\"position\":1,\"name\":\"Portada\",\"item\":\"https:\\\/\\\/diariodelsurdigital.com.ar\\\/\"},{\"@type\":\"ListItem\",\"position\":2,\"name\":\"Municipales cuestionan los vetos de Milei\"}]},{\"@type\":\"WebSite\",\"@id\":\"https:\\\/\\\/diariodelsurdigital.com.ar\\\/#website\",\"url\":\"https:\\\/\\\/diariodelsurdigital.com.ar\\\/\",\"name\":\"Diario del Sur\",\"description\":\"Digital\",\"potentialAction\":[{\"@type\":\"SearchAction\",\"target\":{\"@type\":\"EntryPoint\",\"urlTemplate\":\"https:\\\/\\\/diariodelsurdigital.com.ar\\\/?s={search_term_string}\"},\"query-input\":{\"@type\":\"PropertyValueSpecification\",\"valueRequired\":true,\"valueName\":\"search_term_string\"}}],\"inLanguage\":\"es\"},{\"@type\":\"Person\",\"@id\":\"https:\\\/\\\/diariodelsurdigital.com.ar\\\/#\\\/schema\\\/person\\\/1a4992532ed62965c968031b49195c81\",\"name\":\"Diario del Sur Digital\",\"image\":{\"@type\":\"ImageObject\",\"inLanguage\":\"es\",\"@id\":\"https:\\\/\\\/secure.gravatar.com\\\/avatar\\\/f0c7c47fc7146d19828273b9b8eda651c9c7ab583767e6338d3d3bee825adf76?s=96&d=mm&r=g\",\"url\":\"https:\\\/\\\/secure.gravatar.com\\\/avatar\\\/f0c7c47fc7146d19828273b9b8eda651c9c7ab583767e6338d3d3bee825adf76?s=96&d=mm&r=g\",\"contentUrl\":\"https:\\\/\\\/secure.gravatar.com\\\/avatar\\\/f0c7c47fc7146d19828273b9b8eda651c9c7ab583767e6338d3d3bee825adf76?s=96&d=mm&r=g\",\"caption\":\"Diario del Sur Digital\"},\"url\":\"https:\\\/\\\/diariodelsurdigital.com.ar\\\/?author=4\"}]}<\/script>\n<!-- \/ Yoast SEO plugin. -->","yoast_head_json":{"title":"Municipales cuestionan los vetos de Milei - Diario del Sur","robots":{"index":"index","follow":"follow","max-snippet":"max-snippet:-1","max-image-preview":"max-image-preview:large","max-video-preview":"max-video-preview:-1"},"canonical":"https:\/\/diariodelsurdigital.com.ar\/?p=3971","og_locale":"es_ES","og_type":"article","og_title":"Municipales cuestionan los vetos de Milei - Diario del Sur","og_description":"A trav\u00e9s de un comunicado, el titular de la de la Federaci\u00f3n Entrerriana de Sindicatos de Trabajadores Municipales (Festram) se manifest\u00f3 en contra de los vetos del presidente, Javier Milei. \u201cNos enfrentamos a un panorama de creciente desigualdad, negligencia y profunda falta de sensibilidad con los m\u00e1s d\u00e9biles\u201d, manifest\u00f3 Barber\u00e1n. Tras loa vetos del presidente [&hellip;]","og_url":"https:\/\/diariodelsurdigital.com.ar\/?p=3971","og_site_name":"Diario del Sur","article_published_time":"2025-08-05T17:46:01+00:00","article_modified_time":"2025-08-05T17:46:02+00:00","og_image":[{"width":992,"height":660,"url":"https:\/\/diariodelsurdigital.com.ar\/wp-content\/uploads\/2025\/07\/md-30.webp","type":"image\/webp"}],"author":"Diario del Sur Digital","twitter_card":"summary_large_image","twitter_misc":{"Escrito por":"Diario del Sur Digital","Tiempo de lectura":"2 minutos"},"schema":{"@context":"https:\/\/schema.org","@graph":[{"@type":"Article","@id":"https:\/\/diariodelsurdigital.com.ar\/?p=3971#article","isPartOf":{"@id":"https:\/\/diariodelsurdigital.com.ar\/?p=3971"},"author":{"name":"Diario del Sur Digital","@id":"https:\/\/diariodelsurdigital.com.ar\/#\/schema\/person\/1a4992532ed62965c968031b49195c81"},"headline":"Municipales cuestionan los vetos de Milei","datePublished":"2025-08-05T17:46:01+00:00","dateModified":"2025-08-05T17:46:02+00:00","mainEntityOfPage":{"@id":"https:\/\/diariodelsurdigital.com.ar\/?p=3971"},"wordCount":420,"commentCount":0,"image":{"@id":"https:\/\/diariodelsurdigital.com.ar\/?p=3971#primaryimage"},"thumbnailUrl":"https:\/\/diariodelsurdigital.com.ar\/wp-content\/uploads\/2025\/07\/md-30.webp","articleSection":["Provinciales"],"inLanguage":"es","potentialAction":[{"@type":"CommentAction","name":"Comment","target":["https:\/\/diariodelsurdigital.com.ar\/?p=3971#respond"]}]},{"@type":"WebPage","@id":"https:\/\/diariodelsurdigital.com.ar\/?p=3971","url":"https:\/\/diariodelsurdigital.com.ar\/?p=3971","name":"Municipales cuestionan los vetos de Milei - Diario del Sur","isPartOf":{"@id":"https:\/\/diariodelsurdigital.com.ar\/#website"},"primaryImageOfPage":{"@id":"https:\/\/diariodelsurdigital.com.ar\/?p=3971#primaryimage"},"image":{"@id":"https:\/\/diariodelsurdigital.com.ar\/?p=3971#primaryimage"},"thumbnailUrl":"https:\/\/diariodelsurdigital.com.ar\/wp-content\/uploads\/2025\/07\/md-30.webp","datePublished":"2025-08-05T17:46:01+00:00","dateModified":"2025-08-05T17:46:02+00:00","author":{"@id":"https:\/\/diariodelsurdigital.com.ar\/#\/schema\/person\/1a4992532ed62965c968031b49195c81"},"breadcrumb":{"@id":"https:\/\/diariodelsurdigital.com.ar\/?p=3971#breadcrumb"},"inLanguage":"es","potentialAction":[{"@type":"ReadAction","target":["https:\/\/diariodelsurdigital.com.ar\/?p=3971"]}]},{"@type":"ImageObject","inLanguage":"es","@id":"https:\/\/diariodelsurdigital.com.ar\/?p=3971#primaryimage","url":"https:\/\/diariodelsurdigital.com.ar\/wp-content\/uploads\/2025\/07\/md-30.webp","contentUrl":"https:\/\/diariodelsurdigital.com.ar\/wp-content\/uploads\/2025\/07\/md-30.webp","width":992,"height":660},{"@type":"BreadcrumbList","@id":"https:\/\/diariodelsurdigital.com.ar\/?p=3971#breadcrumb","itemListElement":[{"@type":"ListItem","position":1,"name":"Portada","item":"https:\/\/diariodelsurdigital.com.ar\/"},{"@type":"ListItem","position":2,"name":"Municipales cuestionan los vetos de Milei"}]},{"@type":"WebSite","@id":"https:\/\/diariodelsurdigital.com.ar\/#website","url":"https:\/\/diariodelsurdigital.com.ar\/","name":"Diario del Sur","description":"Digital","potentialAction":[{"@type":"SearchAction","target":{"@type":"EntryPoint","urlTemplate":"https:\/\/diariodelsurdigital.com.ar\/?s={search_term_string}"},"query-input":{"@type":"PropertyValueSpecification","valueRequired":true,"valueName":"search_term_string"}}],"inLanguage":"es"},{"@type":"Person","@id":"https:\/\/diariodelsurdigital.com.ar\/#\/schema\/person\/1a4992532ed62965c968031b49195c81","name":"Diario del Sur Digital","image":{"@type":"ImageObject","inLanguage":"es","@id":"https:\/\/secure.gravatar.com\/avatar\/f0c7c47fc7146d19828273b9b8eda651c9c7ab583767e6338d3d3bee825adf76?s=96&d=mm&r=g","url":"https:\/\/secure.gravatar.com\/avatar\/f0c7c47fc7146d19828273b9b8eda651c9c7ab583767e6338d3d3bee825adf76?s=96&d=mm&r=g","contentUrl":"https:\/\/secure.gravatar.com\/avatar\/f0c7c47fc7146d19828273b9b8eda651c9c7ab583767e6338d3d3bee825adf76?s=96&d=mm&r=g","caption":"Diario del Sur Digital"},"url":"https:\/\/diariodelsurdigital.com.ar\/?author=4"}]}},"_links":{"self":[{"href":"https:\/\/diariodelsurdigital.com.ar\/index.php?rest_route=\/wp\/v2\/posts\/3971","targetHints":{"allow":["GET"]}}],"collection":[{"href":"https:\/\/diariodelsurdigital.com.ar\/index.php?rest_route=\/wp\/v2\/posts"}],"about":[{"href":"https:\/\/diariodelsurdigital.com.ar\/index.php?rest_route=\/wp\/v2\/types\/post"}],"author":[{"embeddable":true,"href":"https:\/\/diariodelsurdigital.com.ar\/index.php?rest_route=\/wp\/v2\/users\/4"}],"replies":[{"embeddable":true,"href":"https:\/\/diariodelsurdigital.com.ar\/index.php?rest_route=%2Fwp%2Fv2%2Fcomments&post=3971"}],"version-history":[{"count":1,"href":"https:\/\/diariodelsurdigital.com.ar\/index.php?rest_route=\/wp\/v2\/posts\/3971\/revisions"}],"predecessor-version":[{"id":3972,"href":"https:\/\/diariodelsurdigital.com.ar\/index.php?rest_route=\/wp\/v2\/posts\/3971\/revisions\/3972"}],"wp:featuredmedia":[{"embeddable":true,"href":"https:\/\/diariodelsurdigital.com.ar\/index.php?rest_route=\/wp\/v2\/media\/3817"}],"wp:attachment":[{"href":"https:\/\/diariodelsurdigital.com.ar\/index.php?rest_route=%2Fwp%2Fv2%2Fmedia&parent=3971"}],"wp:term":[{"taxonomy":"category","embeddable":true,"href":"https:\/\/diariodelsurdigital.com.ar\/index.php?rest_route=%2Fwp%2Fv2%2Fcategories&post=3971"},{"taxonomy":"post_tag","embeddable":true,"href":"https:\/\/diariodelsurdigital.com.ar\/index.php?rest_route=%2Fwp%2Fv2%2Ftags&post=3971"}],"curies":[{"name":"wp","href":"https:\/\/api.w.org\/{rel}","templated":true}]}}