{"id":3973,"date":"2025-08-05T14:49:00","date_gmt":"2025-08-05T17:49:00","guid":{"rendered":"https:\/\/diariodelsurdigital.com.ar\/?p=3973"},"modified":"2025-08-05T14:49:01","modified_gmt":"2025-08-05T17:49:01","slug":"la-corte-suprema-de-brasil-ordeno-la-detencion-domiciliaria-de-jair-bolsonaro","status":"publish","type":"post","link":"https:\/\/diariodelsurdigital.com.ar\/?p=3973","title":{"rendered":"La Corte Suprema de Brasil orden\u00f3 la detenci\u00f3n domiciliaria de Jair Bolsonaro"},"content":{"rendered":"\n<p>El ministro del Supremo Tribunal Federal de Brasil (STF), Alexandre de Moraes, determin\u00f3 este lunes la prisi\u00f3n domiciliaria para el ex presidente Jair Bolsonaro por \u201creiterado incumplimiento de las medidas cautelares\u201d.<\/p>\n\n\n\n<p><\/p>\n\n\n\n<p>Moraes lo justific\u00f3 a medida con base en la participaci\u00f3n de Bolsonaro, v\u00eda c\u00e1mara de video, en una manifestaci\u00f3n en Copacabana, R\u00edo de Janeiro, este domingo.<\/p>\n\n\n\n<p>El v\u00eddeo fue publicado por el senador e hijo del ex presidente, Fl\u00e1vio Bolsonaro, pero desapareci\u00f3 horas despu\u00e9s. Para un grupo de ministros de la Corte, sin embargo, a pesar de que la publicaci\u00f3n fue eliminada, la difusi\u00f3n de las im\u00e1genes fue una violaci\u00f3n a las restricciones que le hab\u00edan sido impuestas a Bolsonaro en el marco de la investigaci\u00f3n por el intento de golpe de Estado.<\/p>\n\n\n\n<p>\u201cActuando ilegalmente, el acusado Jair Messias Bolsonaro se dirigi\u00f3 a los manifestantes reunidos en Copacabana, R\u00edo de Janeiro, produciendo intencional y conscientemente material prefabricado para que sus partidarios continuaran sus intentos de coaccionar al Supremo Tribunal Federal y obstruir la justicia. La llamada telef\u00f3nica con su hijo, Fl\u00e1vio Nantes Bolsonaro, fue publicada en Instagram\u201d, escribi\u00f3 Moraes, a\u00f1adiendo que la participaci\u00f3n fue \u201cencubierta\u201d y demostr\u00f3 una \u201cconducta ilegal\u201d.<\/p>\n\n\n\n<p>La decisi\u00f3n tambi\u00e9n impide la prohibici\u00f3n de visitas, excepto para abogados y otras personas autorizadas por el Supremo Tribunal Federal. El tel\u00e9fono celular de Bolsonaro fue incautado.<\/p>\n","protected":false},"excerpt":{"rendered":"<p>El ministro del Supremo Tribunal Federal de Brasil (STF), Alexandre de Moraes, determin\u00f3 este lunes la prisi\u00f3n domiciliaria para el ex presidente Jair Bolsonaro por \u201creiterado incumplimiento de las medidas cautelares\u201d. Moraes lo justific\u00f3 a medida con base en la participaci\u00f3n de Bolsonaro, v\u00eda c\u00e1mara de video, en una manifestaci\u00f3n en Copacabana, R\u00edo de Janeiro, [&hellip;]<\/p>\n","protected":false},"author":4,"featured_media":3974,"comment_status":"open","ping_status":"open","sticky":false,"template":"","format":"standard","meta":{"footnotes":""},"categories":[1],"tags":[],"class_list":{"0":"post-3973","1":"post","2":"type-post","3":"status-publish","4":"format-standard","5":"has-post-thumbnail","7":"category-uncategorized"},"yoast_head":"<!-- This site is optimized with the Yoast SEO plugin v27.4 - https:\/\/yoast.com\/product\/yoast-seo-wordpress\/ -->\n<title>La Corte Suprema de Brasil orden\u00f3 la detenci\u00f3n domiciliaria de Jair Bolsonaro - Diario del Sur<\/title>\n<meta name=\"robots\" content=\"index, follow, max-snippet:-1, max-image-preview:large, max-video-preview:-1\" \/>\n<link rel=\"canonical\" href=\"https:\/\/diariodelsurdigital.com.ar\/?p=3973\" \/>\n<meta property=\"og:locale\" content=\"es_ES\" \/>\n<meta property=\"og:type\" content=\"article\" \/>\n<meta property=\"og:title\" content=\"La Corte Suprema de Brasil orden\u00f3 la detenci\u00f3n domiciliaria de Jair Bolsonaro - Diario del Sur\" \/>\n<meta property=\"og:description\" content=\"El ministro del Supremo Tribunal Federal de Brasil (STF), Alexandre de Moraes, determin\u00f3 este lunes la prisi\u00f3n domiciliaria para el ex presidente Jair Bolsonaro por \u201creiterado incumplimiento de las medidas cautelares\u201d. Moraes lo justific\u00f3 a medida con base en la participaci\u00f3n de Bolsonaro, v\u00eda c\u00e1mara de video, en una manifestaci\u00f3n en Copacabana, R\u00edo de Janeiro, [&hellip;]\" \/>\n<meta property=\"og:url\" content=\"https:\/\/diariodelsurdigital.com.ar\/?p=3973\" \/>\n<meta property=\"og:site_name\" content=\"Diario del Sur\" \/>\n<meta property=\"article:published_time\" content=\"2025-08-05T17:49:00+00:00\" \/>\n<meta property=\"article:modified_time\" content=\"2025-08-05T17:49:01+00:00\" \/>\n<meta property=\"og:image\" content=\"https:\/\/diariodelsurdigital.com.ar\/wp-content\/uploads\/2025\/08\/md-60.webp\" \/>\n\t<meta property=\"og:image:width\" content=\"992\" \/>\n\t<meta property=\"og:image:height\" content=\"555\" \/>\n\t<meta property=\"og:image:type\" content=\"image\/webp\" \/>\n<meta name=\"author\" content=\"Diario del Sur Digital\" \/>\n<meta name=\"twitter:card\" content=\"summary_large_image\" \/>\n<meta name=\"twitter:label1\" content=\"Escrito por\" \/>\n\t<meta name=\"twitter:data1\" content=\"Diario del Sur Digital\" \/>\n\t<meta name=\"twitter:label2\" content=\"Tiempo de lectura\" \/>\n\t<meta name=\"twitter:data2\" content=\"2 minutos\" \/>\n<script type=\"application\/ld+json\" class=\"yoast-schema-graph\">{\"@context\":\"https:\\\/\\\/schema.org\",\"@graph\":[{\"@type\":\"Article\",\"@id\":\"https:\\\/\\\/diariodelsurdigital.com.ar\\\/?p=3973#article\",\"isPartOf\":{\"@id\":\"https:\\\/\\\/diariodelsurdigital.com.ar\\\/?p=3973\"},\"author\":{\"name\":\"Diario del Sur Digital\",\"@id\":\"https:\\\/\\\/diariodelsurdigital.com.ar\\\/#\\\/schema\\\/person\\\/1a4992532ed62965c968031b49195c81\"},\"headline\":\"La Corte Suprema de Brasil orden\u00f3 la detenci\u00f3n domiciliaria de Jair Bolsonaro\",\"datePublished\":\"2025-08-05T17:49:00+00:00\",\"dateModified\":\"2025-08-05T17:49:01+00:00\",\"mainEntityOfPage\":{\"@id\":\"https:\\\/\\\/diariodelsurdigital.com.ar\\\/?p=3973\"},\"wordCount\":255,\"commentCount\":0,\"image\":{\"@id\":\"https:\\\/\\\/diariodelsurdigital.com.ar\\\/?p=3973#primaryimage\"},\"thumbnailUrl\":\"https:\\\/\\\/diariodelsurdigital.com.ar\\\/wp-content\\\/uploads\\\/2025\\\/08\\\/md-60.webp\",\"articleSection\":[\"Uncategorized\"],\"inLanguage\":\"es\",\"potentialAction\":[{\"@type\":\"CommentAction\",\"name\":\"Comment\",\"target\":[\"https:\\\/\\\/diariodelsurdigital.com.ar\\\/?p=3973#respond\"]}]},{\"@type\":\"WebPage\",\"@id\":\"https:\\\/\\\/diariodelsurdigital.com.ar\\\/?p=3973\",\"url\":\"https:\\\/\\\/diariodelsurdigital.com.ar\\\/?p=3973\",\"name\":\"La Corte Suprema de Brasil orden\u00f3 la detenci\u00f3n domiciliaria de Jair Bolsonaro - Diario del Sur\",\"isPartOf\":{\"@id\":\"https:\\\/\\\/diariodelsurdigital.com.ar\\\/#website\"},\"primaryImageOfPage\":{\"@id\":\"https:\\\/\\\/diariodelsurdigital.com.ar\\\/?p=3973#primaryimage\"},\"image\":{\"@id\":\"https:\\\/\\\/diariodelsurdigital.com.ar\\\/?p=3973#primaryimage\"},\"thumbnailUrl\":\"https:\\\/\\\/diariodelsurdigital.com.ar\\\/wp-content\\\/uploads\\\/2025\\\/08\\\/md-60.webp\",\"datePublished\":\"2025-08-05T17:49:00+00:00\",\"dateModified\":\"2025-08-05T17:49:01+00:00\",\"author\":{\"@id\":\"https:\\\/\\\/diariodelsurdigital.com.ar\\\/#\\\/schema\\\/person\\\/1a4992532ed62965c968031b49195c81\"},\"breadcrumb\":{\"@id\":\"https:\\\/\\\/diariodelsurdigital.com.ar\\\/?p=3973#breadcrumb\"},\"inLanguage\":\"es\",\"potentialAction\":[{\"@type\":\"ReadAction\",\"target\":[\"https:\\\/\\\/diariodelsurdigital.com.ar\\\/?p=3973\"]}]},{\"@type\":\"ImageObject\",\"inLanguage\":\"es\",\"@id\":\"https:\\\/\\\/diariodelsurdigital.com.ar\\\/?p=3973#primaryimage\",\"url\":\"https:\\\/\\\/diariodelsurdigital.com.ar\\\/wp-content\\\/uploads\\\/2025\\\/08\\\/md-60.webp\",\"contentUrl\":\"https:\\\/\\\/diariodelsurdigital.com.ar\\\/wp-content\\\/uploads\\\/2025\\\/08\\\/md-60.webp\",\"width\":992,\"height\":555},{\"@type\":\"BreadcrumbList\",\"@id\":\"https:\\\/\\\/diariodelsurdigital.com.ar\\\/?p=3973#breadcrumb\",\"itemListElement\":[{\"@type\":\"ListItem\",\"position\":1,\"name\":\"Portada\",\"item\":\"https:\\\/\\\/diariodelsurdigital.com.ar\\\/\"},{\"@type\":\"ListItem\",\"position\":2,\"name\":\"La Corte Suprema de Brasil orden\u00f3 la detenci\u00f3n domiciliaria de Jair Bolsonaro\"}]},{\"@type\":\"WebSite\",\"@id\":\"https:\\\/\\\/diariodelsurdigital.com.ar\\\/#website\",\"url\":\"https:\\\/\\\/diariodelsurdigital.com.ar\\\/\",\"name\":\"Diario del Sur\",\"description\":\"Digital\",\"potentialAction\":[{\"@type\":\"SearchAction\",\"target\":{\"@type\":\"EntryPoint\",\"urlTemplate\":\"https:\\\/\\\/diariodelsurdigital.com.ar\\\/?s={search_term_string}\"},\"query-input\":{\"@type\":\"PropertyValueSpecification\",\"valueRequired\":true,\"valueName\":\"search_term_string\"}}],\"inLanguage\":\"es\"},{\"@type\":\"Person\",\"@id\":\"https:\\\/\\\/diariodelsurdigital.com.ar\\\/#\\\/schema\\\/person\\\/1a4992532ed62965c968031b49195c81\",\"name\":\"Diario del Sur Digital\",\"image\":{\"@type\":\"ImageObject\",\"inLanguage\":\"es\",\"@id\":\"https:\\\/\\\/secure.gravatar.com\\\/avatar\\\/f0c7c47fc7146d19828273b9b8eda651c9c7ab583767e6338d3d3bee825adf76?s=96&d=mm&r=g\",\"url\":\"https:\\\/\\\/secure.gravatar.com\\\/avatar\\\/f0c7c47fc7146d19828273b9b8eda651c9c7ab583767e6338d3d3bee825adf76?s=96&d=mm&r=g\",\"contentUrl\":\"https:\\\/\\\/secure.gravatar.com\\\/avatar\\\/f0c7c47fc7146d19828273b9b8eda651c9c7ab583767e6338d3d3bee825adf76?s=96&d=mm&r=g\",\"caption\":\"Diario del Sur Digital\"},\"url\":\"https:\\\/\\\/diariodelsurdigital.com.ar\\\/?author=4\"}]}<\/script>\n<!-- \/ Yoast SEO plugin. -->","yoast_head_json":{"title":"La Corte Suprema de Brasil orden\u00f3 la detenci\u00f3n domiciliaria de Jair Bolsonaro - Diario del Sur","robots":{"index":"index","follow":"follow","max-snippet":"max-snippet:-1","max-image-preview":"max-image-preview:large","max-video-preview":"max-video-preview:-1"},"canonical":"https:\/\/diariodelsurdigital.com.ar\/?p=3973","og_locale":"es_ES","og_type":"article","og_title":"La Corte Suprema de Brasil orden\u00f3 la detenci\u00f3n domiciliaria de Jair Bolsonaro - Diario del Sur","og_description":"El ministro del Supremo Tribunal Federal de Brasil (STF), Alexandre de Moraes, determin\u00f3 este lunes la prisi\u00f3n domiciliaria para el ex presidente Jair Bolsonaro por \u201creiterado incumplimiento de las medidas cautelares\u201d. Moraes lo justific\u00f3 a medida con base en la participaci\u00f3n de Bolsonaro, v\u00eda c\u00e1mara de video, en una manifestaci\u00f3n en Copacabana, R\u00edo de Janeiro, [&hellip;]","og_url":"https:\/\/diariodelsurdigital.com.ar\/?p=3973","og_site_name":"Diario del Sur","article_published_time":"2025-08-05T17:49:00+00:00","article_modified_time":"2025-08-05T17:49:01+00:00","og_image":[{"width":992,"height":555,"url":"https:\/\/diariodelsurdigital.com.ar\/wp-content\/uploads\/2025\/08\/md-60.webp","type":"image\/webp"}],"author":"Diario del Sur Digital","twitter_card":"summary_large_image","twitter_misc":{"Escrito por":"Diario del Sur Digital","Tiempo de lectura":"2 minutos"},"schema":{"@context":"https:\/\/schema.org","@graph":[{"@type":"Article","@id":"https:\/\/diariodelsurdigital.com.ar\/?p=3973#article","isPartOf":{"@id":"https:\/\/diariodelsurdigital.com.ar\/?p=3973"},"author":{"name":"Diario del Sur Digital","@id":"https:\/\/diariodelsurdigital.com.ar\/#\/schema\/person\/1a4992532ed62965c968031b49195c81"},"headline":"La Corte Suprema de Brasil orden\u00f3 la detenci\u00f3n domiciliaria de Jair Bolsonaro","datePublished":"2025-08-05T17:49:00+00:00","dateModified":"2025-08-05T17:49:01+00:00","mainEntityOfPage":{"@id":"https:\/\/diariodelsurdigital.com.ar\/?p=3973"},"wordCount":255,"commentCount":0,"image":{"@id":"https:\/\/diariodelsurdigital.com.ar\/?p=3973#primaryimage"},"thumbnailUrl":"https:\/\/diariodelsurdigital.com.ar\/wp-content\/uploads\/2025\/08\/md-60.webp","articleSection":["Uncategorized"],"inLanguage":"es","potentialAction":[{"@type":"CommentAction","name":"Comment","target":["https:\/\/diariodelsurdigital.com.ar\/?p=3973#respond"]}]},{"@type":"WebPage","@id":"https:\/\/diariodelsurdigital.com.ar\/?p=3973","url":"https:\/\/diariodelsurdigital.com.ar\/?p=3973","name":"La Corte Suprema de Brasil orden\u00f3 la detenci\u00f3n domiciliaria de Jair Bolsonaro - Diario del Sur","isPartOf":{"@id":"https:\/\/diariodelsurdigital.com.ar\/#website"},"primaryImageOfPage":{"@id":"https:\/\/diariodelsurdigital.com.ar\/?p=3973#primaryimage"},"image":{"@id":"https:\/\/diariodelsurdigital.com.ar\/?p=3973#primaryimage"},"thumbnailUrl":"https:\/\/diariodelsurdigital.com.ar\/wp-content\/uploads\/2025\/08\/md-60.webp","datePublished":"2025-08-05T17:49:00+00:00","dateModified":"2025-08-05T17:49:01+00:00","author":{"@id":"https:\/\/diariodelsurdigital.com.ar\/#\/schema\/person\/1a4992532ed62965c968031b49195c81"},"breadcrumb":{"@id":"https:\/\/diariodelsurdigital.com.ar\/?p=3973#breadcrumb"},"inLanguage":"es","potentialAction":[{"@type":"ReadAction","target":["https:\/\/diariodelsurdigital.com.ar\/?p=3973"]}]},{"@type":"ImageObject","inLanguage":"es","@id":"https:\/\/diariodelsurdigital.com.ar\/?p=3973#primaryimage","url":"https:\/\/diariodelsurdigital.com.ar\/wp-content\/uploads\/2025\/08\/md-60.webp","contentUrl":"https:\/\/diariodelsurdigital.com.ar\/wp-content\/uploads\/2025\/08\/md-60.webp","width":992,"height":555},{"@type":"BreadcrumbList","@id":"https:\/\/diariodelsurdigital.com.ar\/?p=3973#breadcrumb","itemListElement":[{"@type":"ListItem","position":1,"name":"Portada","item":"https:\/\/diariodelsurdigital.com.ar\/"},{"@type":"ListItem","position":2,"name":"La Corte Suprema de Brasil orden\u00f3 la detenci\u00f3n domiciliaria de Jair Bolsonaro"}]},{"@type":"WebSite","@id":"https:\/\/diariodelsurdigital.com.ar\/#website","url":"https:\/\/diariodelsurdigital.com.ar\/","name":"Diario del Sur","description":"Digital","potentialAction":[{"@type":"SearchAction","target":{"@type":"EntryPoint","urlTemplate":"https:\/\/diariodelsurdigital.com.ar\/?s={search_term_string}"},"query-input":{"@type":"PropertyValueSpecification","valueRequired":true,"valueName":"search_term_string"}}],"inLanguage":"es"},{"@type":"Person","@id":"https:\/\/diariodelsurdigital.com.ar\/#\/schema\/person\/1a4992532ed62965c968031b49195c81","name":"Diario del Sur Digital","image":{"@type":"ImageObject","inLanguage":"es","@id":"https:\/\/secure.gravatar.com\/avatar\/f0c7c47fc7146d19828273b9b8eda651c9c7ab583767e6338d3d3bee825adf76?s=96&d=mm&r=g","url":"https:\/\/secure.gravatar.com\/avatar\/f0c7c47fc7146d19828273b9b8eda651c9c7ab583767e6338d3d3bee825adf76?s=96&d=mm&r=g","contentUrl":"https:\/\/secure.gravatar.com\/avatar\/f0c7c47fc7146d19828273b9b8eda651c9c7ab583767e6338d3d3bee825adf76?s=96&d=mm&r=g","caption":"Diario del Sur Digital"},"url":"https:\/\/diariodelsurdigital.com.ar\/?author=4"}]}},"_links":{"self":[{"href":"https:\/\/diariodelsurdigital.com.ar\/index.php?rest_route=\/wp\/v2\/posts\/3973","targetHints":{"allow":["GET"]}}],"collection":[{"href":"https:\/\/diariodelsurdigital.com.ar\/index.php?rest_route=\/wp\/v2\/posts"}],"about":[{"href":"https:\/\/diariodelsurdigital.com.ar\/index.php?rest_route=\/wp\/v2\/types\/post"}],"author":[{"embeddable":true,"href":"https:\/\/diariodelsurdigital.com.ar\/index.php?rest_route=\/wp\/v2\/users\/4"}],"replies":[{"embeddable":true,"href":"https:\/\/diariodelsurdigital.com.ar\/index.php?rest_route=%2Fwp%2Fv2%2Fcomments&post=3973"}],"version-history":[{"count":1,"href":"https:\/\/diariodelsurdigital.com.ar\/index.php?rest_route=\/wp\/v2\/posts\/3973\/revisions"}],"predecessor-version":[{"id":3975,"href":"https:\/\/diariodelsurdigital.com.ar\/index.php?rest_route=\/wp\/v2\/posts\/3973\/revisions\/3975"}],"wp:featuredmedia":[{"embeddable":true,"href":"https:\/\/diariodelsurdigital.com.ar\/index.php?rest_route=\/wp\/v2\/media\/3974"}],"wp:attachment":[{"href":"https:\/\/diariodelsurdigital.com.ar\/index.php?rest_route=%2Fwp%2Fv2%2Fmedia&parent=3973"}],"wp:term":[{"taxonomy":"category","embeddable":true,"href":"https:\/\/diariodelsurdigital.com.ar\/index.php?rest_route=%2Fwp%2Fv2%2Fcategories&post=3973"},{"taxonomy":"post_tag","embeddable":true,"href":"https:\/\/diariodelsurdigital.com.ar\/index.php?rest_route=%2Fwp%2Fv2%2Ftags&post=3973"}],"curies":[{"name":"wp","href":"https:\/\/api.w.org\/{rel}","templated":true}]}}