{"id":3978,"date":"2025-08-06T10:28:19","date_gmt":"2025-08-06T13:28:19","guid":{"rendered":"https:\/\/diariodelsurdigital.com.ar\/?p=3978"},"modified":"2025-08-06T10:28:20","modified_gmt":"2025-08-06T13:28:20","slug":"crecen-las-importaciones-de-carne-desde-brasil-y-ya-estan-en-su-nivel-mas-alto-desde-2019","status":"publish","type":"post","link":"https:\/\/diariodelsurdigital.com.ar\/?p=3978","title":{"rendered":"Crecen las importaciones de carne desde Brasil y ya est\u00e1n en su nivel m\u00e1s alto desde 2019"},"content":{"rendered":"\n<p>La Argentina, uno de los mercados que m\u00e1s cantidad de carne vacuna produce en el mundo, compr\u00f3 m\u00e1s de 1.000 toneladas al pa\u00eds vecino por la diferencia de precios y la apertura comercial.<\/p>\n\n\n\n<p><\/p>\n\n\n\n<p>Argentina, uno de los mayores productores y consumidores de carne vacuna del mundo, comenz\u00f3 a importar carne desde Brasil. Seg\u00fan inform\u00f3 la agencia de noticias Bloomberg, esta situaci\u00f3n se explica por el impacto de las pol\u00edticas econ\u00f3micas del presidente Javier Milei, que fortalecieron el peso y facilitaron la apertura comercial, al punto de que en algunos casos resulta m\u00e1s barato comprar carne en el exterior que producirla localmente.<\/p>\n\n\n\n<p>La consultora AZ Group indic\u00f3 que en el primer semestre de 2025 las importaciones mensuales promedio de carne brasile\u00f1a alcanzaron las 1.033 toneladas, frente a apenas 24 toneladas en el mismo per\u00edodo del a\u00f1o pasado. Se trata de un r\u00e9cord estacional desde que comenzaron los registros en 1997, de acuerdo con datos oficiales de Brasil. En t\u00e9rminos agregados, las importaciones totales de carne vacuna por parte de Argentina se ubican en su nivel m\u00e1s alto desde 2019.<\/p>\n\n\n\n<p>Pese a que el volumen importado representa una fracci\u00f3n menor frente a la producci\u00f3n nacional \u2014estimada en unas 250.000 toneladas por mes\u2014, el fen\u00f3meno expone un cambio de din\u00e1mica provocado por la pol\u00edtica cambiaria del gobierno. Bloomberg remarc\u00f3 que la decisi\u00f3n de Milei de mantener un peso fuerte, junto con la liberalizaci\u00f3n del comercio, tuvo el objetivo de contener la inflaci\u00f3n.<\/p>\n\n\n\n<p>Sin embargo, tambi\u00e9n hizo que las importaciones resulten m\u00e1s accesibles, al tiempo que complica el balance comercial en un momento en que el Ejecutivo necesita acumular divisas y cumplir con metas acordadas con el Fondo Monetario Internacional.<\/p>\n\n\n\n<p>\u201cEl fortalecimiento del peso en t\u00e9rminos reales abri\u00f3 la puerta para traer carne desde Brasil a precios competitivos\u201d, explic\u00f3 Diego Ponti, analista del mercado de carne vacuna en AZ Group, citado por Bloomberg. De todos modos, precis\u00f3 que se trata de vol\u00famenes muy reducidos, vinculados a operaciones puntuales de compradores en zonas fronterizas o empresas frigor\u00edficas con presencia en ambos pa\u00edses.<\/p>\n\n\n\n<p>La pol\u00edtica monetaria tambi\u00e9n tuvo efectos directos en el mercado ganadero local. Seg\u00fan datos de AZ Group, en algunos momentos del a\u00f1o los frigor\u00edficos llegaron a pagar el equivalente a casi 5 d\u00f3lares por kilo de novillo. Este encarecimiento en d\u00f3lares presion\u00f3 los m\u00e1rgenes y favoreci\u00f3, en determinados casos, la opci\u00f3n de importar.<\/p>\n\n\n\n<p>El fen\u00f3meno se da en un contexto en el que el consumo interno, aunque en descenso, sigue siendo alto. Cada argentino consume en promedio unos 50 kilos de carne vacuna al a\u00f1o. Aunque esta cifra baj\u00f3 respecto de a\u00f1os anteriores, Argentina a\u00fan se encuentra entre los pa\u00edses con mayor consumo per c\u00e1pita del mundo. En ese marco, el precio de la carne tiene una carga pol\u00edtica significativa, especialmente de cara a las elecciones legislativas de octubre. De acuerdo con el informe citado, en junio el precio de la carne aument\u00f3 53% interanual en el \u00c1rea Metropolitana de Buenos Aires, frente a una inflaci\u00f3n general del 39% para el mismo per\u00edodo.<\/p>\n\n\n\n<p>El impacto del comercio exterior tambi\u00e9n puede sentirse en otros mercados. Argentina export\u00f3 el a\u00f1o pasado carne vacuna por unos 3.400 millones de d\u00f3lares, siendo China el principal destino. Bloomberg record\u00f3 que, tras la decisi\u00f3n del presidente estadounidense Donald Trump de aplicar un arancel del 50% a la carne brasile\u00f1a, es probable que buena parte del excedente que Brasil no pueda colocar en Estados Unidos se dirija al mercado chino. En ese caso, Ponti anticip\u00f3 que los importadores chinos podr\u00edan presionar para obtener contratos a menor precio, afectando a otros proveedores como Argentina, public\u00f3 InfoBae.<\/p>\n\n\n\n<p>La tendencia a importar carne en un pa\u00eds tradicionalmente exportador como Argentina representa una anomal\u00eda que ilustra los efectos no deseados de la pol\u00edtica econ\u00f3mica actual. Aunque los vol\u00famenes son marginales, el fen\u00f3meno visibiliza las tensiones entre el combate a la inflaci\u00f3n, la apertura comercial y las necesidades de sostener el super\u00e1vit externo.<\/p>\n","protected":false},"excerpt":{"rendered":"<p>La Argentina, uno de los mercados que m\u00e1s cantidad de carne vacuna produce en el mundo, compr\u00f3 m\u00e1s de 1.000 toneladas al pa\u00eds vecino por la diferencia de precios y la apertura comercial. Argentina, uno de los mayores productores y consumidores de carne vacuna del mundo, comenz\u00f3 a importar carne desde Brasil. Seg\u00fan inform\u00f3 la [&hellip;]<\/p>\n","protected":false},"author":4,"featured_media":3979,"comment_status":"open","ping_status":"open","sticky":false,"template":"","format":"standard","meta":{"footnotes":""},"categories":[19],"tags":[],"class_list":{"0":"post-3978","1":"post","2":"type-post","3":"status-publish","4":"format-standard","5":"has-post-thumbnail","7":"category-interes-general"},"yoast_head":"<!-- This site is optimized with the Yoast SEO plugin v27.4 - https:\/\/yoast.com\/product\/yoast-seo-wordpress\/ -->\n<title>Crecen las importaciones de carne desde Brasil y ya est\u00e1n en su nivel m\u00e1s alto desde 2019 - Diario del Sur<\/title>\n<meta name=\"robots\" content=\"index, follow, max-snippet:-1, max-image-preview:large, max-video-preview:-1\" \/>\n<link rel=\"canonical\" href=\"https:\/\/diariodelsurdigital.com.ar\/?p=3978\" \/>\n<meta property=\"og:locale\" content=\"es_ES\" \/>\n<meta property=\"og:type\" content=\"article\" \/>\n<meta property=\"og:title\" content=\"Crecen las importaciones de carne desde Brasil y ya est\u00e1n en su nivel m\u00e1s alto desde 2019 - Diario del Sur\" \/>\n<meta property=\"og:description\" content=\"La Argentina, uno de los mercados que m\u00e1s cantidad de carne vacuna produce en el mundo, compr\u00f3 m\u00e1s de 1.000 toneladas al pa\u00eds vecino por la diferencia de precios y la apertura comercial. Argentina, uno de los mayores productores y consumidores de carne vacuna del mundo, comenz\u00f3 a importar carne desde Brasil. Seg\u00fan inform\u00f3 la [&hellip;]\" \/>\n<meta property=\"og:url\" content=\"https:\/\/diariodelsurdigital.com.ar\/?p=3978\" \/>\n<meta property=\"og:site_name\" content=\"Diario del Sur\" \/>\n<meta property=\"article:published_time\" content=\"2025-08-06T13:28:19+00:00\" \/>\n<meta property=\"article:modified_time\" content=\"2025-08-06T13:28:20+00:00\" \/>\n<meta property=\"og:image\" content=\"https:\/\/diariodelsurdigital.com.ar\/wp-content\/uploads\/2025\/08\/md-61.webp\" \/>\n\t<meta property=\"og:image:width\" content=\"992\" \/>\n\t<meta property=\"og:image:height\" content=\"603\" \/>\n\t<meta property=\"og:image:type\" content=\"image\/webp\" \/>\n<meta name=\"author\" content=\"Diario del Sur Digital\" \/>\n<meta name=\"twitter:card\" content=\"summary_large_image\" \/>\n<meta name=\"twitter:label1\" content=\"Escrito por\" \/>\n\t<meta name=\"twitter:data1\" content=\"Diario del Sur Digital\" \/>\n\t<meta name=\"twitter:label2\" content=\"Tiempo de lectura\" \/>\n\t<meta name=\"twitter:data2\" content=\"4 minutos\" \/>\n<script type=\"application\/ld+json\" class=\"yoast-schema-graph\">{\"@context\":\"https:\\\/\\\/schema.org\",\"@graph\":[{\"@type\":\"Article\",\"@id\":\"https:\\\/\\\/diariodelsurdigital.com.ar\\\/?p=3978#article\",\"isPartOf\":{\"@id\":\"https:\\\/\\\/diariodelsurdigital.com.ar\\\/?p=3978\"},\"author\":{\"name\":\"Diario del Sur Digital\",\"@id\":\"https:\\\/\\\/diariodelsurdigital.com.ar\\\/#\\\/schema\\\/person\\\/1a4992532ed62965c968031b49195c81\"},\"headline\":\"Crecen las importaciones de carne desde Brasil y ya est\u00e1n en su nivel m\u00e1s alto desde 2019\",\"datePublished\":\"2025-08-06T13:28:19+00:00\",\"dateModified\":\"2025-08-06T13:28:20+00:00\",\"mainEntityOfPage\":{\"@id\":\"https:\\\/\\\/diariodelsurdigital.com.ar\\\/?p=3978\"},\"wordCount\":713,\"commentCount\":0,\"image\":{\"@id\":\"https:\\\/\\\/diariodelsurdigital.com.ar\\\/?p=3978#primaryimage\"},\"thumbnailUrl\":\"https:\\\/\\\/diariodelsurdigital.com.ar\\\/wp-content\\\/uploads\\\/2025\\\/08\\\/md-61.webp\",\"articleSection\":[\"Inter\u00e9s General\"],\"inLanguage\":\"es\",\"potentialAction\":[{\"@type\":\"CommentAction\",\"name\":\"Comment\",\"target\":[\"https:\\\/\\\/diariodelsurdigital.com.ar\\\/?p=3978#respond\"]}]},{\"@type\":\"WebPage\",\"@id\":\"https:\\\/\\\/diariodelsurdigital.com.ar\\\/?p=3978\",\"url\":\"https:\\\/\\\/diariodelsurdigital.com.ar\\\/?p=3978\",\"name\":\"Crecen las importaciones de carne desde Brasil y ya est\u00e1n en su nivel m\u00e1s alto desde 2019 - Diario del Sur\",\"isPartOf\":{\"@id\":\"https:\\\/\\\/diariodelsurdigital.com.ar\\\/#website\"},\"primaryImageOfPage\":{\"@id\":\"https:\\\/\\\/diariodelsurdigital.com.ar\\\/?p=3978#primaryimage\"},\"image\":{\"@id\":\"https:\\\/\\\/diariodelsurdigital.com.ar\\\/?p=3978#primaryimage\"},\"thumbnailUrl\":\"https:\\\/\\\/diariodelsurdigital.com.ar\\\/wp-content\\\/uploads\\\/2025\\\/08\\\/md-61.webp\",\"datePublished\":\"2025-08-06T13:28:19+00:00\",\"dateModified\":\"2025-08-06T13:28:20+00:00\",\"author\":{\"@id\":\"https:\\\/\\\/diariodelsurdigital.com.ar\\\/#\\\/schema\\\/person\\\/1a4992532ed62965c968031b49195c81\"},\"breadcrumb\":{\"@id\":\"https:\\\/\\\/diariodelsurdigital.com.ar\\\/?p=3978#breadcrumb\"},\"inLanguage\":\"es\",\"potentialAction\":[{\"@type\":\"ReadAction\",\"target\":[\"https:\\\/\\\/diariodelsurdigital.com.ar\\\/?p=3978\"]}]},{\"@type\":\"ImageObject\",\"inLanguage\":\"es\",\"@id\":\"https:\\\/\\\/diariodelsurdigital.com.ar\\\/?p=3978#primaryimage\",\"url\":\"https:\\\/\\\/diariodelsurdigital.com.ar\\\/wp-content\\\/uploads\\\/2025\\\/08\\\/md-61.webp\",\"contentUrl\":\"https:\\\/\\\/diariodelsurdigital.com.ar\\\/wp-content\\\/uploads\\\/2025\\\/08\\\/md-61.webp\",\"width\":992,\"height\":603},{\"@type\":\"BreadcrumbList\",\"@id\":\"https:\\\/\\\/diariodelsurdigital.com.ar\\\/?p=3978#breadcrumb\",\"itemListElement\":[{\"@type\":\"ListItem\",\"position\":1,\"name\":\"Portada\",\"item\":\"https:\\\/\\\/diariodelsurdigital.com.ar\\\/\"},{\"@type\":\"ListItem\",\"position\":2,\"name\":\"Crecen las importaciones de carne desde Brasil y ya est\u00e1n en su nivel m\u00e1s alto desde 2019\"}]},{\"@type\":\"WebSite\",\"@id\":\"https:\\\/\\\/diariodelsurdigital.com.ar\\\/#website\",\"url\":\"https:\\\/\\\/diariodelsurdigital.com.ar\\\/\",\"name\":\"Diario del Sur\",\"description\":\"Digital\",\"potentialAction\":[{\"@type\":\"SearchAction\",\"target\":{\"@type\":\"EntryPoint\",\"urlTemplate\":\"https:\\\/\\\/diariodelsurdigital.com.ar\\\/?s={search_term_string}\"},\"query-input\":{\"@type\":\"PropertyValueSpecification\",\"valueRequired\":true,\"valueName\":\"search_term_string\"}}],\"inLanguage\":\"es\"},{\"@type\":\"Person\",\"@id\":\"https:\\\/\\\/diariodelsurdigital.com.ar\\\/#\\\/schema\\\/person\\\/1a4992532ed62965c968031b49195c81\",\"name\":\"Diario del Sur Digital\",\"image\":{\"@type\":\"ImageObject\",\"inLanguage\":\"es\",\"@id\":\"https:\\\/\\\/secure.gravatar.com\\\/avatar\\\/f0c7c47fc7146d19828273b9b8eda651c9c7ab583767e6338d3d3bee825adf76?s=96&d=mm&r=g\",\"url\":\"https:\\\/\\\/secure.gravatar.com\\\/avatar\\\/f0c7c47fc7146d19828273b9b8eda651c9c7ab583767e6338d3d3bee825adf76?s=96&d=mm&r=g\",\"contentUrl\":\"https:\\\/\\\/secure.gravatar.com\\\/avatar\\\/f0c7c47fc7146d19828273b9b8eda651c9c7ab583767e6338d3d3bee825adf76?s=96&d=mm&r=g\",\"caption\":\"Diario del Sur Digital\"},\"url\":\"https:\\\/\\\/diariodelsurdigital.com.ar\\\/?author=4\"}]}<\/script>\n<!-- \/ Yoast SEO plugin. -->","yoast_head_json":{"title":"Crecen las importaciones de carne desde Brasil y ya est\u00e1n en su nivel m\u00e1s alto desde 2019 - Diario del Sur","robots":{"index":"index","follow":"follow","max-snippet":"max-snippet:-1","max-image-preview":"max-image-preview:large","max-video-preview":"max-video-preview:-1"},"canonical":"https:\/\/diariodelsurdigital.com.ar\/?p=3978","og_locale":"es_ES","og_type":"article","og_title":"Crecen las importaciones de carne desde Brasil y ya est\u00e1n en su nivel m\u00e1s alto desde 2019 - Diario del Sur","og_description":"La Argentina, uno de los mercados que m\u00e1s cantidad de carne vacuna produce en el mundo, compr\u00f3 m\u00e1s de 1.000 toneladas al pa\u00eds vecino por la diferencia de precios y la apertura comercial. Argentina, uno de los mayores productores y consumidores de carne vacuna del mundo, comenz\u00f3 a importar carne desde Brasil. Seg\u00fan inform\u00f3 la [&hellip;]","og_url":"https:\/\/diariodelsurdigital.com.ar\/?p=3978","og_site_name":"Diario del Sur","article_published_time":"2025-08-06T13:28:19+00:00","article_modified_time":"2025-08-06T13:28:20+00:00","og_image":[{"width":992,"height":603,"url":"https:\/\/diariodelsurdigital.com.ar\/wp-content\/uploads\/2025\/08\/md-61.webp","type":"image\/webp"}],"author":"Diario del Sur Digital","twitter_card":"summary_large_image","twitter_misc":{"Escrito por":"Diario del Sur Digital","Tiempo de lectura":"4 minutos"},"schema":{"@context":"https:\/\/schema.org","@graph":[{"@type":"Article","@id":"https:\/\/diariodelsurdigital.com.ar\/?p=3978#article","isPartOf":{"@id":"https:\/\/diariodelsurdigital.com.ar\/?p=3978"},"author":{"name":"Diario del Sur Digital","@id":"https:\/\/diariodelsurdigital.com.ar\/#\/schema\/person\/1a4992532ed62965c968031b49195c81"},"headline":"Crecen las importaciones de carne desde Brasil y ya est\u00e1n en su nivel m\u00e1s alto desde 2019","datePublished":"2025-08-06T13:28:19+00:00","dateModified":"2025-08-06T13:28:20+00:00","mainEntityOfPage":{"@id":"https:\/\/diariodelsurdigital.com.ar\/?p=3978"},"wordCount":713,"commentCount":0,"image":{"@id":"https:\/\/diariodelsurdigital.com.ar\/?p=3978#primaryimage"},"thumbnailUrl":"https:\/\/diariodelsurdigital.com.ar\/wp-content\/uploads\/2025\/08\/md-61.webp","articleSection":["Inter\u00e9s General"],"inLanguage":"es","potentialAction":[{"@type":"CommentAction","name":"Comment","target":["https:\/\/diariodelsurdigital.com.ar\/?p=3978#respond"]}]},{"@type":"WebPage","@id":"https:\/\/diariodelsurdigital.com.ar\/?p=3978","url":"https:\/\/diariodelsurdigital.com.ar\/?p=3978","name":"Crecen las importaciones de carne desde Brasil y ya est\u00e1n en su nivel m\u00e1s alto desde 2019 - Diario del Sur","isPartOf":{"@id":"https:\/\/diariodelsurdigital.com.ar\/#website"},"primaryImageOfPage":{"@id":"https:\/\/diariodelsurdigital.com.ar\/?p=3978#primaryimage"},"image":{"@id":"https:\/\/diariodelsurdigital.com.ar\/?p=3978#primaryimage"},"thumbnailUrl":"https:\/\/diariodelsurdigital.com.ar\/wp-content\/uploads\/2025\/08\/md-61.webp","datePublished":"2025-08-06T13:28:19+00:00","dateModified":"2025-08-06T13:28:20+00:00","author":{"@id":"https:\/\/diariodelsurdigital.com.ar\/#\/schema\/person\/1a4992532ed62965c968031b49195c81"},"breadcrumb":{"@id":"https:\/\/diariodelsurdigital.com.ar\/?p=3978#breadcrumb"},"inLanguage":"es","potentialAction":[{"@type":"ReadAction","target":["https:\/\/diariodelsurdigital.com.ar\/?p=3978"]}]},{"@type":"ImageObject","inLanguage":"es","@id":"https:\/\/diariodelsurdigital.com.ar\/?p=3978#primaryimage","url":"https:\/\/diariodelsurdigital.com.ar\/wp-content\/uploads\/2025\/08\/md-61.webp","contentUrl":"https:\/\/diariodelsurdigital.com.ar\/wp-content\/uploads\/2025\/08\/md-61.webp","width":992,"height":603},{"@type":"BreadcrumbList","@id":"https:\/\/diariodelsurdigital.com.ar\/?p=3978#breadcrumb","itemListElement":[{"@type":"ListItem","position":1,"name":"Portada","item":"https:\/\/diariodelsurdigital.com.ar\/"},{"@type":"ListItem","position":2,"name":"Crecen las importaciones de carne desde Brasil y ya est\u00e1n en su nivel m\u00e1s alto desde 2019"}]},{"@type":"WebSite","@id":"https:\/\/diariodelsurdigital.com.ar\/#website","url":"https:\/\/diariodelsurdigital.com.ar\/","name":"Diario del Sur","description":"Digital","potentialAction":[{"@type":"SearchAction","target":{"@type":"EntryPoint","urlTemplate":"https:\/\/diariodelsurdigital.com.ar\/?s={search_term_string}"},"query-input":{"@type":"PropertyValueSpecification","valueRequired":true,"valueName":"search_term_string"}}],"inLanguage":"es"},{"@type":"Person","@id":"https:\/\/diariodelsurdigital.com.ar\/#\/schema\/person\/1a4992532ed62965c968031b49195c81","name":"Diario del Sur Digital","image":{"@type":"ImageObject","inLanguage":"es","@id":"https:\/\/secure.gravatar.com\/avatar\/f0c7c47fc7146d19828273b9b8eda651c9c7ab583767e6338d3d3bee825adf76?s=96&d=mm&r=g","url":"https:\/\/secure.gravatar.com\/avatar\/f0c7c47fc7146d19828273b9b8eda651c9c7ab583767e6338d3d3bee825adf76?s=96&d=mm&r=g","contentUrl":"https:\/\/secure.gravatar.com\/avatar\/f0c7c47fc7146d19828273b9b8eda651c9c7ab583767e6338d3d3bee825adf76?s=96&d=mm&r=g","caption":"Diario del Sur Digital"},"url":"https:\/\/diariodelsurdigital.com.ar\/?author=4"}]}},"_links":{"self":[{"href":"https:\/\/diariodelsurdigital.com.ar\/index.php?rest_route=\/wp\/v2\/posts\/3978","targetHints":{"allow":["GET"]}}],"collection":[{"href":"https:\/\/diariodelsurdigital.com.ar\/index.php?rest_route=\/wp\/v2\/posts"}],"about":[{"href":"https:\/\/diariodelsurdigital.com.ar\/index.php?rest_route=\/wp\/v2\/types\/post"}],"author":[{"embeddable":true,"href":"https:\/\/diariodelsurdigital.com.ar\/index.php?rest_route=\/wp\/v2\/users\/4"}],"replies":[{"embeddable":true,"href":"https:\/\/diariodelsurdigital.com.ar\/index.php?rest_route=%2Fwp%2Fv2%2Fcomments&post=3978"}],"version-history":[{"count":1,"href":"https:\/\/diariodelsurdigital.com.ar\/index.php?rest_route=\/wp\/v2\/posts\/3978\/revisions"}],"predecessor-version":[{"id":3980,"href":"https:\/\/diariodelsurdigital.com.ar\/index.php?rest_route=\/wp\/v2\/posts\/3978\/revisions\/3980"}],"wp:featuredmedia":[{"embeddable":true,"href":"https:\/\/diariodelsurdigital.com.ar\/index.php?rest_route=\/wp\/v2\/media\/3979"}],"wp:attachment":[{"href":"https:\/\/diariodelsurdigital.com.ar\/index.php?rest_route=%2Fwp%2Fv2%2Fmedia&parent=3978"}],"wp:term":[{"taxonomy":"category","embeddable":true,"href":"https:\/\/diariodelsurdigital.com.ar\/index.php?rest_route=%2Fwp%2Fv2%2Fcategories&post=3978"},{"taxonomy":"post_tag","embeddable":true,"href":"https:\/\/diariodelsurdigital.com.ar\/index.php?rest_route=%2Fwp%2Fv2%2Ftags&post=3978"}],"curies":[{"name":"wp","href":"https:\/\/api.w.org\/{rel}","templated":true}]}}