{"id":3981,"date":"2025-08-06T10:31:49","date_gmt":"2025-08-06T13:31:49","guid":{"rendered":"https:\/\/diariodelsurdigital.com.ar\/?p=3981"},"modified":"2025-08-06T10:31:52","modified_gmt":"2025-08-06T13:31:52","slug":"el-pro-se-rindio-en-la-ciudad-e-ira-detras-de-los-milei-en-octubre-solo-2-lugares-en-la-lista-boleta-violeta-y-sello-de-lla","status":"publish","type":"post","link":"https:\/\/diariodelsurdigital.com.ar\/?p=3981","title":{"rendered":"El PRO se rindi\u00f3 en la Ciudad e ir\u00e1 detr\u00e1s de los Milei en octubre: solo 2 lugares en la lista, boleta violeta y sello de LLA"},"content":{"rendered":"\n<p>Tras la derrota en mayo y la presi\u00f3n de Karina Milei, Macri acept\u00f3 los lugares 5 y 6 de la lista de diputados y quedar afuera de la categor\u00eda senadores. El nombre del frente ser\u00e1 libertario y la conducci\u00f3n pol\u00edtica quedar\u00e1 en manos de La Libertad Avanza. Jorge Macri y Vidal, marginados.<\/p>\n\n\n\n<p><\/p>\n\n\n\n<p>La Libertad Avanza y el PRO sellaron un acuerdo electoral para competir juntos en las elecciones legislativas nacionales del 26 de octubre en la ciudad de Buenos Aires. Tras semanas de negociaciones discretas, fue Karina Milei quien impuso las condiciones: el partido fundado por Mauricio Macri solo ocupar\u00e1 el quinto y sexto lugar en la lista de diputados nacionales, mientras que la conducci\u00f3n de la boleta, el color violeta y el nombre del frente \u2014\u201cAlianza La Libertad Avanza\u201d\u2014 quedar\u00e1n en manos del oficialismo libertario.<\/p>\n\n\n\n<p>La decisi\u00f3n representa un punto de inflexi\u00f3n en la pol\u00edtica porte\u00f1a. A pesar de gobernar la Ciudad desde hace casi dos d\u00e9cadas, el PRO se resign\u00f3 a jugar de visitante en su propio basti\u00f3n, sin siquiera un lugar en la categor\u00eda de senadores. Mauricio Macri, impulsor del entendimiento, fue quien cerr\u00f3 el pacto con Pilar Ram\u00edrez, la armadora de La Libertad Avanza en el distrito. A partir de ahora, ser\u00e1 Karina Milei quien defina los nombres. La \u00fanica condici\u00f3n libertaria: que los candidatos macristas sean leales al plan mile\u00edsta y no interfieran en su ejecuci\u00f3n legislativa.<\/p>\n\n\n\n<p>La dura derrota de Silvia Lospennato frente a Manuel Adorni en las legislativas locales de mayo marc\u00f3 el principio del fin para la autonom\u00eda del PRO en CABA. Aquel resultado \u2014una ca\u00edda hist\u00f3rica para el macrismo\u2014 motiv\u00f3 un viraje pragm\u00e1tico. El acuerdo de octubre busca contener la sangr\u00eda y preservar cierta representaci\u00f3n en el Congreso, aunque sea subordinada.<\/p>\n\n\n\n<p>Por el lado amarillo, se especula con que los nombres que ocupar\u00e1n los lugares \u201centrables\u201d sean Jimena de la Torre y alguno entre Hern\u00e1n Iglesias Illia y Fernando de Andreis. Tambi\u00e9n suena el nombre de Dar\u00edo Nieto, el exsecretario hist\u00f3rico de Mauricio Macri que preside, hace unos a\u00f1os, el bloque oficialista en la Legislatura porte\u00f1a. Ninguno de ellos tiene, sin embargo, el aval expl\u00edcito de Karina, que se reserva el derecho de veto.<\/p>\n\n\n\n<p>En paralelo, en la interna libertaria suena con fuerza que la lista de diputados ser\u00e1 encabezada por la propia Pilar Ram\u00edrez. Otros nombres en danza son la ministra Sandra Pettovello, el ministro de Econom\u00eda Luis Caputo y el ide\u00f3logo reformista Federico Sturzenegger. En alg\u00fan momento circul\u00f3 tambi\u00e9n la posibilidad de que el jefe de Gabinete, Guillermo Francos, lidere la boleta, pero ya fue descartado.<\/p>\n\n\n\n<p>Patricia Bullrich, mientras tanto, maneja su propia paritaria interna. La ministra de Seguridad ser\u00eda la primera candidata a senadora nacional por la alianza libertaria, pero tambi\u00e9n buscar\u00e1 colar a dirigentes de su ri\u00f1\u00f3n en la lista. Una es la diputada Sabrina Ajmechet, que vence mandato este a\u00f1o y Bullrich pretende incluirla entre los nombres \u201centrables\u201d de la lista de Diputados. Otro es Dami\u00e1n Arabia, mano derecha de la ministra que ocupa una banca en la C\u00e1mara de Diputados. Arabia tiene dos a\u00f1os m\u00e1s de mandato, pero su nombre resuena entre los posibles candidatos suplentes para el Senado.<\/p>\n\n\n\n<p>El pacto deja en offside al jefe de Gobierno Jorge Macri, enfrentado con los hermanos Milei desde que desdobl\u00f3 las elecciones porte\u00f1as. El presidente no le perdona a Jorge haber contratado al asesor catal\u00e1n Antoni Guti\u00e9rrez Rub\u00ed y le hace saber su desprecio cada vez que tiene oportunidad. La \u00faltima vez fue en La Rural.<\/p>\n\n\n\n<p>El jefe de Gobierno hab\u00eda avanzado, junto al operador Daniel \u201cTano\u201d Angelici, en negociaciones con el radicalismo, la Coalici\u00f3n C\u00edvica y otros hu\u00e9rfanos del dinamitado Juntos Por el Cambio para resucitar el espacio. Era el Plan B por si las negociaciones con LLA fallaban: una alternativa con la que Jorge se sent\u00eda m\u00e1s c\u00f3modo, en l\u00ednea con Mar\u00eda Eugenia Vidal. En el partido amarrilo deslizan que, pese a su resistencia inicial, terminar\u00e1 acatando lo que acuerde su primo Mauricio. \u201cJorge no est\u00e1 entusiasmado, pero esto le aliviana la situaci\u00f3n en CABA\u201d, desliz\u00f3 un dirigente PRO con terminales en LLA, public\u00f3 Diario. Ar.<\/p>\n\n\n\n<p>Con reticencia, la mayor\u00eda del PRO porte\u00f1o se alinear\u00e1 detr\u00e1s de la estrategia. Hay sola una excepci\u00f3n: Mar\u00eda Eugenia Vidal, que ya anticip\u00f3 que no ser\u00e1 candidata ni participar\u00e1 de la campa\u00f1a si el macrismo cierra un acuerdo con LLA. No abandonar\u00e1 el partido ni cerrar\u00e1 una alianza con otros partidos, pero no se mover\u00e1 un cent\u00edmetro para que la alianza libertaria gane las elecciones. <\/p>\n","protected":false},"excerpt":{"rendered":"<p>Tras la derrota en mayo y la presi\u00f3n de Karina Milei, Macri acept\u00f3 los lugares 5 y 6 de la lista de diputados y quedar afuera de la categor\u00eda senadores. El nombre del frente ser\u00e1 libertario y la conducci\u00f3n pol\u00edtica quedar\u00e1 en manos de La Libertad Avanza. Jorge Macri y Vidal, marginados. La Libertad Avanza [&hellip;]<\/p>\n","protected":false},"author":4,"featured_media":3982,"comment_status":"open","ping_status":"open","sticky":false,"template":"","format":"standard","meta":{"footnotes":""},"categories":[22],"tags":[],"class_list":{"0":"post-3981","1":"post","2":"type-post","3":"status-publish","4":"format-standard","5":"has-post-thumbnail","7":"category-politica"},"yoast_head":"<!-- This site is optimized with the Yoast SEO plugin v27.4 - https:\/\/yoast.com\/product\/yoast-seo-wordpress\/ -->\n<title>El PRO se rindi\u00f3 en la Ciudad e ir\u00e1 detr\u00e1s de los Milei en octubre: solo 2 lugares en la lista, boleta violeta y sello de LLA - Diario del Sur<\/title>\n<meta name=\"robots\" content=\"index, follow, max-snippet:-1, max-image-preview:large, max-video-preview:-1\" \/>\n<link rel=\"canonical\" href=\"https:\/\/diariodelsurdigital.com.ar\/?p=3981\" \/>\n<meta property=\"og:locale\" content=\"es_ES\" \/>\n<meta property=\"og:type\" content=\"article\" \/>\n<meta property=\"og:title\" content=\"El PRO se rindi\u00f3 en la Ciudad e ir\u00e1 detr\u00e1s de los Milei en octubre: solo 2 lugares en la lista, boleta violeta y sello de LLA - Diario del Sur\" \/>\n<meta property=\"og:description\" content=\"Tras la derrota en mayo y la presi\u00f3n de Karina Milei, Macri acept\u00f3 los lugares 5 y 6 de la lista de diputados y quedar afuera de la categor\u00eda senadores. El nombre del frente ser\u00e1 libertario y la conducci\u00f3n pol\u00edtica quedar\u00e1 en manos de La Libertad Avanza. Jorge Macri y Vidal, marginados. La Libertad Avanza [&hellip;]\" \/>\n<meta property=\"og:url\" content=\"https:\/\/diariodelsurdigital.com.ar\/?p=3981\" \/>\n<meta property=\"og:site_name\" content=\"Diario del Sur\" \/>\n<meta property=\"article:published_time\" content=\"2025-08-06T13:31:49+00:00\" \/>\n<meta property=\"article:modified_time\" content=\"2025-08-06T13:31:52+00:00\" \/>\n<meta property=\"og:image\" content=\"https:\/\/diariodelsurdigital.com.ar\/wp-content\/uploads\/2025\/08\/md-62.webp\" \/>\n\t<meta property=\"og:image:width\" content=\"992\" \/>\n\t<meta property=\"og:image:height\" content=\"570\" \/>\n\t<meta property=\"og:image:type\" content=\"image\/webp\" \/>\n<meta name=\"author\" content=\"Diario del Sur Digital\" \/>\n<meta name=\"twitter:card\" content=\"summary_large_image\" \/>\n<meta name=\"twitter:label1\" content=\"Escrito por\" \/>\n\t<meta name=\"twitter:data1\" content=\"Diario del Sur Digital\" \/>\n\t<meta name=\"twitter:label2\" content=\"Tiempo de lectura\" \/>\n\t<meta name=\"twitter:data2\" content=\"4 minutos\" \/>\n<script type=\"application\/ld+json\" class=\"yoast-schema-graph\">{\"@context\":\"https:\\\/\\\/schema.org\",\"@graph\":[{\"@type\":\"Article\",\"@id\":\"https:\\\/\\\/diariodelsurdigital.com.ar\\\/?p=3981#article\",\"isPartOf\":{\"@id\":\"https:\\\/\\\/diariodelsurdigital.com.ar\\\/?p=3981\"},\"author\":{\"name\":\"Diario del Sur Digital\",\"@id\":\"https:\\\/\\\/diariodelsurdigital.com.ar\\\/#\\\/schema\\\/person\\\/1a4992532ed62965c968031b49195c81\"},\"headline\":\"El PRO se rindi\u00f3 en la Ciudad e ir\u00e1 detr\u00e1s de los Milei en octubre: solo 2 lugares en la lista, boleta violeta y sello de LLA\",\"datePublished\":\"2025-08-06T13:31:49+00:00\",\"dateModified\":\"2025-08-06T13:31:52+00:00\",\"mainEntityOfPage\":{\"@id\":\"https:\\\/\\\/diariodelsurdigital.com.ar\\\/?p=3981\"},\"wordCount\":834,\"commentCount\":0,\"image\":{\"@id\":\"https:\\\/\\\/diariodelsurdigital.com.ar\\\/?p=3981#primaryimage\"},\"thumbnailUrl\":\"https:\\\/\\\/diariodelsurdigital.com.ar\\\/wp-content\\\/uploads\\\/2025\\\/08\\\/md-62.webp\",\"articleSection\":[\"Pol\u00edtica\"],\"inLanguage\":\"es\",\"potentialAction\":[{\"@type\":\"CommentAction\",\"name\":\"Comment\",\"target\":[\"https:\\\/\\\/diariodelsurdigital.com.ar\\\/?p=3981#respond\"]}]},{\"@type\":\"WebPage\",\"@id\":\"https:\\\/\\\/diariodelsurdigital.com.ar\\\/?p=3981\",\"url\":\"https:\\\/\\\/diariodelsurdigital.com.ar\\\/?p=3981\",\"name\":\"El PRO se rindi\u00f3 en la Ciudad e ir\u00e1 detr\u00e1s de los Milei en octubre: solo 2 lugares en la lista, boleta violeta y sello de LLA - Diario del Sur\",\"isPartOf\":{\"@id\":\"https:\\\/\\\/diariodelsurdigital.com.ar\\\/#website\"},\"primaryImageOfPage\":{\"@id\":\"https:\\\/\\\/diariodelsurdigital.com.ar\\\/?p=3981#primaryimage\"},\"image\":{\"@id\":\"https:\\\/\\\/diariodelsurdigital.com.ar\\\/?p=3981#primaryimage\"},\"thumbnailUrl\":\"https:\\\/\\\/diariodelsurdigital.com.ar\\\/wp-content\\\/uploads\\\/2025\\\/08\\\/md-62.webp\",\"datePublished\":\"2025-08-06T13:31:49+00:00\",\"dateModified\":\"2025-08-06T13:31:52+00:00\",\"author\":{\"@id\":\"https:\\\/\\\/diariodelsurdigital.com.ar\\\/#\\\/schema\\\/person\\\/1a4992532ed62965c968031b49195c81\"},\"breadcrumb\":{\"@id\":\"https:\\\/\\\/diariodelsurdigital.com.ar\\\/?p=3981#breadcrumb\"},\"inLanguage\":\"es\",\"potentialAction\":[{\"@type\":\"ReadAction\",\"target\":[\"https:\\\/\\\/diariodelsurdigital.com.ar\\\/?p=3981\"]}]},{\"@type\":\"ImageObject\",\"inLanguage\":\"es\",\"@id\":\"https:\\\/\\\/diariodelsurdigital.com.ar\\\/?p=3981#primaryimage\",\"url\":\"https:\\\/\\\/diariodelsurdigital.com.ar\\\/wp-content\\\/uploads\\\/2025\\\/08\\\/md-62.webp\",\"contentUrl\":\"https:\\\/\\\/diariodelsurdigital.com.ar\\\/wp-content\\\/uploads\\\/2025\\\/08\\\/md-62.webp\",\"width\":992,\"height\":570},{\"@type\":\"BreadcrumbList\",\"@id\":\"https:\\\/\\\/diariodelsurdigital.com.ar\\\/?p=3981#breadcrumb\",\"itemListElement\":[{\"@type\":\"ListItem\",\"position\":1,\"name\":\"Portada\",\"item\":\"https:\\\/\\\/diariodelsurdigital.com.ar\\\/\"},{\"@type\":\"ListItem\",\"position\":2,\"name\":\"El PRO se rindi\u00f3 en la Ciudad e ir\u00e1 detr\u00e1s de los Milei en octubre: solo 2 lugares en la lista, boleta violeta y sello de LLA\"}]},{\"@type\":\"WebSite\",\"@id\":\"https:\\\/\\\/diariodelsurdigital.com.ar\\\/#website\",\"url\":\"https:\\\/\\\/diariodelsurdigital.com.ar\\\/\",\"name\":\"Diario del Sur\",\"description\":\"Digital\",\"potentialAction\":[{\"@type\":\"SearchAction\",\"target\":{\"@type\":\"EntryPoint\",\"urlTemplate\":\"https:\\\/\\\/diariodelsurdigital.com.ar\\\/?s={search_term_string}\"},\"query-input\":{\"@type\":\"PropertyValueSpecification\",\"valueRequired\":true,\"valueName\":\"search_term_string\"}}],\"inLanguage\":\"es\"},{\"@type\":\"Person\",\"@id\":\"https:\\\/\\\/diariodelsurdigital.com.ar\\\/#\\\/schema\\\/person\\\/1a4992532ed62965c968031b49195c81\",\"name\":\"Diario del Sur Digital\",\"image\":{\"@type\":\"ImageObject\",\"inLanguage\":\"es\",\"@id\":\"https:\\\/\\\/secure.gravatar.com\\\/avatar\\\/f0c7c47fc7146d19828273b9b8eda651c9c7ab583767e6338d3d3bee825adf76?s=96&d=mm&r=g\",\"url\":\"https:\\\/\\\/secure.gravatar.com\\\/avatar\\\/f0c7c47fc7146d19828273b9b8eda651c9c7ab583767e6338d3d3bee825adf76?s=96&d=mm&r=g\",\"contentUrl\":\"https:\\\/\\\/secure.gravatar.com\\\/avatar\\\/f0c7c47fc7146d19828273b9b8eda651c9c7ab583767e6338d3d3bee825adf76?s=96&d=mm&r=g\",\"caption\":\"Diario del Sur Digital\"},\"url\":\"https:\\\/\\\/diariodelsurdigital.com.ar\\\/?author=4\"}]}<\/script>\n<!-- \/ Yoast SEO plugin. -->","yoast_head_json":{"title":"El PRO se rindi\u00f3 en la Ciudad e ir\u00e1 detr\u00e1s de los Milei en octubre: solo 2 lugares en la lista, boleta violeta y sello de LLA - Diario del Sur","robots":{"index":"index","follow":"follow","max-snippet":"max-snippet:-1","max-image-preview":"max-image-preview:large","max-video-preview":"max-video-preview:-1"},"canonical":"https:\/\/diariodelsurdigital.com.ar\/?p=3981","og_locale":"es_ES","og_type":"article","og_title":"El PRO se rindi\u00f3 en la Ciudad e ir\u00e1 detr\u00e1s de los Milei en octubre: solo 2 lugares en la lista, boleta violeta y sello de LLA - Diario del Sur","og_description":"Tras la derrota en mayo y la presi\u00f3n de Karina Milei, Macri acept\u00f3 los lugares 5 y 6 de la lista de diputados y quedar afuera de la categor\u00eda senadores. El nombre del frente ser\u00e1 libertario y la conducci\u00f3n pol\u00edtica quedar\u00e1 en manos de La Libertad Avanza. Jorge Macri y Vidal, marginados. La Libertad Avanza [&hellip;]","og_url":"https:\/\/diariodelsurdigital.com.ar\/?p=3981","og_site_name":"Diario del Sur","article_published_time":"2025-08-06T13:31:49+00:00","article_modified_time":"2025-08-06T13:31:52+00:00","og_image":[{"width":992,"height":570,"url":"https:\/\/diariodelsurdigital.com.ar\/wp-content\/uploads\/2025\/08\/md-62.webp","type":"image\/webp"}],"author":"Diario del Sur Digital","twitter_card":"summary_large_image","twitter_misc":{"Escrito por":"Diario del Sur Digital","Tiempo de lectura":"4 minutos"},"schema":{"@context":"https:\/\/schema.org","@graph":[{"@type":"Article","@id":"https:\/\/diariodelsurdigital.com.ar\/?p=3981#article","isPartOf":{"@id":"https:\/\/diariodelsurdigital.com.ar\/?p=3981"},"author":{"name":"Diario del Sur Digital","@id":"https:\/\/diariodelsurdigital.com.ar\/#\/schema\/person\/1a4992532ed62965c968031b49195c81"},"headline":"El PRO se rindi\u00f3 en la Ciudad e ir\u00e1 detr\u00e1s de los Milei en octubre: solo 2 lugares en la lista, boleta violeta y sello de LLA","datePublished":"2025-08-06T13:31:49+00:00","dateModified":"2025-08-06T13:31:52+00:00","mainEntityOfPage":{"@id":"https:\/\/diariodelsurdigital.com.ar\/?p=3981"},"wordCount":834,"commentCount":0,"image":{"@id":"https:\/\/diariodelsurdigital.com.ar\/?p=3981#primaryimage"},"thumbnailUrl":"https:\/\/diariodelsurdigital.com.ar\/wp-content\/uploads\/2025\/08\/md-62.webp","articleSection":["Pol\u00edtica"],"inLanguage":"es","potentialAction":[{"@type":"CommentAction","name":"Comment","target":["https:\/\/diariodelsurdigital.com.ar\/?p=3981#respond"]}]},{"@type":"WebPage","@id":"https:\/\/diariodelsurdigital.com.ar\/?p=3981","url":"https:\/\/diariodelsurdigital.com.ar\/?p=3981","name":"El PRO se rindi\u00f3 en la Ciudad e ir\u00e1 detr\u00e1s de los Milei en octubre: solo 2 lugares en la lista, boleta violeta y sello de LLA - Diario del Sur","isPartOf":{"@id":"https:\/\/diariodelsurdigital.com.ar\/#website"},"primaryImageOfPage":{"@id":"https:\/\/diariodelsurdigital.com.ar\/?p=3981#primaryimage"},"image":{"@id":"https:\/\/diariodelsurdigital.com.ar\/?p=3981#primaryimage"},"thumbnailUrl":"https:\/\/diariodelsurdigital.com.ar\/wp-content\/uploads\/2025\/08\/md-62.webp","datePublished":"2025-08-06T13:31:49+00:00","dateModified":"2025-08-06T13:31:52+00:00","author":{"@id":"https:\/\/diariodelsurdigital.com.ar\/#\/schema\/person\/1a4992532ed62965c968031b49195c81"},"breadcrumb":{"@id":"https:\/\/diariodelsurdigital.com.ar\/?p=3981#breadcrumb"},"inLanguage":"es","potentialAction":[{"@type":"ReadAction","target":["https:\/\/diariodelsurdigital.com.ar\/?p=3981"]}]},{"@type":"ImageObject","inLanguage":"es","@id":"https:\/\/diariodelsurdigital.com.ar\/?p=3981#primaryimage","url":"https:\/\/diariodelsurdigital.com.ar\/wp-content\/uploads\/2025\/08\/md-62.webp","contentUrl":"https:\/\/diariodelsurdigital.com.ar\/wp-content\/uploads\/2025\/08\/md-62.webp","width":992,"height":570},{"@type":"BreadcrumbList","@id":"https:\/\/diariodelsurdigital.com.ar\/?p=3981#breadcrumb","itemListElement":[{"@type":"ListItem","position":1,"name":"Portada","item":"https:\/\/diariodelsurdigital.com.ar\/"},{"@type":"ListItem","position":2,"name":"El PRO se rindi\u00f3 en la Ciudad e ir\u00e1 detr\u00e1s de los Milei en octubre: solo 2 lugares en la lista, boleta violeta y sello de LLA"}]},{"@type":"WebSite","@id":"https:\/\/diariodelsurdigital.com.ar\/#website","url":"https:\/\/diariodelsurdigital.com.ar\/","name":"Diario del Sur","description":"Digital","potentialAction":[{"@type":"SearchAction","target":{"@type":"EntryPoint","urlTemplate":"https:\/\/diariodelsurdigital.com.ar\/?s={search_term_string}"},"query-input":{"@type":"PropertyValueSpecification","valueRequired":true,"valueName":"search_term_string"}}],"inLanguage":"es"},{"@type":"Person","@id":"https:\/\/diariodelsurdigital.com.ar\/#\/schema\/person\/1a4992532ed62965c968031b49195c81","name":"Diario del Sur Digital","image":{"@type":"ImageObject","inLanguage":"es","@id":"https:\/\/secure.gravatar.com\/avatar\/f0c7c47fc7146d19828273b9b8eda651c9c7ab583767e6338d3d3bee825adf76?s=96&d=mm&r=g","url":"https:\/\/secure.gravatar.com\/avatar\/f0c7c47fc7146d19828273b9b8eda651c9c7ab583767e6338d3d3bee825adf76?s=96&d=mm&r=g","contentUrl":"https:\/\/secure.gravatar.com\/avatar\/f0c7c47fc7146d19828273b9b8eda651c9c7ab583767e6338d3d3bee825adf76?s=96&d=mm&r=g","caption":"Diario del Sur Digital"},"url":"https:\/\/diariodelsurdigital.com.ar\/?author=4"}]}},"_links":{"self":[{"href":"https:\/\/diariodelsurdigital.com.ar\/index.php?rest_route=\/wp\/v2\/posts\/3981","targetHints":{"allow":["GET"]}}],"collection":[{"href":"https:\/\/diariodelsurdigital.com.ar\/index.php?rest_route=\/wp\/v2\/posts"}],"about":[{"href":"https:\/\/diariodelsurdigital.com.ar\/index.php?rest_route=\/wp\/v2\/types\/post"}],"author":[{"embeddable":true,"href":"https:\/\/diariodelsurdigital.com.ar\/index.php?rest_route=\/wp\/v2\/users\/4"}],"replies":[{"embeddable":true,"href":"https:\/\/diariodelsurdigital.com.ar\/index.php?rest_route=%2Fwp%2Fv2%2Fcomments&post=3981"}],"version-history":[{"count":1,"href":"https:\/\/diariodelsurdigital.com.ar\/index.php?rest_route=\/wp\/v2\/posts\/3981\/revisions"}],"predecessor-version":[{"id":3983,"href":"https:\/\/diariodelsurdigital.com.ar\/index.php?rest_route=\/wp\/v2\/posts\/3981\/revisions\/3983"}],"wp:featuredmedia":[{"embeddable":true,"href":"https:\/\/diariodelsurdigital.com.ar\/index.php?rest_route=\/wp\/v2\/media\/3982"}],"wp:attachment":[{"href":"https:\/\/diariodelsurdigital.com.ar\/index.php?rest_route=%2Fwp%2Fv2%2Fmedia&parent=3981"}],"wp:term":[{"taxonomy":"category","embeddable":true,"href":"https:\/\/diariodelsurdigital.com.ar\/index.php?rest_route=%2Fwp%2Fv2%2Fcategories&post=3981"},{"taxonomy":"post_tag","embeddable":true,"href":"https:\/\/diariodelsurdigital.com.ar\/index.php?rest_route=%2Fwp%2Fv2%2Ftags&post=3981"}],"curies":[{"name":"wp","href":"https:\/\/api.w.org\/{rel}","templated":true}]}}