{"id":3984,"date":"2025-08-06T10:35:41","date_gmt":"2025-08-06T13:35:41","guid":{"rendered":"https:\/\/diariodelsurdigital.com.ar\/?p=3984"},"modified":"2025-08-06T10:35:42","modified_gmt":"2025-08-06T13:35:42","slug":"el-gobierno-confirmo-un-aumento-escalonado-del-75-para-los-sueldos-de-las-fuerzas-armadas","status":"publish","type":"post","link":"https:\/\/diariodelsurdigital.com.ar\/?p=3984","title":{"rendered":"El Gobierno confirm\u00f3 un aumento escalonado del 7,5% para los sueldos de las Fuerzas Armadas"},"content":{"rendered":"\n<p>La actualizaci\u00f3n salarial se aplicar\u00e1 de manera escalonada entre los meses de junio y noviembre. La medida alcanzar\u00e1 al personal militar de las Fuerzas Armadas y de la Polic\u00eda de Establecimientos Navales. El \u00faltimo incremento salarial data de abril de este a\u00f1o.<\/p>\n\n\n\n<p><\/p>\n\n\n\n<p>El gobierno de Javier Milei dispuso un aumento escalonado del 7,5% en los sueldos del personal militar de las Fuerzas Armadas (FFAA) y de la Polic\u00eda de Establecimientos Navales. La medida fue oficializada este martes a trav\u00e9s de la Resoluci\u00f3n Conjunta 63\/2025 de los Ministerios de Defensa y de Econom\u00eda, publicada en el Bolet\u00edn Oficial.<\/p>\n\n\n\n<p>El incremento salarial se repartir\u00e1 en tramos entre junio y noviembre. Asimismo, desde Casa Rosada detallaron que el gasto \u00abque demande el cumplimiento de lo dispuesto por la presente resoluci\u00f3n ser\u00e1 atendido con los cr\u00e9ditos correspondientes a las subjurisdicciones respectivas del Presupuesto General de la Administraci\u00f3n P\u00fablica Nacional del Ministerio de Defensa\u201d.<\/p>\n\n\n\n<p>De esta manera, cuando se aplique el \u00faltimo porcentaje de la suba, los sueldos militares acumular\u00e1n un incremento total del 20,5% a lo largo de todo el 2025.<\/p>\n\n\n\n<p>C\u00f3mo quedan los sueldos del personal militar<\/p>\n\n\n\n<p>Teniente General, Almirante, Brigadier General: $2.647.231 en junio \/ $2.681.645 en julio \/ $2.716.506 agosto \/ 2.749.104 en septiembre \/ $2.779.344 en octubre \/ $2.809.917 en noviembre.<br>General de Divisi\u00f3n, Vicealmirante, Brigadier Mayor: $2.360.746 en junio \/ $2.391.436 en julio \/ $2.422.525 en agosto \/ $2.451.595 en septiembre \/ $2.478.563 en octubre \/ $2.505.827 en noviembre.<br>General de Brigada, Contralmirante, Brigadier: $2.150.875 en junio \/ $2.178.836 en julio \/ $2.207.161 en agosto \/ $2.233.647 en septiembre \/ $2.258.217 en octubre \/ $2.283.057 en noviembre.<br>Coronel, Capit\u00e1n de Nav\u00edo, Comodoro: $1.883.977 en junio \/ $1.908.469 en julio \/ $1.933.279 en agosto \/ $1.956.478 en septiembre \/ $1.977.999 en octubre \/ $1.999.757 en noviembre.<br>Teniente Coronel, Capit\u00e1n de Fragata, Vicecomodoro: $1.638.026 en junio \/ $1.659.320 en julio \/ $1.680.891 en agosto \/ $1.701.062 en septiembre \/ $1.719.774 en octubre \/ $1.738.692 en noviembre.<br>Mayor, Capit\u00e1n de Corbeta: $1.290.493 en junio \/ $1.307.269 en julio \/ $1.324.263 en agosto \/ $1.340.154 en septiembre \/ $1.354.896 en octubre \/ $1.369.800 en noviembre.<br>Capit\u00e1n, Teniente de Nav\u00edo: $1.068.783 en junio \/ $1.082.677 en julio \/ $1.096.752 en agosto \/ $1.109.913 en septiembre \/ $1.122.122 en octubre \/ $1.134.465 en noviembre.<br>Teniente Primero, Teniente de Fragata, Primer Teniente: $950.619 en junio \/ $962.977 en julio \/ $975.496 en agosto \/ $987.202 en septiembre \/ $998.061 en octubre \/ $1.009.040 en noviembre.<br>Teniente, Teniente de Corbeta: $857.015 en junio \/ $868.156 en julio \/ $879.442 en agosto \/ $889.995 en septiembre \/ $899.785 en octubre \/ $909.683 en noviembre.<br>Subteniente, Guardiamarina, Alf\u00e9rez: $776.176 en junio \/ $786.266 en julio \/ $796.487 en agosto \/ $806.045 en septiembre \/ $814.911 en octubre \/ $823.875 en noviembre.<br>Suboficial Mayor: $1.323.613 en junio \/ $1.340.820 en julio \/ $1.358.251 en agosto \/ $1.374.550 en septiembre \/ $1.389.670 en octubre \/ $1.404.956 en noviembre.<br>Suboficial Principal: $1.173.415 en junio \/ $1.188.669 en julio \/ $1.204.122 en agosto \/ $1.218.571 en septiembre \/ $1.231.975 en octubre \/ $1.245.527 en noviembre.<br>Sargento Ayudante, Suboficial Primero, Suboficial Ayudante: $1.040.248 en junio \/ $1.053.771 en julio \/ $1.067.470 en agosto \/ $1.080.280 en septiembre \/ $1.092.163 en octubre \/ $1.104.177 en noviembre.<br>Sargento Primero, Suboficial Segundo, Suboficial Auxiliar: $915.014 en junio \/ $926.909 en julio \/ $938.959 en agosto \/ $950.227 en septiembre \/ $960.679 en octubre \/ $971.246 en noviembre.<br>Sargento, Cabo Principal: $821.475 en junio \/ $832.154 en julio \/ $842.972 en agosto \/ $853.088 en septiembre \/ $862.472 en octubre \/ $871.959 en noviembre.<br>Cabo Primero: $737.225 en junio \/ $746.809 en julio \/ $756.518 en agosto \/ $765.596 en septiembre \/ $774.018 en octubre \/ $782.532 en noviembre.<br>Cabo, Cabo Segundo: $682.345 en junio \/ $691.215 en julio \/ $700.201 en agosto \/ $708.603 en septiembre \/ $716.398 en octubre \/ $724.278 en noviembre.<br>Voluntario 1ra., Marinero 1ra.: $621.524 en junio \/ $629.604 en julio \/ $637.789 en agosto \/ $645.442 en septiembre \/ $652.542 en octubre \/ $659.720 en noviembre.<br>Voluntario 2da., Marinero 2da.: $575.163 en junio \/ $582.640 en julio \/ $590.214 en agosto \/ $597.297 en septiembre \/ $603.867 en octubre \/ $610.510 en noviembre.<\/p>\n","protected":false},"excerpt":{"rendered":"<p>La actualizaci\u00f3n salarial se aplicar\u00e1 de manera escalonada entre los meses de junio y noviembre. La medida alcanzar\u00e1 al personal militar de las Fuerzas Armadas y de la Polic\u00eda de Establecimientos Navales. El \u00faltimo incremento salarial data de abril de este a\u00f1o. El gobierno de Javier Milei dispuso un aumento escalonado del 7,5% en los [&hellip;]<\/p>\n","protected":false},"author":4,"featured_media":3986,"comment_status":"open","ping_status":"open","sticky":false,"template":"","format":"standard","meta":{"footnotes":""},"categories":[19,18],"tags":[],"class_list":{"0":"post-3984","1":"post","2":"type-post","3":"status-publish","4":"format-standard","5":"has-post-thumbnail","7":"category-interes-general","8":"category-nacionales"},"yoast_head":"<!-- This site is optimized with the Yoast SEO plugin v27.4 - https:\/\/yoast.com\/product\/yoast-seo-wordpress\/ -->\n<title>El Gobierno confirm\u00f3 un aumento escalonado del 7,5% para los sueldos de las Fuerzas Armadas - Diario del Sur<\/title>\n<meta name=\"robots\" content=\"index, follow, max-snippet:-1, max-image-preview:large, max-video-preview:-1\" \/>\n<link rel=\"canonical\" href=\"https:\/\/diariodelsurdigital.com.ar\/?p=3984\" \/>\n<meta property=\"og:locale\" content=\"es_ES\" \/>\n<meta property=\"og:type\" content=\"article\" \/>\n<meta property=\"og:title\" content=\"El Gobierno confirm\u00f3 un aumento escalonado del 7,5% para los sueldos de las Fuerzas Armadas - Diario del Sur\" \/>\n<meta property=\"og:description\" content=\"La actualizaci\u00f3n salarial se aplicar\u00e1 de manera escalonada entre los meses de junio y noviembre. La medida alcanzar\u00e1 al personal militar de las Fuerzas Armadas y de la Polic\u00eda de Establecimientos Navales. El \u00faltimo incremento salarial data de abril de este a\u00f1o. El gobierno de Javier Milei dispuso un aumento escalonado del 7,5% en los [&hellip;]\" \/>\n<meta property=\"og:url\" content=\"https:\/\/diariodelsurdigital.com.ar\/?p=3984\" \/>\n<meta property=\"og:site_name\" content=\"Diario del Sur\" \/>\n<meta property=\"article:published_time\" content=\"2025-08-06T13:35:41+00:00\" \/>\n<meta property=\"article:modified_time\" content=\"2025-08-06T13:35:42+00:00\" \/>\n<meta property=\"og:image\" content=\"https:\/\/diariodelsurdigital.com.ar\/wp-content\/uploads\/2025\/08\/md-63.webp\" \/>\n\t<meta property=\"og:image:width\" content=\"992\" \/>\n\t<meta property=\"og:image:height\" content=\"557\" \/>\n\t<meta property=\"og:image:type\" content=\"image\/webp\" \/>\n<meta name=\"author\" content=\"Diario del Sur Digital\" \/>\n<meta name=\"twitter:card\" content=\"summary_large_image\" \/>\n<meta name=\"twitter:label1\" content=\"Escrito por\" \/>\n\t<meta name=\"twitter:data1\" content=\"Diario del Sur Digital\" \/>\n\t<meta name=\"twitter:label2\" content=\"Tiempo de lectura\" \/>\n\t<meta name=\"twitter:data2\" content=\"4 minutos\" \/>\n<script type=\"application\/ld+json\" class=\"yoast-schema-graph\">{\"@context\":\"https:\\\/\\\/schema.org\",\"@graph\":[{\"@type\":\"Article\",\"@id\":\"https:\\\/\\\/diariodelsurdigital.com.ar\\\/?p=3984#article\",\"isPartOf\":{\"@id\":\"https:\\\/\\\/diariodelsurdigital.com.ar\\\/?p=3984\"},\"author\":{\"name\":\"Diario del Sur Digital\",\"@id\":\"https:\\\/\\\/diariodelsurdigital.com.ar\\\/#\\\/schema\\\/person\\\/1a4992532ed62965c968031b49195c81\"},\"headline\":\"El Gobierno confirm\u00f3 un aumento escalonado del 7,5% para los sueldos de las Fuerzas Armadas\",\"datePublished\":\"2025-08-06T13:35:41+00:00\",\"dateModified\":\"2025-08-06T13:35:42+00:00\",\"mainEntityOfPage\":{\"@id\":\"https:\\\/\\\/diariodelsurdigital.com.ar\\\/?p=3984\"},\"wordCount\":524,\"commentCount\":0,\"image\":{\"@id\":\"https:\\\/\\\/diariodelsurdigital.com.ar\\\/?p=3984#primaryimage\"},\"thumbnailUrl\":\"https:\\\/\\\/diariodelsurdigital.com.ar\\\/wp-content\\\/uploads\\\/2025\\\/08\\\/md-63.webp\",\"articleSection\":[\"Inter\u00e9s General\",\"Nacionales\"],\"inLanguage\":\"es\",\"potentialAction\":[{\"@type\":\"CommentAction\",\"name\":\"Comment\",\"target\":[\"https:\\\/\\\/diariodelsurdigital.com.ar\\\/?p=3984#respond\"]}]},{\"@type\":\"WebPage\",\"@id\":\"https:\\\/\\\/diariodelsurdigital.com.ar\\\/?p=3984\",\"url\":\"https:\\\/\\\/diariodelsurdigital.com.ar\\\/?p=3984\",\"name\":\"El Gobierno confirm\u00f3 un aumento escalonado del 7,5% para los sueldos de las Fuerzas Armadas - Diario del Sur\",\"isPartOf\":{\"@id\":\"https:\\\/\\\/diariodelsurdigital.com.ar\\\/#website\"},\"primaryImageOfPage\":{\"@id\":\"https:\\\/\\\/diariodelsurdigital.com.ar\\\/?p=3984#primaryimage\"},\"image\":{\"@id\":\"https:\\\/\\\/diariodelsurdigital.com.ar\\\/?p=3984#primaryimage\"},\"thumbnailUrl\":\"https:\\\/\\\/diariodelsurdigital.com.ar\\\/wp-content\\\/uploads\\\/2025\\\/08\\\/md-63.webp\",\"datePublished\":\"2025-08-06T13:35:41+00:00\",\"dateModified\":\"2025-08-06T13:35:42+00:00\",\"author\":{\"@id\":\"https:\\\/\\\/diariodelsurdigital.com.ar\\\/#\\\/schema\\\/person\\\/1a4992532ed62965c968031b49195c81\"},\"breadcrumb\":{\"@id\":\"https:\\\/\\\/diariodelsurdigital.com.ar\\\/?p=3984#breadcrumb\"},\"inLanguage\":\"es\",\"potentialAction\":[{\"@type\":\"ReadAction\",\"target\":[\"https:\\\/\\\/diariodelsurdigital.com.ar\\\/?p=3984\"]}]},{\"@type\":\"ImageObject\",\"inLanguage\":\"es\",\"@id\":\"https:\\\/\\\/diariodelsurdigital.com.ar\\\/?p=3984#primaryimage\",\"url\":\"https:\\\/\\\/diariodelsurdigital.com.ar\\\/wp-content\\\/uploads\\\/2025\\\/08\\\/md-63.webp\",\"contentUrl\":\"https:\\\/\\\/diariodelsurdigital.com.ar\\\/wp-content\\\/uploads\\\/2025\\\/08\\\/md-63.webp\",\"width\":992,\"height\":557},{\"@type\":\"BreadcrumbList\",\"@id\":\"https:\\\/\\\/diariodelsurdigital.com.ar\\\/?p=3984#breadcrumb\",\"itemListElement\":[{\"@type\":\"ListItem\",\"position\":1,\"name\":\"Portada\",\"item\":\"https:\\\/\\\/diariodelsurdigital.com.ar\\\/\"},{\"@type\":\"ListItem\",\"position\":2,\"name\":\"El Gobierno confirm\u00f3 un aumento escalonado del 7,5% para los sueldos de las Fuerzas Armadas\"}]},{\"@type\":\"WebSite\",\"@id\":\"https:\\\/\\\/diariodelsurdigital.com.ar\\\/#website\",\"url\":\"https:\\\/\\\/diariodelsurdigital.com.ar\\\/\",\"name\":\"Diario del Sur\",\"description\":\"Digital\",\"potentialAction\":[{\"@type\":\"SearchAction\",\"target\":{\"@type\":\"EntryPoint\",\"urlTemplate\":\"https:\\\/\\\/diariodelsurdigital.com.ar\\\/?s={search_term_string}\"},\"query-input\":{\"@type\":\"PropertyValueSpecification\",\"valueRequired\":true,\"valueName\":\"search_term_string\"}}],\"inLanguage\":\"es\"},{\"@type\":\"Person\",\"@id\":\"https:\\\/\\\/diariodelsurdigital.com.ar\\\/#\\\/schema\\\/person\\\/1a4992532ed62965c968031b49195c81\",\"name\":\"Diario del Sur Digital\",\"image\":{\"@type\":\"ImageObject\",\"inLanguage\":\"es\",\"@id\":\"https:\\\/\\\/secure.gravatar.com\\\/avatar\\\/f0c7c47fc7146d19828273b9b8eda651c9c7ab583767e6338d3d3bee825adf76?s=96&d=mm&r=g\",\"url\":\"https:\\\/\\\/secure.gravatar.com\\\/avatar\\\/f0c7c47fc7146d19828273b9b8eda651c9c7ab583767e6338d3d3bee825adf76?s=96&d=mm&r=g\",\"contentUrl\":\"https:\\\/\\\/secure.gravatar.com\\\/avatar\\\/f0c7c47fc7146d19828273b9b8eda651c9c7ab583767e6338d3d3bee825adf76?s=96&d=mm&r=g\",\"caption\":\"Diario del Sur Digital\"},\"url\":\"https:\\\/\\\/diariodelsurdigital.com.ar\\\/?author=4\"}]}<\/script>\n<!-- \/ Yoast SEO plugin. -->","yoast_head_json":{"title":"El Gobierno confirm\u00f3 un aumento escalonado del 7,5% para los sueldos de las Fuerzas Armadas - Diario del Sur","robots":{"index":"index","follow":"follow","max-snippet":"max-snippet:-1","max-image-preview":"max-image-preview:large","max-video-preview":"max-video-preview:-1"},"canonical":"https:\/\/diariodelsurdigital.com.ar\/?p=3984","og_locale":"es_ES","og_type":"article","og_title":"El Gobierno confirm\u00f3 un aumento escalonado del 7,5% para los sueldos de las Fuerzas Armadas - Diario del Sur","og_description":"La actualizaci\u00f3n salarial se aplicar\u00e1 de manera escalonada entre los meses de junio y noviembre. La medida alcanzar\u00e1 al personal militar de las Fuerzas Armadas y de la Polic\u00eda de Establecimientos Navales. El \u00faltimo incremento salarial data de abril de este a\u00f1o. El gobierno de Javier Milei dispuso un aumento escalonado del 7,5% en los [&hellip;]","og_url":"https:\/\/diariodelsurdigital.com.ar\/?p=3984","og_site_name":"Diario del Sur","article_published_time":"2025-08-06T13:35:41+00:00","article_modified_time":"2025-08-06T13:35:42+00:00","og_image":[{"width":992,"height":557,"url":"https:\/\/diariodelsurdigital.com.ar\/wp-content\/uploads\/2025\/08\/md-63.webp","type":"image\/webp"}],"author":"Diario del Sur Digital","twitter_card":"summary_large_image","twitter_misc":{"Escrito por":"Diario del Sur Digital","Tiempo de lectura":"4 minutos"},"schema":{"@context":"https:\/\/schema.org","@graph":[{"@type":"Article","@id":"https:\/\/diariodelsurdigital.com.ar\/?p=3984#article","isPartOf":{"@id":"https:\/\/diariodelsurdigital.com.ar\/?p=3984"},"author":{"name":"Diario del Sur Digital","@id":"https:\/\/diariodelsurdigital.com.ar\/#\/schema\/person\/1a4992532ed62965c968031b49195c81"},"headline":"El Gobierno confirm\u00f3 un aumento escalonado del 7,5% para los sueldos de las Fuerzas Armadas","datePublished":"2025-08-06T13:35:41+00:00","dateModified":"2025-08-06T13:35:42+00:00","mainEntityOfPage":{"@id":"https:\/\/diariodelsurdigital.com.ar\/?p=3984"},"wordCount":524,"commentCount":0,"image":{"@id":"https:\/\/diariodelsurdigital.com.ar\/?p=3984#primaryimage"},"thumbnailUrl":"https:\/\/diariodelsurdigital.com.ar\/wp-content\/uploads\/2025\/08\/md-63.webp","articleSection":["Inter\u00e9s General","Nacionales"],"inLanguage":"es","potentialAction":[{"@type":"CommentAction","name":"Comment","target":["https:\/\/diariodelsurdigital.com.ar\/?p=3984#respond"]}]},{"@type":"WebPage","@id":"https:\/\/diariodelsurdigital.com.ar\/?p=3984","url":"https:\/\/diariodelsurdigital.com.ar\/?p=3984","name":"El Gobierno confirm\u00f3 un aumento escalonado del 7,5% para los sueldos de las Fuerzas Armadas - Diario del Sur","isPartOf":{"@id":"https:\/\/diariodelsurdigital.com.ar\/#website"},"primaryImageOfPage":{"@id":"https:\/\/diariodelsurdigital.com.ar\/?p=3984#primaryimage"},"image":{"@id":"https:\/\/diariodelsurdigital.com.ar\/?p=3984#primaryimage"},"thumbnailUrl":"https:\/\/diariodelsurdigital.com.ar\/wp-content\/uploads\/2025\/08\/md-63.webp","datePublished":"2025-08-06T13:35:41+00:00","dateModified":"2025-08-06T13:35:42+00:00","author":{"@id":"https:\/\/diariodelsurdigital.com.ar\/#\/schema\/person\/1a4992532ed62965c968031b49195c81"},"breadcrumb":{"@id":"https:\/\/diariodelsurdigital.com.ar\/?p=3984#breadcrumb"},"inLanguage":"es","potentialAction":[{"@type":"ReadAction","target":["https:\/\/diariodelsurdigital.com.ar\/?p=3984"]}]},{"@type":"ImageObject","inLanguage":"es","@id":"https:\/\/diariodelsurdigital.com.ar\/?p=3984#primaryimage","url":"https:\/\/diariodelsurdigital.com.ar\/wp-content\/uploads\/2025\/08\/md-63.webp","contentUrl":"https:\/\/diariodelsurdigital.com.ar\/wp-content\/uploads\/2025\/08\/md-63.webp","width":992,"height":557},{"@type":"BreadcrumbList","@id":"https:\/\/diariodelsurdigital.com.ar\/?p=3984#breadcrumb","itemListElement":[{"@type":"ListItem","position":1,"name":"Portada","item":"https:\/\/diariodelsurdigital.com.ar\/"},{"@type":"ListItem","position":2,"name":"El Gobierno confirm\u00f3 un aumento escalonado del 7,5% para los sueldos de las Fuerzas Armadas"}]},{"@type":"WebSite","@id":"https:\/\/diariodelsurdigital.com.ar\/#website","url":"https:\/\/diariodelsurdigital.com.ar\/","name":"Diario del Sur","description":"Digital","potentialAction":[{"@type":"SearchAction","target":{"@type":"EntryPoint","urlTemplate":"https:\/\/diariodelsurdigital.com.ar\/?s={search_term_string}"},"query-input":{"@type":"PropertyValueSpecification","valueRequired":true,"valueName":"search_term_string"}}],"inLanguage":"es"},{"@type":"Person","@id":"https:\/\/diariodelsurdigital.com.ar\/#\/schema\/person\/1a4992532ed62965c968031b49195c81","name":"Diario del Sur Digital","image":{"@type":"ImageObject","inLanguage":"es","@id":"https:\/\/secure.gravatar.com\/avatar\/f0c7c47fc7146d19828273b9b8eda651c9c7ab583767e6338d3d3bee825adf76?s=96&d=mm&r=g","url":"https:\/\/secure.gravatar.com\/avatar\/f0c7c47fc7146d19828273b9b8eda651c9c7ab583767e6338d3d3bee825adf76?s=96&d=mm&r=g","contentUrl":"https:\/\/secure.gravatar.com\/avatar\/f0c7c47fc7146d19828273b9b8eda651c9c7ab583767e6338d3d3bee825adf76?s=96&d=mm&r=g","caption":"Diario del Sur Digital"},"url":"https:\/\/diariodelsurdigital.com.ar\/?author=4"}]}},"_links":{"self":[{"href":"https:\/\/diariodelsurdigital.com.ar\/index.php?rest_route=\/wp\/v2\/posts\/3984","targetHints":{"allow":["GET"]}}],"collection":[{"href":"https:\/\/diariodelsurdigital.com.ar\/index.php?rest_route=\/wp\/v2\/posts"}],"about":[{"href":"https:\/\/diariodelsurdigital.com.ar\/index.php?rest_route=\/wp\/v2\/types\/post"}],"author":[{"embeddable":true,"href":"https:\/\/diariodelsurdigital.com.ar\/index.php?rest_route=\/wp\/v2\/users\/4"}],"replies":[{"embeddable":true,"href":"https:\/\/diariodelsurdigital.com.ar\/index.php?rest_route=%2Fwp%2Fv2%2Fcomments&post=3984"}],"version-history":[{"count":1,"href":"https:\/\/diariodelsurdigital.com.ar\/index.php?rest_route=\/wp\/v2\/posts\/3984\/revisions"}],"predecessor-version":[{"id":3987,"href":"https:\/\/diariodelsurdigital.com.ar\/index.php?rest_route=\/wp\/v2\/posts\/3984\/revisions\/3987"}],"wp:featuredmedia":[{"embeddable":true,"href":"https:\/\/diariodelsurdigital.com.ar\/index.php?rest_route=\/wp\/v2\/media\/3986"}],"wp:attachment":[{"href":"https:\/\/diariodelsurdigital.com.ar\/index.php?rest_route=%2Fwp%2Fv2%2Fmedia&parent=3984"}],"wp:term":[{"taxonomy":"category","embeddable":true,"href":"https:\/\/diariodelsurdigital.com.ar\/index.php?rest_route=%2Fwp%2Fv2%2Fcategories&post=3984"},{"taxonomy":"post_tag","embeddable":true,"href":"https:\/\/diariodelsurdigital.com.ar\/index.php?rest_route=%2Fwp%2Fv2%2Ftags&post=3984"}],"curies":[{"name":"wp","href":"https:\/\/api.w.org\/{rel}","templated":true}]}}