{"id":3988,"date":"2025-08-06T10:38:04","date_gmt":"2025-08-06T13:38:04","guid":{"rendered":"https:\/\/diariodelsurdigital.com.ar\/?p=3988"},"modified":"2025-08-06T10:38:06","modified_gmt":"2025-08-06T13:38:06","slug":"tras-los-vetos-diputados-vuelve-a-la-carga-con-una-agenda-que-confronta-con-casa-rosada","status":"publish","type":"post","link":"https:\/\/diariodelsurdigital.com.ar\/?p=3988","title":{"rendered":"Tras los vetos, Diputados vuelve a la carga con una agenda que confronta con Casa Rosada"},"content":{"rendered":"\n<p>Universidades y Garrahan, en el centro del temario. La sesi\u00f3n se extender\u00eda hasta la medianoche, pero no incluir\u00eda los proyectos para jubilados y discapacitados.<\/p>\n\n\n\n<p>Desde las 12 horas del mi\u00e9rcoles, Diputados buscar\u00e1 aprobar proyectos impulsados por demandas de las autoridades de universidades y los trabajadores del Hospital Garrahan. La convocatoria ocurrir\u00e1 luego de la movilizaci\u00f3n de discapacitados y en simult\u00e1neo a la de jubilados en las inmediaciones del Congreso, que reclamar\u00e1n ante los nuevos vetos de Javier Milei a las leyes sancionadas en julio.<\/p>\n\n\n\n<p>Uno de los desaf\u00edos que tiene la oposici\u00f3n es alcanzar el quorum, pero las \u00faltimas gestualidades de gobernadores parecen acercarlo a la mayor\u00eda simple en Diputados, lo que le permitir\u00eda incluso alcanzar la media sanci\u00f3n de la declaraci\u00f3n de emergencia de salud pedi\u00e1trica (fondos hasta diciembre de 2026 y la recomposici\u00f3n del Sistema Nacional de Residencia M\u00e9dicas) y la ley de financiamiento universitario presentado por los rectores (reapertura de paritarias y presupuesto para gastos de funcionamiento y becas).<\/p>\n\n\n\n<p>No se espera que los diputados intenten incluir los proyectos vetados este lunes -sobre jubilados y discapacitados- para su rectificaci\u00f3n, postergando su tratamiento para los pr\u00f3ximos meses. Sin embargo, se buscar\u00e1 revertir el veto de Javier Milei a la declaraci\u00f3n de emergencia para Bah\u00eda Blanca, que propon\u00eda fondos especiales que se destinar\u00edan a la reconstrucci\u00f3n de las zonas afectadas por el temporal.<\/p>\n\n\n\n<p>La oposici\u00f3n tambi\u00e9n tiene previsto incluir a la causa $LIBRA en la sesi\u00f3n, para modificar el art\u00edculo 4 que lo constituy\u00f3 y que las autoridades de la comisi\u00f3n investigadora de Diputados se escojan por mayor\u00eda del recinto, finalizando con la par\u00e1lisis del espacio que no logr\u00f3 elegir al presidente luego de que se consolidar\u00e1 un empate entre dos sectores contrapuestos con 14 miembros.<\/p>\n\n\n\n<p>Ante la par\u00e1lisis de la Comisi\u00f3n de Presupuesto, en el recinto tambi\u00e9n se tratar\u00e1n cuatro emplazamientos, que establecen d\u00eda y fecha de tratamiento de proyectos de ley. Existen dos propuestas que cuentan con el impulso de los gobernadores y llegan con media sanci\u00f3n del Senado: el reparto de los Aportes del Tesoro Nacional (ATN) y una mayor distribuci\u00f3n a las provincias de lo recaudado por el impuesto a los combustibles (sujeto a la eliminaci\u00f3n de fondos fiduciarios).<\/p>\n\n\n\n<p>Si logran aprobar los emplazamientos, garantizar\u00e1n sus dict\u00e1menes en comisiones la semana siguiente y volver\u00e1n a llevar los proyectos a una sesi\u00f3n el 20 de agosto para convertirlos en ley. Con otros plazos, este mi\u00e9rcoles intentar\u00e1n emplazar la declaraci\u00f3n de emergencia al sistema nacional de ciencia y el r\u00e9gimen de Promoci\u00f3n de Salud Cerebral, para abordar un plan nacional de tratamiento del Alzheimer, public\u00f3 \u00c1mbito.<\/p>\n\n\n\n<p>La otra tarea que se propuso Diputados es rechazar una serie de decretos que ejecut\u00f3 el Presidente en la \u00faltima semana de sus facultades delegadas. Dos de ellos ya fueron suspendidos por la Justicia: el 462\/2025, que interven\u00eda el INTI y el INTA, y el 461\/2025, que modific\u00f3 Vialidad Nacional, la Agencia Nacional de Seguridad Vial y la Comisi\u00f3n Nacional de Regulaci\u00f3n del Transporte. En este sentido, la acci\u00f3n parlamentaria podr\u00eda blindar los fallos y dejar sin efecto los DNUs.<\/p>\n\n\n\n<p>Los otros decretos que se incluyeron son prioridad del peronismo: el 351\/2025 (Banco Nacional de Datos Gen\u00e9ticos), el 340\/2025 (Marina Mercante) y el 345\/2025 (Instituto Nacional del Teatro y la Comisi\u00f3n Nacional de Bibliotecas Populares).<\/p>\n","protected":false},"excerpt":{"rendered":"<p>Universidades y Garrahan, en el centro del temario. La sesi\u00f3n se extender\u00eda hasta la medianoche, pero no incluir\u00eda los proyectos para jubilados y discapacitados. Desde las 12 horas del mi\u00e9rcoles, Diputados buscar\u00e1 aprobar proyectos impulsados por demandas de las autoridades de universidades y los trabajadores del Hospital Garrahan. La convocatoria ocurrir\u00e1 luego de la movilizaci\u00f3n [&hellip;]<\/p>\n","protected":false},"author":4,"featured_media":3989,"comment_status":"open","ping_status":"open","sticky":false,"template":"","format":"standard","meta":{"footnotes":""},"categories":[18,22],"tags":[],"class_list":{"0":"post-3988","1":"post","2":"type-post","3":"status-publish","4":"format-standard","5":"has-post-thumbnail","7":"category-nacionales","8":"category-politica"},"yoast_head":"<!-- This site is optimized with the Yoast SEO plugin v27.4 - https:\/\/yoast.com\/product\/yoast-seo-wordpress\/ -->\n<title>Tras los vetos, Diputados vuelve a la carga con una agenda que confronta con Casa Rosada - Diario del Sur<\/title>\n<meta name=\"robots\" content=\"index, follow, max-snippet:-1, max-image-preview:large, max-video-preview:-1\" \/>\n<link rel=\"canonical\" href=\"https:\/\/diariodelsurdigital.com.ar\/?p=3988\" \/>\n<meta property=\"og:locale\" content=\"es_ES\" \/>\n<meta property=\"og:type\" content=\"article\" \/>\n<meta property=\"og:title\" content=\"Tras los vetos, Diputados vuelve a la carga con una agenda que confronta con Casa Rosada - Diario del Sur\" \/>\n<meta property=\"og:description\" content=\"Universidades y Garrahan, en el centro del temario. La sesi\u00f3n se extender\u00eda hasta la medianoche, pero no incluir\u00eda los proyectos para jubilados y discapacitados. Desde las 12 horas del mi\u00e9rcoles, Diputados buscar\u00e1 aprobar proyectos impulsados por demandas de las autoridades de universidades y los trabajadores del Hospital Garrahan. La convocatoria ocurrir\u00e1 luego de la movilizaci\u00f3n [&hellip;]\" \/>\n<meta property=\"og:url\" content=\"https:\/\/diariodelsurdigital.com.ar\/?p=3988\" \/>\n<meta property=\"og:site_name\" content=\"Diario del Sur\" \/>\n<meta property=\"article:published_time\" content=\"2025-08-06T13:38:04+00:00\" \/>\n<meta property=\"article:modified_time\" content=\"2025-08-06T13:38:06+00:00\" \/>\n<meta property=\"og:image\" content=\"https:\/\/diariodelsurdigital.com.ar\/wp-content\/uploads\/2025\/08\/md-64.webp\" \/>\n\t<meta property=\"og:image:width\" content=\"992\" \/>\n\t<meta property=\"og:image:height\" content=\"655\" \/>\n\t<meta property=\"og:image:type\" content=\"image\/webp\" \/>\n<meta name=\"author\" content=\"Diario del Sur Digital\" \/>\n<meta name=\"twitter:card\" content=\"summary_large_image\" \/>\n<meta name=\"twitter:label1\" content=\"Escrito por\" \/>\n\t<meta name=\"twitter:data1\" content=\"Diario del Sur Digital\" \/>\n\t<meta name=\"twitter:label2\" content=\"Tiempo de lectura\" \/>\n\t<meta name=\"twitter:data2\" content=\"3 minutos\" \/>\n<script type=\"application\/ld+json\" class=\"yoast-schema-graph\">{\"@context\":\"https:\\\/\\\/schema.org\",\"@graph\":[{\"@type\":\"Article\",\"@id\":\"https:\\\/\\\/diariodelsurdigital.com.ar\\\/?p=3988#article\",\"isPartOf\":{\"@id\":\"https:\\\/\\\/diariodelsurdigital.com.ar\\\/?p=3988\"},\"author\":{\"name\":\"Diario del Sur Digital\",\"@id\":\"https:\\\/\\\/diariodelsurdigital.com.ar\\\/#\\\/schema\\\/person\\\/1a4992532ed62965c968031b49195c81\"},\"headline\":\"Tras los vetos, Diputados vuelve a la carga con una agenda que confronta con Casa Rosada\",\"datePublished\":\"2025-08-06T13:38:04+00:00\",\"dateModified\":\"2025-08-06T13:38:06+00:00\",\"mainEntityOfPage\":{\"@id\":\"https:\\\/\\\/diariodelsurdigital.com.ar\\\/?p=3988\"},\"wordCount\":604,\"commentCount\":0,\"image\":{\"@id\":\"https:\\\/\\\/diariodelsurdigital.com.ar\\\/?p=3988#primaryimage\"},\"thumbnailUrl\":\"https:\\\/\\\/diariodelsurdigital.com.ar\\\/wp-content\\\/uploads\\\/2025\\\/08\\\/md-64.webp\",\"articleSection\":[\"Nacionales\",\"Pol\u00edtica\"],\"inLanguage\":\"es\",\"potentialAction\":[{\"@type\":\"CommentAction\",\"name\":\"Comment\",\"target\":[\"https:\\\/\\\/diariodelsurdigital.com.ar\\\/?p=3988#respond\"]}]},{\"@type\":\"WebPage\",\"@id\":\"https:\\\/\\\/diariodelsurdigital.com.ar\\\/?p=3988\",\"url\":\"https:\\\/\\\/diariodelsurdigital.com.ar\\\/?p=3988\",\"name\":\"Tras los vetos, Diputados vuelve a la carga con una agenda que confronta con Casa Rosada - Diario del Sur\",\"isPartOf\":{\"@id\":\"https:\\\/\\\/diariodelsurdigital.com.ar\\\/#website\"},\"primaryImageOfPage\":{\"@id\":\"https:\\\/\\\/diariodelsurdigital.com.ar\\\/?p=3988#primaryimage\"},\"image\":{\"@id\":\"https:\\\/\\\/diariodelsurdigital.com.ar\\\/?p=3988#primaryimage\"},\"thumbnailUrl\":\"https:\\\/\\\/diariodelsurdigital.com.ar\\\/wp-content\\\/uploads\\\/2025\\\/08\\\/md-64.webp\",\"datePublished\":\"2025-08-06T13:38:04+00:00\",\"dateModified\":\"2025-08-06T13:38:06+00:00\",\"author\":{\"@id\":\"https:\\\/\\\/diariodelsurdigital.com.ar\\\/#\\\/schema\\\/person\\\/1a4992532ed62965c968031b49195c81\"},\"breadcrumb\":{\"@id\":\"https:\\\/\\\/diariodelsurdigital.com.ar\\\/?p=3988#breadcrumb\"},\"inLanguage\":\"es\",\"potentialAction\":[{\"@type\":\"ReadAction\",\"target\":[\"https:\\\/\\\/diariodelsurdigital.com.ar\\\/?p=3988\"]}]},{\"@type\":\"ImageObject\",\"inLanguage\":\"es\",\"@id\":\"https:\\\/\\\/diariodelsurdigital.com.ar\\\/?p=3988#primaryimage\",\"url\":\"https:\\\/\\\/diariodelsurdigital.com.ar\\\/wp-content\\\/uploads\\\/2025\\\/08\\\/md-64.webp\",\"contentUrl\":\"https:\\\/\\\/diariodelsurdigital.com.ar\\\/wp-content\\\/uploads\\\/2025\\\/08\\\/md-64.webp\",\"width\":992,\"height\":655},{\"@type\":\"BreadcrumbList\",\"@id\":\"https:\\\/\\\/diariodelsurdigital.com.ar\\\/?p=3988#breadcrumb\",\"itemListElement\":[{\"@type\":\"ListItem\",\"position\":1,\"name\":\"Portada\",\"item\":\"https:\\\/\\\/diariodelsurdigital.com.ar\\\/\"},{\"@type\":\"ListItem\",\"position\":2,\"name\":\"Tras los vetos, Diputados vuelve a la carga con una agenda que confronta con Casa Rosada\"}]},{\"@type\":\"WebSite\",\"@id\":\"https:\\\/\\\/diariodelsurdigital.com.ar\\\/#website\",\"url\":\"https:\\\/\\\/diariodelsurdigital.com.ar\\\/\",\"name\":\"Diario del Sur\",\"description\":\"Digital\",\"potentialAction\":[{\"@type\":\"SearchAction\",\"target\":{\"@type\":\"EntryPoint\",\"urlTemplate\":\"https:\\\/\\\/diariodelsurdigital.com.ar\\\/?s={search_term_string}\"},\"query-input\":{\"@type\":\"PropertyValueSpecification\",\"valueRequired\":true,\"valueName\":\"search_term_string\"}}],\"inLanguage\":\"es\"},{\"@type\":\"Person\",\"@id\":\"https:\\\/\\\/diariodelsurdigital.com.ar\\\/#\\\/schema\\\/person\\\/1a4992532ed62965c968031b49195c81\",\"name\":\"Diario del Sur Digital\",\"image\":{\"@type\":\"ImageObject\",\"inLanguage\":\"es\",\"@id\":\"https:\\\/\\\/secure.gravatar.com\\\/avatar\\\/f0c7c47fc7146d19828273b9b8eda651c9c7ab583767e6338d3d3bee825adf76?s=96&d=mm&r=g\",\"url\":\"https:\\\/\\\/secure.gravatar.com\\\/avatar\\\/f0c7c47fc7146d19828273b9b8eda651c9c7ab583767e6338d3d3bee825adf76?s=96&d=mm&r=g\",\"contentUrl\":\"https:\\\/\\\/secure.gravatar.com\\\/avatar\\\/f0c7c47fc7146d19828273b9b8eda651c9c7ab583767e6338d3d3bee825adf76?s=96&d=mm&r=g\",\"caption\":\"Diario del Sur Digital\"},\"url\":\"https:\\\/\\\/diariodelsurdigital.com.ar\\\/?author=4\"}]}<\/script>\n<!-- \/ Yoast SEO plugin. -->","yoast_head_json":{"title":"Tras los vetos, Diputados vuelve a la carga con una agenda que confronta con Casa Rosada - Diario del Sur","robots":{"index":"index","follow":"follow","max-snippet":"max-snippet:-1","max-image-preview":"max-image-preview:large","max-video-preview":"max-video-preview:-1"},"canonical":"https:\/\/diariodelsurdigital.com.ar\/?p=3988","og_locale":"es_ES","og_type":"article","og_title":"Tras los vetos, Diputados vuelve a la carga con una agenda que confronta con Casa Rosada - Diario del Sur","og_description":"Universidades y Garrahan, en el centro del temario. La sesi\u00f3n se extender\u00eda hasta la medianoche, pero no incluir\u00eda los proyectos para jubilados y discapacitados. Desde las 12 horas del mi\u00e9rcoles, Diputados buscar\u00e1 aprobar proyectos impulsados por demandas de las autoridades de universidades y los trabajadores del Hospital Garrahan. La convocatoria ocurrir\u00e1 luego de la movilizaci\u00f3n [&hellip;]","og_url":"https:\/\/diariodelsurdigital.com.ar\/?p=3988","og_site_name":"Diario del Sur","article_published_time":"2025-08-06T13:38:04+00:00","article_modified_time":"2025-08-06T13:38:06+00:00","og_image":[{"width":992,"height":655,"url":"https:\/\/diariodelsurdigital.com.ar\/wp-content\/uploads\/2025\/08\/md-64.webp","type":"image\/webp"}],"author":"Diario del Sur Digital","twitter_card":"summary_large_image","twitter_misc":{"Escrito por":"Diario del Sur Digital","Tiempo de lectura":"3 minutos"},"schema":{"@context":"https:\/\/schema.org","@graph":[{"@type":"Article","@id":"https:\/\/diariodelsurdigital.com.ar\/?p=3988#article","isPartOf":{"@id":"https:\/\/diariodelsurdigital.com.ar\/?p=3988"},"author":{"name":"Diario del Sur Digital","@id":"https:\/\/diariodelsurdigital.com.ar\/#\/schema\/person\/1a4992532ed62965c968031b49195c81"},"headline":"Tras los vetos, Diputados vuelve a la carga con una agenda que confronta con Casa Rosada","datePublished":"2025-08-06T13:38:04+00:00","dateModified":"2025-08-06T13:38:06+00:00","mainEntityOfPage":{"@id":"https:\/\/diariodelsurdigital.com.ar\/?p=3988"},"wordCount":604,"commentCount":0,"image":{"@id":"https:\/\/diariodelsurdigital.com.ar\/?p=3988#primaryimage"},"thumbnailUrl":"https:\/\/diariodelsurdigital.com.ar\/wp-content\/uploads\/2025\/08\/md-64.webp","articleSection":["Nacionales","Pol\u00edtica"],"inLanguage":"es","potentialAction":[{"@type":"CommentAction","name":"Comment","target":["https:\/\/diariodelsurdigital.com.ar\/?p=3988#respond"]}]},{"@type":"WebPage","@id":"https:\/\/diariodelsurdigital.com.ar\/?p=3988","url":"https:\/\/diariodelsurdigital.com.ar\/?p=3988","name":"Tras los vetos, Diputados vuelve a la carga con una agenda que confronta con Casa Rosada - Diario del Sur","isPartOf":{"@id":"https:\/\/diariodelsurdigital.com.ar\/#website"},"primaryImageOfPage":{"@id":"https:\/\/diariodelsurdigital.com.ar\/?p=3988#primaryimage"},"image":{"@id":"https:\/\/diariodelsurdigital.com.ar\/?p=3988#primaryimage"},"thumbnailUrl":"https:\/\/diariodelsurdigital.com.ar\/wp-content\/uploads\/2025\/08\/md-64.webp","datePublished":"2025-08-06T13:38:04+00:00","dateModified":"2025-08-06T13:38:06+00:00","author":{"@id":"https:\/\/diariodelsurdigital.com.ar\/#\/schema\/person\/1a4992532ed62965c968031b49195c81"},"breadcrumb":{"@id":"https:\/\/diariodelsurdigital.com.ar\/?p=3988#breadcrumb"},"inLanguage":"es","potentialAction":[{"@type":"ReadAction","target":["https:\/\/diariodelsurdigital.com.ar\/?p=3988"]}]},{"@type":"ImageObject","inLanguage":"es","@id":"https:\/\/diariodelsurdigital.com.ar\/?p=3988#primaryimage","url":"https:\/\/diariodelsurdigital.com.ar\/wp-content\/uploads\/2025\/08\/md-64.webp","contentUrl":"https:\/\/diariodelsurdigital.com.ar\/wp-content\/uploads\/2025\/08\/md-64.webp","width":992,"height":655},{"@type":"BreadcrumbList","@id":"https:\/\/diariodelsurdigital.com.ar\/?p=3988#breadcrumb","itemListElement":[{"@type":"ListItem","position":1,"name":"Portada","item":"https:\/\/diariodelsurdigital.com.ar\/"},{"@type":"ListItem","position":2,"name":"Tras los vetos, Diputados vuelve a la carga con una agenda que confronta con Casa Rosada"}]},{"@type":"WebSite","@id":"https:\/\/diariodelsurdigital.com.ar\/#website","url":"https:\/\/diariodelsurdigital.com.ar\/","name":"Diario del Sur","description":"Digital","potentialAction":[{"@type":"SearchAction","target":{"@type":"EntryPoint","urlTemplate":"https:\/\/diariodelsurdigital.com.ar\/?s={search_term_string}"},"query-input":{"@type":"PropertyValueSpecification","valueRequired":true,"valueName":"search_term_string"}}],"inLanguage":"es"},{"@type":"Person","@id":"https:\/\/diariodelsurdigital.com.ar\/#\/schema\/person\/1a4992532ed62965c968031b49195c81","name":"Diario del Sur Digital","image":{"@type":"ImageObject","inLanguage":"es","@id":"https:\/\/secure.gravatar.com\/avatar\/f0c7c47fc7146d19828273b9b8eda651c9c7ab583767e6338d3d3bee825adf76?s=96&d=mm&r=g","url":"https:\/\/secure.gravatar.com\/avatar\/f0c7c47fc7146d19828273b9b8eda651c9c7ab583767e6338d3d3bee825adf76?s=96&d=mm&r=g","contentUrl":"https:\/\/secure.gravatar.com\/avatar\/f0c7c47fc7146d19828273b9b8eda651c9c7ab583767e6338d3d3bee825adf76?s=96&d=mm&r=g","caption":"Diario del Sur Digital"},"url":"https:\/\/diariodelsurdigital.com.ar\/?author=4"}]}},"_links":{"self":[{"href":"https:\/\/diariodelsurdigital.com.ar\/index.php?rest_route=\/wp\/v2\/posts\/3988","targetHints":{"allow":["GET"]}}],"collection":[{"href":"https:\/\/diariodelsurdigital.com.ar\/index.php?rest_route=\/wp\/v2\/posts"}],"about":[{"href":"https:\/\/diariodelsurdigital.com.ar\/index.php?rest_route=\/wp\/v2\/types\/post"}],"author":[{"embeddable":true,"href":"https:\/\/diariodelsurdigital.com.ar\/index.php?rest_route=\/wp\/v2\/users\/4"}],"replies":[{"embeddable":true,"href":"https:\/\/diariodelsurdigital.com.ar\/index.php?rest_route=%2Fwp%2Fv2%2Fcomments&post=3988"}],"version-history":[{"count":1,"href":"https:\/\/diariodelsurdigital.com.ar\/index.php?rest_route=\/wp\/v2\/posts\/3988\/revisions"}],"predecessor-version":[{"id":3990,"href":"https:\/\/diariodelsurdigital.com.ar\/index.php?rest_route=\/wp\/v2\/posts\/3988\/revisions\/3990"}],"wp:featuredmedia":[{"embeddable":true,"href":"https:\/\/diariodelsurdigital.com.ar\/index.php?rest_route=\/wp\/v2\/media\/3989"}],"wp:attachment":[{"href":"https:\/\/diariodelsurdigital.com.ar\/index.php?rest_route=%2Fwp%2Fv2%2Fmedia&parent=3988"}],"wp:term":[{"taxonomy":"category","embeddable":true,"href":"https:\/\/diariodelsurdigital.com.ar\/index.php?rest_route=%2Fwp%2Fv2%2Fcategories&post=3988"},{"taxonomy":"post_tag","embeddable":true,"href":"https:\/\/diariodelsurdigital.com.ar\/index.php?rest_route=%2Fwp%2Fv2%2Ftags&post=3988"}],"curies":[{"name":"wp","href":"https:\/\/api.w.org\/{rel}","templated":true}]}}