{"id":3992,"date":"2025-08-06T22:28:47","date_gmt":"2025-08-07T01:28:47","guid":{"rendered":"https:\/\/diariodelsurdigital.com.ar\/?p=3992"},"modified":"2025-08-06T22:28:48","modified_gmt":"2025-08-07T01:28:48","slug":"stola-cargo-contra-el-rector-de-la-uader-por-su-acercamiento-con-milei","status":"publish","type":"post","link":"https:\/\/diariodelsurdigital.com.ar\/?p=3992","title":{"rendered":"Stola carg\u00f3 contra el rector de la Uader por su acercamiento con Milei"},"content":{"rendered":"\n<p>El reconocido m\u00e9dico y docente apunt\u00f3 contra el rector de esa casa de estudios por habilitar una c\u00e1tedra de \u00abpensamiento liberal\u00bb, y subray\u00f3 que \u00ablo que se observa es la institucionalizaci\u00f3n de una ofensiva autoritaria\u00bb.<\/p>\n\n\n\n<p>A continuaci\u00f3n reproducimos la misiva a la que este medio tuvo acceso.<\/p>\n\n\n\n<p>Buenos Aires, 6 de agosto de 2025<\/p>\n\n\n\n<p>Se\u00f1or Rector de la Universidad Aut\u00f3noma de Entre R\u00edos (UADER)<br>Abogado Luciano Filipuzzi<br>S\/D<\/p>\n\n\n\n<p>De mi consideraci\u00f3n:<\/p>\n\n\n\n<p>En mi car\u00e1cter de exdocente de esa casa de estudios \u2014a la que r\u00e1pidamente sent\u00ed como propia por el compromiso de sus docentes y alumnado con la educaci\u00f3n p\u00fablica\u2014 me dirijo a usted con profunda preocupaci\u00f3n y desaz\u00f3n, tras conocer que, mediante un acuerdo con autoridades provinciales del partido pol\u00edtico La Libertad Avanza, se ha habilitado en la Universidad la creaci\u00f3n de una c\u00e1tedra orientada a abordar \u201ctem\u00e1ticas vinculadas al pensamiento liberal\u201d<\/p>\n\n\n\n<p>No desconoce usted que quienes se presentan como referentes ideol\u00f3gicos de La Libertad Avanza, destacados como tales por el presidente Milei, no se caracterizan precisamente por su respeto al pensamiento liberal cl\u00e1sico. Por el contrario, han hecho del agravio cotidiano una pr\u00e1ctica pol\u00edtica: promueven discursos de odio, atacan derechos largamente conquistados por mujeres y disidencias sexo-gen\u00e9ricas, desprecian a las personas mayores, a las personas con discapacidad, a quienes viven en situaci\u00f3n de pobreza o exclusi\u00f3n, repudian los pilares de la educaci\u00f3n p\u00fablica, la ciencia, la cultura y reprimen cobardemente a personas vulneradas y vulnerables de nuestro pa\u00eds.<\/p>\n\n\n\n<p>M\u00e1s que una promoci\u00f3n del debate acad\u00e9mico, lo que se observa es la institucionalizaci\u00f3n de una ofensiva autoritaria que remite a los peores momentos del fascismo hist\u00f3rico, y que nada tiene que ver con el alguna vez valorizado pensamiento ilustrado, el pluralismo democr\u00e1tico o el respeto por los derechos humanos y sociales.<\/p>\n\n\n\n<p>Permitir el ingreso de estos sectores a la Universidad, no como objeto de an\u00e1lisis cr\u00edtico sino como actores validados institucionalmente, es habilitar una peligrosa legitimaci\u00f3n del odio, la violencia simb\u00f3lica y la negaci\u00f3n del otro.<\/p>\n\n\n\n<p>Frente a ello, no puedo sino expresar mi m\u00e1s en\u00e9rgico repudio a su decisi\u00f3n, as\u00ed como la tristeza que me provoca que una universidad p\u00fablica, en un contexto pol\u00edtico tan adverso para los sectores populares y para el pensamiento emancipador, colabore con quienes declaran la guerra a la educaci\u00f3n superior, al conocimiento libre y a la dignidad humana.<\/p>\n\n\n\n<p>Me despido citando una frase que resuena con fuerza en la historia reciente de los pueblos:<br>\u00abCon el fascismo no se debate, se lo combate.\u00bb<\/p>\n\n\n\n<p>Mg. Enrique Stola &#8211; M\u00e9dico Psiquiatra<br>Buenos Aires, Argentina<\/p>\n","protected":false},"excerpt":{"rendered":"<p>El reconocido m\u00e9dico y docente apunt\u00f3 contra el rector de esa casa de estudios por habilitar una c\u00e1tedra de \u00abpensamiento liberal\u00bb, y subray\u00f3 que \u00ablo que se observa es la institucionalizaci\u00f3n de una ofensiva autoritaria\u00bb. A continuaci\u00f3n reproducimos la misiva a la que este medio tuvo acceso. Buenos Aires, 6 de agosto de 2025 Se\u00f1or [&hellip;]<\/p>\n","protected":false},"author":4,"featured_media":3993,"comment_status":"open","ping_status":"open","sticky":false,"template":"","format":"standard","meta":{"footnotes":""},"categories":[17],"tags":[],"class_list":{"0":"post-3992","1":"post","2":"type-post","3":"status-publish","4":"format-standard","5":"has-post-thumbnail","7":"category-provinciales"},"yoast_head":"<!-- This site is optimized with the Yoast SEO plugin v27.4 - https:\/\/yoast.com\/product\/yoast-seo-wordpress\/ -->\n<title>Stola carg\u00f3 contra el rector de la Uader por su acercamiento con Milei - Diario del Sur<\/title>\n<meta name=\"robots\" content=\"index, follow, max-snippet:-1, max-image-preview:large, max-video-preview:-1\" \/>\n<link rel=\"canonical\" href=\"https:\/\/diariodelsurdigital.com.ar\/?p=3992\" \/>\n<meta property=\"og:locale\" content=\"es_ES\" \/>\n<meta property=\"og:type\" content=\"article\" \/>\n<meta property=\"og:title\" content=\"Stola carg\u00f3 contra el rector de la Uader por su acercamiento con Milei - Diario del Sur\" \/>\n<meta property=\"og:description\" content=\"El reconocido m\u00e9dico y docente apunt\u00f3 contra el rector de esa casa de estudios por habilitar una c\u00e1tedra de \u00abpensamiento liberal\u00bb, y subray\u00f3 que \u00ablo que se observa es la institucionalizaci\u00f3n de una ofensiva autoritaria\u00bb. A continuaci\u00f3n reproducimos la misiva a la que este medio tuvo acceso. Buenos Aires, 6 de agosto de 2025 Se\u00f1or [&hellip;]\" \/>\n<meta property=\"og:url\" content=\"https:\/\/diariodelsurdigital.com.ar\/?p=3992\" \/>\n<meta property=\"og:site_name\" content=\"Diario del Sur\" \/>\n<meta property=\"article:published_time\" content=\"2025-08-07T01:28:47+00:00\" \/>\n<meta property=\"article:modified_time\" content=\"2025-08-07T01:28:48+00:00\" \/>\n<meta property=\"og:image\" content=\"https:\/\/diariodelsurdigital.com.ar\/wp-content\/uploads\/2025\/08\/WhatsApp-Image-2019-05-31-at-10.10.34.jpeg\" \/>\n\t<meta property=\"og:image:width\" content=\"1280\" \/>\n\t<meta property=\"og:image:height\" content=\"721\" \/>\n\t<meta property=\"og:image:type\" content=\"image\/jpeg\" \/>\n<meta name=\"author\" content=\"Diario del Sur Digital\" \/>\n<meta name=\"twitter:card\" content=\"summary_large_image\" \/>\n<meta name=\"twitter:label1\" content=\"Escrito por\" \/>\n\t<meta name=\"twitter:data1\" content=\"Diario del Sur Digital\" \/>\n\t<meta name=\"twitter:label2\" content=\"Tiempo de lectura\" \/>\n\t<meta name=\"twitter:data2\" content=\"3 minutos\" \/>\n<script type=\"application\/ld+json\" class=\"yoast-schema-graph\">{\"@context\":\"https:\\\/\\\/schema.org\",\"@graph\":[{\"@type\":\"Article\",\"@id\":\"https:\\\/\\\/diariodelsurdigital.com.ar\\\/?p=3992#article\",\"isPartOf\":{\"@id\":\"https:\\\/\\\/diariodelsurdigital.com.ar\\\/?p=3992\"},\"author\":{\"name\":\"Diario del Sur Digital\",\"@id\":\"https:\\\/\\\/diariodelsurdigital.com.ar\\\/#\\\/schema\\\/person\\\/1a4992532ed62965c968031b49195c81\"},\"headline\":\"Stola carg\u00f3 contra el rector de la Uader por su acercamiento con Milei\",\"datePublished\":\"2025-08-07T01:28:47+00:00\",\"dateModified\":\"2025-08-07T01:28:48+00:00\",\"mainEntityOfPage\":{\"@id\":\"https:\\\/\\\/diariodelsurdigital.com.ar\\\/?p=3992\"},\"wordCount\":475,\"commentCount\":0,\"image\":{\"@id\":\"https:\\\/\\\/diariodelsurdigital.com.ar\\\/?p=3992#primaryimage\"},\"thumbnailUrl\":\"https:\\\/\\\/diariodelsurdigital.com.ar\\\/wp-content\\\/uploads\\\/2025\\\/08\\\/WhatsApp-Image-2019-05-31-at-10.10.34.jpeg\",\"articleSection\":[\"Provinciales\"],\"inLanguage\":\"es\",\"potentialAction\":[{\"@type\":\"CommentAction\",\"name\":\"Comment\",\"target\":[\"https:\\\/\\\/diariodelsurdigital.com.ar\\\/?p=3992#respond\"]}]},{\"@type\":\"WebPage\",\"@id\":\"https:\\\/\\\/diariodelsurdigital.com.ar\\\/?p=3992\",\"url\":\"https:\\\/\\\/diariodelsurdigital.com.ar\\\/?p=3992\",\"name\":\"Stola carg\u00f3 contra el rector de la Uader por su acercamiento con Milei - Diario del Sur\",\"isPartOf\":{\"@id\":\"https:\\\/\\\/diariodelsurdigital.com.ar\\\/#website\"},\"primaryImageOfPage\":{\"@id\":\"https:\\\/\\\/diariodelsurdigital.com.ar\\\/?p=3992#primaryimage\"},\"image\":{\"@id\":\"https:\\\/\\\/diariodelsurdigital.com.ar\\\/?p=3992#primaryimage\"},\"thumbnailUrl\":\"https:\\\/\\\/diariodelsurdigital.com.ar\\\/wp-content\\\/uploads\\\/2025\\\/08\\\/WhatsApp-Image-2019-05-31-at-10.10.34.jpeg\",\"datePublished\":\"2025-08-07T01:28:47+00:00\",\"dateModified\":\"2025-08-07T01:28:48+00:00\",\"author\":{\"@id\":\"https:\\\/\\\/diariodelsurdigital.com.ar\\\/#\\\/schema\\\/person\\\/1a4992532ed62965c968031b49195c81\"},\"breadcrumb\":{\"@id\":\"https:\\\/\\\/diariodelsurdigital.com.ar\\\/?p=3992#breadcrumb\"},\"inLanguage\":\"es\",\"potentialAction\":[{\"@type\":\"ReadAction\",\"target\":[\"https:\\\/\\\/diariodelsurdigital.com.ar\\\/?p=3992\"]}]},{\"@type\":\"ImageObject\",\"inLanguage\":\"es\",\"@id\":\"https:\\\/\\\/diariodelsurdigital.com.ar\\\/?p=3992#primaryimage\",\"url\":\"https:\\\/\\\/diariodelsurdigital.com.ar\\\/wp-content\\\/uploads\\\/2025\\\/08\\\/WhatsApp-Image-2019-05-31-at-10.10.34.jpeg\",\"contentUrl\":\"https:\\\/\\\/diariodelsurdigital.com.ar\\\/wp-content\\\/uploads\\\/2025\\\/08\\\/WhatsApp-Image-2019-05-31-at-10.10.34.jpeg\",\"width\":1280,\"height\":721},{\"@type\":\"BreadcrumbList\",\"@id\":\"https:\\\/\\\/diariodelsurdigital.com.ar\\\/?p=3992#breadcrumb\",\"itemListElement\":[{\"@type\":\"ListItem\",\"position\":1,\"name\":\"Portada\",\"item\":\"https:\\\/\\\/diariodelsurdigital.com.ar\\\/\"},{\"@type\":\"ListItem\",\"position\":2,\"name\":\"Stola carg\u00f3 contra el rector de la Uader por su acercamiento con Milei\"}]},{\"@type\":\"WebSite\",\"@id\":\"https:\\\/\\\/diariodelsurdigital.com.ar\\\/#website\",\"url\":\"https:\\\/\\\/diariodelsurdigital.com.ar\\\/\",\"name\":\"Diario del Sur\",\"description\":\"Digital\",\"potentialAction\":[{\"@type\":\"SearchAction\",\"target\":{\"@type\":\"EntryPoint\",\"urlTemplate\":\"https:\\\/\\\/diariodelsurdigital.com.ar\\\/?s={search_term_string}\"},\"query-input\":{\"@type\":\"PropertyValueSpecification\",\"valueRequired\":true,\"valueName\":\"search_term_string\"}}],\"inLanguage\":\"es\"},{\"@type\":\"Person\",\"@id\":\"https:\\\/\\\/diariodelsurdigital.com.ar\\\/#\\\/schema\\\/person\\\/1a4992532ed62965c968031b49195c81\",\"name\":\"Diario del Sur Digital\",\"image\":{\"@type\":\"ImageObject\",\"inLanguage\":\"es\",\"@id\":\"https:\\\/\\\/secure.gravatar.com\\\/avatar\\\/f0c7c47fc7146d19828273b9b8eda651c9c7ab583767e6338d3d3bee825adf76?s=96&d=mm&r=g\",\"url\":\"https:\\\/\\\/secure.gravatar.com\\\/avatar\\\/f0c7c47fc7146d19828273b9b8eda651c9c7ab583767e6338d3d3bee825adf76?s=96&d=mm&r=g\",\"contentUrl\":\"https:\\\/\\\/secure.gravatar.com\\\/avatar\\\/f0c7c47fc7146d19828273b9b8eda651c9c7ab583767e6338d3d3bee825adf76?s=96&d=mm&r=g\",\"caption\":\"Diario del Sur Digital\"},\"url\":\"https:\\\/\\\/diariodelsurdigital.com.ar\\\/?author=4\"}]}<\/script>\n<!-- \/ Yoast SEO plugin. -->","yoast_head_json":{"title":"Stola carg\u00f3 contra el rector de la Uader por su acercamiento con Milei - Diario del Sur","robots":{"index":"index","follow":"follow","max-snippet":"max-snippet:-1","max-image-preview":"max-image-preview:large","max-video-preview":"max-video-preview:-1"},"canonical":"https:\/\/diariodelsurdigital.com.ar\/?p=3992","og_locale":"es_ES","og_type":"article","og_title":"Stola carg\u00f3 contra el rector de la Uader por su acercamiento con Milei - Diario del Sur","og_description":"El reconocido m\u00e9dico y docente apunt\u00f3 contra el rector de esa casa de estudios por habilitar una c\u00e1tedra de \u00abpensamiento liberal\u00bb, y subray\u00f3 que \u00ablo que se observa es la institucionalizaci\u00f3n de una ofensiva autoritaria\u00bb. A continuaci\u00f3n reproducimos la misiva a la que este medio tuvo acceso. Buenos Aires, 6 de agosto de 2025 Se\u00f1or [&hellip;]","og_url":"https:\/\/diariodelsurdigital.com.ar\/?p=3992","og_site_name":"Diario del Sur","article_published_time":"2025-08-07T01:28:47+00:00","article_modified_time":"2025-08-07T01:28:48+00:00","og_image":[{"width":1280,"height":721,"url":"https:\/\/diariodelsurdigital.com.ar\/wp-content\/uploads\/2025\/08\/WhatsApp-Image-2019-05-31-at-10.10.34.jpeg","type":"image\/jpeg"}],"author":"Diario del Sur Digital","twitter_card":"summary_large_image","twitter_misc":{"Escrito por":"Diario del Sur Digital","Tiempo de lectura":"3 minutos"},"schema":{"@context":"https:\/\/schema.org","@graph":[{"@type":"Article","@id":"https:\/\/diariodelsurdigital.com.ar\/?p=3992#article","isPartOf":{"@id":"https:\/\/diariodelsurdigital.com.ar\/?p=3992"},"author":{"name":"Diario del Sur Digital","@id":"https:\/\/diariodelsurdigital.com.ar\/#\/schema\/person\/1a4992532ed62965c968031b49195c81"},"headline":"Stola carg\u00f3 contra el rector de la Uader por su acercamiento con Milei","datePublished":"2025-08-07T01:28:47+00:00","dateModified":"2025-08-07T01:28:48+00:00","mainEntityOfPage":{"@id":"https:\/\/diariodelsurdigital.com.ar\/?p=3992"},"wordCount":475,"commentCount":0,"image":{"@id":"https:\/\/diariodelsurdigital.com.ar\/?p=3992#primaryimage"},"thumbnailUrl":"https:\/\/diariodelsurdigital.com.ar\/wp-content\/uploads\/2025\/08\/WhatsApp-Image-2019-05-31-at-10.10.34.jpeg","articleSection":["Provinciales"],"inLanguage":"es","potentialAction":[{"@type":"CommentAction","name":"Comment","target":["https:\/\/diariodelsurdigital.com.ar\/?p=3992#respond"]}]},{"@type":"WebPage","@id":"https:\/\/diariodelsurdigital.com.ar\/?p=3992","url":"https:\/\/diariodelsurdigital.com.ar\/?p=3992","name":"Stola carg\u00f3 contra el rector de la Uader por su acercamiento con Milei - Diario del Sur","isPartOf":{"@id":"https:\/\/diariodelsurdigital.com.ar\/#website"},"primaryImageOfPage":{"@id":"https:\/\/diariodelsurdigital.com.ar\/?p=3992#primaryimage"},"image":{"@id":"https:\/\/diariodelsurdigital.com.ar\/?p=3992#primaryimage"},"thumbnailUrl":"https:\/\/diariodelsurdigital.com.ar\/wp-content\/uploads\/2025\/08\/WhatsApp-Image-2019-05-31-at-10.10.34.jpeg","datePublished":"2025-08-07T01:28:47+00:00","dateModified":"2025-08-07T01:28:48+00:00","author":{"@id":"https:\/\/diariodelsurdigital.com.ar\/#\/schema\/person\/1a4992532ed62965c968031b49195c81"},"breadcrumb":{"@id":"https:\/\/diariodelsurdigital.com.ar\/?p=3992#breadcrumb"},"inLanguage":"es","potentialAction":[{"@type":"ReadAction","target":["https:\/\/diariodelsurdigital.com.ar\/?p=3992"]}]},{"@type":"ImageObject","inLanguage":"es","@id":"https:\/\/diariodelsurdigital.com.ar\/?p=3992#primaryimage","url":"https:\/\/diariodelsurdigital.com.ar\/wp-content\/uploads\/2025\/08\/WhatsApp-Image-2019-05-31-at-10.10.34.jpeg","contentUrl":"https:\/\/diariodelsurdigital.com.ar\/wp-content\/uploads\/2025\/08\/WhatsApp-Image-2019-05-31-at-10.10.34.jpeg","width":1280,"height":721},{"@type":"BreadcrumbList","@id":"https:\/\/diariodelsurdigital.com.ar\/?p=3992#breadcrumb","itemListElement":[{"@type":"ListItem","position":1,"name":"Portada","item":"https:\/\/diariodelsurdigital.com.ar\/"},{"@type":"ListItem","position":2,"name":"Stola carg\u00f3 contra el rector de la Uader por su acercamiento con Milei"}]},{"@type":"WebSite","@id":"https:\/\/diariodelsurdigital.com.ar\/#website","url":"https:\/\/diariodelsurdigital.com.ar\/","name":"Diario del Sur","description":"Digital","potentialAction":[{"@type":"SearchAction","target":{"@type":"EntryPoint","urlTemplate":"https:\/\/diariodelsurdigital.com.ar\/?s={search_term_string}"},"query-input":{"@type":"PropertyValueSpecification","valueRequired":true,"valueName":"search_term_string"}}],"inLanguage":"es"},{"@type":"Person","@id":"https:\/\/diariodelsurdigital.com.ar\/#\/schema\/person\/1a4992532ed62965c968031b49195c81","name":"Diario del Sur Digital","image":{"@type":"ImageObject","inLanguage":"es","@id":"https:\/\/secure.gravatar.com\/avatar\/f0c7c47fc7146d19828273b9b8eda651c9c7ab583767e6338d3d3bee825adf76?s=96&d=mm&r=g","url":"https:\/\/secure.gravatar.com\/avatar\/f0c7c47fc7146d19828273b9b8eda651c9c7ab583767e6338d3d3bee825adf76?s=96&d=mm&r=g","contentUrl":"https:\/\/secure.gravatar.com\/avatar\/f0c7c47fc7146d19828273b9b8eda651c9c7ab583767e6338d3d3bee825adf76?s=96&d=mm&r=g","caption":"Diario del Sur Digital"},"url":"https:\/\/diariodelsurdigital.com.ar\/?author=4"}]}},"_links":{"self":[{"href":"https:\/\/diariodelsurdigital.com.ar\/index.php?rest_route=\/wp\/v2\/posts\/3992","targetHints":{"allow":["GET"]}}],"collection":[{"href":"https:\/\/diariodelsurdigital.com.ar\/index.php?rest_route=\/wp\/v2\/posts"}],"about":[{"href":"https:\/\/diariodelsurdigital.com.ar\/index.php?rest_route=\/wp\/v2\/types\/post"}],"author":[{"embeddable":true,"href":"https:\/\/diariodelsurdigital.com.ar\/index.php?rest_route=\/wp\/v2\/users\/4"}],"replies":[{"embeddable":true,"href":"https:\/\/diariodelsurdigital.com.ar\/index.php?rest_route=%2Fwp%2Fv2%2Fcomments&post=3992"}],"version-history":[{"count":1,"href":"https:\/\/diariodelsurdigital.com.ar\/index.php?rest_route=\/wp\/v2\/posts\/3992\/revisions"}],"predecessor-version":[{"id":3994,"href":"https:\/\/diariodelsurdigital.com.ar\/index.php?rest_route=\/wp\/v2\/posts\/3992\/revisions\/3994"}],"wp:featuredmedia":[{"embeddable":true,"href":"https:\/\/diariodelsurdigital.com.ar\/index.php?rest_route=\/wp\/v2\/media\/3993"}],"wp:attachment":[{"href":"https:\/\/diariodelsurdigital.com.ar\/index.php?rest_route=%2Fwp%2Fv2%2Fmedia&parent=3992"}],"wp:term":[{"taxonomy":"category","embeddable":true,"href":"https:\/\/diariodelsurdigital.com.ar\/index.php?rest_route=%2Fwp%2Fv2%2Fcategories&post=3992"},{"taxonomy":"post_tag","embeddable":true,"href":"https:\/\/diariodelsurdigital.com.ar\/index.php?rest_route=%2Fwp%2Fv2%2Ftags&post=3992"}],"curies":[{"name":"wp","href":"https:\/\/api.w.org\/{rel}","templated":true}]}}