{"id":3999,"date":"2025-08-07T10:51:43","date_gmt":"2025-08-07T13:51:43","guid":{"rendered":"https:\/\/diariodelsurdigital.com.ar\/?p=3999"},"modified":"2025-08-07T10:51:44","modified_gmt":"2025-08-07T13:51:44","slug":"hoy-el-congreso-de-agmer-resuelve-si-integra-o-no-la-obra-social-de-entre-rios","status":"publish","type":"post","link":"https:\/\/diariodelsurdigital.com.ar\/?p=3999","title":{"rendered":"Hoy el Congreso de Agmer resuelve si integra o no la Obra Social de Entre R\u00edos"},"content":{"rendered":"\n<p>Este jueves se reunir\u00e1 el congreso extraordinario de Agmer en Paran\u00e1 y \u201cel tema principal\u201d a discutir ser\u00e1 si integrar o no el Directorio de la Obra Social de Entre R\u00edos (OSER). Las aguas est\u00e1n divididas: algunos defienden la necesidad de ocupar el espacio de representaci\u00f3n que les pertenece, otros sostienen que el sistema de votaci\u00f3n dentro del Directorio provoca que los directores designados por Frigerio tengan la \u00faltima palabra y que la voz de los gremios termine siendo simb\u00f3lica.<\/p>\n\n\n\n<p>Cabe destacar que el directorio de la obra social est\u00e1 conformado por un presidente y un vicepresidente designados por el Poder Ejecutivo, y dos vocales propuestos por gremios docentes y estatales. La representante de los estatales es Flavia Maidana y fue designada por UPCN. Ahora la pelota la tiene Agmer.<\/p>\n\n\n\n<p><br>En el seno del sindicato las opiniones est\u00e1n divididas: algunos consideran que si se ocupa ese espacio se est\u00e1 convalidando la constituci\u00f3n de la OSER (y la consecuente disoluci\u00f3n del Iosper) y otros dicen que si dejan la silla vac\u00eda dejan rienda suelta al Gobierno para que haga lo que quiera. Tambi\u00e9n hay quienes consideran que no tiene sentido formar parte del Directorio porque para sesionar se requiere la presencia de dos de los cuatro integrantes (alcanza con los dos directores pol\u00edticos que puso Frigerio) y que a su vez el Presidente del Directorio tendr\u00e1 doble voto en caso de empate, por lo que el gobierno est\u00e1n en condiciones de decidir lo que sea sin la presencia de los representantes sindicales.<\/p>\n\n\n\n<p>\u201cM\u00e1s all\u00e1 de lo que se defina, nosotros seguimos oponi\u00e9ndonos a la creaci\u00f3n de la OSER y continuamos reivindicando al Iosper, que ten\u00eda un directorio obrero que gestionaba y que hac\u00eda que la obra social funcione mucho mejor\u201d, afirm\u00f3 a esta Agencia el Secretario Gremial de Agmer, Guillermo Zampedri.<\/p>\n\n\n\n<p>El dirigente sostuvo que ahora las autoridades de la OSER se jactan de haber mejorado los n\u00fameros, pero hay que decir que \u201clo hicieron a partir de la decisi\u00f3n de descargar el ajuste en el lomo de los trabajadores, a quienes se les aument\u00f3 escandalosamente el valor de las prestaciones\u201d.<\/p>\n\n\n\n<p>\u201cSalvo en las \u00f3rdenes de consulta, el coseguro se ha incrementado de manera exorbitante en todas las prestaciones, hasta tres o cuatro veces m\u00e1s de lo que marca el \u00edndice inflacionario.<\/p>\n\n\n\n<p>\u201cEsa es la raz\u00f3n por la que los n\u00fameros cierran: no es que gestionan mejor, sino que descargan el ajuste en los trabajadores\u201d, arremeti\u00f3.<\/p>\n","protected":false},"excerpt":{"rendered":"<p>Este jueves se reunir\u00e1 el congreso extraordinario de Agmer en Paran\u00e1 y \u201cel tema principal\u201d a discutir ser\u00e1 si integrar o no el Directorio de la Obra Social de Entre R\u00edos (OSER). Las aguas est\u00e1n divididas: algunos defienden la necesidad de ocupar el espacio de representaci\u00f3n que les pertenece, otros sostienen que el sistema de [&hellip;]<\/p>\n","protected":false},"author":4,"featured_media":4000,"comment_status":"open","ping_status":"open","sticky":false,"template":"","format":"standard","meta":{"footnotes":""},"categories":[17],"tags":[],"class_list":{"0":"post-3999","1":"post","2":"type-post","3":"status-publish","4":"format-standard","5":"has-post-thumbnail","7":"category-provinciales"},"yoast_head":"<!-- This site is optimized with the Yoast SEO plugin v27.4 - https:\/\/yoast.com\/product\/yoast-seo-wordpress\/ -->\n<title>Hoy el Congreso de Agmer resuelve si integra o no la Obra Social de Entre R\u00edos - Diario del Sur<\/title>\n<meta name=\"robots\" content=\"index, follow, max-snippet:-1, max-image-preview:large, max-video-preview:-1\" \/>\n<link rel=\"canonical\" href=\"https:\/\/diariodelsurdigital.com.ar\/?p=3999\" \/>\n<meta property=\"og:locale\" content=\"es_ES\" \/>\n<meta property=\"og:type\" content=\"article\" \/>\n<meta property=\"og:title\" content=\"Hoy el Congreso de Agmer resuelve si integra o no la Obra Social de Entre R\u00edos - Diario del Sur\" \/>\n<meta property=\"og:description\" content=\"Este jueves se reunir\u00e1 el congreso extraordinario de Agmer en Paran\u00e1 y \u201cel tema principal\u201d a discutir ser\u00e1 si integrar o no el Directorio de la Obra Social de Entre R\u00edos (OSER). Las aguas est\u00e1n divididas: algunos defienden la necesidad de ocupar el espacio de representaci\u00f3n que les pertenece, otros sostienen que el sistema de [&hellip;]\" \/>\n<meta property=\"og:url\" content=\"https:\/\/diariodelsurdigital.com.ar\/?p=3999\" \/>\n<meta property=\"og:site_name\" content=\"Diario del Sur\" \/>\n<meta property=\"article:published_time\" content=\"2025-08-07T13:51:43+00:00\" \/>\n<meta property=\"article:modified_time\" content=\"2025-08-07T13:51:44+00:00\" \/>\n<meta property=\"og:image\" content=\"https:\/\/diariodelsurdigital.com.ar\/wp-content\/uploads\/2025\/08\/md-1.webp\" \/>\n\t<meta property=\"og:image:width\" content=\"992\" \/>\n\t<meta property=\"og:image:height\" content=\"661\" \/>\n\t<meta property=\"og:image:type\" content=\"image\/webp\" \/>\n<meta name=\"author\" content=\"Diario del Sur Digital\" \/>\n<meta name=\"twitter:card\" content=\"summary_large_image\" \/>\n<meta name=\"twitter:label1\" content=\"Escrito por\" \/>\n\t<meta name=\"twitter:data1\" content=\"Diario del Sur Digital\" \/>\n\t<meta name=\"twitter:label2\" content=\"Tiempo de lectura\" \/>\n\t<meta name=\"twitter:data2\" content=\"3 minutos\" \/>\n<script type=\"application\/ld+json\" class=\"yoast-schema-graph\">{\"@context\":\"https:\\\/\\\/schema.org\",\"@graph\":[{\"@type\":\"Article\",\"@id\":\"https:\\\/\\\/diariodelsurdigital.com.ar\\\/?p=3999#article\",\"isPartOf\":{\"@id\":\"https:\\\/\\\/diariodelsurdigital.com.ar\\\/?p=3999\"},\"author\":{\"name\":\"Diario del Sur Digital\",\"@id\":\"https:\\\/\\\/diariodelsurdigital.com.ar\\\/#\\\/schema\\\/person\\\/1a4992532ed62965c968031b49195c81\"},\"headline\":\"Hoy el Congreso de Agmer resuelve si integra o no la Obra Social de Entre R\u00edos\",\"datePublished\":\"2025-08-07T13:51:43+00:00\",\"dateModified\":\"2025-08-07T13:51:44+00:00\",\"mainEntityOfPage\":{\"@id\":\"https:\\\/\\\/diariodelsurdigital.com.ar\\\/?p=3999\"},\"wordCount\":444,\"commentCount\":0,\"image\":{\"@id\":\"https:\\\/\\\/diariodelsurdigital.com.ar\\\/?p=3999#primaryimage\"},\"thumbnailUrl\":\"https:\\\/\\\/diariodelsurdigital.com.ar\\\/wp-content\\\/uploads\\\/2025\\\/08\\\/md-1.webp\",\"articleSection\":[\"Provinciales\"],\"inLanguage\":\"es\",\"potentialAction\":[{\"@type\":\"CommentAction\",\"name\":\"Comment\",\"target\":[\"https:\\\/\\\/diariodelsurdigital.com.ar\\\/?p=3999#respond\"]}]},{\"@type\":\"WebPage\",\"@id\":\"https:\\\/\\\/diariodelsurdigital.com.ar\\\/?p=3999\",\"url\":\"https:\\\/\\\/diariodelsurdigital.com.ar\\\/?p=3999\",\"name\":\"Hoy el Congreso de Agmer resuelve si integra o no la Obra Social de Entre R\u00edos - Diario del Sur\",\"isPartOf\":{\"@id\":\"https:\\\/\\\/diariodelsurdigital.com.ar\\\/#website\"},\"primaryImageOfPage\":{\"@id\":\"https:\\\/\\\/diariodelsurdigital.com.ar\\\/?p=3999#primaryimage\"},\"image\":{\"@id\":\"https:\\\/\\\/diariodelsurdigital.com.ar\\\/?p=3999#primaryimage\"},\"thumbnailUrl\":\"https:\\\/\\\/diariodelsurdigital.com.ar\\\/wp-content\\\/uploads\\\/2025\\\/08\\\/md-1.webp\",\"datePublished\":\"2025-08-07T13:51:43+00:00\",\"dateModified\":\"2025-08-07T13:51:44+00:00\",\"author\":{\"@id\":\"https:\\\/\\\/diariodelsurdigital.com.ar\\\/#\\\/schema\\\/person\\\/1a4992532ed62965c968031b49195c81\"},\"breadcrumb\":{\"@id\":\"https:\\\/\\\/diariodelsurdigital.com.ar\\\/?p=3999#breadcrumb\"},\"inLanguage\":\"es\",\"potentialAction\":[{\"@type\":\"ReadAction\",\"target\":[\"https:\\\/\\\/diariodelsurdigital.com.ar\\\/?p=3999\"]}]},{\"@type\":\"ImageObject\",\"inLanguage\":\"es\",\"@id\":\"https:\\\/\\\/diariodelsurdigital.com.ar\\\/?p=3999#primaryimage\",\"url\":\"https:\\\/\\\/diariodelsurdigital.com.ar\\\/wp-content\\\/uploads\\\/2025\\\/08\\\/md-1.webp\",\"contentUrl\":\"https:\\\/\\\/diariodelsurdigital.com.ar\\\/wp-content\\\/uploads\\\/2025\\\/08\\\/md-1.webp\",\"width\":992,\"height\":661},{\"@type\":\"BreadcrumbList\",\"@id\":\"https:\\\/\\\/diariodelsurdigital.com.ar\\\/?p=3999#breadcrumb\",\"itemListElement\":[{\"@type\":\"ListItem\",\"position\":1,\"name\":\"Portada\",\"item\":\"https:\\\/\\\/diariodelsurdigital.com.ar\\\/\"},{\"@type\":\"ListItem\",\"position\":2,\"name\":\"Hoy el Congreso de Agmer resuelve si integra o no la Obra Social de Entre R\u00edos\"}]},{\"@type\":\"WebSite\",\"@id\":\"https:\\\/\\\/diariodelsurdigital.com.ar\\\/#website\",\"url\":\"https:\\\/\\\/diariodelsurdigital.com.ar\\\/\",\"name\":\"Diario del Sur\",\"description\":\"Digital\",\"potentialAction\":[{\"@type\":\"SearchAction\",\"target\":{\"@type\":\"EntryPoint\",\"urlTemplate\":\"https:\\\/\\\/diariodelsurdigital.com.ar\\\/?s={search_term_string}\"},\"query-input\":{\"@type\":\"PropertyValueSpecification\",\"valueRequired\":true,\"valueName\":\"search_term_string\"}}],\"inLanguage\":\"es\"},{\"@type\":\"Person\",\"@id\":\"https:\\\/\\\/diariodelsurdigital.com.ar\\\/#\\\/schema\\\/person\\\/1a4992532ed62965c968031b49195c81\",\"name\":\"Diario del Sur Digital\",\"image\":{\"@type\":\"ImageObject\",\"inLanguage\":\"es\",\"@id\":\"https:\\\/\\\/secure.gravatar.com\\\/avatar\\\/f0c7c47fc7146d19828273b9b8eda651c9c7ab583767e6338d3d3bee825adf76?s=96&d=mm&r=g\",\"url\":\"https:\\\/\\\/secure.gravatar.com\\\/avatar\\\/f0c7c47fc7146d19828273b9b8eda651c9c7ab583767e6338d3d3bee825adf76?s=96&d=mm&r=g\",\"contentUrl\":\"https:\\\/\\\/secure.gravatar.com\\\/avatar\\\/f0c7c47fc7146d19828273b9b8eda651c9c7ab583767e6338d3d3bee825adf76?s=96&d=mm&r=g\",\"caption\":\"Diario del Sur Digital\"},\"url\":\"https:\\\/\\\/diariodelsurdigital.com.ar\\\/?author=4\"}]}<\/script>\n<!-- \/ Yoast SEO plugin. -->","yoast_head_json":{"title":"Hoy el Congreso de Agmer resuelve si integra o no la Obra Social de Entre R\u00edos - Diario del Sur","robots":{"index":"index","follow":"follow","max-snippet":"max-snippet:-1","max-image-preview":"max-image-preview:large","max-video-preview":"max-video-preview:-1"},"canonical":"https:\/\/diariodelsurdigital.com.ar\/?p=3999","og_locale":"es_ES","og_type":"article","og_title":"Hoy el Congreso de Agmer resuelve si integra o no la Obra Social de Entre R\u00edos - Diario del Sur","og_description":"Este jueves se reunir\u00e1 el congreso extraordinario de Agmer en Paran\u00e1 y \u201cel tema principal\u201d a discutir ser\u00e1 si integrar o no el Directorio de la Obra Social de Entre R\u00edos (OSER). Las aguas est\u00e1n divididas: algunos defienden la necesidad de ocupar el espacio de representaci\u00f3n que les pertenece, otros sostienen que el sistema de [&hellip;]","og_url":"https:\/\/diariodelsurdigital.com.ar\/?p=3999","og_site_name":"Diario del Sur","article_published_time":"2025-08-07T13:51:43+00:00","article_modified_time":"2025-08-07T13:51:44+00:00","og_image":[{"width":992,"height":661,"url":"https:\/\/diariodelsurdigital.com.ar\/wp-content\/uploads\/2025\/08\/md-1.webp","type":"image\/webp"}],"author":"Diario del Sur Digital","twitter_card":"summary_large_image","twitter_misc":{"Escrito por":"Diario del Sur Digital","Tiempo de lectura":"3 minutos"},"schema":{"@context":"https:\/\/schema.org","@graph":[{"@type":"Article","@id":"https:\/\/diariodelsurdigital.com.ar\/?p=3999#article","isPartOf":{"@id":"https:\/\/diariodelsurdigital.com.ar\/?p=3999"},"author":{"name":"Diario del Sur Digital","@id":"https:\/\/diariodelsurdigital.com.ar\/#\/schema\/person\/1a4992532ed62965c968031b49195c81"},"headline":"Hoy el Congreso de Agmer resuelve si integra o no la Obra Social de Entre R\u00edos","datePublished":"2025-08-07T13:51:43+00:00","dateModified":"2025-08-07T13:51:44+00:00","mainEntityOfPage":{"@id":"https:\/\/diariodelsurdigital.com.ar\/?p=3999"},"wordCount":444,"commentCount":0,"image":{"@id":"https:\/\/diariodelsurdigital.com.ar\/?p=3999#primaryimage"},"thumbnailUrl":"https:\/\/diariodelsurdigital.com.ar\/wp-content\/uploads\/2025\/08\/md-1.webp","articleSection":["Provinciales"],"inLanguage":"es","potentialAction":[{"@type":"CommentAction","name":"Comment","target":["https:\/\/diariodelsurdigital.com.ar\/?p=3999#respond"]}]},{"@type":"WebPage","@id":"https:\/\/diariodelsurdigital.com.ar\/?p=3999","url":"https:\/\/diariodelsurdigital.com.ar\/?p=3999","name":"Hoy el Congreso de Agmer resuelve si integra o no la Obra Social de Entre R\u00edos - Diario del Sur","isPartOf":{"@id":"https:\/\/diariodelsurdigital.com.ar\/#website"},"primaryImageOfPage":{"@id":"https:\/\/diariodelsurdigital.com.ar\/?p=3999#primaryimage"},"image":{"@id":"https:\/\/diariodelsurdigital.com.ar\/?p=3999#primaryimage"},"thumbnailUrl":"https:\/\/diariodelsurdigital.com.ar\/wp-content\/uploads\/2025\/08\/md-1.webp","datePublished":"2025-08-07T13:51:43+00:00","dateModified":"2025-08-07T13:51:44+00:00","author":{"@id":"https:\/\/diariodelsurdigital.com.ar\/#\/schema\/person\/1a4992532ed62965c968031b49195c81"},"breadcrumb":{"@id":"https:\/\/diariodelsurdigital.com.ar\/?p=3999#breadcrumb"},"inLanguage":"es","potentialAction":[{"@type":"ReadAction","target":["https:\/\/diariodelsurdigital.com.ar\/?p=3999"]}]},{"@type":"ImageObject","inLanguage":"es","@id":"https:\/\/diariodelsurdigital.com.ar\/?p=3999#primaryimage","url":"https:\/\/diariodelsurdigital.com.ar\/wp-content\/uploads\/2025\/08\/md-1.webp","contentUrl":"https:\/\/diariodelsurdigital.com.ar\/wp-content\/uploads\/2025\/08\/md-1.webp","width":992,"height":661},{"@type":"BreadcrumbList","@id":"https:\/\/diariodelsurdigital.com.ar\/?p=3999#breadcrumb","itemListElement":[{"@type":"ListItem","position":1,"name":"Portada","item":"https:\/\/diariodelsurdigital.com.ar\/"},{"@type":"ListItem","position":2,"name":"Hoy el Congreso de Agmer resuelve si integra o no la Obra Social de Entre R\u00edos"}]},{"@type":"WebSite","@id":"https:\/\/diariodelsurdigital.com.ar\/#website","url":"https:\/\/diariodelsurdigital.com.ar\/","name":"Diario del Sur","description":"Digital","potentialAction":[{"@type":"SearchAction","target":{"@type":"EntryPoint","urlTemplate":"https:\/\/diariodelsurdigital.com.ar\/?s={search_term_string}"},"query-input":{"@type":"PropertyValueSpecification","valueRequired":true,"valueName":"search_term_string"}}],"inLanguage":"es"},{"@type":"Person","@id":"https:\/\/diariodelsurdigital.com.ar\/#\/schema\/person\/1a4992532ed62965c968031b49195c81","name":"Diario del Sur Digital","image":{"@type":"ImageObject","inLanguage":"es","@id":"https:\/\/secure.gravatar.com\/avatar\/f0c7c47fc7146d19828273b9b8eda651c9c7ab583767e6338d3d3bee825adf76?s=96&d=mm&r=g","url":"https:\/\/secure.gravatar.com\/avatar\/f0c7c47fc7146d19828273b9b8eda651c9c7ab583767e6338d3d3bee825adf76?s=96&d=mm&r=g","contentUrl":"https:\/\/secure.gravatar.com\/avatar\/f0c7c47fc7146d19828273b9b8eda651c9c7ab583767e6338d3d3bee825adf76?s=96&d=mm&r=g","caption":"Diario del Sur Digital"},"url":"https:\/\/diariodelsurdigital.com.ar\/?author=4"}]}},"_links":{"self":[{"href":"https:\/\/diariodelsurdigital.com.ar\/index.php?rest_route=\/wp\/v2\/posts\/3999","targetHints":{"allow":["GET"]}}],"collection":[{"href":"https:\/\/diariodelsurdigital.com.ar\/index.php?rest_route=\/wp\/v2\/posts"}],"about":[{"href":"https:\/\/diariodelsurdigital.com.ar\/index.php?rest_route=\/wp\/v2\/types\/post"}],"author":[{"embeddable":true,"href":"https:\/\/diariodelsurdigital.com.ar\/index.php?rest_route=\/wp\/v2\/users\/4"}],"replies":[{"embeddable":true,"href":"https:\/\/diariodelsurdigital.com.ar\/index.php?rest_route=%2Fwp%2Fv2%2Fcomments&post=3999"}],"version-history":[{"count":1,"href":"https:\/\/diariodelsurdigital.com.ar\/index.php?rest_route=\/wp\/v2\/posts\/3999\/revisions"}],"predecessor-version":[{"id":4001,"href":"https:\/\/diariodelsurdigital.com.ar\/index.php?rest_route=\/wp\/v2\/posts\/3999\/revisions\/4001"}],"wp:featuredmedia":[{"embeddable":true,"href":"https:\/\/diariodelsurdigital.com.ar\/index.php?rest_route=\/wp\/v2\/media\/4000"}],"wp:attachment":[{"href":"https:\/\/diariodelsurdigital.com.ar\/index.php?rest_route=%2Fwp%2Fv2%2Fmedia&parent=3999"}],"wp:term":[{"taxonomy":"category","embeddable":true,"href":"https:\/\/diariodelsurdigital.com.ar\/index.php?rest_route=%2Fwp%2Fv2%2Fcategories&post=3999"},{"taxonomy":"post_tag","embeddable":true,"href":"https:\/\/diariodelsurdigital.com.ar\/index.php?rest_route=%2Fwp%2Fv2%2Ftags&post=3999"}],"curies":[{"name":"wp","href":"https:\/\/api.w.org\/{rel}","templated":true}]}}