{"id":4005,"date":"2025-08-08T10:12:52","date_gmt":"2025-08-08T13:12:52","guid":{"rendered":"https:\/\/diariodelsurdigital.com.ar\/?p=4005"},"modified":"2025-08-08T10:12:53","modified_gmt":"2025-08-08T13:12:53","slug":"el-encuentro-entrerriano-de-teatro-tendra-una-previa-federal-con-obras-en-distintas-localidades","status":"publish","type":"post","link":"https:\/\/diariodelsurdigital.com.ar\/?p=4005","title":{"rendered":"El Encuentro Entrerriano de Teatro tendr\u00e1 una previa federal con obras en distintas localidades"},"content":{"rendered":"\n<p>La Semana del Teatro es organizada por la Secretar\u00eda de Cultura de Entre R\u00edos y el Consejo Provincial de Teatro Independiente de Entre R\u00edos (ConTIER), con participaci\u00f3n de salas independientes de la provincia. Habr\u00e1 funciones de diversos g\u00e9neros y para distintas edades, que se realizar\u00e1n con entrada libre y gratuita.<\/p>\n\n\n\n<p>En los d\u00edas previos al 40\u00b0 Encuentro Entrerriano de Teatro, salas independientes de la provincia abrir\u00e1n sus puertas. En distintos rincones de Entre R\u00edos, grupos y elencos locales mostrar\u00e1n sus obras, compartiendo escenario, historias y territorios. Es una propuesta federal que contin\u00faa el camino iniciado por la Secretar\u00eda de Cultura de Entre R\u00edos junto al ConTIER, fortaleciendo la trama que une al teatro independiente entrerriano.<\/p>\n\n\n\n<p>Programa<\/p>\n\n\n\n<p>Alberto &#8211; Chajar\u00ed | Lunes 18 de agosto 20:30 H | Sala La Cultural (1\u00b0 de Mayo 3245)<\/p>\n\n\n\n<p>Mastroianni y el gas &#8211; Paran\u00e1 |Lunes 18 de agosto 21 H | Sala Saltimbanquis (Feliciano 546)<\/p>\n\n\n\n<p>La ni\u00f1a jam\u00f3n &#8211; Gualeguaych\u00fa | Lunes 18 de agosto 21 H | Sala Eutopia Teatro (San Jos\u00e9 168)<\/p>\n\n\n\n<p>Sol de Noche &#8211; Victoria | Martes 19 de agosto 20 H | Sala: Agrupaci\u00f3n Cultural Victoria (Italia 474)<\/p>\n\n\n\n<p>Un mundo raro &#8211; C. del Uruguay | Martes 19 de agosto 21 hs |Las Yotivenco Espacio Teatral (Estrada 1489)<\/p>\n\n\n\n<p>Fin del miedo &#8211; Viale | Mi\u00e9rcoles 20 de agosto 18.30 H | Sala Abarajala (9 de Julio 323)<\/p>\n\n\n\n<p>Flausina, la de esos L\u00f3pez |Mi\u00e9rcoles 20 de agosto 19 H | La Enredada (Francou 1548, Villa Elisa)<\/p>\n\n\n\n<p>El acompa\u00f1amiento &#8211; C. del Uruguay | Mi\u00e9rcoles 20 de agosto 21 H | Sala Cambar\u00e1 Espacio Creativo (Larroque 129)<\/p>\n\n\n\n<p>Que hablen otras partes de m\u00ed &#8211; Gualeguay | Mi\u00e9rcoles 20 de agosto 21 H | Liebre de Marzo Club Cultural (25 de Mayo 1465)<\/p>\n\n\n\n<p>Todo Verde &#8211; Villa Elisa | Jueves 21 de agosto 9.15 H | La Fragua (H\u00e9ctor de El\u00eda 1489)<\/p>\n\n\n\n<p>Los libros de Karafuf\u00fa &#8211; Concordia | Jueves 21 de agosto 15 H | Sala Pueblo Viejo (Alem 230)<\/p>\n\n\n\n<p>De libros, asambleas y otras cosas &#8211; Paran\u00e1 | Jueves 21 de agosto 19 H | Biblioteca Caminantes (Antelo 1345)<\/p>\n\n\n\n<p>El sue\u00f1o de los z\u00e1nganos &#8211; Concordia | Jueves 21 de agosto | 20:30 H La Cigarrera (San Lorenzo Este 206)<\/p>\n\n\n\n<p>Bit\u00e1cora &#8211; Ubajay | Jueves 21 de agosto 20.30 H | Biblioteca Popular Ubajay (Ceibal 10)<\/p>\n\n\n\n<p>Una poeta en parolas &#8211; Paran\u00e1 | Jueves 21 de agosto 21 H | La salita de Per\u00f3n (Pte. Per\u00f3n 648)<\/p>\n\n\n\n<p>Demiurgo &#8211; Rosario del Tala | Jueves 21 de agosto 21 H | Sala de Teatro M\u00f3nica Pesse (Centenario 66)<\/p>\n","protected":false},"excerpt":{"rendered":"<p>La Semana del Teatro es organizada por la Secretar\u00eda de Cultura de Entre R\u00edos y el Consejo Provincial de Teatro Independiente de Entre R\u00edos (ConTIER), con participaci\u00f3n de salas independientes de la provincia. Habr\u00e1 funciones de diversos g\u00e9neros y para distintas edades, que se realizar\u00e1n con entrada libre y gratuita. En los d\u00edas previos al [&hellip;]<\/p>\n","protected":false},"author":4,"featured_media":4006,"comment_status":"open","ping_status":"open","sticky":false,"template":"","format":"standard","meta":{"footnotes":""},"categories":[17],"tags":[],"class_list":{"0":"post-4005","1":"post","2":"type-post","3":"status-publish","4":"format-standard","5":"has-post-thumbnail","7":"category-provinciales"},"yoast_head":"<!-- This site is optimized with the Yoast SEO plugin v27.4 - https:\/\/yoast.com\/product\/yoast-seo-wordpress\/ -->\n<title>El Encuentro Entrerriano de Teatro tendr\u00e1 una previa federal con obras en distintas localidades - Diario del Sur<\/title>\n<meta name=\"robots\" content=\"index, follow, max-snippet:-1, max-image-preview:large, max-video-preview:-1\" \/>\n<link rel=\"canonical\" href=\"https:\/\/diariodelsurdigital.com.ar\/?p=4005\" \/>\n<meta property=\"og:locale\" content=\"es_ES\" \/>\n<meta property=\"og:type\" content=\"article\" \/>\n<meta property=\"og:title\" content=\"El Encuentro Entrerriano de Teatro tendr\u00e1 una previa federal con obras en distintas localidades - Diario del Sur\" \/>\n<meta property=\"og:description\" content=\"La Semana del Teatro es organizada por la Secretar\u00eda de Cultura de Entre R\u00edos y el Consejo Provincial de Teatro Independiente de Entre R\u00edos (ConTIER), con participaci\u00f3n de salas independientes de la provincia. Habr\u00e1 funciones de diversos g\u00e9neros y para distintas edades, que se realizar\u00e1n con entrada libre y gratuita. En los d\u00edas previos al [&hellip;]\" \/>\n<meta property=\"og:url\" content=\"https:\/\/diariodelsurdigital.com.ar\/?p=4005\" \/>\n<meta property=\"og:site_name\" content=\"Diario del Sur\" \/>\n<meta property=\"article:published_time\" content=\"2025-08-08T13:12:52+00:00\" \/>\n<meta property=\"article:modified_time\" content=\"2025-08-08T13:12:53+00:00\" \/>\n<meta property=\"og:image\" content=\"https:\/\/diariodelsurdigital.com.ar\/wp-content\/uploads\/2025\/08\/md-3.webp\" \/>\n\t<meta property=\"og:image:width\" content=\"992\" \/>\n\t<meta property=\"og:image:height\" content=\"598\" \/>\n\t<meta property=\"og:image:type\" content=\"image\/webp\" \/>\n<meta name=\"author\" content=\"Diario del Sur Digital\" \/>\n<meta name=\"twitter:card\" content=\"summary_large_image\" \/>\n<meta name=\"twitter:label1\" content=\"Escrito por\" \/>\n\t<meta name=\"twitter:data1\" content=\"Diario del Sur Digital\" \/>\n\t<meta name=\"twitter:label2\" content=\"Tiempo de lectura\" \/>\n\t<meta name=\"twitter:data2\" content=\"3 minutos\" \/>\n<script type=\"application\/ld+json\" class=\"yoast-schema-graph\">{\"@context\":\"https:\\\/\\\/schema.org\",\"@graph\":[{\"@type\":\"Article\",\"@id\":\"https:\\\/\\\/diariodelsurdigital.com.ar\\\/?p=4005#article\",\"isPartOf\":{\"@id\":\"https:\\\/\\\/diariodelsurdigital.com.ar\\\/?p=4005\"},\"author\":{\"name\":\"Diario del Sur Digital\",\"@id\":\"https:\\\/\\\/diariodelsurdigital.com.ar\\\/#\\\/schema\\\/person\\\/1a4992532ed62965c968031b49195c81\"},\"headline\":\"El Encuentro Entrerriano de Teatro tendr\u00e1 una previa federal con obras en distintas localidades\",\"datePublished\":\"2025-08-08T13:12:52+00:00\",\"dateModified\":\"2025-08-08T13:12:53+00:00\",\"mainEntityOfPage\":{\"@id\":\"https:\\\/\\\/diariodelsurdigital.com.ar\\\/?p=4005\"},\"wordCount\":390,\"commentCount\":0,\"image\":{\"@id\":\"https:\\\/\\\/diariodelsurdigital.com.ar\\\/?p=4005#primaryimage\"},\"thumbnailUrl\":\"https:\\\/\\\/diariodelsurdigital.com.ar\\\/wp-content\\\/uploads\\\/2025\\\/08\\\/md-3.webp\",\"articleSection\":[\"Provinciales\"],\"inLanguage\":\"es\",\"potentialAction\":[{\"@type\":\"CommentAction\",\"name\":\"Comment\",\"target\":[\"https:\\\/\\\/diariodelsurdigital.com.ar\\\/?p=4005#respond\"]}]},{\"@type\":\"WebPage\",\"@id\":\"https:\\\/\\\/diariodelsurdigital.com.ar\\\/?p=4005\",\"url\":\"https:\\\/\\\/diariodelsurdigital.com.ar\\\/?p=4005\",\"name\":\"El Encuentro Entrerriano de Teatro tendr\u00e1 una previa federal con obras en distintas localidades - Diario del Sur\",\"isPartOf\":{\"@id\":\"https:\\\/\\\/diariodelsurdigital.com.ar\\\/#website\"},\"primaryImageOfPage\":{\"@id\":\"https:\\\/\\\/diariodelsurdigital.com.ar\\\/?p=4005#primaryimage\"},\"image\":{\"@id\":\"https:\\\/\\\/diariodelsurdigital.com.ar\\\/?p=4005#primaryimage\"},\"thumbnailUrl\":\"https:\\\/\\\/diariodelsurdigital.com.ar\\\/wp-content\\\/uploads\\\/2025\\\/08\\\/md-3.webp\",\"datePublished\":\"2025-08-08T13:12:52+00:00\",\"dateModified\":\"2025-08-08T13:12:53+00:00\",\"author\":{\"@id\":\"https:\\\/\\\/diariodelsurdigital.com.ar\\\/#\\\/schema\\\/person\\\/1a4992532ed62965c968031b49195c81\"},\"breadcrumb\":{\"@id\":\"https:\\\/\\\/diariodelsurdigital.com.ar\\\/?p=4005#breadcrumb\"},\"inLanguage\":\"es\",\"potentialAction\":[{\"@type\":\"ReadAction\",\"target\":[\"https:\\\/\\\/diariodelsurdigital.com.ar\\\/?p=4005\"]}]},{\"@type\":\"ImageObject\",\"inLanguage\":\"es\",\"@id\":\"https:\\\/\\\/diariodelsurdigital.com.ar\\\/?p=4005#primaryimage\",\"url\":\"https:\\\/\\\/diariodelsurdigital.com.ar\\\/wp-content\\\/uploads\\\/2025\\\/08\\\/md-3.webp\",\"contentUrl\":\"https:\\\/\\\/diariodelsurdigital.com.ar\\\/wp-content\\\/uploads\\\/2025\\\/08\\\/md-3.webp\",\"width\":992,\"height\":598},{\"@type\":\"BreadcrumbList\",\"@id\":\"https:\\\/\\\/diariodelsurdigital.com.ar\\\/?p=4005#breadcrumb\",\"itemListElement\":[{\"@type\":\"ListItem\",\"position\":1,\"name\":\"Portada\",\"item\":\"https:\\\/\\\/diariodelsurdigital.com.ar\\\/\"},{\"@type\":\"ListItem\",\"position\":2,\"name\":\"El Encuentro Entrerriano de Teatro tendr\u00e1 una previa federal con obras en distintas localidades\"}]},{\"@type\":\"WebSite\",\"@id\":\"https:\\\/\\\/diariodelsurdigital.com.ar\\\/#website\",\"url\":\"https:\\\/\\\/diariodelsurdigital.com.ar\\\/\",\"name\":\"Diario del Sur\",\"description\":\"Digital\",\"potentialAction\":[{\"@type\":\"SearchAction\",\"target\":{\"@type\":\"EntryPoint\",\"urlTemplate\":\"https:\\\/\\\/diariodelsurdigital.com.ar\\\/?s={search_term_string}\"},\"query-input\":{\"@type\":\"PropertyValueSpecification\",\"valueRequired\":true,\"valueName\":\"search_term_string\"}}],\"inLanguage\":\"es\"},{\"@type\":\"Person\",\"@id\":\"https:\\\/\\\/diariodelsurdigital.com.ar\\\/#\\\/schema\\\/person\\\/1a4992532ed62965c968031b49195c81\",\"name\":\"Diario del Sur Digital\",\"image\":{\"@type\":\"ImageObject\",\"inLanguage\":\"es\",\"@id\":\"https:\\\/\\\/secure.gravatar.com\\\/avatar\\\/f0c7c47fc7146d19828273b9b8eda651c9c7ab583767e6338d3d3bee825adf76?s=96&d=mm&r=g\",\"url\":\"https:\\\/\\\/secure.gravatar.com\\\/avatar\\\/f0c7c47fc7146d19828273b9b8eda651c9c7ab583767e6338d3d3bee825adf76?s=96&d=mm&r=g\",\"contentUrl\":\"https:\\\/\\\/secure.gravatar.com\\\/avatar\\\/f0c7c47fc7146d19828273b9b8eda651c9c7ab583767e6338d3d3bee825adf76?s=96&d=mm&r=g\",\"caption\":\"Diario del Sur Digital\"},\"url\":\"https:\\\/\\\/diariodelsurdigital.com.ar\\\/?author=4\"}]}<\/script>\n<!-- \/ Yoast SEO plugin. -->","yoast_head_json":{"title":"El Encuentro Entrerriano de Teatro tendr\u00e1 una previa federal con obras en distintas localidades - Diario del Sur","robots":{"index":"index","follow":"follow","max-snippet":"max-snippet:-1","max-image-preview":"max-image-preview:large","max-video-preview":"max-video-preview:-1"},"canonical":"https:\/\/diariodelsurdigital.com.ar\/?p=4005","og_locale":"es_ES","og_type":"article","og_title":"El Encuentro Entrerriano de Teatro tendr\u00e1 una previa federal con obras en distintas localidades - Diario del Sur","og_description":"La Semana del Teatro es organizada por la Secretar\u00eda de Cultura de Entre R\u00edos y el Consejo Provincial de Teatro Independiente de Entre R\u00edos (ConTIER), con participaci\u00f3n de salas independientes de la provincia. Habr\u00e1 funciones de diversos g\u00e9neros y para distintas edades, que se realizar\u00e1n con entrada libre y gratuita. En los d\u00edas previos al [&hellip;]","og_url":"https:\/\/diariodelsurdigital.com.ar\/?p=4005","og_site_name":"Diario del Sur","article_published_time":"2025-08-08T13:12:52+00:00","article_modified_time":"2025-08-08T13:12:53+00:00","og_image":[{"width":992,"height":598,"url":"https:\/\/diariodelsurdigital.com.ar\/wp-content\/uploads\/2025\/08\/md-3.webp","type":"image\/webp"}],"author":"Diario del Sur Digital","twitter_card":"summary_large_image","twitter_misc":{"Escrito por":"Diario del Sur Digital","Tiempo de lectura":"3 minutos"},"schema":{"@context":"https:\/\/schema.org","@graph":[{"@type":"Article","@id":"https:\/\/diariodelsurdigital.com.ar\/?p=4005#article","isPartOf":{"@id":"https:\/\/diariodelsurdigital.com.ar\/?p=4005"},"author":{"name":"Diario del Sur Digital","@id":"https:\/\/diariodelsurdigital.com.ar\/#\/schema\/person\/1a4992532ed62965c968031b49195c81"},"headline":"El Encuentro Entrerriano de Teatro tendr\u00e1 una previa federal con obras en distintas localidades","datePublished":"2025-08-08T13:12:52+00:00","dateModified":"2025-08-08T13:12:53+00:00","mainEntityOfPage":{"@id":"https:\/\/diariodelsurdigital.com.ar\/?p=4005"},"wordCount":390,"commentCount":0,"image":{"@id":"https:\/\/diariodelsurdigital.com.ar\/?p=4005#primaryimage"},"thumbnailUrl":"https:\/\/diariodelsurdigital.com.ar\/wp-content\/uploads\/2025\/08\/md-3.webp","articleSection":["Provinciales"],"inLanguage":"es","potentialAction":[{"@type":"CommentAction","name":"Comment","target":["https:\/\/diariodelsurdigital.com.ar\/?p=4005#respond"]}]},{"@type":"WebPage","@id":"https:\/\/diariodelsurdigital.com.ar\/?p=4005","url":"https:\/\/diariodelsurdigital.com.ar\/?p=4005","name":"El Encuentro Entrerriano de Teatro tendr\u00e1 una previa federal con obras en distintas localidades - Diario del Sur","isPartOf":{"@id":"https:\/\/diariodelsurdigital.com.ar\/#website"},"primaryImageOfPage":{"@id":"https:\/\/diariodelsurdigital.com.ar\/?p=4005#primaryimage"},"image":{"@id":"https:\/\/diariodelsurdigital.com.ar\/?p=4005#primaryimage"},"thumbnailUrl":"https:\/\/diariodelsurdigital.com.ar\/wp-content\/uploads\/2025\/08\/md-3.webp","datePublished":"2025-08-08T13:12:52+00:00","dateModified":"2025-08-08T13:12:53+00:00","author":{"@id":"https:\/\/diariodelsurdigital.com.ar\/#\/schema\/person\/1a4992532ed62965c968031b49195c81"},"breadcrumb":{"@id":"https:\/\/diariodelsurdigital.com.ar\/?p=4005#breadcrumb"},"inLanguage":"es","potentialAction":[{"@type":"ReadAction","target":["https:\/\/diariodelsurdigital.com.ar\/?p=4005"]}]},{"@type":"ImageObject","inLanguage":"es","@id":"https:\/\/diariodelsurdigital.com.ar\/?p=4005#primaryimage","url":"https:\/\/diariodelsurdigital.com.ar\/wp-content\/uploads\/2025\/08\/md-3.webp","contentUrl":"https:\/\/diariodelsurdigital.com.ar\/wp-content\/uploads\/2025\/08\/md-3.webp","width":992,"height":598},{"@type":"BreadcrumbList","@id":"https:\/\/diariodelsurdigital.com.ar\/?p=4005#breadcrumb","itemListElement":[{"@type":"ListItem","position":1,"name":"Portada","item":"https:\/\/diariodelsurdigital.com.ar\/"},{"@type":"ListItem","position":2,"name":"El Encuentro Entrerriano de Teatro tendr\u00e1 una previa federal con obras en distintas localidades"}]},{"@type":"WebSite","@id":"https:\/\/diariodelsurdigital.com.ar\/#website","url":"https:\/\/diariodelsurdigital.com.ar\/","name":"Diario del Sur","description":"Digital","potentialAction":[{"@type":"SearchAction","target":{"@type":"EntryPoint","urlTemplate":"https:\/\/diariodelsurdigital.com.ar\/?s={search_term_string}"},"query-input":{"@type":"PropertyValueSpecification","valueRequired":true,"valueName":"search_term_string"}}],"inLanguage":"es"},{"@type":"Person","@id":"https:\/\/diariodelsurdigital.com.ar\/#\/schema\/person\/1a4992532ed62965c968031b49195c81","name":"Diario del Sur Digital","image":{"@type":"ImageObject","inLanguage":"es","@id":"https:\/\/secure.gravatar.com\/avatar\/f0c7c47fc7146d19828273b9b8eda651c9c7ab583767e6338d3d3bee825adf76?s=96&d=mm&r=g","url":"https:\/\/secure.gravatar.com\/avatar\/f0c7c47fc7146d19828273b9b8eda651c9c7ab583767e6338d3d3bee825adf76?s=96&d=mm&r=g","contentUrl":"https:\/\/secure.gravatar.com\/avatar\/f0c7c47fc7146d19828273b9b8eda651c9c7ab583767e6338d3d3bee825adf76?s=96&d=mm&r=g","caption":"Diario del Sur Digital"},"url":"https:\/\/diariodelsurdigital.com.ar\/?author=4"}]}},"_links":{"self":[{"href":"https:\/\/diariodelsurdigital.com.ar\/index.php?rest_route=\/wp\/v2\/posts\/4005","targetHints":{"allow":["GET"]}}],"collection":[{"href":"https:\/\/diariodelsurdigital.com.ar\/index.php?rest_route=\/wp\/v2\/posts"}],"about":[{"href":"https:\/\/diariodelsurdigital.com.ar\/index.php?rest_route=\/wp\/v2\/types\/post"}],"author":[{"embeddable":true,"href":"https:\/\/diariodelsurdigital.com.ar\/index.php?rest_route=\/wp\/v2\/users\/4"}],"replies":[{"embeddable":true,"href":"https:\/\/diariodelsurdigital.com.ar\/index.php?rest_route=%2Fwp%2Fv2%2Fcomments&post=4005"}],"version-history":[{"count":1,"href":"https:\/\/diariodelsurdigital.com.ar\/index.php?rest_route=\/wp\/v2\/posts\/4005\/revisions"}],"predecessor-version":[{"id":4007,"href":"https:\/\/diariodelsurdigital.com.ar\/index.php?rest_route=\/wp\/v2\/posts\/4005\/revisions\/4007"}],"wp:featuredmedia":[{"embeddable":true,"href":"https:\/\/diariodelsurdigital.com.ar\/index.php?rest_route=\/wp\/v2\/media\/4006"}],"wp:attachment":[{"href":"https:\/\/diariodelsurdigital.com.ar\/index.php?rest_route=%2Fwp%2Fv2%2Fmedia&parent=4005"}],"wp:term":[{"taxonomy":"category","embeddable":true,"href":"https:\/\/diariodelsurdigital.com.ar\/index.php?rest_route=%2Fwp%2Fv2%2Fcategories&post=4005"},{"taxonomy":"post_tag","embeddable":true,"href":"https:\/\/diariodelsurdigital.com.ar\/index.php?rest_route=%2Fwp%2Fv2%2Ftags&post=4005"}],"curies":[{"name":"wp","href":"https:\/\/api.w.org\/{rel}","templated":true}]}}