{"id":4008,"date":"2025-08-08T10:15:50","date_gmt":"2025-08-08T13:15:50","guid":{"rendered":"https:\/\/diariodelsurdigital.com.ar\/?p=4008"},"modified":"2025-08-08T10:15:52","modified_gmt":"2025-08-08T13:15:52","slug":"la-onu-exigio-detener-de-inmediato-el-plan-de-ocupacion-militar-de-gaza-aprobado-por-israel","status":"publish","type":"post","link":"https:\/\/diariodelsurdigital.com.ar\/?p=4008","title":{"rendered":"La ONU exigi\u00f3 detener de inmediato el plan de ocupaci\u00f3n militar de Gaza aprobado por Israel"},"content":{"rendered":"\n<p>La decisi\u00f3n del ejecutivo israel\u00ed se produce en medio de divisiones pol\u00edticas internas, reclamos internacionales y una situaci\u00f3n humanitaria cr\u00edtica para los m\u00e1s de dos millones de habitantes de la Franja de Gaza.<\/p>\n\n\n\n<p>Israel anunci\u00f3 este viernes una nueva fase en su ofensiva en la Franja de Gaza con la aprobaci\u00f3n, por parte del Gabinete de Seguridad, de un plan militar que contempla la toma de control total del principal centro urbano del enclave por parte de las Fuerzas de Defensa. La medida, impulsada por el primer ministro, Benjamin Netanyahu, forma parte de una estrategia que busca, seg\u00fan su oficina, la derrota de Hamas, el retorno de los rehenes y el establecimiento de una administraci\u00f3n civil alternativa, sin participaci\u00f3n del grupo terrorista ni de la Autoridad Palestina.<\/p>\n\n\n\n<p>Netanyahu afirm\u00f3 que Israel no desea mantener el control permanente del enclave, sino establecer un \u201cper\u00edmetro de seguridad\u201d y transferir la administraci\u00f3n a fuerzas \u00e1rabes que no representen una amenaza. \u201cEso no es posible con Hamas\u201d, dijo en una entrevista con Fox News, dejando claro que su gobierno descarta cualquier futuro pol\u00edtico para el grupo islamista.<\/p>\n\n\n\n<p>El plan se impone frente a una propuesta rechazada internamente que, seg\u00fan medios israel\u00edes, fue impulsada por el jefe del Estado Mayor, Eyal Zamir, quien se habr\u00eda opuesto a una ocupaci\u00f3n total de Gaza por el alto riesgo para los rehenes y la poblaci\u00f3n civil.<\/p>\n\n\n\n<p>En Gaza, la poblaci\u00f3n civil enfrenta condiciones cada vez m\u00e1s cr\u00edticas. Seg\u00fan la Organizaci\u00f3n Mundial de la Salud, al menos 99 personas han muerto este a\u00f1o por causas relacionadas con la malnutrici\u00f3n, aunque se estima que la cifra real es mayor. El acceso a la ayuda humanitaria sigue siendo limitado: la ONU calcula que se necesitan 600 camiones diarios para cubrir las necesidades b\u00e1sicas de los 2,2 millones de habitantes del enclave, pero actualmente solo ingresan entre 70 y 80 camiones con cargas restringidas, public\u00f3 Infobae.<\/p>\n","protected":false},"excerpt":{"rendered":"<p>La decisi\u00f3n del ejecutivo israel\u00ed se produce en medio de divisiones pol\u00edticas internas, reclamos internacionales y una situaci\u00f3n humanitaria cr\u00edtica para los m\u00e1s de dos millones de habitantes de la Franja de Gaza. Israel anunci\u00f3 este viernes una nueva fase en su ofensiva en la Franja de Gaza con la aprobaci\u00f3n, por parte del Gabinete [&hellip;]<\/p>\n","protected":false},"author":4,"featured_media":4009,"comment_status":"open","ping_status":"open","sticky":false,"template":"","format":"standard","meta":{"footnotes":""},"categories":[20],"tags":[],"class_list":{"0":"post-4008","1":"post","2":"type-post","3":"status-publish","4":"format-standard","5":"has-post-thumbnail","7":"category-internacionales"},"yoast_head":"<!-- This site is optimized with the Yoast SEO plugin v27.4 - https:\/\/yoast.com\/product\/yoast-seo-wordpress\/ -->\n<title>La ONU exigi\u00f3 detener de inmediato el plan de ocupaci\u00f3n militar de Gaza aprobado por Israel - Diario del Sur<\/title>\n<meta name=\"robots\" content=\"index, follow, max-snippet:-1, max-image-preview:large, max-video-preview:-1\" \/>\n<link rel=\"canonical\" href=\"https:\/\/diariodelsurdigital.com.ar\/?p=4008\" \/>\n<meta property=\"og:locale\" content=\"es_ES\" \/>\n<meta property=\"og:type\" content=\"article\" \/>\n<meta property=\"og:title\" content=\"La ONU exigi\u00f3 detener de inmediato el plan de ocupaci\u00f3n militar de Gaza aprobado por Israel - Diario del Sur\" \/>\n<meta property=\"og:description\" content=\"La decisi\u00f3n del ejecutivo israel\u00ed se produce en medio de divisiones pol\u00edticas internas, reclamos internacionales y una situaci\u00f3n humanitaria cr\u00edtica para los m\u00e1s de dos millones de habitantes de la Franja de Gaza. Israel anunci\u00f3 este viernes una nueva fase en su ofensiva en la Franja de Gaza con la aprobaci\u00f3n, por parte del Gabinete [&hellip;]\" \/>\n<meta property=\"og:url\" content=\"https:\/\/diariodelsurdigital.com.ar\/?p=4008\" \/>\n<meta property=\"og:site_name\" content=\"Diario del Sur\" \/>\n<meta property=\"article:published_time\" content=\"2025-08-08T13:15:50+00:00\" \/>\n<meta property=\"article:modified_time\" content=\"2025-08-08T13:15:52+00:00\" \/>\n<meta property=\"og:image\" content=\"https:\/\/diariodelsurdigital.com.ar\/wp-content\/uploads\/2025\/08\/md-4.webp\" \/>\n\t<meta property=\"og:image:width\" content=\"992\" \/>\n\t<meta property=\"og:image:height\" content=\"557\" \/>\n\t<meta property=\"og:image:type\" content=\"image\/webp\" \/>\n<meta name=\"author\" content=\"Diario del Sur Digital\" \/>\n<meta name=\"twitter:card\" content=\"summary_large_image\" \/>\n<meta name=\"twitter:label1\" content=\"Escrito por\" \/>\n\t<meta name=\"twitter:data1\" content=\"Diario del Sur Digital\" \/>\n\t<meta name=\"twitter:label2\" content=\"Tiempo de lectura\" \/>\n\t<meta name=\"twitter:data2\" content=\"2 minutos\" \/>\n<script type=\"application\/ld+json\" class=\"yoast-schema-graph\">{\"@context\":\"https:\\\/\\\/schema.org\",\"@graph\":[{\"@type\":\"Article\",\"@id\":\"https:\\\/\\\/diariodelsurdigital.com.ar\\\/?p=4008#article\",\"isPartOf\":{\"@id\":\"https:\\\/\\\/diariodelsurdigital.com.ar\\\/?p=4008\"},\"author\":{\"name\":\"Diario del Sur Digital\",\"@id\":\"https:\\\/\\\/diariodelsurdigital.com.ar\\\/#\\\/schema\\\/person\\\/1a4992532ed62965c968031b49195c81\"},\"headline\":\"La ONU exigi\u00f3 detener de inmediato el plan de ocupaci\u00f3n militar de Gaza aprobado por Israel\",\"datePublished\":\"2025-08-08T13:15:50+00:00\",\"dateModified\":\"2025-08-08T13:15:52+00:00\",\"mainEntityOfPage\":{\"@id\":\"https:\\\/\\\/diariodelsurdigital.com.ar\\\/?p=4008\"},\"wordCount\":351,\"commentCount\":0,\"image\":{\"@id\":\"https:\\\/\\\/diariodelsurdigital.com.ar\\\/?p=4008#primaryimage\"},\"thumbnailUrl\":\"https:\\\/\\\/diariodelsurdigital.com.ar\\\/wp-content\\\/uploads\\\/2025\\\/08\\\/md-4.webp\",\"articleSection\":[\"Internacionales\"],\"inLanguage\":\"es\",\"potentialAction\":[{\"@type\":\"CommentAction\",\"name\":\"Comment\",\"target\":[\"https:\\\/\\\/diariodelsurdigital.com.ar\\\/?p=4008#respond\"]}]},{\"@type\":\"WebPage\",\"@id\":\"https:\\\/\\\/diariodelsurdigital.com.ar\\\/?p=4008\",\"url\":\"https:\\\/\\\/diariodelsurdigital.com.ar\\\/?p=4008\",\"name\":\"La ONU exigi\u00f3 detener de inmediato el plan de ocupaci\u00f3n militar de Gaza aprobado por Israel - Diario del Sur\",\"isPartOf\":{\"@id\":\"https:\\\/\\\/diariodelsurdigital.com.ar\\\/#website\"},\"primaryImageOfPage\":{\"@id\":\"https:\\\/\\\/diariodelsurdigital.com.ar\\\/?p=4008#primaryimage\"},\"image\":{\"@id\":\"https:\\\/\\\/diariodelsurdigital.com.ar\\\/?p=4008#primaryimage\"},\"thumbnailUrl\":\"https:\\\/\\\/diariodelsurdigital.com.ar\\\/wp-content\\\/uploads\\\/2025\\\/08\\\/md-4.webp\",\"datePublished\":\"2025-08-08T13:15:50+00:00\",\"dateModified\":\"2025-08-08T13:15:52+00:00\",\"author\":{\"@id\":\"https:\\\/\\\/diariodelsurdigital.com.ar\\\/#\\\/schema\\\/person\\\/1a4992532ed62965c968031b49195c81\"},\"breadcrumb\":{\"@id\":\"https:\\\/\\\/diariodelsurdigital.com.ar\\\/?p=4008#breadcrumb\"},\"inLanguage\":\"es\",\"potentialAction\":[{\"@type\":\"ReadAction\",\"target\":[\"https:\\\/\\\/diariodelsurdigital.com.ar\\\/?p=4008\"]}]},{\"@type\":\"ImageObject\",\"inLanguage\":\"es\",\"@id\":\"https:\\\/\\\/diariodelsurdigital.com.ar\\\/?p=4008#primaryimage\",\"url\":\"https:\\\/\\\/diariodelsurdigital.com.ar\\\/wp-content\\\/uploads\\\/2025\\\/08\\\/md-4.webp\",\"contentUrl\":\"https:\\\/\\\/diariodelsurdigital.com.ar\\\/wp-content\\\/uploads\\\/2025\\\/08\\\/md-4.webp\",\"width\":992,\"height\":557},{\"@type\":\"BreadcrumbList\",\"@id\":\"https:\\\/\\\/diariodelsurdigital.com.ar\\\/?p=4008#breadcrumb\",\"itemListElement\":[{\"@type\":\"ListItem\",\"position\":1,\"name\":\"Portada\",\"item\":\"https:\\\/\\\/diariodelsurdigital.com.ar\\\/\"},{\"@type\":\"ListItem\",\"position\":2,\"name\":\"La ONU exigi\u00f3 detener de inmediato el plan de ocupaci\u00f3n militar de Gaza aprobado por Israel\"}]},{\"@type\":\"WebSite\",\"@id\":\"https:\\\/\\\/diariodelsurdigital.com.ar\\\/#website\",\"url\":\"https:\\\/\\\/diariodelsurdigital.com.ar\\\/\",\"name\":\"Diario del Sur\",\"description\":\"Digital\",\"potentialAction\":[{\"@type\":\"SearchAction\",\"target\":{\"@type\":\"EntryPoint\",\"urlTemplate\":\"https:\\\/\\\/diariodelsurdigital.com.ar\\\/?s={search_term_string}\"},\"query-input\":{\"@type\":\"PropertyValueSpecification\",\"valueRequired\":true,\"valueName\":\"search_term_string\"}}],\"inLanguage\":\"es\"},{\"@type\":\"Person\",\"@id\":\"https:\\\/\\\/diariodelsurdigital.com.ar\\\/#\\\/schema\\\/person\\\/1a4992532ed62965c968031b49195c81\",\"name\":\"Diario del Sur Digital\",\"image\":{\"@type\":\"ImageObject\",\"inLanguage\":\"es\",\"@id\":\"https:\\\/\\\/secure.gravatar.com\\\/avatar\\\/f0c7c47fc7146d19828273b9b8eda651c9c7ab583767e6338d3d3bee825adf76?s=96&d=mm&r=g\",\"url\":\"https:\\\/\\\/secure.gravatar.com\\\/avatar\\\/f0c7c47fc7146d19828273b9b8eda651c9c7ab583767e6338d3d3bee825adf76?s=96&d=mm&r=g\",\"contentUrl\":\"https:\\\/\\\/secure.gravatar.com\\\/avatar\\\/f0c7c47fc7146d19828273b9b8eda651c9c7ab583767e6338d3d3bee825adf76?s=96&d=mm&r=g\",\"caption\":\"Diario del Sur Digital\"},\"url\":\"https:\\\/\\\/diariodelsurdigital.com.ar\\\/?author=4\"}]}<\/script>\n<!-- \/ Yoast SEO plugin. -->","yoast_head_json":{"title":"La ONU exigi\u00f3 detener de inmediato el plan de ocupaci\u00f3n militar de Gaza aprobado por Israel - Diario del Sur","robots":{"index":"index","follow":"follow","max-snippet":"max-snippet:-1","max-image-preview":"max-image-preview:large","max-video-preview":"max-video-preview:-1"},"canonical":"https:\/\/diariodelsurdigital.com.ar\/?p=4008","og_locale":"es_ES","og_type":"article","og_title":"La ONU exigi\u00f3 detener de inmediato el plan de ocupaci\u00f3n militar de Gaza aprobado por Israel - Diario del Sur","og_description":"La decisi\u00f3n del ejecutivo israel\u00ed se produce en medio de divisiones pol\u00edticas internas, reclamos internacionales y una situaci\u00f3n humanitaria cr\u00edtica para los m\u00e1s de dos millones de habitantes de la Franja de Gaza. Israel anunci\u00f3 este viernes una nueva fase en su ofensiva en la Franja de Gaza con la aprobaci\u00f3n, por parte del Gabinete [&hellip;]","og_url":"https:\/\/diariodelsurdigital.com.ar\/?p=4008","og_site_name":"Diario del Sur","article_published_time":"2025-08-08T13:15:50+00:00","article_modified_time":"2025-08-08T13:15:52+00:00","og_image":[{"width":992,"height":557,"url":"https:\/\/diariodelsurdigital.com.ar\/wp-content\/uploads\/2025\/08\/md-4.webp","type":"image\/webp"}],"author":"Diario del Sur Digital","twitter_card":"summary_large_image","twitter_misc":{"Escrito por":"Diario del Sur Digital","Tiempo de lectura":"2 minutos"},"schema":{"@context":"https:\/\/schema.org","@graph":[{"@type":"Article","@id":"https:\/\/diariodelsurdigital.com.ar\/?p=4008#article","isPartOf":{"@id":"https:\/\/diariodelsurdigital.com.ar\/?p=4008"},"author":{"name":"Diario del Sur Digital","@id":"https:\/\/diariodelsurdigital.com.ar\/#\/schema\/person\/1a4992532ed62965c968031b49195c81"},"headline":"La ONU exigi\u00f3 detener de inmediato el plan de ocupaci\u00f3n militar de Gaza aprobado por Israel","datePublished":"2025-08-08T13:15:50+00:00","dateModified":"2025-08-08T13:15:52+00:00","mainEntityOfPage":{"@id":"https:\/\/diariodelsurdigital.com.ar\/?p=4008"},"wordCount":351,"commentCount":0,"image":{"@id":"https:\/\/diariodelsurdigital.com.ar\/?p=4008#primaryimage"},"thumbnailUrl":"https:\/\/diariodelsurdigital.com.ar\/wp-content\/uploads\/2025\/08\/md-4.webp","articleSection":["Internacionales"],"inLanguage":"es","potentialAction":[{"@type":"CommentAction","name":"Comment","target":["https:\/\/diariodelsurdigital.com.ar\/?p=4008#respond"]}]},{"@type":"WebPage","@id":"https:\/\/diariodelsurdigital.com.ar\/?p=4008","url":"https:\/\/diariodelsurdigital.com.ar\/?p=4008","name":"La ONU exigi\u00f3 detener de inmediato el plan de ocupaci\u00f3n militar de Gaza aprobado por Israel - Diario del Sur","isPartOf":{"@id":"https:\/\/diariodelsurdigital.com.ar\/#website"},"primaryImageOfPage":{"@id":"https:\/\/diariodelsurdigital.com.ar\/?p=4008#primaryimage"},"image":{"@id":"https:\/\/diariodelsurdigital.com.ar\/?p=4008#primaryimage"},"thumbnailUrl":"https:\/\/diariodelsurdigital.com.ar\/wp-content\/uploads\/2025\/08\/md-4.webp","datePublished":"2025-08-08T13:15:50+00:00","dateModified":"2025-08-08T13:15:52+00:00","author":{"@id":"https:\/\/diariodelsurdigital.com.ar\/#\/schema\/person\/1a4992532ed62965c968031b49195c81"},"breadcrumb":{"@id":"https:\/\/diariodelsurdigital.com.ar\/?p=4008#breadcrumb"},"inLanguage":"es","potentialAction":[{"@type":"ReadAction","target":["https:\/\/diariodelsurdigital.com.ar\/?p=4008"]}]},{"@type":"ImageObject","inLanguage":"es","@id":"https:\/\/diariodelsurdigital.com.ar\/?p=4008#primaryimage","url":"https:\/\/diariodelsurdigital.com.ar\/wp-content\/uploads\/2025\/08\/md-4.webp","contentUrl":"https:\/\/diariodelsurdigital.com.ar\/wp-content\/uploads\/2025\/08\/md-4.webp","width":992,"height":557},{"@type":"BreadcrumbList","@id":"https:\/\/diariodelsurdigital.com.ar\/?p=4008#breadcrumb","itemListElement":[{"@type":"ListItem","position":1,"name":"Portada","item":"https:\/\/diariodelsurdigital.com.ar\/"},{"@type":"ListItem","position":2,"name":"La ONU exigi\u00f3 detener de inmediato el plan de ocupaci\u00f3n militar de Gaza aprobado por Israel"}]},{"@type":"WebSite","@id":"https:\/\/diariodelsurdigital.com.ar\/#website","url":"https:\/\/diariodelsurdigital.com.ar\/","name":"Diario del Sur","description":"Digital","potentialAction":[{"@type":"SearchAction","target":{"@type":"EntryPoint","urlTemplate":"https:\/\/diariodelsurdigital.com.ar\/?s={search_term_string}"},"query-input":{"@type":"PropertyValueSpecification","valueRequired":true,"valueName":"search_term_string"}}],"inLanguage":"es"},{"@type":"Person","@id":"https:\/\/diariodelsurdigital.com.ar\/#\/schema\/person\/1a4992532ed62965c968031b49195c81","name":"Diario del Sur Digital","image":{"@type":"ImageObject","inLanguage":"es","@id":"https:\/\/secure.gravatar.com\/avatar\/f0c7c47fc7146d19828273b9b8eda651c9c7ab583767e6338d3d3bee825adf76?s=96&d=mm&r=g","url":"https:\/\/secure.gravatar.com\/avatar\/f0c7c47fc7146d19828273b9b8eda651c9c7ab583767e6338d3d3bee825adf76?s=96&d=mm&r=g","contentUrl":"https:\/\/secure.gravatar.com\/avatar\/f0c7c47fc7146d19828273b9b8eda651c9c7ab583767e6338d3d3bee825adf76?s=96&d=mm&r=g","caption":"Diario del Sur Digital"},"url":"https:\/\/diariodelsurdigital.com.ar\/?author=4"}]}},"_links":{"self":[{"href":"https:\/\/diariodelsurdigital.com.ar\/index.php?rest_route=\/wp\/v2\/posts\/4008","targetHints":{"allow":["GET"]}}],"collection":[{"href":"https:\/\/diariodelsurdigital.com.ar\/index.php?rest_route=\/wp\/v2\/posts"}],"about":[{"href":"https:\/\/diariodelsurdigital.com.ar\/index.php?rest_route=\/wp\/v2\/types\/post"}],"author":[{"embeddable":true,"href":"https:\/\/diariodelsurdigital.com.ar\/index.php?rest_route=\/wp\/v2\/users\/4"}],"replies":[{"embeddable":true,"href":"https:\/\/diariodelsurdigital.com.ar\/index.php?rest_route=%2Fwp%2Fv2%2Fcomments&post=4008"}],"version-history":[{"count":1,"href":"https:\/\/diariodelsurdigital.com.ar\/index.php?rest_route=\/wp\/v2\/posts\/4008\/revisions"}],"predecessor-version":[{"id":4010,"href":"https:\/\/diariodelsurdigital.com.ar\/index.php?rest_route=\/wp\/v2\/posts\/4008\/revisions\/4010"}],"wp:featuredmedia":[{"embeddable":true,"href":"https:\/\/diariodelsurdigital.com.ar\/index.php?rest_route=\/wp\/v2\/media\/4009"}],"wp:attachment":[{"href":"https:\/\/diariodelsurdigital.com.ar\/index.php?rest_route=%2Fwp%2Fv2%2Fmedia&parent=4008"}],"wp:term":[{"taxonomy":"category","embeddable":true,"href":"https:\/\/diariodelsurdigital.com.ar\/index.php?rest_route=%2Fwp%2Fv2%2Fcategories&post=4008"},{"taxonomy":"post_tag","embeddable":true,"href":"https:\/\/diariodelsurdigital.com.ar\/index.php?rest_route=%2Fwp%2Fv2%2Ftags&post=4008"}],"curies":[{"name":"wp","href":"https:\/\/api.w.org\/{rel}","templated":true}]}}