{"id":4011,"date":"2025-08-08T10:19:25","date_gmt":"2025-08-08T13:19:25","guid":{"rendered":"https:\/\/diariodelsurdigital.com.ar\/?p=4011"},"modified":"2025-08-08T10:19:26","modified_gmt":"2025-08-08T13:19:26","slug":"diana-mondino-hablo-de-milei-y-el-caso-libra-o-no-es-muy-inteligente-o-es-una-especie-de-corrupto","status":"publish","type":"post","link":"https:\/\/diariodelsurdigital.com.ar\/?p=4011","title":{"rendered":"Diana Mondino habl\u00f3 de Milei y el caso $LIBRA: \u00abO no es muy inteligente o es una especie de corrupto\u00bb"},"content":{"rendered":"\n<p>La excanciller Diana Mondino reapareci\u00f3 este jueves y cuestion\u00f3 al presidente Javier Milei por su papel en el criptoesc\u00e1ndalo de $LIBRA. En una entrevista para un medio extranjero especul\u00f3 con las razones del posteo del mandatario: \u00abo no es muy inteligente o es una especie de corrupto\u00bb.<\/p>\n\n\n\n<p>\u00abNo deber\u00eda haberlo publicado\u00bb, afirm\u00f3 Mondino durante una entrevista de la cadena de noticias Al Jazeera donde, entre otros temas, le preguntaron si el Presidente deber\u00eda haber publicado sobre $LIBRA.<\/p>\n\n\n\n<p>Mondino, apartada del Gobierno tras una votaci\u00f3n de Argentina en la ONU que conden\u00f3 el bloqueo econ\u00f3mico a Cuba, no s\u00f3lo cuestion\u00f3 al Presidente sino que dej\u00f3 abierta la posibilidad de que supiera la estafa que significar\u00eda el lanzamiento de $LIBRA. Tras plantear las dos posibilidades, \u00abno muy inteligente o corrupto\u00bb, afirm\u00f3 no saber cu\u00e1l de las dos opciones es la correcta.<\/p>\n\n\n\n<p>Luego ensay\u00f3 una respuesta sobre por qu\u00e9 lo hizo. \u00abCreo que alguien le cont\u00f3 de ello, \u00e9l pens\u00f3 que era una buena idea. As\u00ed que hay dos posibilidades: o no es muy inteligente o es una especie de corrupto\u00bb, evalu\u00f3. Ante la sorpresa del entrevistador, Mondino prefiri\u00f3 no responder: \u00abt\u00fa eliges. Yo no s\u00e9\u00bb.<\/p>\n\n\n\n<p>No lleg\u00f3 a denominarlo como \u00abcorrupto\u00bb, pero tampoco lo neg\u00f3. \u00abEspero que no\u00bb, dijo ante la consulta de si era un \u00abpresidente corrupto\u00bb. Si llegar\u00e1 a serlo \u00abtendr\u00e1 que ir a la c\u00e1rcel\u00bb, sostuvo.<\/p>\n\n\n\n<p>Despu\u00e9s intent\u00f3 corregirse y negar haber afirmado que Milei podr\u00eda ser responsable de la posible estafa en el caso $LIBRA. Se escud\u00f3 ante la imposibilidad de saber sobre ese tema. Al finalizar defendi\u00f3 las pol\u00edticas econ\u00f3micas del Gobierno y afirm\u00f3 que \u00abArgentina est\u00e1 ante una gran oportunidad\u00bb. \u00abNo la desperdiciemos\u00bb, pidi\u00f3, inform\u00f3 \u00c1mbito.<\/p>\n\n\n\n<p>Se trata de la respuesta brindada por el organismo al requerimiento del fiscal federal Eduardo Taiano sobre el enigm\u00e1tico personaje que no figura en Migraciones. No existen registros de ingresos y egresos al pa\u00eds, por lo que Taiano hab\u00eda pedido a Interpol informaci\u00f3n sobre Peh.<\/p>\n\n\n\n<p>La respuesta de Interpol Singapur lleg\u00f3 a la justicia argentina y es negativa, ya que inform\u00f3 que no hay registro con ese nombre en el pa\u00eds asi\u00e1tico, informaron fuentes judiciales.<\/p>\n\n\n\n<p>Peh estuvo en la Argentina en octubre del a\u00f1o pasado, se reuni\u00f3 con el presidente Javier Milei pero no figuran ingresos ni egresos en Migraciones.<\/p>\n\n\n\n<p>El fiscal Taiano hab\u00eda requerido colaboraci\u00f3n a la embajada de la Rep\u00fablica de Singapur en la Argentina, y al Departamento Interpol a fin de que proporcionen los datos de identificaci\u00f3n de Julian Peh, el CEO de Kip Protocol, la empresa que gener\u00f3 $LIBRA, la criptomoneda promocionada por el presidente Javier Milei el 14 de febrero pasado.<\/p>\n","protected":false},"excerpt":{"rendered":"<p>La excanciller Diana Mondino reapareci\u00f3 este jueves y cuestion\u00f3 al presidente Javier Milei por su papel en el criptoesc\u00e1ndalo de $LIBRA. En una entrevista para un medio extranjero especul\u00f3 con las razones del posteo del mandatario: \u00abo no es muy inteligente o es una especie de corrupto\u00bb. \u00abNo deber\u00eda haberlo publicado\u00bb, afirm\u00f3 Mondino durante una [&hellip;]<\/p>\n","protected":false},"author":4,"featured_media":4012,"comment_status":"open","ping_status":"open","sticky":false,"template":"","format":"standard","meta":{"footnotes":""},"categories":[22],"tags":[],"class_list":{"0":"post-4011","1":"post","2":"type-post","3":"status-publish","4":"format-standard","5":"has-post-thumbnail","7":"category-politica"},"yoast_head":"<!-- This site is optimized with the Yoast SEO plugin v27.4 - https:\/\/yoast.com\/product\/yoast-seo-wordpress\/ -->\n<title>Diana Mondino habl\u00f3 de Milei y el caso $LIBRA: &quot;O no es muy inteligente o es una especie de corrupto&quot; - Diario del Sur<\/title>\n<meta name=\"robots\" content=\"index, follow, max-snippet:-1, max-image-preview:large, max-video-preview:-1\" \/>\n<link rel=\"canonical\" href=\"https:\/\/diariodelsurdigital.com.ar\/?p=4011\" \/>\n<meta property=\"og:locale\" content=\"es_ES\" \/>\n<meta property=\"og:type\" content=\"article\" \/>\n<meta property=\"og:title\" content=\"Diana Mondino habl\u00f3 de Milei y el caso $LIBRA: &quot;O no es muy inteligente o es una especie de corrupto&quot; - Diario del Sur\" \/>\n<meta property=\"og:description\" content=\"La excanciller Diana Mondino reapareci\u00f3 este jueves y cuestion\u00f3 al presidente Javier Milei por su papel en el criptoesc\u00e1ndalo de $LIBRA. En una entrevista para un medio extranjero especul\u00f3 con las razones del posteo del mandatario: \u00abo no es muy inteligente o es una especie de corrupto\u00bb. \u00abNo deber\u00eda haberlo publicado\u00bb, afirm\u00f3 Mondino durante una [&hellip;]\" \/>\n<meta property=\"og:url\" content=\"https:\/\/diariodelsurdigital.com.ar\/?p=4011\" \/>\n<meta property=\"og:site_name\" content=\"Diario del Sur\" \/>\n<meta property=\"article:published_time\" content=\"2025-08-08T13:19:25+00:00\" \/>\n<meta property=\"article:modified_time\" content=\"2025-08-08T13:19:26+00:00\" \/>\n<meta property=\"og:image\" content=\"https:\/\/diariodelsurdigital.com.ar\/wp-content\/uploads\/2025\/08\/md-5.webp\" \/>\n\t<meta property=\"og:image:width\" content=\"992\" \/>\n\t<meta property=\"og:image:height\" content=\"554\" \/>\n\t<meta property=\"og:image:type\" content=\"image\/webp\" \/>\n<meta name=\"author\" content=\"Diario del Sur Digital\" \/>\n<meta name=\"twitter:card\" content=\"summary_large_image\" \/>\n<meta name=\"twitter:label1\" content=\"Escrito por\" \/>\n\t<meta name=\"twitter:data1\" content=\"Diario del Sur Digital\" \/>\n\t<meta name=\"twitter:label2\" content=\"Tiempo de lectura\" \/>\n\t<meta name=\"twitter:data2\" content=\"3 minutos\" \/>\n<script type=\"application\/ld+json\" class=\"yoast-schema-graph\">{\"@context\":\"https:\\\/\\\/schema.org\",\"@graph\":[{\"@type\":\"Article\",\"@id\":\"https:\\\/\\\/diariodelsurdigital.com.ar\\\/?p=4011#article\",\"isPartOf\":{\"@id\":\"https:\\\/\\\/diariodelsurdigital.com.ar\\\/?p=4011\"},\"author\":{\"name\":\"Diario del Sur Digital\",\"@id\":\"https:\\\/\\\/diariodelsurdigital.com.ar\\\/#\\\/schema\\\/person\\\/1a4992532ed62965c968031b49195c81\"},\"headline\":\"Diana Mondino habl\u00f3 de Milei y el caso $LIBRA: \u00abO no es muy inteligente o es una especie de corrupto\u00bb\",\"datePublished\":\"2025-08-08T13:19:25+00:00\",\"dateModified\":\"2025-08-08T13:19:26+00:00\",\"mainEntityOfPage\":{\"@id\":\"https:\\\/\\\/diariodelsurdigital.com.ar\\\/?p=4011\"},\"wordCount\":479,\"commentCount\":0,\"image\":{\"@id\":\"https:\\\/\\\/diariodelsurdigital.com.ar\\\/?p=4011#primaryimage\"},\"thumbnailUrl\":\"https:\\\/\\\/diariodelsurdigital.com.ar\\\/wp-content\\\/uploads\\\/2025\\\/08\\\/md-5.webp\",\"articleSection\":[\"Pol\u00edtica\"],\"inLanguage\":\"es\",\"potentialAction\":[{\"@type\":\"CommentAction\",\"name\":\"Comment\",\"target\":[\"https:\\\/\\\/diariodelsurdigital.com.ar\\\/?p=4011#respond\"]}]},{\"@type\":\"WebPage\",\"@id\":\"https:\\\/\\\/diariodelsurdigital.com.ar\\\/?p=4011\",\"url\":\"https:\\\/\\\/diariodelsurdigital.com.ar\\\/?p=4011\",\"name\":\"Diana Mondino habl\u00f3 de Milei y el caso $LIBRA: \\\"O no es muy inteligente o es una especie de corrupto\\\" - Diario del Sur\",\"isPartOf\":{\"@id\":\"https:\\\/\\\/diariodelsurdigital.com.ar\\\/#website\"},\"primaryImageOfPage\":{\"@id\":\"https:\\\/\\\/diariodelsurdigital.com.ar\\\/?p=4011#primaryimage\"},\"image\":{\"@id\":\"https:\\\/\\\/diariodelsurdigital.com.ar\\\/?p=4011#primaryimage\"},\"thumbnailUrl\":\"https:\\\/\\\/diariodelsurdigital.com.ar\\\/wp-content\\\/uploads\\\/2025\\\/08\\\/md-5.webp\",\"datePublished\":\"2025-08-08T13:19:25+00:00\",\"dateModified\":\"2025-08-08T13:19:26+00:00\",\"author\":{\"@id\":\"https:\\\/\\\/diariodelsurdigital.com.ar\\\/#\\\/schema\\\/person\\\/1a4992532ed62965c968031b49195c81\"},\"breadcrumb\":{\"@id\":\"https:\\\/\\\/diariodelsurdigital.com.ar\\\/?p=4011#breadcrumb\"},\"inLanguage\":\"es\",\"potentialAction\":[{\"@type\":\"ReadAction\",\"target\":[\"https:\\\/\\\/diariodelsurdigital.com.ar\\\/?p=4011\"]}]},{\"@type\":\"ImageObject\",\"inLanguage\":\"es\",\"@id\":\"https:\\\/\\\/diariodelsurdigital.com.ar\\\/?p=4011#primaryimage\",\"url\":\"https:\\\/\\\/diariodelsurdigital.com.ar\\\/wp-content\\\/uploads\\\/2025\\\/08\\\/md-5.webp\",\"contentUrl\":\"https:\\\/\\\/diariodelsurdigital.com.ar\\\/wp-content\\\/uploads\\\/2025\\\/08\\\/md-5.webp\",\"width\":992,\"height\":554},{\"@type\":\"BreadcrumbList\",\"@id\":\"https:\\\/\\\/diariodelsurdigital.com.ar\\\/?p=4011#breadcrumb\",\"itemListElement\":[{\"@type\":\"ListItem\",\"position\":1,\"name\":\"Portada\",\"item\":\"https:\\\/\\\/diariodelsurdigital.com.ar\\\/\"},{\"@type\":\"ListItem\",\"position\":2,\"name\":\"Diana Mondino habl\u00f3 de Milei y el caso $LIBRA: \u00abO no es muy inteligente o es una especie de corrupto\u00bb\"}]},{\"@type\":\"WebSite\",\"@id\":\"https:\\\/\\\/diariodelsurdigital.com.ar\\\/#website\",\"url\":\"https:\\\/\\\/diariodelsurdigital.com.ar\\\/\",\"name\":\"Diario del Sur\",\"description\":\"Digital\",\"potentialAction\":[{\"@type\":\"SearchAction\",\"target\":{\"@type\":\"EntryPoint\",\"urlTemplate\":\"https:\\\/\\\/diariodelsurdigital.com.ar\\\/?s={search_term_string}\"},\"query-input\":{\"@type\":\"PropertyValueSpecification\",\"valueRequired\":true,\"valueName\":\"search_term_string\"}}],\"inLanguage\":\"es\"},{\"@type\":\"Person\",\"@id\":\"https:\\\/\\\/diariodelsurdigital.com.ar\\\/#\\\/schema\\\/person\\\/1a4992532ed62965c968031b49195c81\",\"name\":\"Diario del Sur Digital\",\"image\":{\"@type\":\"ImageObject\",\"inLanguage\":\"es\",\"@id\":\"https:\\\/\\\/secure.gravatar.com\\\/avatar\\\/f0c7c47fc7146d19828273b9b8eda651c9c7ab583767e6338d3d3bee825adf76?s=96&d=mm&r=g\",\"url\":\"https:\\\/\\\/secure.gravatar.com\\\/avatar\\\/f0c7c47fc7146d19828273b9b8eda651c9c7ab583767e6338d3d3bee825adf76?s=96&d=mm&r=g\",\"contentUrl\":\"https:\\\/\\\/secure.gravatar.com\\\/avatar\\\/f0c7c47fc7146d19828273b9b8eda651c9c7ab583767e6338d3d3bee825adf76?s=96&d=mm&r=g\",\"caption\":\"Diario del Sur Digital\"},\"url\":\"https:\\\/\\\/diariodelsurdigital.com.ar\\\/?author=4\"}]}<\/script>\n<!-- \/ Yoast SEO plugin. -->","yoast_head_json":{"title":"Diana Mondino habl\u00f3 de Milei y el caso $LIBRA: \"O no es muy inteligente o es una especie de corrupto\" - Diario del Sur","robots":{"index":"index","follow":"follow","max-snippet":"max-snippet:-1","max-image-preview":"max-image-preview:large","max-video-preview":"max-video-preview:-1"},"canonical":"https:\/\/diariodelsurdigital.com.ar\/?p=4011","og_locale":"es_ES","og_type":"article","og_title":"Diana Mondino habl\u00f3 de Milei y el caso $LIBRA: \"O no es muy inteligente o es una especie de corrupto\" - Diario del Sur","og_description":"La excanciller Diana Mondino reapareci\u00f3 este jueves y cuestion\u00f3 al presidente Javier Milei por su papel en el criptoesc\u00e1ndalo de $LIBRA. En una entrevista para un medio extranjero especul\u00f3 con las razones del posteo del mandatario: \u00abo no es muy inteligente o es una especie de corrupto\u00bb. \u00abNo deber\u00eda haberlo publicado\u00bb, afirm\u00f3 Mondino durante una [&hellip;]","og_url":"https:\/\/diariodelsurdigital.com.ar\/?p=4011","og_site_name":"Diario del Sur","article_published_time":"2025-08-08T13:19:25+00:00","article_modified_time":"2025-08-08T13:19:26+00:00","og_image":[{"width":992,"height":554,"url":"https:\/\/diariodelsurdigital.com.ar\/wp-content\/uploads\/2025\/08\/md-5.webp","type":"image\/webp"}],"author":"Diario del Sur Digital","twitter_card":"summary_large_image","twitter_misc":{"Escrito por":"Diario del Sur Digital","Tiempo de lectura":"3 minutos"},"schema":{"@context":"https:\/\/schema.org","@graph":[{"@type":"Article","@id":"https:\/\/diariodelsurdigital.com.ar\/?p=4011#article","isPartOf":{"@id":"https:\/\/diariodelsurdigital.com.ar\/?p=4011"},"author":{"name":"Diario del Sur Digital","@id":"https:\/\/diariodelsurdigital.com.ar\/#\/schema\/person\/1a4992532ed62965c968031b49195c81"},"headline":"Diana Mondino habl\u00f3 de Milei y el caso $LIBRA: \u00abO no es muy inteligente o es una especie de corrupto\u00bb","datePublished":"2025-08-08T13:19:25+00:00","dateModified":"2025-08-08T13:19:26+00:00","mainEntityOfPage":{"@id":"https:\/\/diariodelsurdigital.com.ar\/?p=4011"},"wordCount":479,"commentCount":0,"image":{"@id":"https:\/\/diariodelsurdigital.com.ar\/?p=4011#primaryimage"},"thumbnailUrl":"https:\/\/diariodelsurdigital.com.ar\/wp-content\/uploads\/2025\/08\/md-5.webp","articleSection":["Pol\u00edtica"],"inLanguage":"es","potentialAction":[{"@type":"CommentAction","name":"Comment","target":["https:\/\/diariodelsurdigital.com.ar\/?p=4011#respond"]}]},{"@type":"WebPage","@id":"https:\/\/diariodelsurdigital.com.ar\/?p=4011","url":"https:\/\/diariodelsurdigital.com.ar\/?p=4011","name":"Diana Mondino habl\u00f3 de Milei y el caso $LIBRA: \"O no es muy inteligente o es una especie de corrupto\" - Diario del Sur","isPartOf":{"@id":"https:\/\/diariodelsurdigital.com.ar\/#website"},"primaryImageOfPage":{"@id":"https:\/\/diariodelsurdigital.com.ar\/?p=4011#primaryimage"},"image":{"@id":"https:\/\/diariodelsurdigital.com.ar\/?p=4011#primaryimage"},"thumbnailUrl":"https:\/\/diariodelsurdigital.com.ar\/wp-content\/uploads\/2025\/08\/md-5.webp","datePublished":"2025-08-08T13:19:25+00:00","dateModified":"2025-08-08T13:19:26+00:00","author":{"@id":"https:\/\/diariodelsurdigital.com.ar\/#\/schema\/person\/1a4992532ed62965c968031b49195c81"},"breadcrumb":{"@id":"https:\/\/diariodelsurdigital.com.ar\/?p=4011#breadcrumb"},"inLanguage":"es","potentialAction":[{"@type":"ReadAction","target":["https:\/\/diariodelsurdigital.com.ar\/?p=4011"]}]},{"@type":"ImageObject","inLanguage":"es","@id":"https:\/\/diariodelsurdigital.com.ar\/?p=4011#primaryimage","url":"https:\/\/diariodelsurdigital.com.ar\/wp-content\/uploads\/2025\/08\/md-5.webp","contentUrl":"https:\/\/diariodelsurdigital.com.ar\/wp-content\/uploads\/2025\/08\/md-5.webp","width":992,"height":554},{"@type":"BreadcrumbList","@id":"https:\/\/diariodelsurdigital.com.ar\/?p=4011#breadcrumb","itemListElement":[{"@type":"ListItem","position":1,"name":"Portada","item":"https:\/\/diariodelsurdigital.com.ar\/"},{"@type":"ListItem","position":2,"name":"Diana Mondino habl\u00f3 de Milei y el caso $LIBRA: \u00abO no es muy inteligente o es una especie de corrupto\u00bb"}]},{"@type":"WebSite","@id":"https:\/\/diariodelsurdigital.com.ar\/#website","url":"https:\/\/diariodelsurdigital.com.ar\/","name":"Diario del Sur","description":"Digital","potentialAction":[{"@type":"SearchAction","target":{"@type":"EntryPoint","urlTemplate":"https:\/\/diariodelsurdigital.com.ar\/?s={search_term_string}"},"query-input":{"@type":"PropertyValueSpecification","valueRequired":true,"valueName":"search_term_string"}}],"inLanguage":"es"},{"@type":"Person","@id":"https:\/\/diariodelsurdigital.com.ar\/#\/schema\/person\/1a4992532ed62965c968031b49195c81","name":"Diario del Sur Digital","image":{"@type":"ImageObject","inLanguage":"es","@id":"https:\/\/secure.gravatar.com\/avatar\/f0c7c47fc7146d19828273b9b8eda651c9c7ab583767e6338d3d3bee825adf76?s=96&d=mm&r=g","url":"https:\/\/secure.gravatar.com\/avatar\/f0c7c47fc7146d19828273b9b8eda651c9c7ab583767e6338d3d3bee825adf76?s=96&d=mm&r=g","contentUrl":"https:\/\/secure.gravatar.com\/avatar\/f0c7c47fc7146d19828273b9b8eda651c9c7ab583767e6338d3d3bee825adf76?s=96&d=mm&r=g","caption":"Diario del Sur Digital"},"url":"https:\/\/diariodelsurdigital.com.ar\/?author=4"}]}},"_links":{"self":[{"href":"https:\/\/diariodelsurdigital.com.ar\/index.php?rest_route=\/wp\/v2\/posts\/4011","targetHints":{"allow":["GET"]}}],"collection":[{"href":"https:\/\/diariodelsurdigital.com.ar\/index.php?rest_route=\/wp\/v2\/posts"}],"about":[{"href":"https:\/\/diariodelsurdigital.com.ar\/index.php?rest_route=\/wp\/v2\/types\/post"}],"author":[{"embeddable":true,"href":"https:\/\/diariodelsurdigital.com.ar\/index.php?rest_route=\/wp\/v2\/users\/4"}],"replies":[{"embeddable":true,"href":"https:\/\/diariodelsurdigital.com.ar\/index.php?rest_route=%2Fwp%2Fv2%2Fcomments&post=4011"}],"version-history":[{"count":1,"href":"https:\/\/diariodelsurdigital.com.ar\/index.php?rest_route=\/wp\/v2\/posts\/4011\/revisions"}],"predecessor-version":[{"id":4013,"href":"https:\/\/diariodelsurdigital.com.ar\/index.php?rest_route=\/wp\/v2\/posts\/4011\/revisions\/4013"}],"wp:featuredmedia":[{"embeddable":true,"href":"https:\/\/diariodelsurdigital.com.ar\/index.php?rest_route=\/wp\/v2\/media\/4012"}],"wp:attachment":[{"href":"https:\/\/diariodelsurdigital.com.ar\/index.php?rest_route=%2Fwp%2Fv2%2Fmedia&parent=4011"}],"wp:term":[{"taxonomy":"category","embeddable":true,"href":"https:\/\/diariodelsurdigital.com.ar\/index.php?rest_route=%2Fwp%2Fv2%2Fcategories&post=4011"},{"taxonomy":"post_tag","embeddable":true,"href":"https:\/\/diariodelsurdigital.com.ar\/index.php?rest_route=%2Fwp%2Fv2%2Ftags&post=4011"}],"curies":[{"name":"wp","href":"https:\/\/api.w.org\/{rel}","templated":true}]}}