{"id":4014,"date":"2025-08-08T10:21:04","date_gmt":"2025-08-08T13:21:04","guid":{"rendered":"https:\/\/diariodelsurdigital.com.ar\/?p=4014"},"modified":"2025-08-08T10:21:06","modified_gmt":"2025-08-08T13:21:06","slug":"elecciones-legislativas-nacionales-habra-alianza-entre-milei-y-frigerio-en-entre-rios","status":"publish","type":"post","link":"https:\/\/diariodelsurdigital.com.ar\/?p=4014","title":{"rendered":"Elecciones legislativas nacionales: Habr\u00e1 alianza entre Milei y Frigerio en Entre R\u00edos"},"content":{"rendered":"\n<p>De cara al sufragio que emitir\u00e1n los ciudadanos para la renovaci\u00f3n de bancas en las C\u00e1maras de Diputados y Senadores, el PRO, la UCR, el MSE, el Partido FE, el Partido Libertario y La Libertad Avanza conformaron la Alianza La Libertad Avanza. \u201cHoy decidimos ir juntos aquellos que apostamos por un futuro mejor para nuestro pa\u00eds y para nuestra querida provincia\u201d, oficializ\u00f3 Frigerio el acuerdo en su cuenta de X.<\/p>\n\n\n\n<p>El pr\u00f3ximo 26 de octubre se realizar\u00e1n las Elecciones legislativas nacionales por lo que el PRO, la UCR, el MSE, el Partido FE, el Partido Libertario y La Libertad Avanza conformaron en Entre R\u00edos la Alianza La Libertad Avanza.<\/p>\n\n\n\n<p>En su cuenta de X, el gobernador Rogelio Frigerio lo oficializ\u00f3: \u201cHoy decidimos ir juntos aquellos que apostamos por un futuro mejor para nuestro pa\u00eds y para nuestra querida provincia\u201d. Y agreg\u00f3: \u00abLos que defendemos al campo y al sector productivo. Los que queremos seguir haciendo de Entre R\u00edos un lugar de oportunidades, desarrollo y trabajo\u00bb.<\/p>\n\n\n\n<p>El motivo de esta Alianza es que \u201cel kirchnerismo no vuelva a apropiarse de nuestro futuro\u201d por lo que hay \u201cuna convicci\u00f3n de que Entre R\u00edos y Argentina necesitan un cambio profundo y sostenible\u201d<\/p>\n\n\n\n<p>\u00abHace dos a\u00f1os les prometimos a los entrerrianos \u00edbamos a hacer todo lo que estar\u00eda a nuestro alcance para que nunca m\u00e1s nos gobernara el populismo, la demagogia ni la corrupci\u00f3n. Y lo estamos cumpliendo marcaron un rumbo claro: el fin de los privilegios para la pol\u00edtica y las soluciones concretas para la gente\u00bb, remarc\u00f3.<\/p>\n","protected":false},"excerpt":{"rendered":"<p>De cara al sufragio que emitir\u00e1n los ciudadanos para la renovaci\u00f3n de bancas en las C\u00e1maras de Diputados y Senadores, el PRO, la UCR, el MSE, el Partido FE, el Partido Libertario y La Libertad Avanza conformaron la Alianza La Libertad Avanza. \u201cHoy decidimos ir juntos aquellos que apostamos por un futuro mejor para nuestro [&hellip;]<\/p>\n","protected":false},"author":4,"featured_media":4015,"comment_status":"open","ping_status":"open","sticky":false,"template":"","format":"standard","meta":{"footnotes":""},"categories":[22,17],"tags":[],"class_list":{"0":"post-4014","1":"post","2":"type-post","3":"status-publish","4":"format-standard","5":"has-post-thumbnail","7":"category-politica","8":"category-provinciales"},"yoast_head":"<!-- This site is optimized with the Yoast SEO plugin v27.4 - https:\/\/yoast.com\/product\/yoast-seo-wordpress\/ -->\n<title>Elecciones legislativas nacionales: Habr\u00e1 alianza entre Milei y Frigerio en Entre R\u00edos - Diario del Sur<\/title>\n<meta name=\"robots\" content=\"index, follow, max-snippet:-1, max-image-preview:large, max-video-preview:-1\" \/>\n<link rel=\"canonical\" href=\"https:\/\/diariodelsurdigital.com.ar\/?p=4014\" \/>\n<meta property=\"og:locale\" content=\"es_ES\" \/>\n<meta property=\"og:type\" content=\"article\" \/>\n<meta property=\"og:title\" content=\"Elecciones legislativas nacionales: Habr\u00e1 alianza entre Milei y Frigerio en Entre R\u00edos - Diario del Sur\" \/>\n<meta property=\"og:description\" content=\"De cara al sufragio que emitir\u00e1n los ciudadanos para la renovaci\u00f3n de bancas en las C\u00e1maras de Diputados y Senadores, el PRO, la UCR, el MSE, el Partido FE, el Partido Libertario y La Libertad Avanza conformaron la Alianza La Libertad Avanza. \u201cHoy decidimos ir juntos aquellos que apostamos por un futuro mejor para nuestro [&hellip;]\" \/>\n<meta property=\"og:url\" content=\"https:\/\/diariodelsurdigital.com.ar\/?p=4014\" \/>\n<meta property=\"og:site_name\" content=\"Diario del Sur\" \/>\n<meta property=\"article:published_time\" content=\"2025-08-08T13:21:04+00:00\" \/>\n<meta property=\"article:modified_time\" content=\"2025-08-08T13:21:06+00:00\" \/>\n<meta property=\"og:image\" content=\"https:\/\/diariodelsurdigital.com.ar\/wp-content\/uploads\/2025\/08\/md-6.webp\" \/>\n\t<meta property=\"og:image:width\" content=\"992\" \/>\n\t<meta property=\"og:image:height\" content=\"661\" \/>\n\t<meta property=\"og:image:type\" content=\"image\/webp\" \/>\n<meta name=\"author\" content=\"Diario del Sur Digital\" \/>\n<meta name=\"twitter:card\" content=\"summary_large_image\" \/>\n<meta name=\"twitter:label1\" content=\"Escrito por\" \/>\n\t<meta name=\"twitter:data1\" content=\"Diario del Sur Digital\" \/>\n\t<meta name=\"twitter:label2\" content=\"Tiempo de lectura\" \/>\n\t<meta name=\"twitter:data2\" content=\"2 minutos\" \/>\n<script type=\"application\/ld+json\" class=\"yoast-schema-graph\">{\"@context\":\"https:\\\/\\\/schema.org\",\"@graph\":[{\"@type\":\"Article\",\"@id\":\"https:\\\/\\\/diariodelsurdigital.com.ar\\\/?p=4014#article\",\"isPartOf\":{\"@id\":\"https:\\\/\\\/diariodelsurdigital.com.ar\\\/?p=4014\"},\"author\":{\"name\":\"Diario del Sur Digital\",\"@id\":\"https:\\\/\\\/diariodelsurdigital.com.ar\\\/#\\\/schema\\\/person\\\/1a4992532ed62965c968031b49195c81\"},\"headline\":\"Elecciones legislativas nacionales: Habr\u00e1 alianza entre Milei y Frigerio en Entre R\u00edos\",\"datePublished\":\"2025-08-08T13:21:04+00:00\",\"dateModified\":\"2025-08-08T13:21:06+00:00\",\"mainEntityOfPage\":{\"@id\":\"https:\\\/\\\/diariodelsurdigital.com.ar\\\/?p=4014\"},\"wordCount\":282,\"commentCount\":0,\"image\":{\"@id\":\"https:\\\/\\\/diariodelsurdigital.com.ar\\\/?p=4014#primaryimage\"},\"thumbnailUrl\":\"https:\\\/\\\/diariodelsurdigital.com.ar\\\/wp-content\\\/uploads\\\/2025\\\/08\\\/md-6.webp\",\"articleSection\":[\"Pol\u00edtica\",\"Provinciales\"],\"inLanguage\":\"es\",\"potentialAction\":[{\"@type\":\"CommentAction\",\"name\":\"Comment\",\"target\":[\"https:\\\/\\\/diariodelsurdigital.com.ar\\\/?p=4014#respond\"]}]},{\"@type\":\"WebPage\",\"@id\":\"https:\\\/\\\/diariodelsurdigital.com.ar\\\/?p=4014\",\"url\":\"https:\\\/\\\/diariodelsurdigital.com.ar\\\/?p=4014\",\"name\":\"Elecciones legislativas nacionales: Habr\u00e1 alianza entre Milei y Frigerio en Entre R\u00edos - Diario del Sur\",\"isPartOf\":{\"@id\":\"https:\\\/\\\/diariodelsurdigital.com.ar\\\/#website\"},\"primaryImageOfPage\":{\"@id\":\"https:\\\/\\\/diariodelsurdigital.com.ar\\\/?p=4014#primaryimage\"},\"image\":{\"@id\":\"https:\\\/\\\/diariodelsurdigital.com.ar\\\/?p=4014#primaryimage\"},\"thumbnailUrl\":\"https:\\\/\\\/diariodelsurdigital.com.ar\\\/wp-content\\\/uploads\\\/2025\\\/08\\\/md-6.webp\",\"datePublished\":\"2025-08-08T13:21:04+00:00\",\"dateModified\":\"2025-08-08T13:21:06+00:00\",\"author\":{\"@id\":\"https:\\\/\\\/diariodelsurdigital.com.ar\\\/#\\\/schema\\\/person\\\/1a4992532ed62965c968031b49195c81\"},\"breadcrumb\":{\"@id\":\"https:\\\/\\\/diariodelsurdigital.com.ar\\\/?p=4014#breadcrumb\"},\"inLanguage\":\"es\",\"potentialAction\":[{\"@type\":\"ReadAction\",\"target\":[\"https:\\\/\\\/diariodelsurdigital.com.ar\\\/?p=4014\"]}]},{\"@type\":\"ImageObject\",\"inLanguage\":\"es\",\"@id\":\"https:\\\/\\\/diariodelsurdigital.com.ar\\\/?p=4014#primaryimage\",\"url\":\"https:\\\/\\\/diariodelsurdigital.com.ar\\\/wp-content\\\/uploads\\\/2025\\\/08\\\/md-6.webp\",\"contentUrl\":\"https:\\\/\\\/diariodelsurdigital.com.ar\\\/wp-content\\\/uploads\\\/2025\\\/08\\\/md-6.webp\",\"width\":992,\"height\":661},{\"@type\":\"BreadcrumbList\",\"@id\":\"https:\\\/\\\/diariodelsurdigital.com.ar\\\/?p=4014#breadcrumb\",\"itemListElement\":[{\"@type\":\"ListItem\",\"position\":1,\"name\":\"Portada\",\"item\":\"https:\\\/\\\/diariodelsurdigital.com.ar\\\/\"},{\"@type\":\"ListItem\",\"position\":2,\"name\":\"Elecciones legislativas nacionales: Habr\u00e1 alianza entre Milei y Frigerio en Entre R\u00edos\"}]},{\"@type\":\"WebSite\",\"@id\":\"https:\\\/\\\/diariodelsurdigital.com.ar\\\/#website\",\"url\":\"https:\\\/\\\/diariodelsurdigital.com.ar\\\/\",\"name\":\"Diario del Sur\",\"description\":\"Digital\",\"potentialAction\":[{\"@type\":\"SearchAction\",\"target\":{\"@type\":\"EntryPoint\",\"urlTemplate\":\"https:\\\/\\\/diariodelsurdigital.com.ar\\\/?s={search_term_string}\"},\"query-input\":{\"@type\":\"PropertyValueSpecification\",\"valueRequired\":true,\"valueName\":\"search_term_string\"}}],\"inLanguage\":\"es\"},{\"@type\":\"Person\",\"@id\":\"https:\\\/\\\/diariodelsurdigital.com.ar\\\/#\\\/schema\\\/person\\\/1a4992532ed62965c968031b49195c81\",\"name\":\"Diario del Sur Digital\",\"image\":{\"@type\":\"ImageObject\",\"inLanguage\":\"es\",\"@id\":\"https:\\\/\\\/secure.gravatar.com\\\/avatar\\\/f0c7c47fc7146d19828273b9b8eda651c9c7ab583767e6338d3d3bee825adf76?s=96&d=mm&r=g\",\"url\":\"https:\\\/\\\/secure.gravatar.com\\\/avatar\\\/f0c7c47fc7146d19828273b9b8eda651c9c7ab583767e6338d3d3bee825adf76?s=96&d=mm&r=g\",\"contentUrl\":\"https:\\\/\\\/secure.gravatar.com\\\/avatar\\\/f0c7c47fc7146d19828273b9b8eda651c9c7ab583767e6338d3d3bee825adf76?s=96&d=mm&r=g\",\"caption\":\"Diario del Sur Digital\"},\"url\":\"https:\\\/\\\/diariodelsurdigital.com.ar\\\/?author=4\"}]}<\/script>\n<!-- \/ Yoast SEO plugin. -->","yoast_head_json":{"title":"Elecciones legislativas nacionales: Habr\u00e1 alianza entre Milei y Frigerio en Entre R\u00edos - Diario del Sur","robots":{"index":"index","follow":"follow","max-snippet":"max-snippet:-1","max-image-preview":"max-image-preview:large","max-video-preview":"max-video-preview:-1"},"canonical":"https:\/\/diariodelsurdigital.com.ar\/?p=4014","og_locale":"es_ES","og_type":"article","og_title":"Elecciones legislativas nacionales: Habr\u00e1 alianza entre Milei y Frigerio en Entre R\u00edos - Diario del Sur","og_description":"De cara al sufragio que emitir\u00e1n los ciudadanos para la renovaci\u00f3n de bancas en las C\u00e1maras de Diputados y Senadores, el PRO, la UCR, el MSE, el Partido FE, el Partido Libertario y La Libertad Avanza conformaron la Alianza La Libertad Avanza. \u201cHoy decidimos ir juntos aquellos que apostamos por un futuro mejor para nuestro [&hellip;]","og_url":"https:\/\/diariodelsurdigital.com.ar\/?p=4014","og_site_name":"Diario del Sur","article_published_time":"2025-08-08T13:21:04+00:00","article_modified_time":"2025-08-08T13:21:06+00:00","og_image":[{"width":992,"height":661,"url":"https:\/\/diariodelsurdigital.com.ar\/wp-content\/uploads\/2025\/08\/md-6.webp","type":"image\/webp"}],"author":"Diario del Sur Digital","twitter_card":"summary_large_image","twitter_misc":{"Escrito por":"Diario del Sur Digital","Tiempo de lectura":"2 minutos"},"schema":{"@context":"https:\/\/schema.org","@graph":[{"@type":"Article","@id":"https:\/\/diariodelsurdigital.com.ar\/?p=4014#article","isPartOf":{"@id":"https:\/\/diariodelsurdigital.com.ar\/?p=4014"},"author":{"name":"Diario del Sur Digital","@id":"https:\/\/diariodelsurdigital.com.ar\/#\/schema\/person\/1a4992532ed62965c968031b49195c81"},"headline":"Elecciones legislativas nacionales: Habr\u00e1 alianza entre Milei y Frigerio en Entre R\u00edos","datePublished":"2025-08-08T13:21:04+00:00","dateModified":"2025-08-08T13:21:06+00:00","mainEntityOfPage":{"@id":"https:\/\/diariodelsurdigital.com.ar\/?p=4014"},"wordCount":282,"commentCount":0,"image":{"@id":"https:\/\/diariodelsurdigital.com.ar\/?p=4014#primaryimage"},"thumbnailUrl":"https:\/\/diariodelsurdigital.com.ar\/wp-content\/uploads\/2025\/08\/md-6.webp","articleSection":["Pol\u00edtica","Provinciales"],"inLanguage":"es","potentialAction":[{"@type":"CommentAction","name":"Comment","target":["https:\/\/diariodelsurdigital.com.ar\/?p=4014#respond"]}]},{"@type":"WebPage","@id":"https:\/\/diariodelsurdigital.com.ar\/?p=4014","url":"https:\/\/diariodelsurdigital.com.ar\/?p=4014","name":"Elecciones legislativas nacionales: Habr\u00e1 alianza entre Milei y Frigerio en Entre R\u00edos - Diario del Sur","isPartOf":{"@id":"https:\/\/diariodelsurdigital.com.ar\/#website"},"primaryImageOfPage":{"@id":"https:\/\/diariodelsurdigital.com.ar\/?p=4014#primaryimage"},"image":{"@id":"https:\/\/diariodelsurdigital.com.ar\/?p=4014#primaryimage"},"thumbnailUrl":"https:\/\/diariodelsurdigital.com.ar\/wp-content\/uploads\/2025\/08\/md-6.webp","datePublished":"2025-08-08T13:21:04+00:00","dateModified":"2025-08-08T13:21:06+00:00","author":{"@id":"https:\/\/diariodelsurdigital.com.ar\/#\/schema\/person\/1a4992532ed62965c968031b49195c81"},"breadcrumb":{"@id":"https:\/\/diariodelsurdigital.com.ar\/?p=4014#breadcrumb"},"inLanguage":"es","potentialAction":[{"@type":"ReadAction","target":["https:\/\/diariodelsurdigital.com.ar\/?p=4014"]}]},{"@type":"ImageObject","inLanguage":"es","@id":"https:\/\/diariodelsurdigital.com.ar\/?p=4014#primaryimage","url":"https:\/\/diariodelsurdigital.com.ar\/wp-content\/uploads\/2025\/08\/md-6.webp","contentUrl":"https:\/\/diariodelsurdigital.com.ar\/wp-content\/uploads\/2025\/08\/md-6.webp","width":992,"height":661},{"@type":"BreadcrumbList","@id":"https:\/\/diariodelsurdigital.com.ar\/?p=4014#breadcrumb","itemListElement":[{"@type":"ListItem","position":1,"name":"Portada","item":"https:\/\/diariodelsurdigital.com.ar\/"},{"@type":"ListItem","position":2,"name":"Elecciones legislativas nacionales: Habr\u00e1 alianza entre Milei y Frigerio en Entre R\u00edos"}]},{"@type":"WebSite","@id":"https:\/\/diariodelsurdigital.com.ar\/#website","url":"https:\/\/diariodelsurdigital.com.ar\/","name":"Diario del Sur","description":"Digital","potentialAction":[{"@type":"SearchAction","target":{"@type":"EntryPoint","urlTemplate":"https:\/\/diariodelsurdigital.com.ar\/?s={search_term_string}"},"query-input":{"@type":"PropertyValueSpecification","valueRequired":true,"valueName":"search_term_string"}}],"inLanguage":"es"},{"@type":"Person","@id":"https:\/\/diariodelsurdigital.com.ar\/#\/schema\/person\/1a4992532ed62965c968031b49195c81","name":"Diario del Sur Digital","image":{"@type":"ImageObject","inLanguage":"es","@id":"https:\/\/secure.gravatar.com\/avatar\/f0c7c47fc7146d19828273b9b8eda651c9c7ab583767e6338d3d3bee825adf76?s=96&d=mm&r=g","url":"https:\/\/secure.gravatar.com\/avatar\/f0c7c47fc7146d19828273b9b8eda651c9c7ab583767e6338d3d3bee825adf76?s=96&d=mm&r=g","contentUrl":"https:\/\/secure.gravatar.com\/avatar\/f0c7c47fc7146d19828273b9b8eda651c9c7ab583767e6338d3d3bee825adf76?s=96&d=mm&r=g","caption":"Diario del Sur Digital"},"url":"https:\/\/diariodelsurdigital.com.ar\/?author=4"}]}},"_links":{"self":[{"href":"https:\/\/diariodelsurdigital.com.ar\/index.php?rest_route=\/wp\/v2\/posts\/4014","targetHints":{"allow":["GET"]}}],"collection":[{"href":"https:\/\/diariodelsurdigital.com.ar\/index.php?rest_route=\/wp\/v2\/posts"}],"about":[{"href":"https:\/\/diariodelsurdigital.com.ar\/index.php?rest_route=\/wp\/v2\/types\/post"}],"author":[{"embeddable":true,"href":"https:\/\/diariodelsurdigital.com.ar\/index.php?rest_route=\/wp\/v2\/users\/4"}],"replies":[{"embeddable":true,"href":"https:\/\/diariodelsurdigital.com.ar\/index.php?rest_route=%2Fwp%2Fv2%2Fcomments&post=4014"}],"version-history":[{"count":1,"href":"https:\/\/diariodelsurdigital.com.ar\/index.php?rest_route=\/wp\/v2\/posts\/4014\/revisions"}],"predecessor-version":[{"id":4016,"href":"https:\/\/diariodelsurdigital.com.ar\/index.php?rest_route=\/wp\/v2\/posts\/4014\/revisions\/4016"}],"wp:featuredmedia":[{"embeddable":true,"href":"https:\/\/diariodelsurdigital.com.ar\/index.php?rest_route=\/wp\/v2\/media\/4015"}],"wp:attachment":[{"href":"https:\/\/diariodelsurdigital.com.ar\/index.php?rest_route=%2Fwp%2Fv2%2Fmedia&parent=4014"}],"wp:term":[{"taxonomy":"category","embeddable":true,"href":"https:\/\/diariodelsurdigital.com.ar\/index.php?rest_route=%2Fwp%2Fv2%2Fcategories&post=4014"},{"taxonomy":"post_tag","embeddable":true,"href":"https:\/\/diariodelsurdigital.com.ar\/index.php?rest_route=%2Fwp%2Fv2%2Ftags&post=4014"}],"curies":[{"name":"wp","href":"https:\/\/api.w.org\/{rel}","templated":true}]}}