{"id":4019,"date":"2025-08-09T22:55:43","date_gmt":"2025-08-10T01:55:43","guid":{"rendered":"https:\/\/diariodelsurdigital.com.ar\/?p=4019"},"modified":"2025-08-09T22:55:44","modified_gmt":"2025-08-10T01:55:44","slug":"entre-rios-refuerza-el-combate-contra-incendios-en-el-delta-con-el-despliegue-de-medios-aereos-y-nauticos","status":"publish","type":"post","link":"https:\/\/diariodelsurdigital.com.ar\/?p=4019","title":{"rendered":"Entre R\u00edos refuerza el combate contra incendios en el Delta con el despliegue de medios a\u00e9reos y n\u00e1uticos"},"content":{"rendered":"\n<figure class=\"wp-block-image\"><img decoding=\"async\" src=\"https:\/\/media.elentrerios.com\/fotos-v2\/2025\/08\/09\/l_1754762373.jpg\" alt=\"\" title=\"\"\/><\/figure>\n\n\n\n<p>Ante episodios de incendios forestales que afectan a las islas del Delta del Paran\u00e1, el Plan Provincial de Manejo del Fuego se encuentra abocado a un operativo conjunto de gran escala para contener los focos activos.<\/p>\n\n\n\n<p>Desde el pasado 5 de agosto, m\u00e1s de 40 efectivos de diversas jurisdicciones y fuerzas de seguridad trabajan de manera coordinada para proteger el ecosistema de la zona. El operativo, que se desarrolla desde el puesto de cabotaje de Prefectura Naval en Villa Constituci\u00f3n, cuenta con la participaci\u00f3n de brigadistas de Entre R\u00edos, Santa Fe, Prefectura Naval Argentina, Bomberos Voluntarios y Zapadores de distintas localidades, Polic\u00eda de Delitos Rurales, Protecci\u00f3n Civil y el Sistema Nacional de Manejo del Fuego (Snmf).<\/p>\n\n\n\n<p>Para las tareas de combate y monitoreo, se han desplegado importantes medios a\u00e9reos y n\u00e1uticos. Tres aeronaves, un avi\u00f3n hidrante AT 802, un helic\u00f3ptero Bell 407 y un avi\u00f3n Cessna, se utilizan para la observaci\u00f3n, enfriamiento y descarga de agua. Adem\u00e1s, tres embarcaciones facilitan el traslado de las cuadrillas a los focos \u00edgneos.<\/p>\n\n\n\n<p>El Plan Provincial de Manejo del Fuego de Entre R\u00edos, creado mediante la ley N\u00ba 9868, es la herramienta clave para la planificaci\u00f3n y ejecuci\u00f3n de las acciones en el terreno. La estrategia de intervenci\u00f3n incluye el uso de pron\u00f3sticos meteorol\u00f3gicos espec\u00edficos y el monitoreo constante a trav\u00e9s de plataformas de visualizaci\u00f3n de focos de calor.<\/p>\n\n\n\n<p>El trabajo de las cuadrillas, que operan en turnos rotativos, ha permitido realizar tareas de control y contenci\u00f3n de manera efectiva, logrando descargas de 6 mil litros de agua por parte del avi\u00f3n hidrante y enfriamientos estrat\u00e9gicos con el helic\u00f3ptero.<\/p>\n\n\n\n<p>En este contexto, el responsable del Plan Provincial de Manejo del Fuego de Entre R\u00edos, Pablo Ace\u00f1olaza, destac\u00f3 la importancia de la articulaci\u00f3n interinstitucional, especialmente con Santa Fe: \u201cLa coordinaci\u00f3n con las distintas fuerzas y jurisdicciones es fundamental para ser eficientes y mitigar el impacto de estos siniestros\u201d.<\/p>\n\n\n\n<p>Fuente: El Entre Rios<\/p>\n","protected":false},"excerpt":{"rendered":"<p>Ante episodios de incendios forestales que afectan a las islas del Delta del Paran\u00e1, el Plan Provincial de Manejo del Fuego se encuentra abocado a un operativo conjunto de gran escala para contener los focos activos. Desde el pasado 5 de agosto, m\u00e1s de 40 efectivos de diversas jurisdicciones y fuerzas de seguridad trabajan de [&hellip;]<\/p>\n","protected":false},"author":3,"featured_media":4020,"comment_status":"open","ping_status":"open","sticky":false,"template":"","format":"standard","meta":{"footnotes":""},"categories":[17],"tags":[],"class_list":{"0":"post-4019","1":"post","2":"type-post","3":"status-publish","4":"format-standard","5":"has-post-thumbnail","7":"category-provinciales"},"yoast_head":"<!-- This site is optimized with the Yoast SEO plugin v27.4 - https:\/\/yoast.com\/product\/yoast-seo-wordpress\/ -->\n<title>Entre R\u00edos refuerza el combate contra incendios en el Delta con el despliegue de medios a\u00e9reos y n\u00e1uticos - Diario del Sur<\/title>\n<meta name=\"robots\" content=\"index, follow, max-snippet:-1, max-image-preview:large, max-video-preview:-1\" \/>\n<link rel=\"canonical\" href=\"https:\/\/diariodelsurdigital.com.ar\/?p=4019\" \/>\n<meta property=\"og:locale\" content=\"es_ES\" \/>\n<meta property=\"og:type\" content=\"article\" \/>\n<meta property=\"og:title\" content=\"Entre R\u00edos refuerza el combate contra incendios en el Delta con el despliegue de medios a\u00e9reos y n\u00e1uticos - Diario del Sur\" \/>\n<meta property=\"og:description\" content=\"Ante episodios de incendios forestales que afectan a las islas del Delta del Paran\u00e1, el Plan Provincial de Manejo del Fuego se encuentra abocado a un operativo conjunto de gran escala para contener los focos activos. Desde el pasado 5 de agosto, m\u00e1s de 40 efectivos de diversas jurisdicciones y fuerzas de seguridad trabajan de [&hellip;]\" \/>\n<meta property=\"og:url\" content=\"https:\/\/diariodelsurdigital.com.ar\/?p=4019\" \/>\n<meta property=\"og:site_name\" content=\"Diario del Sur\" \/>\n<meta property=\"article:published_time\" content=\"2025-08-10T01:55:43+00:00\" \/>\n<meta property=\"article:modified_time\" content=\"2025-08-10T01:55:44+00:00\" \/>\n<meta property=\"og:image\" content=\"https:\/\/diariodelsurdigital.com.ar\/wp-content\/uploads\/2025\/08\/l_1754762373.jpg\" \/>\n\t<meta property=\"og:image:width\" content=\"870\" \/>\n\t<meta property=\"og:image:height\" content=\"580\" \/>\n\t<meta property=\"og:image:type\" content=\"image\/jpeg\" \/>\n<meta name=\"author\" content=\"Diario del Sur Digital\" \/>\n<meta name=\"twitter:card\" content=\"summary_large_image\" \/>\n<meta name=\"twitter:label1\" content=\"Escrito por\" \/>\n\t<meta name=\"twitter:data1\" content=\"Diario del Sur Digital\" \/>\n\t<meta name=\"twitter:label2\" content=\"Tiempo de lectura\" \/>\n\t<meta name=\"twitter:data2\" content=\"2 minutos\" \/>\n<script type=\"application\/ld+json\" class=\"yoast-schema-graph\">{\"@context\":\"https:\\\/\\\/schema.org\",\"@graph\":[{\"@type\":\"Article\",\"@id\":\"https:\\\/\\\/diariodelsurdigital.com.ar\\\/?p=4019#article\",\"isPartOf\":{\"@id\":\"https:\\\/\\\/diariodelsurdigital.com.ar\\\/?p=4019\"},\"author\":{\"name\":\"Diario del Sur Digital\",\"@id\":\"https:\\\/\\\/diariodelsurdigital.com.ar\\\/#\\\/schema\\\/person\\\/d794acb23337e88c6e4004a39c32be62\"},\"headline\":\"Entre R\u00edos refuerza el combate contra incendios en el Delta con el despliegue de medios a\u00e9reos y n\u00e1uticos\",\"datePublished\":\"2025-08-10T01:55:43+00:00\",\"dateModified\":\"2025-08-10T01:55:44+00:00\",\"mainEntityOfPage\":{\"@id\":\"https:\\\/\\\/diariodelsurdigital.com.ar\\\/?p=4019\"},\"wordCount\":362,\"commentCount\":0,\"image\":{\"@id\":\"https:\\\/\\\/diariodelsurdigital.com.ar\\\/?p=4019#primaryimage\"},\"thumbnailUrl\":\"https:\\\/\\\/diariodelsurdigital.com.ar\\\/wp-content\\\/uploads\\\/2025\\\/08\\\/l_1754762373.jpg\",\"articleSection\":[\"Provinciales\"],\"inLanguage\":\"es\",\"potentialAction\":[{\"@type\":\"CommentAction\",\"name\":\"Comment\",\"target\":[\"https:\\\/\\\/diariodelsurdigital.com.ar\\\/?p=4019#respond\"]}]},{\"@type\":\"WebPage\",\"@id\":\"https:\\\/\\\/diariodelsurdigital.com.ar\\\/?p=4019\",\"url\":\"https:\\\/\\\/diariodelsurdigital.com.ar\\\/?p=4019\",\"name\":\"Entre R\u00edos refuerza el combate contra incendios en el Delta con el despliegue de medios a\u00e9reos y n\u00e1uticos - Diario del Sur\",\"isPartOf\":{\"@id\":\"https:\\\/\\\/diariodelsurdigital.com.ar\\\/#website\"},\"primaryImageOfPage\":{\"@id\":\"https:\\\/\\\/diariodelsurdigital.com.ar\\\/?p=4019#primaryimage\"},\"image\":{\"@id\":\"https:\\\/\\\/diariodelsurdigital.com.ar\\\/?p=4019#primaryimage\"},\"thumbnailUrl\":\"https:\\\/\\\/diariodelsurdigital.com.ar\\\/wp-content\\\/uploads\\\/2025\\\/08\\\/l_1754762373.jpg\",\"datePublished\":\"2025-08-10T01:55:43+00:00\",\"dateModified\":\"2025-08-10T01:55:44+00:00\",\"author\":{\"@id\":\"https:\\\/\\\/diariodelsurdigital.com.ar\\\/#\\\/schema\\\/person\\\/d794acb23337e88c6e4004a39c32be62\"},\"breadcrumb\":{\"@id\":\"https:\\\/\\\/diariodelsurdigital.com.ar\\\/?p=4019#breadcrumb\"},\"inLanguage\":\"es\",\"potentialAction\":[{\"@type\":\"ReadAction\",\"target\":[\"https:\\\/\\\/diariodelsurdigital.com.ar\\\/?p=4019\"]}]},{\"@type\":\"ImageObject\",\"inLanguage\":\"es\",\"@id\":\"https:\\\/\\\/diariodelsurdigital.com.ar\\\/?p=4019#primaryimage\",\"url\":\"https:\\\/\\\/diariodelsurdigital.com.ar\\\/wp-content\\\/uploads\\\/2025\\\/08\\\/l_1754762373.jpg\",\"contentUrl\":\"https:\\\/\\\/diariodelsurdigital.com.ar\\\/wp-content\\\/uploads\\\/2025\\\/08\\\/l_1754762373.jpg\",\"width\":870,\"height\":580},{\"@type\":\"BreadcrumbList\",\"@id\":\"https:\\\/\\\/diariodelsurdigital.com.ar\\\/?p=4019#breadcrumb\",\"itemListElement\":[{\"@type\":\"ListItem\",\"position\":1,\"name\":\"Portada\",\"item\":\"https:\\\/\\\/diariodelsurdigital.com.ar\\\/\"},{\"@type\":\"ListItem\",\"position\":2,\"name\":\"Entre R\u00edos refuerza el combate contra incendios en el Delta con el despliegue de medios a\u00e9reos y n\u00e1uticos\"}]},{\"@type\":\"WebSite\",\"@id\":\"https:\\\/\\\/diariodelsurdigital.com.ar\\\/#website\",\"url\":\"https:\\\/\\\/diariodelsurdigital.com.ar\\\/\",\"name\":\"Diario del Sur\",\"description\":\"Digital\",\"potentialAction\":[{\"@type\":\"SearchAction\",\"target\":{\"@type\":\"EntryPoint\",\"urlTemplate\":\"https:\\\/\\\/diariodelsurdigital.com.ar\\\/?s={search_term_string}\"},\"query-input\":{\"@type\":\"PropertyValueSpecification\",\"valueRequired\":true,\"valueName\":\"search_term_string\"}}],\"inLanguage\":\"es\"},{\"@type\":\"Person\",\"@id\":\"https:\\\/\\\/diariodelsurdigital.com.ar\\\/#\\\/schema\\\/person\\\/d794acb23337e88c6e4004a39c32be62\",\"name\":\"Diario del Sur Digital\",\"image\":{\"@type\":\"ImageObject\",\"inLanguage\":\"es\",\"@id\":\"https:\\\/\\\/secure.gravatar.com\\\/avatar\\\/47679bcfa15734cfdefc176b6ad58adeeccac22b2e03e095ada6c622af2b463a?s=96&d=mm&r=g\",\"url\":\"https:\\\/\\\/secure.gravatar.com\\\/avatar\\\/47679bcfa15734cfdefc176b6ad58adeeccac22b2e03e095ada6c622af2b463a?s=96&d=mm&r=g\",\"contentUrl\":\"https:\\\/\\\/secure.gravatar.com\\\/avatar\\\/47679bcfa15734cfdefc176b6ad58adeeccac22b2e03e095ada6c622af2b463a?s=96&d=mm&r=g\",\"caption\":\"Diario del Sur Digital\"},\"url\":\"https:\\\/\\\/diariodelsurdigital.com.ar\\\/?author=3\"}]}<\/script>\n<!-- \/ Yoast SEO plugin. -->","yoast_head_json":{"title":"Entre R\u00edos refuerza el combate contra incendios en el Delta con el despliegue de medios a\u00e9reos y n\u00e1uticos - Diario del Sur","robots":{"index":"index","follow":"follow","max-snippet":"max-snippet:-1","max-image-preview":"max-image-preview:large","max-video-preview":"max-video-preview:-1"},"canonical":"https:\/\/diariodelsurdigital.com.ar\/?p=4019","og_locale":"es_ES","og_type":"article","og_title":"Entre R\u00edos refuerza el combate contra incendios en el Delta con el despliegue de medios a\u00e9reos y n\u00e1uticos - Diario del Sur","og_description":"Ante episodios de incendios forestales que afectan a las islas del Delta del Paran\u00e1, el Plan Provincial de Manejo del Fuego se encuentra abocado a un operativo conjunto de gran escala para contener los focos activos. Desde el pasado 5 de agosto, m\u00e1s de 40 efectivos de diversas jurisdicciones y fuerzas de seguridad trabajan de [&hellip;]","og_url":"https:\/\/diariodelsurdigital.com.ar\/?p=4019","og_site_name":"Diario del Sur","article_published_time":"2025-08-10T01:55:43+00:00","article_modified_time":"2025-08-10T01:55:44+00:00","og_image":[{"width":870,"height":580,"url":"https:\/\/diariodelsurdigital.com.ar\/wp-content\/uploads\/2025\/08\/l_1754762373.jpg","type":"image\/jpeg"}],"author":"Diario del Sur Digital","twitter_card":"summary_large_image","twitter_misc":{"Escrito por":"Diario del Sur Digital","Tiempo de lectura":"2 minutos"},"schema":{"@context":"https:\/\/schema.org","@graph":[{"@type":"Article","@id":"https:\/\/diariodelsurdigital.com.ar\/?p=4019#article","isPartOf":{"@id":"https:\/\/diariodelsurdigital.com.ar\/?p=4019"},"author":{"name":"Diario del Sur Digital","@id":"https:\/\/diariodelsurdigital.com.ar\/#\/schema\/person\/d794acb23337e88c6e4004a39c32be62"},"headline":"Entre R\u00edos refuerza el combate contra incendios en el Delta con el despliegue de medios a\u00e9reos y n\u00e1uticos","datePublished":"2025-08-10T01:55:43+00:00","dateModified":"2025-08-10T01:55:44+00:00","mainEntityOfPage":{"@id":"https:\/\/diariodelsurdigital.com.ar\/?p=4019"},"wordCount":362,"commentCount":0,"image":{"@id":"https:\/\/diariodelsurdigital.com.ar\/?p=4019#primaryimage"},"thumbnailUrl":"https:\/\/diariodelsurdigital.com.ar\/wp-content\/uploads\/2025\/08\/l_1754762373.jpg","articleSection":["Provinciales"],"inLanguage":"es","potentialAction":[{"@type":"CommentAction","name":"Comment","target":["https:\/\/diariodelsurdigital.com.ar\/?p=4019#respond"]}]},{"@type":"WebPage","@id":"https:\/\/diariodelsurdigital.com.ar\/?p=4019","url":"https:\/\/diariodelsurdigital.com.ar\/?p=4019","name":"Entre R\u00edos refuerza el combate contra incendios en el Delta con el despliegue de medios a\u00e9reos y n\u00e1uticos - Diario del Sur","isPartOf":{"@id":"https:\/\/diariodelsurdigital.com.ar\/#website"},"primaryImageOfPage":{"@id":"https:\/\/diariodelsurdigital.com.ar\/?p=4019#primaryimage"},"image":{"@id":"https:\/\/diariodelsurdigital.com.ar\/?p=4019#primaryimage"},"thumbnailUrl":"https:\/\/diariodelsurdigital.com.ar\/wp-content\/uploads\/2025\/08\/l_1754762373.jpg","datePublished":"2025-08-10T01:55:43+00:00","dateModified":"2025-08-10T01:55:44+00:00","author":{"@id":"https:\/\/diariodelsurdigital.com.ar\/#\/schema\/person\/d794acb23337e88c6e4004a39c32be62"},"breadcrumb":{"@id":"https:\/\/diariodelsurdigital.com.ar\/?p=4019#breadcrumb"},"inLanguage":"es","potentialAction":[{"@type":"ReadAction","target":["https:\/\/diariodelsurdigital.com.ar\/?p=4019"]}]},{"@type":"ImageObject","inLanguage":"es","@id":"https:\/\/diariodelsurdigital.com.ar\/?p=4019#primaryimage","url":"https:\/\/diariodelsurdigital.com.ar\/wp-content\/uploads\/2025\/08\/l_1754762373.jpg","contentUrl":"https:\/\/diariodelsurdigital.com.ar\/wp-content\/uploads\/2025\/08\/l_1754762373.jpg","width":870,"height":580},{"@type":"BreadcrumbList","@id":"https:\/\/diariodelsurdigital.com.ar\/?p=4019#breadcrumb","itemListElement":[{"@type":"ListItem","position":1,"name":"Portada","item":"https:\/\/diariodelsurdigital.com.ar\/"},{"@type":"ListItem","position":2,"name":"Entre R\u00edos refuerza el combate contra incendios en el Delta con el despliegue de medios a\u00e9reos y n\u00e1uticos"}]},{"@type":"WebSite","@id":"https:\/\/diariodelsurdigital.com.ar\/#website","url":"https:\/\/diariodelsurdigital.com.ar\/","name":"Diario del Sur","description":"Digital","potentialAction":[{"@type":"SearchAction","target":{"@type":"EntryPoint","urlTemplate":"https:\/\/diariodelsurdigital.com.ar\/?s={search_term_string}"},"query-input":{"@type":"PropertyValueSpecification","valueRequired":true,"valueName":"search_term_string"}}],"inLanguage":"es"},{"@type":"Person","@id":"https:\/\/diariodelsurdigital.com.ar\/#\/schema\/person\/d794acb23337e88c6e4004a39c32be62","name":"Diario del Sur Digital","image":{"@type":"ImageObject","inLanguage":"es","@id":"https:\/\/secure.gravatar.com\/avatar\/47679bcfa15734cfdefc176b6ad58adeeccac22b2e03e095ada6c622af2b463a?s=96&d=mm&r=g","url":"https:\/\/secure.gravatar.com\/avatar\/47679bcfa15734cfdefc176b6ad58adeeccac22b2e03e095ada6c622af2b463a?s=96&d=mm&r=g","contentUrl":"https:\/\/secure.gravatar.com\/avatar\/47679bcfa15734cfdefc176b6ad58adeeccac22b2e03e095ada6c622af2b463a?s=96&d=mm&r=g","caption":"Diario del Sur Digital"},"url":"https:\/\/diariodelsurdigital.com.ar\/?author=3"}]}},"_links":{"self":[{"href":"https:\/\/diariodelsurdigital.com.ar\/index.php?rest_route=\/wp\/v2\/posts\/4019","targetHints":{"allow":["GET"]}}],"collection":[{"href":"https:\/\/diariodelsurdigital.com.ar\/index.php?rest_route=\/wp\/v2\/posts"}],"about":[{"href":"https:\/\/diariodelsurdigital.com.ar\/index.php?rest_route=\/wp\/v2\/types\/post"}],"author":[{"embeddable":true,"href":"https:\/\/diariodelsurdigital.com.ar\/index.php?rest_route=\/wp\/v2\/users\/3"}],"replies":[{"embeddable":true,"href":"https:\/\/diariodelsurdigital.com.ar\/index.php?rest_route=%2Fwp%2Fv2%2Fcomments&post=4019"}],"version-history":[{"count":1,"href":"https:\/\/diariodelsurdigital.com.ar\/index.php?rest_route=\/wp\/v2\/posts\/4019\/revisions"}],"predecessor-version":[{"id":4021,"href":"https:\/\/diariodelsurdigital.com.ar\/index.php?rest_route=\/wp\/v2\/posts\/4019\/revisions\/4021"}],"wp:featuredmedia":[{"embeddable":true,"href":"https:\/\/diariodelsurdigital.com.ar\/index.php?rest_route=\/wp\/v2\/media\/4020"}],"wp:attachment":[{"href":"https:\/\/diariodelsurdigital.com.ar\/index.php?rest_route=%2Fwp%2Fv2%2Fmedia&parent=4019"}],"wp:term":[{"taxonomy":"category","embeddable":true,"href":"https:\/\/diariodelsurdigital.com.ar\/index.php?rest_route=%2Fwp%2Fv2%2Fcategories&post=4019"},{"taxonomy":"post_tag","embeddable":true,"href":"https:\/\/diariodelsurdigital.com.ar\/index.php?rest_route=%2Fwp%2Fv2%2Ftags&post=4019"}],"curies":[{"name":"wp","href":"https:\/\/api.w.org\/{rel}","templated":true}]}}