{"id":4022,"date":"2025-08-09T22:58:08","date_gmt":"2025-08-10T01:58:08","guid":{"rendered":"https:\/\/diariodelsurdigital.com.ar\/?p=4022"},"modified":"2025-08-09T22:58:09","modified_gmt":"2025-08-10T01:58:09","slug":"encontraron-un-cuerpo-calcinado-y-con-una-soga-en-el-cuello-en-un-descampado","status":"publish","type":"post","link":"https:\/\/diariodelsurdigital.com.ar\/?p=4022","title":{"rendered":"Encontraron un cuerpo calcinado y con una soga en el cuello en un descampado"},"content":{"rendered":"\n<p><strong>Tambi\u00e9n ten\u00eda las manos atadas. Los vecinos hab\u00edan visto a dos hombres que bajaron \u201cun bulto\u201d y le prendieron fuego.<\/strong><\/p>\n\n\n\n<figure class=\"wp-block-image\"><img decoding=\"async\" src=\"https:\/\/cdnartic.ar\/MGPu4cGANQVupOZKWMU5bvlaANk=\/1500x0\/filters:no_upscale()\/https:\/\/elheraldocdn.eleco.com.ar\/media\/2025\/08\/descampado.jpeg\" alt=\"Encontraron un cuerpo calcinado y con una soga en el cuello en un descampado\"\/><\/figure>\n\n\n\n<p>Un macabro hallazgo conmocion\u00f3 a los vecinos del barrio Las Heras, en la ciudad de&nbsp;Mar del Plata. Los polic\u00edas encontraron el&nbsp;cuerpo calcinado&nbsp;de un hombre.<br>Los restos estaban a 40 metros dentro de un descampado, ubicado en Garc\u00eda Lorca y Rufino Inda. La v\u00edctima, que no fue identificada hasta el momento,&nbsp;estaba atada con las manos hacia atr\u00e1s y ten\u00eda una soga en el cuello.<br>La causa qued\u00f3 a cargo de la fiscal Romina D\u00edaz, de la UFI N\u00b06. Luego del hallazgo, la funcionaria orden\u00f3 el relevamiento de c\u00e1maras de seguridad, el rastrillaje de la zona y las indagatorias a testigos.<br>Los investigadores tambi\u00e9n buscaban identificar el cuerpo, pero advirtieron que ser\u00e1 un trabajo complejo&nbsp;por el estado en el que estaba. En ese sentido, no indicaron la fecha en que le practicar\u00e1n la autopsia.<br>El caso fue caratulado como&nbsp;investigaci\u00f3n de causales de muerte, pero tampoco descartan que sea un homicidio, inform\u00f3 el diario&nbsp;0223.<\/p>\n\n\n\n<p><strong>Los testigos<\/strong><\/p>\n\n\n\n<p>Una vecina que prefiri\u00f3 mantenerse en el anonimato le cont\u00f3 a ese diario marplatense que dos personas desecharon \u201cun bulto\u201d en el descampado durante la noche anterior. \u201cLo trajeron en un auto,&nbsp;lo bajaron ac\u00e1 en el basural y&nbsp;lo prendieron fuego. Pensamos que estaban quemando basura\u201d, asegur\u00f3.<br>En cuanto a la identidad del hombre, otro vecino aclar\u00f3 que no saben \u201csi era del barrio, porque es complicado identificarlo\u201d, y explic\u00f3 que no sospecharon cuando vieron el auto porque es un lugar donde suelen quemar basura. \u201cQu\u00e9 \u00edbamos a imaginar que estaban quemando a una persona\u201d, dijo. (TN)<\/p>\n\n\n\n<p>Fuente: El Heraldo<\/p>\n","protected":false},"excerpt":{"rendered":"<p>Tambi\u00e9n ten\u00eda las manos atadas. Los vecinos hab\u00edan visto a dos hombres que bajaron \u201cun bulto\u201d y le prendieron fuego. Un macabro hallazgo conmocion\u00f3 a los vecinos del barrio Las Heras, en la ciudad de&nbsp;Mar del Plata. Los polic\u00edas encontraron el&nbsp;cuerpo calcinado&nbsp;de un hombre.Los restos estaban a 40 metros dentro de un descampado, ubicado en [&hellip;]<\/p>\n","protected":false},"author":3,"featured_media":4023,"comment_status":"open","ping_status":"open","sticky":false,"template":"","format":"standard","meta":{"footnotes":""},"categories":[21],"tags":[],"class_list":{"0":"post-4022","1":"post","2":"type-post","3":"status-publish","4":"format-standard","5":"has-post-thumbnail","7":"category-policiales"},"yoast_head":"<!-- This site is optimized with the Yoast SEO plugin v27.4 - https:\/\/yoast.com\/product\/yoast-seo-wordpress\/ -->\n<title>Encontraron un cuerpo calcinado y con una soga en el cuello en un descampado - Diario del Sur<\/title>\n<meta name=\"robots\" content=\"index, follow, max-snippet:-1, max-image-preview:large, max-video-preview:-1\" \/>\n<link rel=\"canonical\" href=\"https:\/\/diariodelsurdigital.com.ar\/?p=4022\" \/>\n<meta property=\"og:locale\" content=\"es_ES\" \/>\n<meta property=\"og:type\" content=\"article\" \/>\n<meta property=\"og:title\" content=\"Encontraron un cuerpo calcinado y con una soga en el cuello en un descampado - Diario del Sur\" \/>\n<meta property=\"og:description\" content=\"Tambi\u00e9n ten\u00eda las manos atadas. Los vecinos hab\u00edan visto a dos hombres que bajaron \u201cun bulto\u201d y le prendieron fuego. Un macabro hallazgo conmocion\u00f3 a los vecinos del barrio Las Heras, en la ciudad de&nbsp;Mar del Plata. Los polic\u00edas encontraron el&nbsp;cuerpo calcinado&nbsp;de un hombre.Los restos estaban a 40 metros dentro de un descampado, ubicado en [&hellip;]\" \/>\n<meta property=\"og:url\" content=\"https:\/\/diariodelsurdigital.com.ar\/?p=4022\" \/>\n<meta property=\"og:site_name\" content=\"Diario del Sur\" \/>\n<meta property=\"article:published_time\" content=\"2025-08-10T01:58:08+00:00\" \/>\n<meta property=\"article:modified_time\" content=\"2025-08-10T01:58:09+00:00\" \/>\n<meta property=\"og:image\" content=\"https:\/\/diariodelsurdigital.com.ar\/wp-content\/uploads\/2025\/08\/descampado.jpg\" \/>\n\t<meta property=\"og:image:width\" content=\"811\" \/>\n\t<meta property=\"og:image:height\" content=\"608\" \/>\n\t<meta property=\"og:image:type\" content=\"image\/jpeg\" \/>\n<meta name=\"author\" content=\"Diario del Sur Digital\" \/>\n<meta name=\"twitter:card\" content=\"summary_large_image\" \/>\n<meta name=\"twitter:label1\" content=\"Escrito por\" \/>\n\t<meta name=\"twitter:data1\" content=\"Diario del Sur Digital\" \/>\n\t<meta name=\"twitter:label2\" content=\"Tiempo de lectura\" \/>\n\t<meta name=\"twitter:data2\" content=\"2 minutos\" \/>\n<script type=\"application\/ld+json\" class=\"yoast-schema-graph\">{\"@context\":\"https:\\\/\\\/schema.org\",\"@graph\":[{\"@type\":\"Article\",\"@id\":\"https:\\\/\\\/diariodelsurdigital.com.ar\\\/?p=4022#article\",\"isPartOf\":{\"@id\":\"https:\\\/\\\/diariodelsurdigital.com.ar\\\/?p=4022\"},\"author\":{\"name\":\"Diario del Sur Digital\",\"@id\":\"https:\\\/\\\/diariodelsurdigital.com.ar\\\/#\\\/schema\\\/person\\\/d794acb23337e88c6e4004a39c32be62\"},\"headline\":\"Encontraron un cuerpo calcinado y con una soga en el cuello en un descampado\",\"datePublished\":\"2025-08-10T01:58:08+00:00\",\"dateModified\":\"2025-08-10T01:58:09+00:00\",\"mainEntityOfPage\":{\"@id\":\"https:\\\/\\\/diariodelsurdigital.com.ar\\\/?p=4022\"},\"wordCount\":315,\"commentCount\":0,\"image\":{\"@id\":\"https:\\\/\\\/diariodelsurdigital.com.ar\\\/?p=4022#primaryimage\"},\"thumbnailUrl\":\"https:\\\/\\\/diariodelsurdigital.com.ar\\\/wp-content\\\/uploads\\\/2025\\\/08\\\/descampado.jpg\",\"articleSection\":[\"Policiales\"],\"inLanguage\":\"es\",\"potentialAction\":[{\"@type\":\"CommentAction\",\"name\":\"Comment\",\"target\":[\"https:\\\/\\\/diariodelsurdigital.com.ar\\\/?p=4022#respond\"]}]},{\"@type\":\"WebPage\",\"@id\":\"https:\\\/\\\/diariodelsurdigital.com.ar\\\/?p=4022\",\"url\":\"https:\\\/\\\/diariodelsurdigital.com.ar\\\/?p=4022\",\"name\":\"Encontraron un cuerpo calcinado y con una soga en el cuello en un descampado - Diario del Sur\",\"isPartOf\":{\"@id\":\"https:\\\/\\\/diariodelsurdigital.com.ar\\\/#website\"},\"primaryImageOfPage\":{\"@id\":\"https:\\\/\\\/diariodelsurdigital.com.ar\\\/?p=4022#primaryimage\"},\"image\":{\"@id\":\"https:\\\/\\\/diariodelsurdigital.com.ar\\\/?p=4022#primaryimage\"},\"thumbnailUrl\":\"https:\\\/\\\/diariodelsurdigital.com.ar\\\/wp-content\\\/uploads\\\/2025\\\/08\\\/descampado.jpg\",\"datePublished\":\"2025-08-10T01:58:08+00:00\",\"dateModified\":\"2025-08-10T01:58:09+00:00\",\"author\":{\"@id\":\"https:\\\/\\\/diariodelsurdigital.com.ar\\\/#\\\/schema\\\/person\\\/d794acb23337e88c6e4004a39c32be62\"},\"breadcrumb\":{\"@id\":\"https:\\\/\\\/diariodelsurdigital.com.ar\\\/?p=4022#breadcrumb\"},\"inLanguage\":\"es\",\"potentialAction\":[{\"@type\":\"ReadAction\",\"target\":[\"https:\\\/\\\/diariodelsurdigital.com.ar\\\/?p=4022\"]}]},{\"@type\":\"ImageObject\",\"inLanguage\":\"es\",\"@id\":\"https:\\\/\\\/diariodelsurdigital.com.ar\\\/?p=4022#primaryimage\",\"url\":\"https:\\\/\\\/diariodelsurdigital.com.ar\\\/wp-content\\\/uploads\\\/2025\\\/08\\\/descampado.jpg\",\"contentUrl\":\"https:\\\/\\\/diariodelsurdigital.com.ar\\\/wp-content\\\/uploads\\\/2025\\\/08\\\/descampado.jpg\",\"width\":811,\"height\":608},{\"@type\":\"BreadcrumbList\",\"@id\":\"https:\\\/\\\/diariodelsurdigital.com.ar\\\/?p=4022#breadcrumb\",\"itemListElement\":[{\"@type\":\"ListItem\",\"position\":1,\"name\":\"Portada\",\"item\":\"https:\\\/\\\/diariodelsurdigital.com.ar\\\/\"},{\"@type\":\"ListItem\",\"position\":2,\"name\":\"Encontraron un cuerpo calcinado y con una soga en el cuello en un descampado\"}]},{\"@type\":\"WebSite\",\"@id\":\"https:\\\/\\\/diariodelsurdigital.com.ar\\\/#website\",\"url\":\"https:\\\/\\\/diariodelsurdigital.com.ar\\\/\",\"name\":\"Diario del Sur\",\"description\":\"Digital\",\"potentialAction\":[{\"@type\":\"SearchAction\",\"target\":{\"@type\":\"EntryPoint\",\"urlTemplate\":\"https:\\\/\\\/diariodelsurdigital.com.ar\\\/?s={search_term_string}\"},\"query-input\":{\"@type\":\"PropertyValueSpecification\",\"valueRequired\":true,\"valueName\":\"search_term_string\"}}],\"inLanguage\":\"es\"},{\"@type\":\"Person\",\"@id\":\"https:\\\/\\\/diariodelsurdigital.com.ar\\\/#\\\/schema\\\/person\\\/d794acb23337e88c6e4004a39c32be62\",\"name\":\"Diario del Sur Digital\",\"image\":{\"@type\":\"ImageObject\",\"inLanguage\":\"es\",\"@id\":\"https:\\\/\\\/secure.gravatar.com\\\/avatar\\\/47679bcfa15734cfdefc176b6ad58adeeccac22b2e03e095ada6c622af2b463a?s=96&d=mm&r=g\",\"url\":\"https:\\\/\\\/secure.gravatar.com\\\/avatar\\\/47679bcfa15734cfdefc176b6ad58adeeccac22b2e03e095ada6c622af2b463a?s=96&d=mm&r=g\",\"contentUrl\":\"https:\\\/\\\/secure.gravatar.com\\\/avatar\\\/47679bcfa15734cfdefc176b6ad58adeeccac22b2e03e095ada6c622af2b463a?s=96&d=mm&r=g\",\"caption\":\"Diario del Sur Digital\"},\"url\":\"https:\\\/\\\/diariodelsurdigital.com.ar\\\/?author=3\"}]}<\/script>\n<!-- \/ Yoast SEO plugin. -->","yoast_head_json":{"title":"Encontraron un cuerpo calcinado y con una soga en el cuello en un descampado - Diario del Sur","robots":{"index":"index","follow":"follow","max-snippet":"max-snippet:-1","max-image-preview":"max-image-preview:large","max-video-preview":"max-video-preview:-1"},"canonical":"https:\/\/diariodelsurdigital.com.ar\/?p=4022","og_locale":"es_ES","og_type":"article","og_title":"Encontraron un cuerpo calcinado y con una soga en el cuello en un descampado - Diario del Sur","og_description":"Tambi\u00e9n ten\u00eda las manos atadas. Los vecinos hab\u00edan visto a dos hombres que bajaron \u201cun bulto\u201d y le prendieron fuego. Un macabro hallazgo conmocion\u00f3 a los vecinos del barrio Las Heras, en la ciudad de&nbsp;Mar del Plata. Los polic\u00edas encontraron el&nbsp;cuerpo calcinado&nbsp;de un hombre.Los restos estaban a 40 metros dentro de un descampado, ubicado en [&hellip;]","og_url":"https:\/\/diariodelsurdigital.com.ar\/?p=4022","og_site_name":"Diario del Sur","article_published_time":"2025-08-10T01:58:08+00:00","article_modified_time":"2025-08-10T01:58:09+00:00","og_image":[{"width":811,"height":608,"url":"https:\/\/diariodelsurdigital.com.ar\/wp-content\/uploads\/2025\/08\/descampado.jpg","type":"image\/jpeg"}],"author":"Diario del Sur Digital","twitter_card":"summary_large_image","twitter_misc":{"Escrito por":"Diario del Sur Digital","Tiempo de lectura":"2 minutos"},"schema":{"@context":"https:\/\/schema.org","@graph":[{"@type":"Article","@id":"https:\/\/diariodelsurdigital.com.ar\/?p=4022#article","isPartOf":{"@id":"https:\/\/diariodelsurdigital.com.ar\/?p=4022"},"author":{"name":"Diario del Sur Digital","@id":"https:\/\/diariodelsurdigital.com.ar\/#\/schema\/person\/d794acb23337e88c6e4004a39c32be62"},"headline":"Encontraron un cuerpo calcinado y con una soga en el cuello en un descampado","datePublished":"2025-08-10T01:58:08+00:00","dateModified":"2025-08-10T01:58:09+00:00","mainEntityOfPage":{"@id":"https:\/\/diariodelsurdigital.com.ar\/?p=4022"},"wordCount":315,"commentCount":0,"image":{"@id":"https:\/\/diariodelsurdigital.com.ar\/?p=4022#primaryimage"},"thumbnailUrl":"https:\/\/diariodelsurdigital.com.ar\/wp-content\/uploads\/2025\/08\/descampado.jpg","articleSection":["Policiales"],"inLanguage":"es","potentialAction":[{"@type":"CommentAction","name":"Comment","target":["https:\/\/diariodelsurdigital.com.ar\/?p=4022#respond"]}]},{"@type":"WebPage","@id":"https:\/\/diariodelsurdigital.com.ar\/?p=4022","url":"https:\/\/diariodelsurdigital.com.ar\/?p=4022","name":"Encontraron un cuerpo calcinado y con una soga en el cuello en un descampado - Diario del Sur","isPartOf":{"@id":"https:\/\/diariodelsurdigital.com.ar\/#website"},"primaryImageOfPage":{"@id":"https:\/\/diariodelsurdigital.com.ar\/?p=4022#primaryimage"},"image":{"@id":"https:\/\/diariodelsurdigital.com.ar\/?p=4022#primaryimage"},"thumbnailUrl":"https:\/\/diariodelsurdigital.com.ar\/wp-content\/uploads\/2025\/08\/descampado.jpg","datePublished":"2025-08-10T01:58:08+00:00","dateModified":"2025-08-10T01:58:09+00:00","author":{"@id":"https:\/\/diariodelsurdigital.com.ar\/#\/schema\/person\/d794acb23337e88c6e4004a39c32be62"},"breadcrumb":{"@id":"https:\/\/diariodelsurdigital.com.ar\/?p=4022#breadcrumb"},"inLanguage":"es","potentialAction":[{"@type":"ReadAction","target":["https:\/\/diariodelsurdigital.com.ar\/?p=4022"]}]},{"@type":"ImageObject","inLanguage":"es","@id":"https:\/\/diariodelsurdigital.com.ar\/?p=4022#primaryimage","url":"https:\/\/diariodelsurdigital.com.ar\/wp-content\/uploads\/2025\/08\/descampado.jpg","contentUrl":"https:\/\/diariodelsurdigital.com.ar\/wp-content\/uploads\/2025\/08\/descampado.jpg","width":811,"height":608},{"@type":"BreadcrumbList","@id":"https:\/\/diariodelsurdigital.com.ar\/?p=4022#breadcrumb","itemListElement":[{"@type":"ListItem","position":1,"name":"Portada","item":"https:\/\/diariodelsurdigital.com.ar\/"},{"@type":"ListItem","position":2,"name":"Encontraron un cuerpo calcinado y con una soga en el cuello en un descampado"}]},{"@type":"WebSite","@id":"https:\/\/diariodelsurdigital.com.ar\/#website","url":"https:\/\/diariodelsurdigital.com.ar\/","name":"Diario del Sur","description":"Digital","potentialAction":[{"@type":"SearchAction","target":{"@type":"EntryPoint","urlTemplate":"https:\/\/diariodelsurdigital.com.ar\/?s={search_term_string}"},"query-input":{"@type":"PropertyValueSpecification","valueRequired":true,"valueName":"search_term_string"}}],"inLanguage":"es"},{"@type":"Person","@id":"https:\/\/diariodelsurdigital.com.ar\/#\/schema\/person\/d794acb23337e88c6e4004a39c32be62","name":"Diario del Sur Digital","image":{"@type":"ImageObject","inLanguage":"es","@id":"https:\/\/secure.gravatar.com\/avatar\/47679bcfa15734cfdefc176b6ad58adeeccac22b2e03e095ada6c622af2b463a?s=96&d=mm&r=g","url":"https:\/\/secure.gravatar.com\/avatar\/47679bcfa15734cfdefc176b6ad58adeeccac22b2e03e095ada6c622af2b463a?s=96&d=mm&r=g","contentUrl":"https:\/\/secure.gravatar.com\/avatar\/47679bcfa15734cfdefc176b6ad58adeeccac22b2e03e095ada6c622af2b463a?s=96&d=mm&r=g","caption":"Diario del Sur Digital"},"url":"https:\/\/diariodelsurdigital.com.ar\/?author=3"}]}},"_links":{"self":[{"href":"https:\/\/diariodelsurdigital.com.ar\/index.php?rest_route=\/wp\/v2\/posts\/4022","targetHints":{"allow":["GET"]}}],"collection":[{"href":"https:\/\/diariodelsurdigital.com.ar\/index.php?rest_route=\/wp\/v2\/posts"}],"about":[{"href":"https:\/\/diariodelsurdigital.com.ar\/index.php?rest_route=\/wp\/v2\/types\/post"}],"author":[{"embeddable":true,"href":"https:\/\/diariodelsurdigital.com.ar\/index.php?rest_route=\/wp\/v2\/users\/3"}],"replies":[{"embeddable":true,"href":"https:\/\/diariodelsurdigital.com.ar\/index.php?rest_route=%2Fwp%2Fv2%2Fcomments&post=4022"}],"version-history":[{"count":1,"href":"https:\/\/diariodelsurdigital.com.ar\/index.php?rest_route=\/wp\/v2\/posts\/4022\/revisions"}],"predecessor-version":[{"id":4024,"href":"https:\/\/diariodelsurdigital.com.ar\/index.php?rest_route=\/wp\/v2\/posts\/4022\/revisions\/4024"}],"wp:featuredmedia":[{"embeddable":true,"href":"https:\/\/diariodelsurdigital.com.ar\/index.php?rest_route=\/wp\/v2\/media\/4023"}],"wp:attachment":[{"href":"https:\/\/diariodelsurdigital.com.ar\/index.php?rest_route=%2Fwp%2Fv2%2Fmedia&parent=4022"}],"wp:term":[{"taxonomy":"category","embeddable":true,"href":"https:\/\/diariodelsurdigital.com.ar\/index.php?rest_route=%2Fwp%2Fv2%2Fcategories&post=4022"},{"taxonomy":"post_tag","embeddable":true,"href":"https:\/\/diariodelsurdigital.com.ar\/index.php?rest_route=%2Fwp%2Fv2%2Ftags&post=4022"}],"curies":[{"name":"wp","href":"https:\/\/api.w.org\/{rel}","templated":true}]}}