{"id":4025,"date":"2025-08-09T23:00:37","date_gmt":"2025-08-10T02:00:37","guid":{"rendered":"https:\/\/diariodelsurdigital.com.ar\/?p=4025"},"modified":"2025-08-09T23:00:37","modified_gmt":"2025-08-10T02:00:37","slug":"acordaron-lineas-de-trabajo-con-la-facultad-de-ciencias-de-la-salud-de-la-uner","status":"publish","type":"post","link":"https:\/\/diariodelsurdigital.com.ar\/?p=4025","title":{"rendered":"Acordaron l\u00edneas de trabajo con la Facultad de Ciencias de la Salud de la UNER"},"content":{"rendered":"\n<p><strong>El ministro de Salud, Daniel Blanzaco, dialog\u00f3 con el decano de la Facultad de Ciencias de la Salud de la Universidad Nacional de Entre R\u00edos (UNER), Gregorio Etcheverry. En la oportunidad las autoridades abordaron una agenda de inter\u00e9s com\u00fan.<\/strong><\/p>\n\n\n\n<p><\/p>\n\n\n\n<figure class=\"wp-block-image\"><img decoding=\"async\" src=\"https:\/\/cdnartic.ar\/Y4cZdwRUbTPm0pVt8oK02QPOzhk=\/1500x0\/filters:no_upscale()\/https:\/\/elheraldocdn.eleco.com.ar\/media\/2025\/08\/uner_salud.jpeg\" alt=\"Acordaron l\u00edneas de trabajo con la Facultad de Ciencias de la Salud de la UNER\"\/><\/figure>\n\n\n\n<p>Tras el encuentro, el titular de la cartera sanitaria provincial expres\u00f3: \u201cSostenemos que es importante mantener instancias de di\u00e1logo e intercambio con los distintos actores que forman parte del sistema de salud, y las universidades cumplen un rol fundamental ya que forman a los t\u00e9cnicos y profesionales que nutren a nuestros equipos de trabajo\u201d.<br>Puntualmente, en relaci\u00f3n a los temas tratados en el encuentro, Blanzaco precis\u00f3: \u201cHablamos sobre algunos ejes que nos interesa abordar en conjunto, tales como el dictado del curso de formaci\u00f3n de agentes sanitarios, la especialidad universitaria en pediatr\u00eda, la firma de un convenio en el marco de la Maestr\u00eda en Salud Familiar y Comunitaria, como as\u00ed tambi\u00e9n la articulaci\u00f3n entre la FCS-UNER y el Ministerio en cuanto a las Pr\u00e1cticas Finales Obligatorias de la carrera de Medicina y las pr\u00e1cticas profesionalizantes y finales de otras carreras. \u201cCoincidimos en la necesidad de continuar trabajando en conjunto y la predisposici\u00f3n para avanzar en las diferentes l\u00edneas de acci\u00f3n\u201d.<br>Por su parte, Etcheverry manifest\u00f3: \u201cSi bien con el ministro Blanzaco ya nos conoc\u00edamos desde su rol previo como secretario de Salud, quer\u00edamos tener una presentaci\u00f3n institucional -y este fue el primer encuentro que mantuvimos desde su asunci\u00f3n al frente de la cartera- para, a partir de ah\u00ed poder repasar, reafirmar y afianzar las diferentes actividades que hacemos en forma conjunta entre la Facultad y el Ministerio, que son muy importantes para la vida acad\u00e9mica de la facultad y para el sistema de Salud de la provincia\u201d.&nbsp;<br>De este modo, las autoridades hicieron un repaso de los convenios vigentes para que los estudiantes de las carreras que se dictan en la facultad realicen pr\u00e1cticas curriculares en establecimientos de salud provinciales; abordaron el acompa\u00f1amiento conjunto en la acreditaci\u00f3n de distintas especialidades (actualmente las dos instituciones trabajan en los procesos de acreditaci\u00f3n de las especialidades de Pediatr\u00eda y Kinesiolog\u00eda del Deporte); entre otros temas de inter\u00e9s.<\/p>\n\n\n\n<p>\u201cAdem\u00e1s, estuvimos charlando sobre pr\u00f3ximos proyectos acad\u00e9micos, lo cual tambi\u00e9n va a redundar en la formaci\u00f3n de futuros profesionales, que luego terminan irrigando el sistema de salud\u201d, concluy\u00f3 Etcheverry.&nbsp;<br>Por la cartera sanitaria tambi\u00e9n estuvo presente la directora general del Primer Nivel de Atenci\u00f3n, Gladys Arosio; mientras que por la alta casa de estudios asisti\u00f3 el vicedecano, Ricardo Azario.<\/p>\n\n\n\n<p>Fuente: El Heraldo<\/p>\n","protected":false},"excerpt":{"rendered":"<p>El ministro de Salud, Daniel Blanzaco, dialog\u00f3 con el decano de la Facultad de Ciencias de la Salud de la Universidad Nacional de Entre R\u00edos (UNER), Gregorio Etcheverry. En la oportunidad las autoridades abordaron una agenda de inter\u00e9s com\u00fan. Tras el encuentro, el titular de la cartera sanitaria provincial expres\u00f3: \u201cSostenemos que es importante mantener [&hellip;]<\/p>\n","protected":false},"author":3,"featured_media":4026,"comment_status":"open","ping_status":"open","sticky":false,"template":"","format":"standard","meta":{"footnotes":""},"categories":[19],"tags":[],"class_list":{"0":"post-4025","1":"post","2":"type-post","3":"status-publish","4":"format-standard","5":"has-post-thumbnail","7":"category-interes-general"},"yoast_head":"<!-- This site is optimized with the Yoast SEO plugin v27.4 - https:\/\/yoast.com\/product\/yoast-seo-wordpress\/ -->\n<title>Acordaron l\u00edneas de trabajo con la Facultad de Ciencias de la Salud de la UNER - Diario del Sur<\/title>\n<meta name=\"robots\" content=\"index, follow, max-snippet:-1, max-image-preview:large, max-video-preview:-1\" \/>\n<link rel=\"canonical\" href=\"https:\/\/diariodelsurdigital.com.ar\/?p=4025\" \/>\n<meta property=\"og:locale\" content=\"es_ES\" \/>\n<meta property=\"og:type\" content=\"article\" \/>\n<meta property=\"og:title\" content=\"Acordaron l\u00edneas de trabajo con la Facultad de Ciencias de la Salud de la UNER - Diario del Sur\" \/>\n<meta property=\"og:description\" content=\"El ministro de Salud, Daniel Blanzaco, dialog\u00f3 con el decano de la Facultad de Ciencias de la Salud de la Universidad Nacional de Entre R\u00edos (UNER), Gregorio Etcheverry. En la oportunidad las autoridades abordaron una agenda de inter\u00e9s com\u00fan. Tras el encuentro, el titular de la cartera sanitaria provincial expres\u00f3: \u201cSostenemos que es importante mantener [&hellip;]\" \/>\n<meta property=\"og:url\" content=\"https:\/\/diariodelsurdigital.com.ar\/?p=4025\" \/>\n<meta property=\"og:site_name\" content=\"Diario del Sur\" \/>\n<meta property=\"article:published_time\" content=\"2025-08-10T02:00:37+00:00\" \/>\n<meta property=\"og:image\" content=\"https:\/\/diariodelsurdigital.com.ar\/wp-content\/uploads\/2025\/08\/uner_salud.jpg\" \/>\n\t<meta property=\"og:image:width\" content=\"1024\" \/>\n\t<meta property=\"og:image:height\" content=\"768\" \/>\n\t<meta property=\"og:image:type\" content=\"image\/jpeg\" \/>\n<meta name=\"author\" content=\"Diario del Sur Digital\" \/>\n<meta name=\"twitter:card\" content=\"summary_large_image\" \/>\n<meta name=\"twitter:label1\" content=\"Escrito por\" \/>\n\t<meta name=\"twitter:data1\" content=\"Diario del Sur Digital\" \/>\n\t<meta name=\"twitter:label2\" content=\"Tiempo de lectura\" \/>\n\t<meta name=\"twitter:data2\" content=\"3 minutos\" \/>\n<script type=\"application\/ld+json\" class=\"yoast-schema-graph\">{\"@context\":\"https:\\\/\\\/schema.org\",\"@graph\":[{\"@type\":\"Article\",\"@id\":\"https:\\\/\\\/diariodelsurdigital.com.ar\\\/?p=4025#article\",\"isPartOf\":{\"@id\":\"https:\\\/\\\/diariodelsurdigital.com.ar\\\/?p=4025\"},\"author\":{\"name\":\"Diario del Sur Digital\",\"@id\":\"https:\\\/\\\/diariodelsurdigital.com.ar\\\/#\\\/schema\\\/person\\\/d794acb23337e88c6e4004a39c32be62\"},\"headline\":\"Acordaron l\u00edneas de trabajo con la Facultad de Ciencias de la Salud de la UNER\",\"datePublished\":\"2025-08-10T02:00:37+00:00\",\"mainEntityOfPage\":{\"@id\":\"https:\\\/\\\/diariodelsurdigital.com.ar\\\/?p=4025\"},\"wordCount\":468,\"commentCount\":0,\"image\":{\"@id\":\"https:\\\/\\\/diariodelsurdigital.com.ar\\\/?p=4025#primaryimage\"},\"thumbnailUrl\":\"https:\\\/\\\/diariodelsurdigital.com.ar\\\/wp-content\\\/uploads\\\/2025\\\/08\\\/uner_salud.jpg\",\"articleSection\":[\"Inter\u00e9s General\"],\"inLanguage\":\"es\",\"potentialAction\":[{\"@type\":\"CommentAction\",\"name\":\"Comment\",\"target\":[\"https:\\\/\\\/diariodelsurdigital.com.ar\\\/?p=4025#respond\"]}]},{\"@type\":\"WebPage\",\"@id\":\"https:\\\/\\\/diariodelsurdigital.com.ar\\\/?p=4025\",\"url\":\"https:\\\/\\\/diariodelsurdigital.com.ar\\\/?p=4025\",\"name\":\"Acordaron l\u00edneas de trabajo con la Facultad de Ciencias de la Salud de la UNER - Diario del Sur\",\"isPartOf\":{\"@id\":\"https:\\\/\\\/diariodelsurdigital.com.ar\\\/#website\"},\"primaryImageOfPage\":{\"@id\":\"https:\\\/\\\/diariodelsurdigital.com.ar\\\/?p=4025#primaryimage\"},\"image\":{\"@id\":\"https:\\\/\\\/diariodelsurdigital.com.ar\\\/?p=4025#primaryimage\"},\"thumbnailUrl\":\"https:\\\/\\\/diariodelsurdigital.com.ar\\\/wp-content\\\/uploads\\\/2025\\\/08\\\/uner_salud.jpg\",\"datePublished\":\"2025-08-10T02:00:37+00:00\",\"author\":{\"@id\":\"https:\\\/\\\/diariodelsurdigital.com.ar\\\/#\\\/schema\\\/person\\\/d794acb23337e88c6e4004a39c32be62\"},\"breadcrumb\":{\"@id\":\"https:\\\/\\\/diariodelsurdigital.com.ar\\\/?p=4025#breadcrumb\"},\"inLanguage\":\"es\",\"potentialAction\":[{\"@type\":\"ReadAction\",\"target\":[\"https:\\\/\\\/diariodelsurdigital.com.ar\\\/?p=4025\"]}]},{\"@type\":\"ImageObject\",\"inLanguage\":\"es\",\"@id\":\"https:\\\/\\\/diariodelsurdigital.com.ar\\\/?p=4025#primaryimage\",\"url\":\"https:\\\/\\\/diariodelsurdigital.com.ar\\\/wp-content\\\/uploads\\\/2025\\\/08\\\/uner_salud.jpg\",\"contentUrl\":\"https:\\\/\\\/diariodelsurdigital.com.ar\\\/wp-content\\\/uploads\\\/2025\\\/08\\\/uner_salud.jpg\",\"width\":1024,\"height\":768},{\"@type\":\"BreadcrumbList\",\"@id\":\"https:\\\/\\\/diariodelsurdigital.com.ar\\\/?p=4025#breadcrumb\",\"itemListElement\":[{\"@type\":\"ListItem\",\"position\":1,\"name\":\"Portada\",\"item\":\"https:\\\/\\\/diariodelsurdigital.com.ar\\\/\"},{\"@type\":\"ListItem\",\"position\":2,\"name\":\"Acordaron l\u00edneas de trabajo con la Facultad de Ciencias de la Salud de la UNER\"}]},{\"@type\":\"WebSite\",\"@id\":\"https:\\\/\\\/diariodelsurdigital.com.ar\\\/#website\",\"url\":\"https:\\\/\\\/diariodelsurdigital.com.ar\\\/\",\"name\":\"Diario del Sur\",\"description\":\"Digital\",\"potentialAction\":[{\"@type\":\"SearchAction\",\"target\":{\"@type\":\"EntryPoint\",\"urlTemplate\":\"https:\\\/\\\/diariodelsurdigital.com.ar\\\/?s={search_term_string}\"},\"query-input\":{\"@type\":\"PropertyValueSpecification\",\"valueRequired\":true,\"valueName\":\"search_term_string\"}}],\"inLanguage\":\"es\"},{\"@type\":\"Person\",\"@id\":\"https:\\\/\\\/diariodelsurdigital.com.ar\\\/#\\\/schema\\\/person\\\/d794acb23337e88c6e4004a39c32be62\",\"name\":\"Diario del Sur Digital\",\"image\":{\"@type\":\"ImageObject\",\"inLanguage\":\"es\",\"@id\":\"https:\\\/\\\/secure.gravatar.com\\\/avatar\\\/47679bcfa15734cfdefc176b6ad58adeeccac22b2e03e095ada6c622af2b463a?s=96&d=mm&r=g\",\"url\":\"https:\\\/\\\/secure.gravatar.com\\\/avatar\\\/47679bcfa15734cfdefc176b6ad58adeeccac22b2e03e095ada6c622af2b463a?s=96&d=mm&r=g\",\"contentUrl\":\"https:\\\/\\\/secure.gravatar.com\\\/avatar\\\/47679bcfa15734cfdefc176b6ad58adeeccac22b2e03e095ada6c622af2b463a?s=96&d=mm&r=g\",\"caption\":\"Diario del Sur Digital\"},\"url\":\"https:\\\/\\\/diariodelsurdigital.com.ar\\\/?author=3\"}]}<\/script>\n<!-- \/ Yoast SEO plugin. -->","yoast_head_json":{"title":"Acordaron l\u00edneas de trabajo con la Facultad de Ciencias de la Salud de la UNER - Diario del Sur","robots":{"index":"index","follow":"follow","max-snippet":"max-snippet:-1","max-image-preview":"max-image-preview:large","max-video-preview":"max-video-preview:-1"},"canonical":"https:\/\/diariodelsurdigital.com.ar\/?p=4025","og_locale":"es_ES","og_type":"article","og_title":"Acordaron l\u00edneas de trabajo con la Facultad de Ciencias de la Salud de la UNER - Diario del Sur","og_description":"El ministro de Salud, Daniel Blanzaco, dialog\u00f3 con el decano de la Facultad de Ciencias de la Salud de la Universidad Nacional de Entre R\u00edos (UNER), Gregorio Etcheverry. En la oportunidad las autoridades abordaron una agenda de inter\u00e9s com\u00fan. Tras el encuentro, el titular de la cartera sanitaria provincial expres\u00f3: \u201cSostenemos que es importante mantener [&hellip;]","og_url":"https:\/\/diariodelsurdigital.com.ar\/?p=4025","og_site_name":"Diario del Sur","article_published_time":"2025-08-10T02:00:37+00:00","og_image":[{"width":1024,"height":768,"url":"https:\/\/diariodelsurdigital.com.ar\/wp-content\/uploads\/2025\/08\/uner_salud.jpg","type":"image\/jpeg"}],"author":"Diario del Sur Digital","twitter_card":"summary_large_image","twitter_misc":{"Escrito por":"Diario del Sur Digital","Tiempo de lectura":"3 minutos"},"schema":{"@context":"https:\/\/schema.org","@graph":[{"@type":"Article","@id":"https:\/\/diariodelsurdigital.com.ar\/?p=4025#article","isPartOf":{"@id":"https:\/\/diariodelsurdigital.com.ar\/?p=4025"},"author":{"name":"Diario del Sur Digital","@id":"https:\/\/diariodelsurdigital.com.ar\/#\/schema\/person\/d794acb23337e88c6e4004a39c32be62"},"headline":"Acordaron l\u00edneas de trabajo con la Facultad de Ciencias de la Salud de la UNER","datePublished":"2025-08-10T02:00:37+00:00","mainEntityOfPage":{"@id":"https:\/\/diariodelsurdigital.com.ar\/?p=4025"},"wordCount":468,"commentCount":0,"image":{"@id":"https:\/\/diariodelsurdigital.com.ar\/?p=4025#primaryimage"},"thumbnailUrl":"https:\/\/diariodelsurdigital.com.ar\/wp-content\/uploads\/2025\/08\/uner_salud.jpg","articleSection":["Inter\u00e9s General"],"inLanguage":"es","potentialAction":[{"@type":"CommentAction","name":"Comment","target":["https:\/\/diariodelsurdigital.com.ar\/?p=4025#respond"]}]},{"@type":"WebPage","@id":"https:\/\/diariodelsurdigital.com.ar\/?p=4025","url":"https:\/\/diariodelsurdigital.com.ar\/?p=4025","name":"Acordaron l\u00edneas de trabajo con la Facultad de Ciencias de la Salud de la UNER - Diario del Sur","isPartOf":{"@id":"https:\/\/diariodelsurdigital.com.ar\/#website"},"primaryImageOfPage":{"@id":"https:\/\/diariodelsurdigital.com.ar\/?p=4025#primaryimage"},"image":{"@id":"https:\/\/diariodelsurdigital.com.ar\/?p=4025#primaryimage"},"thumbnailUrl":"https:\/\/diariodelsurdigital.com.ar\/wp-content\/uploads\/2025\/08\/uner_salud.jpg","datePublished":"2025-08-10T02:00:37+00:00","author":{"@id":"https:\/\/diariodelsurdigital.com.ar\/#\/schema\/person\/d794acb23337e88c6e4004a39c32be62"},"breadcrumb":{"@id":"https:\/\/diariodelsurdigital.com.ar\/?p=4025#breadcrumb"},"inLanguage":"es","potentialAction":[{"@type":"ReadAction","target":["https:\/\/diariodelsurdigital.com.ar\/?p=4025"]}]},{"@type":"ImageObject","inLanguage":"es","@id":"https:\/\/diariodelsurdigital.com.ar\/?p=4025#primaryimage","url":"https:\/\/diariodelsurdigital.com.ar\/wp-content\/uploads\/2025\/08\/uner_salud.jpg","contentUrl":"https:\/\/diariodelsurdigital.com.ar\/wp-content\/uploads\/2025\/08\/uner_salud.jpg","width":1024,"height":768},{"@type":"BreadcrumbList","@id":"https:\/\/diariodelsurdigital.com.ar\/?p=4025#breadcrumb","itemListElement":[{"@type":"ListItem","position":1,"name":"Portada","item":"https:\/\/diariodelsurdigital.com.ar\/"},{"@type":"ListItem","position":2,"name":"Acordaron l\u00edneas de trabajo con la Facultad de Ciencias de la Salud de la UNER"}]},{"@type":"WebSite","@id":"https:\/\/diariodelsurdigital.com.ar\/#website","url":"https:\/\/diariodelsurdigital.com.ar\/","name":"Diario del Sur","description":"Digital","potentialAction":[{"@type":"SearchAction","target":{"@type":"EntryPoint","urlTemplate":"https:\/\/diariodelsurdigital.com.ar\/?s={search_term_string}"},"query-input":{"@type":"PropertyValueSpecification","valueRequired":true,"valueName":"search_term_string"}}],"inLanguage":"es"},{"@type":"Person","@id":"https:\/\/diariodelsurdigital.com.ar\/#\/schema\/person\/d794acb23337e88c6e4004a39c32be62","name":"Diario del Sur Digital","image":{"@type":"ImageObject","inLanguage":"es","@id":"https:\/\/secure.gravatar.com\/avatar\/47679bcfa15734cfdefc176b6ad58adeeccac22b2e03e095ada6c622af2b463a?s=96&d=mm&r=g","url":"https:\/\/secure.gravatar.com\/avatar\/47679bcfa15734cfdefc176b6ad58adeeccac22b2e03e095ada6c622af2b463a?s=96&d=mm&r=g","contentUrl":"https:\/\/secure.gravatar.com\/avatar\/47679bcfa15734cfdefc176b6ad58adeeccac22b2e03e095ada6c622af2b463a?s=96&d=mm&r=g","caption":"Diario del Sur Digital"},"url":"https:\/\/diariodelsurdigital.com.ar\/?author=3"}]}},"_links":{"self":[{"href":"https:\/\/diariodelsurdigital.com.ar\/index.php?rest_route=\/wp\/v2\/posts\/4025","targetHints":{"allow":["GET"]}}],"collection":[{"href":"https:\/\/diariodelsurdigital.com.ar\/index.php?rest_route=\/wp\/v2\/posts"}],"about":[{"href":"https:\/\/diariodelsurdigital.com.ar\/index.php?rest_route=\/wp\/v2\/types\/post"}],"author":[{"embeddable":true,"href":"https:\/\/diariodelsurdigital.com.ar\/index.php?rest_route=\/wp\/v2\/users\/3"}],"replies":[{"embeddable":true,"href":"https:\/\/diariodelsurdigital.com.ar\/index.php?rest_route=%2Fwp%2Fv2%2Fcomments&post=4025"}],"version-history":[{"count":1,"href":"https:\/\/diariodelsurdigital.com.ar\/index.php?rest_route=\/wp\/v2\/posts\/4025\/revisions"}],"predecessor-version":[{"id":4027,"href":"https:\/\/diariodelsurdigital.com.ar\/index.php?rest_route=\/wp\/v2\/posts\/4025\/revisions\/4027"}],"wp:featuredmedia":[{"embeddable":true,"href":"https:\/\/diariodelsurdigital.com.ar\/index.php?rest_route=\/wp\/v2\/media\/4026"}],"wp:attachment":[{"href":"https:\/\/diariodelsurdigital.com.ar\/index.php?rest_route=%2Fwp%2Fv2%2Fmedia&parent=4025"}],"wp:term":[{"taxonomy":"category","embeddable":true,"href":"https:\/\/diariodelsurdigital.com.ar\/index.php?rest_route=%2Fwp%2Fv2%2Fcategories&post=4025"},{"taxonomy":"post_tag","embeddable":true,"href":"https:\/\/diariodelsurdigital.com.ar\/index.php?rest_route=%2Fwp%2Fv2%2Ftags&post=4025"}],"curies":[{"name":"wp","href":"https:\/\/api.w.org\/{rel}","templated":true}]}}