{"id":4029,"date":"2025-08-11T09:11:54","date_gmt":"2025-08-11T12:11:54","guid":{"rendered":"https:\/\/diariodelsurdigital.com.ar\/?p=4029"},"modified":"2025-08-11T09:11:55","modified_gmt":"2025-08-11T12:11:55","slug":"se-inicia-una-semana-de-paro-en-las-universidades-nacionales","status":"publish","type":"post","link":"https:\/\/diariodelsurdigital.com.ar\/?p=4029","title":{"rendered":"Se inicia una semana de paro en las universidades nacionales"},"content":{"rendered":"\n<p>La medida fue establecida por Conadu en Plenario y de esta manera desde el 11 hasta el 15 de agosto habr\u00e1 medidas de fuerza en las altas casas de estudio del pa\u00eds. En di\u00e1logo con APFDigital, el Secretario general de la Asociaci\u00f3n Gremial de Docentes Universitarios (AGDU) &#8211; Entre R\u00edos, Germ\u00e1n Orsini, dio detalles sobre los reclamos y las actividades previstas.<\/p>\n\n\n\n<p>Orsini explic\u00f3 que esta medida es consecuencia de la falta de recomposici\u00f3n salarial. \u201cEsta es una medida de fuerza en pos de llegar otra vez a realizar una marcha universitaria a fines de agosto, tratando de poner en agenda otra vez el conflicto que nunca fue resuelto, debido a la no llamada paritaria y a la imposibilidad de sentarnos a dialogar en cuanto a las mejoras de las condiciones\u201d.<\/p>\n\n\n\n<p>Adem\u00e1s, agreg\u00f3 que \u201cun docente que se inicia con 10 horas semanales est\u00e1 cobrando 250.000 pesos por mes. Muchos profesionales empiezan a buscar trabajos a\u00f1adidos en el sector privado o en otros rubros para poder cubrir sus necesidades\u201d.<\/p>\n\n\n\n<p>En este sentido mencion\u00f3 que tambi\u00e9n se tienen pensadas actividades de visibilizaci\u00f3n de la lucha docente que se llevar\u00e1 adelante en cada facultad. \u201cEl lunes desde las 17, vamos a estar con un programa de streaming en la Facultad de Ciencias Econ\u00f3micas con parte del arco pol\u00edtico, algunos rectores e integrantes de la formulaci\u00f3n del proyecto de la Ley de Financiamiento Universitario explic\u00e1ndole a la sociedad cu\u00e1l es la situaci\u00f3n del sector, que hoy se encuentra con una p\u00e9rdida del salario del 50%<\/p>\n\n\n\n<p>\u00abQueremos mostrar que la falta de presupuesto impacta tambi\u00e9n en el futuro porque esta es una pelea que no es para el hoy, sino tambi\u00e9n es para las pr\u00f3ximas generaciones, sobre todo en las carreras que se dictan en Entre R\u00edos\u201d.<\/p>\n\n\n\n<p>APFDigital pudo saber que se contar\u00e1 con la presencia de los diputados nacionales por Entre R\u00edos, Blanca Osuna y Tom\u00e1s Ledesma, y con la diputada nacional de la UCR (provincia de Buenos Aires), Danya Tavela.<\/p>\n\n\n\n<p>En el marco de esta actividad, Orisini destac\u00f3: \u201cEs importante que los entrerrianos, a la hora de elegir sus candidatos en las pr\u00f3ximas elecciones, le pregunten a sus candidatos cu\u00e1l es el valor que le da a la universidad dentro de sus plataformas pol\u00edticas, o qu\u00e9 es lo que piensan votar, o cu\u00e1l es su pensamiento en torno al valor que tiene la educaci\u00f3n universitaria y la posibilidad de que los gurises entrerrianos puedan acceder a una universidad cercana de sus localidades. La Universidad Nacional de Entre R\u00edos, por ejemplo, ha abierto muchas carreras que antes eran imposibles o impensadas hacerlas dentro de la provincia.\u201d.<\/p>\n\n\n\n<p>Adem\u00e1s, Conadu resolvi\u00f3 que se realicen paros rotativos de 48 horas para todo el mes, Orisini aclar\u00f3 que era una medida que se iba a analizar. \u201cNosotros vamos a evaluar tambi\u00e9n con los estudiantes cu\u00e1l es el impacto de las medidas tampoco queremos perjudicar el normal desarrollo del cursado, creo que no se va a seguir ese esquema tal como fue anunciado, pero tendremos que discutirlo con los otros gremios de las otras provincias.\u201d<\/p>\n","protected":false},"excerpt":{"rendered":"<p>La medida fue establecida por Conadu en Plenario y de esta manera desde el 11 hasta el 15 de agosto habr\u00e1 medidas de fuerza en las altas casas de estudio del pa\u00eds. En di\u00e1logo con APFDigital, el Secretario general de la Asociaci\u00f3n Gremial de Docentes Universitarios (AGDU) &#8211; Entre R\u00edos, Germ\u00e1n Orsini, dio detalles sobre [&hellip;]<\/p>\n","protected":false},"author":4,"featured_media":4030,"comment_status":"open","ping_status":"open","sticky":false,"template":"","format":"standard","meta":{"footnotes":""},"categories":[19],"tags":[],"class_list":{"0":"post-4029","1":"post","2":"type-post","3":"status-publish","4":"format-standard","5":"has-post-thumbnail","7":"category-interes-general"},"yoast_head":"<!-- This site is optimized with the Yoast SEO plugin v27.4 - https:\/\/yoast.com\/product\/yoast-seo-wordpress\/ -->\n<title>Se inicia una semana de paro en las universidades nacionales - Diario del Sur<\/title>\n<meta name=\"robots\" content=\"index, follow, max-snippet:-1, max-image-preview:large, max-video-preview:-1\" \/>\n<link rel=\"canonical\" href=\"https:\/\/diariodelsurdigital.com.ar\/?p=4029\" \/>\n<meta property=\"og:locale\" content=\"es_ES\" \/>\n<meta property=\"og:type\" content=\"article\" \/>\n<meta property=\"og:title\" content=\"Se inicia una semana de paro en las universidades nacionales - Diario del Sur\" \/>\n<meta property=\"og:description\" content=\"La medida fue establecida por Conadu en Plenario y de esta manera desde el 11 hasta el 15 de agosto habr\u00e1 medidas de fuerza en las altas casas de estudio del pa\u00eds. En di\u00e1logo con APFDigital, el Secretario general de la Asociaci\u00f3n Gremial de Docentes Universitarios (AGDU) &#8211; Entre R\u00edos, Germ\u00e1n Orsini, dio detalles sobre [&hellip;]\" \/>\n<meta property=\"og:url\" content=\"https:\/\/diariodelsurdigital.com.ar\/?p=4029\" \/>\n<meta property=\"og:site_name\" content=\"Diario del Sur\" \/>\n<meta property=\"article:published_time\" content=\"2025-08-11T12:11:54+00:00\" \/>\n<meta property=\"article:modified_time\" content=\"2025-08-11T12:11:55+00:00\" \/>\n<meta property=\"og:image\" content=\"https:\/\/diariodelsurdigital.com.ar\/wp-content\/uploads\/2025\/08\/md-7.webp\" \/>\n\t<meta property=\"og:image:width\" content=\"992\" \/>\n\t<meta property=\"og:image:height\" content=\"672\" \/>\n\t<meta property=\"og:image:type\" content=\"image\/webp\" \/>\n<meta name=\"author\" content=\"Diario del Sur Digital\" \/>\n<meta name=\"twitter:card\" content=\"summary_large_image\" \/>\n<meta name=\"twitter:label1\" content=\"Escrito por\" \/>\n\t<meta name=\"twitter:data1\" content=\"Diario del Sur Digital\" \/>\n\t<meta name=\"twitter:label2\" content=\"Tiempo de lectura\" \/>\n\t<meta name=\"twitter:data2\" content=\"3 minutos\" \/>\n<script type=\"application\/ld+json\" class=\"yoast-schema-graph\">{\"@context\":\"https:\\\/\\\/schema.org\",\"@graph\":[{\"@type\":\"Article\",\"@id\":\"https:\\\/\\\/diariodelsurdigital.com.ar\\\/?p=4029#article\",\"isPartOf\":{\"@id\":\"https:\\\/\\\/diariodelsurdigital.com.ar\\\/?p=4029\"},\"author\":{\"name\":\"Diario del Sur Digital\",\"@id\":\"https:\\\/\\\/diariodelsurdigital.com.ar\\\/#\\\/schema\\\/person\\\/1a4992532ed62965c968031b49195c81\"},\"headline\":\"Se inicia una semana de paro en las universidades nacionales\",\"datePublished\":\"2025-08-11T12:11:54+00:00\",\"dateModified\":\"2025-08-11T12:11:55+00:00\",\"mainEntityOfPage\":{\"@id\":\"https:\\\/\\\/diariodelsurdigital.com.ar\\\/?p=4029\"},\"wordCount\":541,\"commentCount\":0,\"image\":{\"@id\":\"https:\\\/\\\/diariodelsurdigital.com.ar\\\/?p=4029#primaryimage\"},\"thumbnailUrl\":\"https:\\\/\\\/diariodelsurdigital.com.ar\\\/wp-content\\\/uploads\\\/2025\\\/08\\\/md-7.webp\",\"articleSection\":[\"Inter\u00e9s General\"],\"inLanguage\":\"es\",\"potentialAction\":[{\"@type\":\"CommentAction\",\"name\":\"Comment\",\"target\":[\"https:\\\/\\\/diariodelsurdigital.com.ar\\\/?p=4029#respond\"]}]},{\"@type\":\"WebPage\",\"@id\":\"https:\\\/\\\/diariodelsurdigital.com.ar\\\/?p=4029\",\"url\":\"https:\\\/\\\/diariodelsurdigital.com.ar\\\/?p=4029\",\"name\":\"Se inicia una semana de paro en las universidades nacionales - Diario del Sur\",\"isPartOf\":{\"@id\":\"https:\\\/\\\/diariodelsurdigital.com.ar\\\/#website\"},\"primaryImageOfPage\":{\"@id\":\"https:\\\/\\\/diariodelsurdigital.com.ar\\\/?p=4029#primaryimage\"},\"image\":{\"@id\":\"https:\\\/\\\/diariodelsurdigital.com.ar\\\/?p=4029#primaryimage\"},\"thumbnailUrl\":\"https:\\\/\\\/diariodelsurdigital.com.ar\\\/wp-content\\\/uploads\\\/2025\\\/08\\\/md-7.webp\",\"datePublished\":\"2025-08-11T12:11:54+00:00\",\"dateModified\":\"2025-08-11T12:11:55+00:00\",\"author\":{\"@id\":\"https:\\\/\\\/diariodelsurdigital.com.ar\\\/#\\\/schema\\\/person\\\/1a4992532ed62965c968031b49195c81\"},\"breadcrumb\":{\"@id\":\"https:\\\/\\\/diariodelsurdigital.com.ar\\\/?p=4029#breadcrumb\"},\"inLanguage\":\"es\",\"potentialAction\":[{\"@type\":\"ReadAction\",\"target\":[\"https:\\\/\\\/diariodelsurdigital.com.ar\\\/?p=4029\"]}]},{\"@type\":\"ImageObject\",\"inLanguage\":\"es\",\"@id\":\"https:\\\/\\\/diariodelsurdigital.com.ar\\\/?p=4029#primaryimage\",\"url\":\"https:\\\/\\\/diariodelsurdigital.com.ar\\\/wp-content\\\/uploads\\\/2025\\\/08\\\/md-7.webp\",\"contentUrl\":\"https:\\\/\\\/diariodelsurdigital.com.ar\\\/wp-content\\\/uploads\\\/2025\\\/08\\\/md-7.webp\",\"width\":992,\"height\":672},{\"@type\":\"BreadcrumbList\",\"@id\":\"https:\\\/\\\/diariodelsurdigital.com.ar\\\/?p=4029#breadcrumb\",\"itemListElement\":[{\"@type\":\"ListItem\",\"position\":1,\"name\":\"Portada\",\"item\":\"https:\\\/\\\/diariodelsurdigital.com.ar\\\/\"},{\"@type\":\"ListItem\",\"position\":2,\"name\":\"Se inicia una semana de paro en las universidades nacionales\"}]},{\"@type\":\"WebSite\",\"@id\":\"https:\\\/\\\/diariodelsurdigital.com.ar\\\/#website\",\"url\":\"https:\\\/\\\/diariodelsurdigital.com.ar\\\/\",\"name\":\"Diario del Sur\",\"description\":\"Digital\",\"potentialAction\":[{\"@type\":\"SearchAction\",\"target\":{\"@type\":\"EntryPoint\",\"urlTemplate\":\"https:\\\/\\\/diariodelsurdigital.com.ar\\\/?s={search_term_string}\"},\"query-input\":{\"@type\":\"PropertyValueSpecification\",\"valueRequired\":true,\"valueName\":\"search_term_string\"}}],\"inLanguage\":\"es\"},{\"@type\":\"Person\",\"@id\":\"https:\\\/\\\/diariodelsurdigital.com.ar\\\/#\\\/schema\\\/person\\\/1a4992532ed62965c968031b49195c81\",\"name\":\"Diario del Sur Digital\",\"image\":{\"@type\":\"ImageObject\",\"inLanguage\":\"es\",\"@id\":\"https:\\\/\\\/secure.gravatar.com\\\/avatar\\\/f0c7c47fc7146d19828273b9b8eda651c9c7ab583767e6338d3d3bee825adf76?s=96&d=mm&r=g\",\"url\":\"https:\\\/\\\/secure.gravatar.com\\\/avatar\\\/f0c7c47fc7146d19828273b9b8eda651c9c7ab583767e6338d3d3bee825adf76?s=96&d=mm&r=g\",\"contentUrl\":\"https:\\\/\\\/secure.gravatar.com\\\/avatar\\\/f0c7c47fc7146d19828273b9b8eda651c9c7ab583767e6338d3d3bee825adf76?s=96&d=mm&r=g\",\"caption\":\"Diario del Sur Digital\"},\"url\":\"https:\\\/\\\/diariodelsurdigital.com.ar\\\/?author=4\"}]}<\/script>\n<!-- \/ Yoast SEO plugin. -->","yoast_head_json":{"title":"Se inicia una semana de paro en las universidades nacionales - Diario del Sur","robots":{"index":"index","follow":"follow","max-snippet":"max-snippet:-1","max-image-preview":"max-image-preview:large","max-video-preview":"max-video-preview:-1"},"canonical":"https:\/\/diariodelsurdigital.com.ar\/?p=4029","og_locale":"es_ES","og_type":"article","og_title":"Se inicia una semana de paro en las universidades nacionales - Diario del Sur","og_description":"La medida fue establecida por Conadu en Plenario y de esta manera desde el 11 hasta el 15 de agosto habr\u00e1 medidas de fuerza en las altas casas de estudio del pa\u00eds. En di\u00e1logo con APFDigital, el Secretario general de la Asociaci\u00f3n Gremial de Docentes Universitarios (AGDU) &#8211; Entre R\u00edos, Germ\u00e1n Orsini, dio detalles sobre [&hellip;]","og_url":"https:\/\/diariodelsurdigital.com.ar\/?p=4029","og_site_name":"Diario del Sur","article_published_time":"2025-08-11T12:11:54+00:00","article_modified_time":"2025-08-11T12:11:55+00:00","og_image":[{"width":992,"height":672,"url":"https:\/\/diariodelsurdigital.com.ar\/wp-content\/uploads\/2025\/08\/md-7.webp","type":"image\/webp"}],"author":"Diario del Sur Digital","twitter_card":"summary_large_image","twitter_misc":{"Escrito por":"Diario del Sur Digital","Tiempo de lectura":"3 minutos"},"schema":{"@context":"https:\/\/schema.org","@graph":[{"@type":"Article","@id":"https:\/\/diariodelsurdigital.com.ar\/?p=4029#article","isPartOf":{"@id":"https:\/\/diariodelsurdigital.com.ar\/?p=4029"},"author":{"name":"Diario del Sur Digital","@id":"https:\/\/diariodelsurdigital.com.ar\/#\/schema\/person\/1a4992532ed62965c968031b49195c81"},"headline":"Se inicia una semana de paro en las universidades nacionales","datePublished":"2025-08-11T12:11:54+00:00","dateModified":"2025-08-11T12:11:55+00:00","mainEntityOfPage":{"@id":"https:\/\/diariodelsurdigital.com.ar\/?p=4029"},"wordCount":541,"commentCount":0,"image":{"@id":"https:\/\/diariodelsurdigital.com.ar\/?p=4029#primaryimage"},"thumbnailUrl":"https:\/\/diariodelsurdigital.com.ar\/wp-content\/uploads\/2025\/08\/md-7.webp","articleSection":["Inter\u00e9s General"],"inLanguage":"es","potentialAction":[{"@type":"CommentAction","name":"Comment","target":["https:\/\/diariodelsurdigital.com.ar\/?p=4029#respond"]}]},{"@type":"WebPage","@id":"https:\/\/diariodelsurdigital.com.ar\/?p=4029","url":"https:\/\/diariodelsurdigital.com.ar\/?p=4029","name":"Se inicia una semana de paro en las universidades nacionales - Diario del Sur","isPartOf":{"@id":"https:\/\/diariodelsurdigital.com.ar\/#website"},"primaryImageOfPage":{"@id":"https:\/\/diariodelsurdigital.com.ar\/?p=4029#primaryimage"},"image":{"@id":"https:\/\/diariodelsurdigital.com.ar\/?p=4029#primaryimage"},"thumbnailUrl":"https:\/\/diariodelsurdigital.com.ar\/wp-content\/uploads\/2025\/08\/md-7.webp","datePublished":"2025-08-11T12:11:54+00:00","dateModified":"2025-08-11T12:11:55+00:00","author":{"@id":"https:\/\/diariodelsurdigital.com.ar\/#\/schema\/person\/1a4992532ed62965c968031b49195c81"},"breadcrumb":{"@id":"https:\/\/diariodelsurdigital.com.ar\/?p=4029#breadcrumb"},"inLanguage":"es","potentialAction":[{"@type":"ReadAction","target":["https:\/\/diariodelsurdigital.com.ar\/?p=4029"]}]},{"@type":"ImageObject","inLanguage":"es","@id":"https:\/\/diariodelsurdigital.com.ar\/?p=4029#primaryimage","url":"https:\/\/diariodelsurdigital.com.ar\/wp-content\/uploads\/2025\/08\/md-7.webp","contentUrl":"https:\/\/diariodelsurdigital.com.ar\/wp-content\/uploads\/2025\/08\/md-7.webp","width":992,"height":672},{"@type":"BreadcrumbList","@id":"https:\/\/diariodelsurdigital.com.ar\/?p=4029#breadcrumb","itemListElement":[{"@type":"ListItem","position":1,"name":"Portada","item":"https:\/\/diariodelsurdigital.com.ar\/"},{"@type":"ListItem","position":2,"name":"Se inicia una semana de paro en las universidades nacionales"}]},{"@type":"WebSite","@id":"https:\/\/diariodelsurdigital.com.ar\/#website","url":"https:\/\/diariodelsurdigital.com.ar\/","name":"Diario del Sur","description":"Digital","potentialAction":[{"@type":"SearchAction","target":{"@type":"EntryPoint","urlTemplate":"https:\/\/diariodelsurdigital.com.ar\/?s={search_term_string}"},"query-input":{"@type":"PropertyValueSpecification","valueRequired":true,"valueName":"search_term_string"}}],"inLanguage":"es"},{"@type":"Person","@id":"https:\/\/diariodelsurdigital.com.ar\/#\/schema\/person\/1a4992532ed62965c968031b49195c81","name":"Diario del Sur Digital","image":{"@type":"ImageObject","inLanguage":"es","@id":"https:\/\/secure.gravatar.com\/avatar\/f0c7c47fc7146d19828273b9b8eda651c9c7ab583767e6338d3d3bee825adf76?s=96&d=mm&r=g","url":"https:\/\/secure.gravatar.com\/avatar\/f0c7c47fc7146d19828273b9b8eda651c9c7ab583767e6338d3d3bee825adf76?s=96&d=mm&r=g","contentUrl":"https:\/\/secure.gravatar.com\/avatar\/f0c7c47fc7146d19828273b9b8eda651c9c7ab583767e6338d3d3bee825adf76?s=96&d=mm&r=g","caption":"Diario del Sur Digital"},"url":"https:\/\/diariodelsurdigital.com.ar\/?author=4"}]}},"_links":{"self":[{"href":"https:\/\/diariodelsurdigital.com.ar\/index.php?rest_route=\/wp\/v2\/posts\/4029","targetHints":{"allow":["GET"]}}],"collection":[{"href":"https:\/\/diariodelsurdigital.com.ar\/index.php?rest_route=\/wp\/v2\/posts"}],"about":[{"href":"https:\/\/diariodelsurdigital.com.ar\/index.php?rest_route=\/wp\/v2\/types\/post"}],"author":[{"embeddable":true,"href":"https:\/\/diariodelsurdigital.com.ar\/index.php?rest_route=\/wp\/v2\/users\/4"}],"replies":[{"embeddable":true,"href":"https:\/\/diariodelsurdigital.com.ar\/index.php?rest_route=%2Fwp%2Fv2%2Fcomments&post=4029"}],"version-history":[{"count":1,"href":"https:\/\/diariodelsurdigital.com.ar\/index.php?rest_route=\/wp\/v2\/posts\/4029\/revisions"}],"predecessor-version":[{"id":4031,"href":"https:\/\/diariodelsurdigital.com.ar\/index.php?rest_route=\/wp\/v2\/posts\/4029\/revisions\/4031"}],"wp:featuredmedia":[{"embeddable":true,"href":"https:\/\/diariodelsurdigital.com.ar\/index.php?rest_route=\/wp\/v2\/media\/4030"}],"wp:attachment":[{"href":"https:\/\/diariodelsurdigital.com.ar\/index.php?rest_route=%2Fwp%2Fv2%2Fmedia&parent=4029"}],"wp:term":[{"taxonomy":"category","embeddable":true,"href":"https:\/\/diariodelsurdigital.com.ar\/index.php?rest_route=%2Fwp%2Fv2%2Fcategories&post=4029"},{"taxonomy":"post_tag","embeddable":true,"href":"https:\/\/diariodelsurdigital.com.ar\/index.php?rest_route=%2Fwp%2Fv2%2Ftags&post=4029"}],"curies":[{"name":"wp","href":"https:\/\/api.w.org\/{rel}","templated":true}]}}