{"id":4032,"date":"2025-08-11T09:15:33","date_gmt":"2025-08-11T12:15:33","guid":{"rendered":"https:\/\/diariodelsurdigital.com.ar\/?p=4032"},"modified":"2025-08-11T09:15:34","modified_gmt":"2025-08-11T12:15:34","slug":"secuestraron-fusiles-pistolas-y-municiones-tras-allanamientos-en-un-camping-de-entre-rios","status":"publish","type":"post","link":"https:\/\/diariodelsurdigital.com.ar\/?p=4032","title":{"rendered":"Secuestraron fusiles, pistolas y municiones tras allanamientos en un camping de Entre R\u00edos"},"content":{"rendered":"\n<p>La polic\u00eda de La Paz realiz\u00f3 dos allanamientos en el camping \u201cPaso Medina\u201d, ubicado sobre la ruta provincial N\u00b0 6 y secuestraron numerosas armas sin documentaci\u00f3n. No hubo detenidos.<\/p>\n\n\n\n<p>En el marco de una investigaci\u00f3n por lesiones leves agravadas, personal de la Divisi\u00f3n Investigaciones e Inteligencia Criminal, junto al Comando Radioel\u00e9ctrico, la Guardia Especial y la Agencia de Investigaci\u00f3n Criminal de Santa Fe, realiz\u00f3 dos allanamientos en el camping Paso Medina, ubicado sobre Ruta Provincial N\u00b0 6, kil\u00f3metro 9, en el departamento La Paz.<\/p>\n\n\n\n<p>La medida fue dispuesta por el Juzgado de Garant\u00edas y Transici\u00f3n de La Paz, a solicitud de la Fiscal\u00eda de Investigaci\u00f3n de Delitos de Violencia contra la Mujer del Ministerio P\u00fablico de la Acusaci\u00f3n (MPA) de Rosario, Santa Fe, en el marco de una causa que tramita en la Circunscripci\u00f3n Judicial N\u00b0 2 de esa ciudad.<\/p>\n\n\n\n<p>Intervino un cerrajero para el ingreso<\/p>\n\n\n\n<p>Los procedimientos se efectuaron este viernes y requirieron la participaci\u00f3n de un cerrajero para acceder a las viviendas ubicadas dentro del predio del camping. Durante la inspecci\u00f3n, se procedi\u00f3 tambi\u00e9n a la identificaci\u00f3n de una empleada dom\u00e9stica que se encontraba en el lugar.<\/p>\n\n\n\n<p>El personal interviniente fue facultado judicialmente para secuestrar armas de fuego y municiones de diversos calibres, lo cual fue ejecutado en ambos domicilios.<\/p>\n\n\n\n<p>Durante las diligencias, se procedi\u00f3 al formal secuestro del siguiente armamento sin documentaci\u00f3n respaldatoria:<\/p>\n\n\n\n<p>Fusiles calibre .308<\/p>\n\n\n\n<p>Escopetas de calibres 12, 28, 36 y 14<\/p>\n\n\n\n<p>Carabina calibre .22<\/p>\n\n\n\n<p>Pistola calibre 9 mm<\/p>\n\n\n\n<p>Pistola calibre .22<\/p>\n\n\n\n<p>Rev\u00f3lver calibre .357<\/p>\n\n\n\n<p>Pistol\u00f3n calibre .32<\/p>\n\n\n\n<p>Cajas de cartuchos de distintos calibres<\/p>\n\n\n\n<p>Cargadores con cartuchos colocados<\/p>\n\n\n\n<p>Todas las armas carec\u00edan de documentaci\u00f3n respaldatoria, seg\u00fan se inform\u00f3 oficialmente. No se registraron personas detenidas durante los allanamientos, public\u00f3 El Once.<\/p>\n\n\n\n<p>La causa sigue su curso bajo la \u00f3rbita de la Fiscal\u00eda de La Paz y la Fiscal\u00eda de Violencia contra la Mujer del MPA Rosario, que coordinan acciones conjuntas en funci\u00f3n del exhorto judicial emitido desde Santa Fe.<\/p>\n","protected":false},"excerpt":{"rendered":"<p>La polic\u00eda de La Paz realiz\u00f3 dos allanamientos en el camping \u201cPaso Medina\u201d, ubicado sobre la ruta provincial N\u00b0 6 y secuestraron numerosas armas sin documentaci\u00f3n. No hubo detenidos. En el marco de una investigaci\u00f3n por lesiones leves agravadas, personal de la Divisi\u00f3n Investigaciones e Inteligencia Criminal, junto al Comando Radioel\u00e9ctrico, la Guardia Especial y [&hellip;]<\/p>\n","protected":false},"author":4,"featured_media":4034,"comment_status":"open","ping_status":"open","sticky":false,"template":"","format":"standard","meta":{"footnotes":""},"categories":[21,17],"tags":[],"class_list":{"0":"post-4032","1":"post","2":"type-post","3":"status-publish","4":"format-standard","5":"has-post-thumbnail","7":"category-policiales","8":"category-provinciales"},"yoast_head":"<!-- This site is optimized with the Yoast SEO plugin v27.4 - https:\/\/yoast.com\/product\/yoast-seo-wordpress\/ -->\n<title>Secuestraron fusiles, pistolas y municiones tras allanamientos en un camping de Entre R\u00edos - Diario del Sur<\/title>\n<meta name=\"robots\" content=\"index, follow, max-snippet:-1, max-image-preview:large, max-video-preview:-1\" \/>\n<link rel=\"canonical\" href=\"https:\/\/diariodelsurdigital.com.ar\/?p=4032\" \/>\n<meta property=\"og:locale\" content=\"es_ES\" \/>\n<meta property=\"og:type\" content=\"article\" \/>\n<meta property=\"og:title\" content=\"Secuestraron fusiles, pistolas y municiones tras allanamientos en un camping de Entre R\u00edos - Diario del Sur\" \/>\n<meta property=\"og:description\" content=\"La polic\u00eda de La Paz realiz\u00f3 dos allanamientos en el camping \u201cPaso Medina\u201d, ubicado sobre la ruta provincial N\u00b0 6 y secuestraron numerosas armas sin documentaci\u00f3n. No hubo detenidos. En el marco de una investigaci\u00f3n por lesiones leves agravadas, personal de la Divisi\u00f3n Investigaciones e Inteligencia Criminal, junto al Comando Radioel\u00e9ctrico, la Guardia Especial y [&hellip;]\" \/>\n<meta property=\"og:url\" content=\"https:\/\/diariodelsurdigital.com.ar\/?p=4032\" \/>\n<meta property=\"og:site_name\" content=\"Diario del Sur\" \/>\n<meta property=\"article:published_time\" content=\"2025-08-11T12:15:33+00:00\" \/>\n<meta property=\"article:modified_time\" content=\"2025-08-11T12:15:34+00:00\" \/>\n<meta property=\"og:image\" content=\"https:\/\/diariodelsurdigital.com.ar\/wp-content\/uploads\/2025\/08\/md-8.webp\" \/>\n\t<meta property=\"og:image:width\" content=\"992\" \/>\n\t<meta property=\"og:image:height\" content=\"661\" \/>\n\t<meta property=\"og:image:type\" content=\"image\/webp\" \/>\n<meta name=\"author\" content=\"Diario del Sur Digital\" \/>\n<meta name=\"twitter:card\" content=\"summary_large_image\" \/>\n<meta name=\"twitter:label1\" content=\"Escrito por\" \/>\n\t<meta name=\"twitter:data1\" content=\"Diario del Sur Digital\" \/>\n\t<meta name=\"twitter:label2\" content=\"Tiempo de lectura\" \/>\n\t<meta name=\"twitter:data2\" content=\"2 minutos\" \/>\n<script type=\"application\/ld+json\" class=\"yoast-schema-graph\">{\"@context\":\"https:\\\/\\\/schema.org\",\"@graph\":[{\"@type\":\"Article\",\"@id\":\"https:\\\/\\\/diariodelsurdigital.com.ar\\\/?p=4032#article\",\"isPartOf\":{\"@id\":\"https:\\\/\\\/diariodelsurdigital.com.ar\\\/?p=4032\"},\"author\":{\"name\":\"Diario del Sur Digital\",\"@id\":\"https:\\\/\\\/diariodelsurdigital.com.ar\\\/#\\\/schema\\\/person\\\/1a4992532ed62965c968031b49195c81\"},\"headline\":\"Secuestraron fusiles, pistolas y municiones tras allanamientos en un camping de Entre R\u00edos\",\"datePublished\":\"2025-08-11T12:15:33+00:00\",\"dateModified\":\"2025-08-11T12:15:34+00:00\",\"mainEntityOfPage\":{\"@id\":\"https:\\\/\\\/diariodelsurdigital.com.ar\\\/?p=4032\"},\"wordCount\":351,\"commentCount\":0,\"image\":{\"@id\":\"https:\\\/\\\/diariodelsurdigital.com.ar\\\/?p=4032#primaryimage\"},\"thumbnailUrl\":\"https:\\\/\\\/diariodelsurdigital.com.ar\\\/wp-content\\\/uploads\\\/2025\\\/08\\\/md-8.webp\",\"articleSection\":[\"Policiales\",\"Provinciales\"],\"inLanguage\":\"es\",\"potentialAction\":[{\"@type\":\"CommentAction\",\"name\":\"Comment\",\"target\":[\"https:\\\/\\\/diariodelsurdigital.com.ar\\\/?p=4032#respond\"]}]},{\"@type\":\"WebPage\",\"@id\":\"https:\\\/\\\/diariodelsurdigital.com.ar\\\/?p=4032\",\"url\":\"https:\\\/\\\/diariodelsurdigital.com.ar\\\/?p=4032\",\"name\":\"Secuestraron fusiles, pistolas y municiones tras allanamientos en un camping de Entre R\u00edos - Diario del Sur\",\"isPartOf\":{\"@id\":\"https:\\\/\\\/diariodelsurdigital.com.ar\\\/#website\"},\"primaryImageOfPage\":{\"@id\":\"https:\\\/\\\/diariodelsurdigital.com.ar\\\/?p=4032#primaryimage\"},\"image\":{\"@id\":\"https:\\\/\\\/diariodelsurdigital.com.ar\\\/?p=4032#primaryimage\"},\"thumbnailUrl\":\"https:\\\/\\\/diariodelsurdigital.com.ar\\\/wp-content\\\/uploads\\\/2025\\\/08\\\/md-8.webp\",\"datePublished\":\"2025-08-11T12:15:33+00:00\",\"dateModified\":\"2025-08-11T12:15:34+00:00\",\"author\":{\"@id\":\"https:\\\/\\\/diariodelsurdigital.com.ar\\\/#\\\/schema\\\/person\\\/1a4992532ed62965c968031b49195c81\"},\"breadcrumb\":{\"@id\":\"https:\\\/\\\/diariodelsurdigital.com.ar\\\/?p=4032#breadcrumb\"},\"inLanguage\":\"es\",\"potentialAction\":[{\"@type\":\"ReadAction\",\"target\":[\"https:\\\/\\\/diariodelsurdigital.com.ar\\\/?p=4032\"]}]},{\"@type\":\"ImageObject\",\"inLanguage\":\"es\",\"@id\":\"https:\\\/\\\/diariodelsurdigital.com.ar\\\/?p=4032#primaryimage\",\"url\":\"https:\\\/\\\/diariodelsurdigital.com.ar\\\/wp-content\\\/uploads\\\/2025\\\/08\\\/md-8.webp\",\"contentUrl\":\"https:\\\/\\\/diariodelsurdigital.com.ar\\\/wp-content\\\/uploads\\\/2025\\\/08\\\/md-8.webp\",\"width\":992,\"height\":661},{\"@type\":\"BreadcrumbList\",\"@id\":\"https:\\\/\\\/diariodelsurdigital.com.ar\\\/?p=4032#breadcrumb\",\"itemListElement\":[{\"@type\":\"ListItem\",\"position\":1,\"name\":\"Portada\",\"item\":\"https:\\\/\\\/diariodelsurdigital.com.ar\\\/\"},{\"@type\":\"ListItem\",\"position\":2,\"name\":\"Secuestraron fusiles, pistolas y municiones tras allanamientos en un camping de Entre R\u00edos\"}]},{\"@type\":\"WebSite\",\"@id\":\"https:\\\/\\\/diariodelsurdigital.com.ar\\\/#website\",\"url\":\"https:\\\/\\\/diariodelsurdigital.com.ar\\\/\",\"name\":\"Diario del Sur\",\"description\":\"Digital\",\"potentialAction\":[{\"@type\":\"SearchAction\",\"target\":{\"@type\":\"EntryPoint\",\"urlTemplate\":\"https:\\\/\\\/diariodelsurdigital.com.ar\\\/?s={search_term_string}\"},\"query-input\":{\"@type\":\"PropertyValueSpecification\",\"valueRequired\":true,\"valueName\":\"search_term_string\"}}],\"inLanguage\":\"es\"},{\"@type\":\"Person\",\"@id\":\"https:\\\/\\\/diariodelsurdigital.com.ar\\\/#\\\/schema\\\/person\\\/1a4992532ed62965c968031b49195c81\",\"name\":\"Diario del Sur Digital\",\"image\":{\"@type\":\"ImageObject\",\"inLanguage\":\"es\",\"@id\":\"https:\\\/\\\/secure.gravatar.com\\\/avatar\\\/f0c7c47fc7146d19828273b9b8eda651c9c7ab583767e6338d3d3bee825adf76?s=96&d=mm&r=g\",\"url\":\"https:\\\/\\\/secure.gravatar.com\\\/avatar\\\/f0c7c47fc7146d19828273b9b8eda651c9c7ab583767e6338d3d3bee825adf76?s=96&d=mm&r=g\",\"contentUrl\":\"https:\\\/\\\/secure.gravatar.com\\\/avatar\\\/f0c7c47fc7146d19828273b9b8eda651c9c7ab583767e6338d3d3bee825adf76?s=96&d=mm&r=g\",\"caption\":\"Diario del Sur Digital\"},\"url\":\"https:\\\/\\\/diariodelsurdigital.com.ar\\\/?author=4\"}]}<\/script>\n<!-- \/ Yoast SEO plugin. -->","yoast_head_json":{"title":"Secuestraron fusiles, pistolas y municiones tras allanamientos en un camping de Entre R\u00edos - Diario del Sur","robots":{"index":"index","follow":"follow","max-snippet":"max-snippet:-1","max-image-preview":"max-image-preview:large","max-video-preview":"max-video-preview:-1"},"canonical":"https:\/\/diariodelsurdigital.com.ar\/?p=4032","og_locale":"es_ES","og_type":"article","og_title":"Secuestraron fusiles, pistolas y municiones tras allanamientos en un camping de Entre R\u00edos - Diario del Sur","og_description":"La polic\u00eda de La Paz realiz\u00f3 dos allanamientos en el camping \u201cPaso Medina\u201d, ubicado sobre la ruta provincial N\u00b0 6 y secuestraron numerosas armas sin documentaci\u00f3n. No hubo detenidos. En el marco de una investigaci\u00f3n por lesiones leves agravadas, personal de la Divisi\u00f3n Investigaciones e Inteligencia Criminal, junto al Comando Radioel\u00e9ctrico, la Guardia Especial y [&hellip;]","og_url":"https:\/\/diariodelsurdigital.com.ar\/?p=4032","og_site_name":"Diario del Sur","article_published_time":"2025-08-11T12:15:33+00:00","article_modified_time":"2025-08-11T12:15:34+00:00","og_image":[{"width":992,"height":661,"url":"https:\/\/diariodelsurdigital.com.ar\/wp-content\/uploads\/2025\/08\/md-8.webp","type":"image\/webp"}],"author":"Diario del Sur Digital","twitter_card":"summary_large_image","twitter_misc":{"Escrito por":"Diario del Sur Digital","Tiempo de lectura":"2 minutos"},"schema":{"@context":"https:\/\/schema.org","@graph":[{"@type":"Article","@id":"https:\/\/diariodelsurdigital.com.ar\/?p=4032#article","isPartOf":{"@id":"https:\/\/diariodelsurdigital.com.ar\/?p=4032"},"author":{"name":"Diario del Sur Digital","@id":"https:\/\/diariodelsurdigital.com.ar\/#\/schema\/person\/1a4992532ed62965c968031b49195c81"},"headline":"Secuestraron fusiles, pistolas y municiones tras allanamientos en un camping de Entre R\u00edos","datePublished":"2025-08-11T12:15:33+00:00","dateModified":"2025-08-11T12:15:34+00:00","mainEntityOfPage":{"@id":"https:\/\/diariodelsurdigital.com.ar\/?p=4032"},"wordCount":351,"commentCount":0,"image":{"@id":"https:\/\/diariodelsurdigital.com.ar\/?p=4032#primaryimage"},"thumbnailUrl":"https:\/\/diariodelsurdigital.com.ar\/wp-content\/uploads\/2025\/08\/md-8.webp","articleSection":["Policiales","Provinciales"],"inLanguage":"es","potentialAction":[{"@type":"CommentAction","name":"Comment","target":["https:\/\/diariodelsurdigital.com.ar\/?p=4032#respond"]}]},{"@type":"WebPage","@id":"https:\/\/diariodelsurdigital.com.ar\/?p=4032","url":"https:\/\/diariodelsurdigital.com.ar\/?p=4032","name":"Secuestraron fusiles, pistolas y municiones tras allanamientos en un camping de Entre R\u00edos - Diario del Sur","isPartOf":{"@id":"https:\/\/diariodelsurdigital.com.ar\/#website"},"primaryImageOfPage":{"@id":"https:\/\/diariodelsurdigital.com.ar\/?p=4032#primaryimage"},"image":{"@id":"https:\/\/diariodelsurdigital.com.ar\/?p=4032#primaryimage"},"thumbnailUrl":"https:\/\/diariodelsurdigital.com.ar\/wp-content\/uploads\/2025\/08\/md-8.webp","datePublished":"2025-08-11T12:15:33+00:00","dateModified":"2025-08-11T12:15:34+00:00","author":{"@id":"https:\/\/diariodelsurdigital.com.ar\/#\/schema\/person\/1a4992532ed62965c968031b49195c81"},"breadcrumb":{"@id":"https:\/\/diariodelsurdigital.com.ar\/?p=4032#breadcrumb"},"inLanguage":"es","potentialAction":[{"@type":"ReadAction","target":["https:\/\/diariodelsurdigital.com.ar\/?p=4032"]}]},{"@type":"ImageObject","inLanguage":"es","@id":"https:\/\/diariodelsurdigital.com.ar\/?p=4032#primaryimage","url":"https:\/\/diariodelsurdigital.com.ar\/wp-content\/uploads\/2025\/08\/md-8.webp","contentUrl":"https:\/\/diariodelsurdigital.com.ar\/wp-content\/uploads\/2025\/08\/md-8.webp","width":992,"height":661},{"@type":"BreadcrumbList","@id":"https:\/\/diariodelsurdigital.com.ar\/?p=4032#breadcrumb","itemListElement":[{"@type":"ListItem","position":1,"name":"Portada","item":"https:\/\/diariodelsurdigital.com.ar\/"},{"@type":"ListItem","position":2,"name":"Secuestraron fusiles, pistolas y municiones tras allanamientos en un camping de Entre R\u00edos"}]},{"@type":"WebSite","@id":"https:\/\/diariodelsurdigital.com.ar\/#website","url":"https:\/\/diariodelsurdigital.com.ar\/","name":"Diario del Sur","description":"Digital","potentialAction":[{"@type":"SearchAction","target":{"@type":"EntryPoint","urlTemplate":"https:\/\/diariodelsurdigital.com.ar\/?s={search_term_string}"},"query-input":{"@type":"PropertyValueSpecification","valueRequired":true,"valueName":"search_term_string"}}],"inLanguage":"es"},{"@type":"Person","@id":"https:\/\/diariodelsurdigital.com.ar\/#\/schema\/person\/1a4992532ed62965c968031b49195c81","name":"Diario del Sur Digital","image":{"@type":"ImageObject","inLanguage":"es","@id":"https:\/\/secure.gravatar.com\/avatar\/f0c7c47fc7146d19828273b9b8eda651c9c7ab583767e6338d3d3bee825adf76?s=96&d=mm&r=g","url":"https:\/\/secure.gravatar.com\/avatar\/f0c7c47fc7146d19828273b9b8eda651c9c7ab583767e6338d3d3bee825adf76?s=96&d=mm&r=g","contentUrl":"https:\/\/secure.gravatar.com\/avatar\/f0c7c47fc7146d19828273b9b8eda651c9c7ab583767e6338d3d3bee825adf76?s=96&d=mm&r=g","caption":"Diario del Sur Digital"},"url":"https:\/\/diariodelsurdigital.com.ar\/?author=4"}]}},"_links":{"self":[{"href":"https:\/\/diariodelsurdigital.com.ar\/index.php?rest_route=\/wp\/v2\/posts\/4032","targetHints":{"allow":["GET"]}}],"collection":[{"href":"https:\/\/diariodelsurdigital.com.ar\/index.php?rest_route=\/wp\/v2\/posts"}],"about":[{"href":"https:\/\/diariodelsurdigital.com.ar\/index.php?rest_route=\/wp\/v2\/types\/post"}],"author":[{"embeddable":true,"href":"https:\/\/diariodelsurdigital.com.ar\/index.php?rest_route=\/wp\/v2\/users\/4"}],"replies":[{"embeddable":true,"href":"https:\/\/diariodelsurdigital.com.ar\/index.php?rest_route=%2Fwp%2Fv2%2Fcomments&post=4032"}],"version-history":[{"count":1,"href":"https:\/\/diariodelsurdigital.com.ar\/index.php?rest_route=\/wp\/v2\/posts\/4032\/revisions"}],"predecessor-version":[{"id":4035,"href":"https:\/\/diariodelsurdigital.com.ar\/index.php?rest_route=\/wp\/v2\/posts\/4032\/revisions\/4035"}],"wp:featuredmedia":[{"embeddable":true,"href":"https:\/\/diariodelsurdigital.com.ar\/index.php?rest_route=\/wp\/v2\/media\/4034"}],"wp:attachment":[{"href":"https:\/\/diariodelsurdigital.com.ar\/index.php?rest_route=%2Fwp%2Fv2%2Fmedia&parent=4032"}],"wp:term":[{"taxonomy":"category","embeddable":true,"href":"https:\/\/diariodelsurdigital.com.ar\/index.php?rest_route=%2Fwp%2Fv2%2Fcategories&post=4032"},{"taxonomy":"post_tag","embeddable":true,"href":"https:\/\/diariodelsurdigital.com.ar\/index.php?rest_route=%2Fwp%2Fv2%2Ftags&post=4032"}],"curies":[{"name":"wp","href":"https:\/\/api.w.org\/{rel}","templated":true}]}}