{"id":4039,"date":"2025-08-11T09:19:28","date_gmt":"2025-08-11T12:19:28","guid":{"rendered":"https:\/\/diariodelsurdigital.com.ar\/?p=4039"},"modified":"2025-08-11T09:19:29","modified_gmt":"2025-08-11T12:19:29","slug":"adorni-compartio-un-video-manipulado-de-una-entrevista-a-kicillof-y-milei-lo-replico","status":"publish","type":"post","link":"https:\/\/diariodelsurdigital.com.ar\/?p=4039","title":{"rendered":"Adorni comparti\u00f3 un video manipulado de una entrevista a Kicillof y Milei lo replic\u00f3"},"content":{"rendered":"\n<p>El vocero del Presidente subi\u00f3 un fragmento editado de 15 segundos en el que la pregunta y la respuesta no se condicen. En el posteo, Kicillof dice, ante una requisitoria sobre qu\u00e9 ideas tiene el peronismo, que hoy \u201cno tiene una propuesta, habr\u00eda que buscarla\u201d, pero no es la respuesta real. La propagaci\u00f3n de fake news en redes sociales vinculadas a la pol\u00edtica y en un a\u00f1o electoral es delito, confirm\u00f3 este a\u00f1o la C\u00e1mara Nacional Electoral.<\/p>\n\n\n\n<p><\/p>\n\n\n\n<p>En la antesala de la elecci\u00f3n del 7 de septiembre en la provincia de Buenos Aires, el vocero presidencial, Manuel Adorni, comparti\u00f3 un video manipulado en su cuenta de la red social X de una entrevista al gobernador bonaerense Axel Kicillof. Se trata de un fragmento de 15 segundos de un reportaje que ocurri\u00f3 en Futur\u00f6ck, en el programa \u201c\u00bfC\u00f3mo la ves?\u201d, y que, en total, dur\u00f3 54 minutos. Sin embargo, la respuesta del mandatario provincial que comparti\u00f3 el vocero no es a la pregunta que aparece en el recorte: pertenece a otro momento de la entrevista.<\/p>\n\n\n\n<p>\u201cFin\u201d, escribi\u00f3 Adorni a las 21:12 del s\u00e1bado 9 de agosto en X. En el pedazo de video que difundi\u00f3 el vocero se escucha el siguiente di\u00e1logo:<\/p>\n\n\n\n<p>-Perodista: M\u00e1s que decirle a Milei \u2018esto no\u2019, \u00bfa qu\u00e9 dice que s\u00ed el peronismo?<\/p>\n\n\n\n<p>-Kicillof: \u201cNo tengo\u2026hoy yo no tengo una propuesta, me parece que tenemos que buscarla\u201d.<\/p>\n\n\n\n<p>En pocos minutos, la tropa digital libertaria se ocup\u00f3 de poner en boca de Kicillof que el peronismo \u201choy no tiene una propuesta\u201d.<\/p>\n\n\n\n<p>Adorni difundi\u00f3 un video que daba por sentado algo falso. Una fake news. Un concepto que el vocero dice combatir desde su propio programa de streaming, \u201cFake, 7,8\u2033, un nombre que parodia al programa kirchnerista \u201c6,7,8\u2033.<\/p>\n\n\n\n<p>Javier Milei se hizo eco del mensaje una hora m\u00e1s tarde que su vocero, con un mensaje. \u201cA confesi\u00f3n de parte\u201d, puso, como pre\u00e1mbulo del fragmento editado.<\/p>\n\n\n\n<p>En el video sin editar, ante la pregunta que formula la periodista, Kicillof no responde \u201cno tengo una propuesta\u201d, dice, en cambio, que lo que tiene el peronismo \u201cson prioridades y objetivos\u201d. \u201cPuedo empezar por soberan\u00eda, independencia, justicia social. Esas son una bater\u00eda de cuestiones que est\u00e1n en juego con el plan de Milei. Despu\u00e9s, crear trabajo, que haya condiciones dignas de laburo\u2026 (y sigue)\u201d, afirma.<\/p>\n\n\n\n<p>La frase que pronuncia Kicillof en el video que compartieron Adorni, Milei y otros, como el diputado Fernando Iglesias, se corresponde a otro tramo, en el que le preguntan por una eventual candidatura de M\u00e1ximo Kirchner y sobre qui\u00e9n puede ser la mejor expresi\u00f3n: \u201cTodos pueden serlo. Yo, hoy, no tengo una propuesta\u201d.<\/p>\n\n\n\n<p>Hay un dato que hace de este tipo de videos algo a tener en cuenta. La propagaci\u00f3n de fake news en redes sociales vinculadas a la pol\u00edtica y en un a\u00f1o electoral es delito. As\u00ed lo confirm\u00f3 la C\u00e1mara Nacional Electoral, al confirmar el procesamiento de una empleada de una agencia de publicidad por haber subido a Facebook dos videos falsos en contra del entonces precandidato a senador radical cordob\u00e9s, Mario Negri, en el cierre de la campa\u00f1a de las PASO 2021.<\/p>\n\n\n\n<p>La creaci\u00f3n de videos falsos con IA en campa\u00f1a se considera \u201cdelito electoral\u201d<\/p>\n\n\n\n<p>El delito por el que fue procesada est\u00e1 previsto en el C\u00f3digo Electoral como inducir con enga\u00f1os al elector a sufragar de determinada manera y se castiga con hasta dos a\u00f1os de c\u00e1rcel.<\/p>\n\n\n\n<p>Kicillof respondi\u00f3 este domingo 10 de agosto a la edici\u00f3n y propagaci\u00f3n del video: \u201cInauguraron su campa\u00f1a (lo \u00fanico que inauguraron en casi dos a\u00f1os) yendo escondidos a pasar 20 minutos en La Matanza para sacarse una foto berreta de marketing. Ahora empiezan con las mentiras digitales, los videos fabricados y la campa\u00f1a ro\u00f1osa en las redes. Su especialidad. Pero las mentiras de Milei y su \u2018inteligencia artificial\u2019 no tapan la realidad. El pr\u00f3ximo 7 de septiembre, en la provincia de Buenos Aires le vamos contestar en las urnas\u201d, public\u00f3 La Naci\u00f3n.<\/p>\n","protected":false},"excerpt":{"rendered":"<p>El vocero del Presidente subi\u00f3 un fragmento editado de 15 segundos en el que la pregunta y la respuesta no se condicen. En el posteo, Kicillof dice, ante una requisitoria sobre qu\u00e9 ideas tiene el peronismo, que hoy \u201cno tiene una propuesta, habr\u00eda que buscarla\u201d, pero no es la respuesta real. La propagaci\u00f3n de fake [&hellip;]<\/p>\n","protected":false},"author":4,"featured_media":4040,"comment_status":"open","ping_status":"open","sticky":false,"template":"","format":"standard","meta":{"footnotes":""},"categories":[18,22],"tags":[],"class_list":{"0":"post-4039","1":"post","2":"type-post","3":"status-publish","4":"format-standard","5":"has-post-thumbnail","7":"category-nacionales","8":"category-politica"},"yoast_head":"<!-- This site is optimized with the Yoast SEO plugin v27.4 - https:\/\/yoast.com\/product\/yoast-seo-wordpress\/ -->\n<title>Adorni comparti\u00f3 un video manipulado de una entrevista a Kicillof y Milei lo replic\u00f3 - Diario del Sur<\/title>\n<meta name=\"robots\" content=\"index, follow, max-snippet:-1, max-image-preview:large, max-video-preview:-1\" \/>\n<link rel=\"canonical\" href=\"https:\/\/diariodelsurdigital.com.ar\/?p=4039\" \/>\n<meta property=\"og:locale\" content=\"es_ES\" \/>\n<meta property=\"og:type\" content=\"article\" \/>\n<meta property=\"og:title\" content=\"Adorni comparti\u00f3 un video manipulado de una entrevista a Kicillof y Milei lo replic\u00f3 - Diario del Sur\" \/>\n<meta property=\"og:description\" content=\"El vocero del Presidente subi\u00f3 un fragmento editado de 15 segundos en el que la pregunta y la respuesta no se condicen. En el posteo, Kicillof dice, ante una requisitoria sobre qu\u00e9 ideas tiene el peronismo, que hoy \u201cno tiene una propuesta, habr\u00eda que buscarla\u201d, pero no es la respuesta real. La propagaci\u00f3n de fake [&hellip;]\" \/>\n<meta property=\"og:url\" content=\"https:\/\/diariodelsurdigital.com.ar\/?p=4039\" \/>\n<meta property=\"og:site_name\" content=\"Diario del Sur\" \/>\n<meta property=\"article:published_time\" content=\"2025-08-11T12:19:28+00:00\" \/>\n<meta property=\"article:modified_time\" content=\"2025-08-11T12:19:29+00:00\" \/>\n<meta property=\"og:image\" content=\"https:\/\/diariodelsurdigital.com.ar\/wp-content\/uploads\/2025\/08\/md-10.webp\" \/>\n\t<meta property=\"og:image:width\" content=\"992\" \/>\n\t<meta property=\"og:image:height\" content=\"661\" \/>\n\t<meta property=\"og:image:type\" content=\"image\/webp\" \/>\n<meta name=\"author\" content=\"Diario del Sur Digital\" \/>\n<meta name=\"twitter:card\" content=\"summary_large_image\" \/>\n<meta name=\"twitter:label1\" content=\"Escrito por\" \/>\n\t<meta name=\"twitter:data1\" content=\"Diario del Sur Digital\" \/>\n\t<meta name=\"twitter:label2\" content=\"Tiempo de lectura\" \/>\n\t<meta name=\"twitter:data2\" content=\"4 minutos\" \/>\n<script type=\"application\/ld+json\" class=\"yoast-schema-graph\">{\"@context\":\"https:\\\/\\\/schema.org\",\"@graph\":[{\"@type\":\"Article\",\"@id\":\"https:\\\/\\\/diariodelsurdigital.com.ar\\\/?p=4039#article\",\"isPartOf\":{\"@id\":\"https:\\\/\\\/diariodelsurdigital.com.ar\\\/?p=4039\"},\"author\":{\"name\":\"Diario del Sur Digital\",\"@id\":\"https:\\\/\\\/diariodelsurdigital.com.ar\\\/#\\\/schema\\\/person\\\/1a4992532ed62965c968031b49195c81\"},\"headline\":\"Adorni comparti\u00f3 un video manipulado de una entrevista a Kicillof y Milei lo replic\u00f3\",\"datePublished\":\"2025-08-11T12:19:28+00:00\",\"dateModified\":\"2025-08-11T12:19:29+00:00\",\"mainEntityOfPage\":{\"@id\":\"https:\\\/\\\/diariodelsurdigital.com.ar\\\/?p=4039\"},\"wordCount\":700,\"commentCount\":0,\"image\":{\"@id\":\"https:\\\/\\\/diariodelsurdigital.com.ar\\\/?p=4039#primaryimage\"},\"thumbnailUrl\":\"https:\\\/\\\/diariodelsurdigital.com.ar\\\/wp-content\\\/uploads\\\/2025\\\/08\\\/md-10.webp\",\"articleSection\":[\"Nacionales\",\"Pol\u00edtica\"],\"inLanguage\":\"es\",\"potentialAction\":[{\"@type\":\"CommentAction\",\"name\":\"Comment\",\"target\":[\"https:\\\/\\\/diariodelsurdigital.com.ar\\\/?p=4039#respond\"]}]},{\"@type\":\"WebPage\",\"@id\":\"https:\\\/\\\/diariodelsurdigital.com.ar\\\/?p=4039\",\"url\":\"https:\\\/\\\/diariodelsurdigital.com.ar\\\/?p=4039\",\"name\":\"Adorni comparti\u00f3 un video manipulado de una entrevista a Kicillof y Milei lo replic\u00f3 - Diario del Sur\",\"isPartOf\":{\"@id\":\"https:\\\/\\\/diariodelsurdigital.com.ar\\\/#website\"},\"primaryImageOfPage\":{\"@id\":\"https:\\\/\\\/diariodelsurdigital.com.ar\\\/?p=4039#primaryimage\"},\"image\":{\"@id\":\"https:\\\/\\\/diariodelsurdigital.com.ar\\\/?p=4039#primaryimage\"},\"thumbnailUrl\":\"https:\\\/\\\/diariodelsurdigital.com.ar\\\/wp-content\\\/uploads\\\/2025\\\/08\\\/md-10.webp\",\"datePublished\":\"2025-08-11T12:19:28+00:00\",\"dateModified\":\"2025-08-11T12:19:29+00:00\",\"author\":{\"@id\":\"https:\\\/\\\/diariodelsurdigital.com.ar\\\/#\\\/schema\\\/person\\\/1a4992532ed62965c968031b49195c81\"},\"breadcrumb\":{\"@id\":\"https:\\\/\\\/diariodelsurdigital.com.ar\\\/?p=4039#breadcrumb\"},\"inLanguage\":\"es\",\"potentialAction\":[{\"@type\":\"ReadAction\",\"target\":[\"https:\\\/\\\/diariodelsurdigital.com.ar\\\/?p=4039\"]}]},{\"@type\":\"ImageObject\",\"inLanguage\":\"es\",\"@id\":\"https:\\\/\\\/diariodelsurdigital.com.ar\\\/?p=4039#primaryimage\",\"url\":\"https:\\\/\\\/diariodelsurdigital.com.ar\\\/wp-content\\\/uploads\\\/2025\\\/08\\\/md-10.webp\",\"contentUrl\":\"https:\\\/\\\/diariodelsurdigital.com.ar\\\/wp-content\\\/uploads\\\/2025\\\/08\\\/md-10.webp\",\"width\":992,\"height\":661},{\"@type\":\"BreadcrumbList\",\"@id\":\"https:\\\/\\\/diariodelsurdigital.com.ar\\\/?p=4039#breadcrumb\",\"itemListElement\":[{\"@type\":\"ListItem\",\"position\":1,\"name\":\"Portada\",\"item\":\"https:\\\/\\\/diariodelsurdigital.com.ar\\\/\"},{\"@type\":\"ListItem\",\"position\":2,\"name\":\"Adorni comparti\u00f3 un video manipulado de una entrevista a Kicillof y Milei lo replic\u00f3\"}]},{\"@type\":\"WebSite\",\"@id\":\"https:\\\/\\\/diariodelsurdigital.com.ar\\\/#website\",\"url\":\"https:\\\/\\\/diariodelsurdigital.com.ar\\\/\",\"name\":\"Diario del Sur\",\"description\":\"Digital\",\"potentialAction\":[{\"@type\":\"SearchAction\",\"target\":{\"@type\":\"EntryPoint\",\"urlTemplate\":\"https:\\\/\\\/diariodelsurdigital.com.ar\\\/?s={search_term_string}\"},\"query-input\":{\"@type\":\"PropertyValueSpecification\",\"valueRequired\":true,\"valueName\":\"search_term_string\"}}],\"inLanguage\":\"es\"},{\"@type\":\"Person\",\"@id\":\"https:\\\/\\\/diariodelsurdigital.com.ar\\\/#\\\/schema\\\/person\\\/1a4992532ed62965c968031b49195c81\",\"name\":\"Diario del Sur Digital\",\"image\":{\"@type\":\"ImageObject\",\"inLanguage\":\"es\",\"@id\":\"https:\\\/\\\/secure.gravatar.com\\\/avatar\\\/f0c7c47fc7146d19828273b9b8eda651c9c7ab583767e6338d3d3bee825adf76?s=96&d=mm&r=g\",\"url\":\"https:\\\/\\\/secure.gravatar.com\\\/avatar\\\/f0c7c47fc7146d19828273b9b8eda651c9c7ab583767e6338d3d3bee825adf76?s=96&d=mm&r=g\",\"contentUrl\":\"https:\\\/\\\/secure.gravatar.com\\\/avatar\\\/f0c7c47fc7146d19828273b9b8eda651c9c7ab583767e6338d3d3bee825adf76?s=96&d=mm&r=g\",\"caption\":\"Diario del Sur Digital\"},\"url\":\"https:\\\/\\\/diariodelsurdigital.com.ar\\\/?author=4\"}]}<\/script>\n<!-- \/ Yoast SEO plugin. -->","yoast_head_json":{"title":"Adorni comparti\u00f3 un video manipulado de una entrevista a Kicillof y Milei lo replic\u00f3 - Diario del Sur","robots":{"index":"index","follow":"follow","max-snippet":"max-snippet:-1","max-image-preview":"max-image-preview:large","max-video-preview":"max-video-preview:-1"},"canonical":"https:\/\/diariodelsurdigital.com.ar\/?p=4039","og_locale":"es_ES","og_type":"article","og_title":"Adorni comparti\u00f3 un video manipulado de una entrevista a Kicillof y Milei lo replic\u00f3 - Diario del Sur","og_description":"El vocero del Presidente subi\u00f3 un fragmento editado de 15 segundos en el que la pregunta y la respuesta no se condicen. En el posteo, Kicillof dice, ante una requisitoria sobre qu\u00e9 ideas tiene el peronismo, que hoy \u201cno tiene una propuesta, habr\u00eda que buscarla\u201d, pero no es la respuesta real. La propagaci\u00f3n de fake [&hellip;]","og_url":"https:\/\/diariodelsurdigital.com.ar\/?p=4039","og_site_name":"Diario del Sur","article_published_time":"2025-08-11T12:19:28+00:00","article_modified_time":"2025-08-11T12:19:29+00:00","og_image":[{"width":992,"height":661,"url":"https:\/\/diariodelsurdigital.com.ar\/wp-content\/uploads\/2025\/08\/md-10.webp","type":"image\/webp"}],"author":"Diario del Sur Digital","twitter_card":"summary_large_image","twitter_misc":{"Escrito por":"Diario del Sur Digital","Tiempo de lectura":"4 minutos"},"schema":{"@context":"https:\/\/schema.org","@graph":[{"@type":"Article","@id":"https:\/\/diariodelsurdigital.com.ar\/?p=4039#article","isPartOf":{"@id":"https:\/\/diariodelsurdigital.com.ar\/?p=4039"},"author":{"name":"Diario del Sur Digital","@id":"https:\/\/diariodelsurdigital.com.ar\/#\/schema\/person\/1a4992532ed62965c968031b49195c81"},"headline":"Adorni comparti\u00f3 un video manipulado de una entrevista a Kicillof y Milei lo replic\u00f3","datePublished":"2025-08-11T12:19:28+00:00","dateModified":"2025-08-11T12:19:29+00:00","mainEntityOfPage":{"@id":"https:\/\/diariodelsurdigital.com.ar\/?p=4039"},"wordCount":700,"commentCount":0,"image":{"@id":"https:\/\/diariodelsurdigital.com.ar\/?p=4039#primaryimage"},"thumbnailUrl":"https:\/\/diariodelsurdigital.com.ar\/wp-content\/uploads\/2025\/08\/md-10.webp","articleSection":["Nacionales","Pol\u00edtica"],"inLanguage":"es","potentialAction":[{"@type":"CommentAction","name":"Comment","target":["https:\/\/diariodelsurdigital.com.ar\/?p=4039#respond"]}]},{"@type":"WebPage","@id":"https:\/\/diariodelsurdigital.com.ar\/?p=4039","url":"https:\/\/diariodelsurdigital.com.ar\/?p=4039","name":"Adorni comparti\u00f3 un video manipulado de una entrevista a Kicillof y Milei lo replic\u00f3 - Diario del Sur","isPartOf":{"@id":"https:\/\/diariodelsurdigital.com.ar\/#website"},"primaryImageOfPage":{"@id":"https:\/\/diariodelsurdigital.com.ar\/?p=4039#primaryimage"},"image":{"@id":"https:\/\/diariodelsurdigital.com.ar\/?p=4039#primaryimage"},"thumbnailUrl":"https:\/\/diariodelsurdigital.com.ar\/wp-content\/uploads\/2025\/08\/md-10.webp","datePublished":"2025-08-11T12:19:28+00:00","dateModified":"2025-08-11T12:19:29+00:00","author":{"@id":"https:\/\/diariodelsurdigital.com.ar\/#\/schema\/person\/1a4992532ed62965c968031b49195c81"},"breadcrumb":{"@id":"https:\/\/diariodelsurdigital.com.ar\/?p=4039#breadcrumb"},"inLanguage":"es","potentialAction":[{"@type":"ReadAction","target":["https:\/\/diariodelsurdigital.com.ar\/?p=4039"]}]},{"@type":"ImageObject","inLanguage":"es","@id":"https:\/\/diariodelsurdigital.com.ar\/?p=4039#primaryimage","url":"https:\/\/diariodelsurdigital.com.ar\/wp-content\/uploads\/2025\/08\/md-10.webp","contentUrl":"https:\/\/diariodelsurdigital.com.ar\/wp-content\/uploads\/2025\/08\/md-10.webp","width":992,"height":661},{"@type":"BreadcrumbList","@id":"https:\/\/diariodelsurdigital.com.ar\/?p=4039#breadcrumb","itemListElement":[{"@type":"ListItem","position":1,"name":"Portada","item":"https:\/\/diariodelsurdigital.com.ar\/"},{"@type":"ListItem","position":2,"name":"Adorni comparti\u00f3 un video manipulado de una entrevista a Kicillof y Milei lo replic\u00f3"}]},{"@type":"WebSite","@id":"https:\/\/diariodelsurdigital.com.ar\/#website","url":"https:\/\/diariodelsurdigital.com.ar\/","name":"Diario del Sur","description":"Digital","potentialAction":[{"@type":"SearchAction","target":{"@type":"EntryPoint","urlTemplate":"https:\/\/diariodelsurdigital.com.ar\/?s={search_term_string}"},"query-input":{"@type":"PropertyValueSpecification","valueRequired":true,"valueName":"search_term_string"}}],"inLanguage":"es"},{"@type":"Person","@id":"https:\/\/diariodelsurdigital.com.ar\/#\/schema\/person\/1a4992532ed62965c968031b49195c81","name":"Diario del Sur Digital","image":{"@type":"ImageObject","inLanguage":"es","@id":"https:\/\/secure.gravatar.com\/avatar\/f0c7c47fc7146d19828273b9b8eda651c9c7ab583767e6338d3d3bee825adf76?s=96&d=mm&r=g","url":"https:\/\/secure.gravatar.com\/avatar\/f0c7c47fc7146d19828273b9b8eda651c9c7ab583767e6338d3d3bee825adf76?s=96&d=mm&r=g","contentUrl":"https:\/\/secure.gravatar.com\/avatar\/f0c7c47fc7146d19828273b9b8eda651c9c7ab583767e6338d3d3bee825adf76?s=96&d=mm&r=g","caption":"Diario del Sur Digital"},"url":"https:\/\/diariodelsurdigital.com.ar\/?author=4"}]}},"_links":{"self":[{"href":"https:\/\/diariodelsurdigital.com.ar\/index.php?rest_route=\/wp\/v2\/posts\/4039","targetHints":{"allow":["GET"]}}],"collection":[{"href":"https:\/\/diariodelsurdigital.com.ar\/index.php?rest_route=\/wp\/v2\/posts"}],"about":[{"href":"https:\/\/diariodelsurdigital.com.ar\/index.php?rest_route=\/wp\/v2\/types\/post"}],"author":[{"embeddable":true,"href":"https:\/\/diariodelsurdigital.com.ar\/index.php?rest_route=\/wp\/v2\/users\/4"}],"replies":[{"embeddable":true,"href":"https:\/\/diariodelsurdigital.com.ar\/index.php?rest_route=%2Fwp%2Fv2%2Fcomments&post=4039"}],"version-history":[{"count":1,"href":"https:\/\/diariodelsurdigital.com.ar\/index.php?rest_route=\/wp\/v2\/posts\/4039\/revisions"}],"predecessor-version":[{"id":4041,"href":"https:\/\/diariodelsurdigital.com.ar\/index.php?rest_route=\/wp\/v2\/posts\/4039\/revisions\/4041"}],"wp:featuredmedia":[{"embeddable":true,"href":"https:\/\/diariodelsurdigital.com.ar\/index.php?rest_route=\/wp\/v2\/media\/4040"}],"wp:attachment":[{"href":"https:\/\/diariodelsurdigital.com.ar\/index.php?rest_route=%2Fwp%2Fv2%2Fmedia&parent=4039"}],"wp:term":[{"taxonomy":"category","embeddable":true,"href":"https:\/\/diariodelsurdigital.com.ar\/index.php?rest_route=%2Fwp%2Fv2%2Fcategories&post=4039"},{"taxonomy":"post_tag","embeddable":true,"href":"https:\/\/diariodelsurdigital.com.ar\/index.php?rest_route=%2Fwp%2Fv2%2Ftags&post=4039"}],"curies":[{"name":"wp","href":"https:\/\/api.w.org\/{rel}","templated":true}]}}