{"id":4042,"date":"2025-08-11T22:23:44","date_gmt":"2025-08-12T01:23:44","guid":{"rendered":"https:\/\/diariodelsurdigital.com.ar\/?p=4042"},"modified":"2025-08-11T22:23:45","modified_gmt":"2025-08-12T01:23:45","slug":"ahora-la-patria-el-espacio-que-ira-por-fuera-del-pj-presento-candidatos-y-su-propuesta","status":"publish","type":"post","link":"https:\/\/diariodelsurdigital.com.ar\/?p=4042","title":{"rendered":"\u00abAhora la Patria\u00bb, el espacio que ir\u00e1 por fuera del PJ, present\u00f3 candidatos y su propuesta"},"content":{"rendered":"\n<figure class=\"wp-block-image\"><img decoding=\"async\" src=\"https:\/\/media.elentrerios.com\/fotos-v2\/2025\/08\/11\/l_1754951186.jpg\" alt=\"\" title=\"\"\/><\/figure>\n\n\n\n<p>La alianza Ahora la Patria tuvo su presentaci\u00f3n formal en Paran\u00e1. En conferencia de prensa, dieron a conocer que Carolina Gaillard y Javier Schnitmann ser\u00e1n candidatos a senadores nacionales y que Paola Rubattino y Javier Olano se postular\u00e1n para diputados nacionales.<\/p>\n\n\n\n<p>En la rueda de prensa, que se realiz\u00f3 en un hotel c\u00e9ntrico, participaron los candidatos y tambi\u00e9n representantes de cada una de las fuerzas pol\u00edticas que integran el frente Ahora la Patria: el Frente Grande, el Partido Comunista, Nuevo Encuentro, el Partido Solidario y el Movimiento por Todos (MPT).<\/p>\n\n\n\n<p>\u201cDefender en el Congreso a los entrerrianos del desastre de Javier Milei, del que Rogelio Frigerio es parte convalidando con el voto de sus legisladores\u201d, fue la consigna que sintetiz\u00f3 Gaillard al hacer uso de la palabra.<\/p>\n\n\n\n<p>La diputada peronista se refiri\u00f3 a la situaci\u00f3n del justicialismo entrerriano y pidi\u00f3 \u201cdesdramatizar\u201d la decisi\u00f3n de ir por afuera del partido. \u201cLa unidad es cuando conversan todos los sectores y se tienen en cuenta las distintas expresiones. Si la lista oficial del PJ no contempla todas las miradas, entendemos necesario ofrecer una alternativa electoral\u201d, argument\u00f3.<\/p>\n\n\n\n<p>Gaillard calific\u00f3 a la propuesta que integra como \u201camplia, diversa y plural\u201d y dijo que constituye \u201cel comienzo del camino de un espacio pol\u00edtico donde haya debate y se escuchen todas las voces\u201d.<\/p>\n\n\n\n<p>Paola Rubattino, ex diputada provincial y ex viceintendenta de Gualeguay, cont\u00f3 por su parte que viene de estar alejada de la pol\u00edtica por un tratamiento que debi\u00f3 afrontar. Mencion\u00f3 tambi\u00e9n su condici\u00f3n de mam\u00e1 de un ni\u00f1o con autismo y confi\u00f3 que se decidi\u00f3 a postularse al ver en televisi\u00f3n c\u00f3mo reprim\u00edan al colectivo de personas con discapacidad. \u201cNo es tiempo de quedarnos mirando\u201d, apel\u00f3.<\/p>\n\n\n\n<p>Schnitmann, dirigente del MPT, caracteriz\u00f3 al espacio pol\u00edtico como \u201cuna construcci\u00f3n con generosidad, amplitud y pluralidad, en un momento en el que todos se cierran\u201d. Olano, del Frente Grande de Gualeguaych\u00fa, destac\u00f3 a su turno que la lista est\u00e9 encabezada por dos mujeres.<\/p>\n\n\n\n<p>Fuente: El Entre Rios<\/p>\n","protected":false},"excerpt":{"rendered":"<p>La alianza Ahora la Patria tuvo su presentaci\u00f3n formal en Paran\u00e1. En conferencia de prensa, dieron a conocer que Carolina Gaillard y Javier Schnitmann ser\u00e1n candidatos a senadores nacionales y que Paola Rubattino y Javier Olano se postular\u00e1n para diputados nacionales. En la rueda de prensa, que se realiz\u00f3 en un hotel c\u00e9ntrico, participaron los [&hellip;]<\/p>\n","protected":false},"author":3,"featured_media":4043,"comment_status":"open","ping_status":"open","sticky":false,"template":"","format":"standard","meta":{"footnotes":""},"categories":[19],"tags":[],"class_list":{"0":"post-4042","1":"post","2":"type-post","3":"status-publish","4":"format-standard","5":"has-post-thumbnail","7":"category-interes-general"},"yoast_head":"<!-- This site is optimized with the Yoast SEO plugin v27.4 - https:\/\/yoast.com\/product\/yoast-seo-wordpress\/ -->\n<title>&quot;Ahora la Patria&quot;, el espacio que ir\u00e1 por fuera del PJ, present\u00f3 candidatos y su propuesta - Diario del Sur<\/title>\n<meta name=\"robots\" content=\"index, follow, max-snippet:-1, max-image-preview:large, max-video-preview:-1\" \/>\n<link rel=\"canonical\" href=\"https:\/\/diariodelsurdigital.com.ar\/?p=4042\" \/>\n<meta property=\"og:locale\" content=\"es_ES\" \/>\n<meta property=\"og:type\" content=\"article\" \/>\n<meta property=\"og:title\" content=\"&quot;Ahora la Patria&quot;, el espacio que ir\u00e1 por fuera del PJ, present\u00f3 candidatos y su propuesta - Diario del Sur\" \/>\n<meta property=\"og:description\" content=\"La alianza Ahora la Patria tuvo su presentaci\u00f3n formal en Paran\u00e1. En conferencia de prensa, dieron a conocer que Carolina Gaillard y Javier Schnitmann ser\u00e1n candidatos a senadores nacionales y que Paola Rubattino y Javier Olano se postular\u00e1n para diputados nacionales. En la rueda de prensa, que se realiz\u00f3 en un hotel c\u00e9ntrico, participaron los [&hellip;]\" \/>\n<meta property=\"og:url\" content=\"https:\/\/diariodelsurdigital.com.ar\/?p=4042\" \/>\n<meta property=\"og:site_name\" content=\"Diario del Sur\" \/>\n<meta property=\"article:published_time\" content=\"2025-08-12T01:23:44+00:00\" \/>\n<meta property=\"article:modified_time\" content=\"2025-08-12T01:23:45+00:00\" \/>\n<meta property=\"og:image\" content=\"https:\/\/diariodelsurdigital.com.ar\/wp-content\/uploads\/2025\/08\/l_1754951186.jpg\" \/>\n\t<meta property=\"og:image:width\" content=\"870\" \/>\n\t<meta property=\"og:image:height\" content=\"580\" \/>\n\t<meta property=\"og:image:type\" content=\"image\/jpeg\" \/>\n<meta name=\"author\" content=\"Diario del Sur Digital\" \/>\n<meta name=\"twitter:card\" content=\"summary_large_image\" \/>\n<meta name=\"twitter:label1\" content=\"Escrito por\" \/>\n\t<meta name=\"twitter:data1\" content=\"Diario del Sur Digital\" \/>\n\t<meta name=\"twitter:label2\" content=\"Tiempo de lectura\" \/>\n\t<meta name=\"twitter:data2\" content=\"2 minutos\" \/>\n<script type=\"application\/ld+json\" class=\"yoast-schema-graph\">{\"@context\":\"https:\\\/\\\/schema.org\",\"@graph\":[{\"@type\":\"Article\",\"@id\":\"https:\\\/\\\/diariodelsurdigital.com.ar\\\/?p=4042#article\",\"isPartOf\":{\"@id\":\"https:\\\/\\\/diariodelsurdigital.com.ar\\\/?p=4042\"},\"author\":{\"name\":\"Diario del Sur Digital\",\"@id\":\"https:\\\/\\\/diariodelsurdigital.com.ar\\\/#\\\/schema\\\/person\\\/d794acb23337e88c6e4004a39c32be62\"},\"headline\":\"\u00abAhora la Patria\u00bb, el espacio que ir\u00e1 por fuera del PJ, present\u00f3 candidatos y su propuesta\",\"datePublished\":\"2025-08-12T01:23:44+00:00\",\"dateModified\":\"2025-08-12T01:23:45+00:00\",\"mainEntityOfPage\":{\"@id\":\"https:\\\/\\\/diariodelsurdigital.com.ar\\\/?p=4042\"},\"wordCount\":362,\"commentCount\":1,\"image\":{\"@id\":\"https:\\\/\\\/diariodelsurdigital.com.ar\\\/?p=4042#primaryimage\"},\"thumbnailUrl\":\"https:\\\/\\\/diariodelsurdigital.com.ar\\\/wp-content\\\/uploads\\\/2025\\\/08\\\/l_1754951186.jpg\",\"articleSection\":[\"Inter\u00e9s General\"],\"inLanguage\":\"es\",\"potentialAction\":[{\"@type\":\"CommentAction\",\"name\":\"Comment\",\"target\":[\"https:\\\/\\\/diariodelsurdigital.com.ar\\\/?p=4042#respond\"]}]},{\"@type\":\"WebPage\",\"@id\":\"https:\\\/\\\/diariodelsurdigital.com.ar\\\/?p=4042\",\"url\":\"https:\\\/\\\/diariodelsurdigital.com.ar\\\/?p=4042\",\"name\":\"\\\"Ahora la Patria\\\", el espacio que ir\u00e1 por fuera del PJ, present\u00f3 candidatos y su propuesta - Diario del Sur\",\"isPartOf\":{\"@id\":\"https:\\\/\\\/diariodelsurdigital.com.ar\\\/#website\"},\"primaryImageOfPage\":{\"@id\":\"https:\\\/\\\/diariodelsurdigital.com.ar\\\/?p=4042#primaryimage\"},\"image\":{\"@id\":\"https:\\\/\\\/diariodelsurdigital.com.ar\\\/?p=4042#primaryimage\"},\"thumbnailUrl\":\"https:\\\/\\\/diariodelsurdigital.com.ar\\\/wp-content\\\/uploads\\\/2025\\\/08\\\/l_1754951186.jpg\",\"datePublished\":\"2025-08-12T01:23:44+00:00\",\"dateModified\":\"2025-08-12T01:23:45+00:00\",\"author\":{\"@id\":\"https:\\\/\\\/diariodelsurdigital.com.ar\\\/#\\\/schema\\\/person\\\/d794acb23337e88c6e4004a39c32be62\"},\"breadcrumb\":{\"@id\":\"https:\\\/\\\/diariodelsurdigital.com.ar\\\/?p=4042#breadcrumb\"},\"inLanguage\":\"es\",\"potentialAction\":[{\"@type\":\"ReadAction\",\"target\":[\"https:\\\/\\\/diariodelsurdigital.com.ar\\\/?p=4042\"]}]},{\"@type\":\"ImageObject\",\"inLanguage\":\"es\",\"@id\":\"https:\\\/\\\/diariodelsurdigital.com.ar\\\/?p=4042#primaryimage\",\"url\":\"https:\\\/\\\/diariodelsurdigital.com.ar\\\/wp-content\\\/uploads\\\/2025\\\/08\\\/l_1754951186.jpg\",\"contentUrl\":\"https:\\\/\\\/diariodelsurdigital.com.ar\\\/wp-content\\\/uploads\\\/2025\\\/08\\\/l_1754951186.jpg\",\"width\":870,\"height\":580},{\"@type\":\"BreadcrumbList\",\"@id\":\"https:\\\/\\\/diariodelsurdigital.com.ar\\\/?p=4042#breadcrumb\",\"itemListElement\":[{\"@type\":\"ListItem\",\"position\":1,\"name\":\"Portada\",\"item\":\"https:\\\/\\\/diariodelsurdigital.com.ar\\\/\"},{\"@type\":\"ListItem\",\"position\":2,\"name\":\"\u00abAhora la Patria\u00bb, el espacio que ir\u00e1 por fuera del PJ, present\u00f3 candidatos y su propuesta\"}]},{\"@type\":\"WebSite\",\"@id\":\"https:\\\/\\\/diariodelsurdigital.com.ar\\\/#website\",\"url\":\"https:\\\/\\\/diariodelsurdigital.com.ar\\\/\",\"name\":\"Diario del Sur\",\"description\":\"Digital\",\"potentialAction\":[{\"@type\":\"SearchAction\",\"target\":{\"@type\":\"EntryPoint\",\"urlTemplate\":\"https:\\\/\\\/diariodelsurdigital.com.ar\\\/?s={search_term_string}\"},\"query-input\":{\"@type\":\"PropertyValueSpecification\",\"valueRequired\":true,\"valueName\":\"search_term_string\"}}],\"inLanguage\":\"es\"},{\"@type\":\"Person\",\"@id\":\"https:\\\/\\\/diariodelsurdigital.com.ar\\\/#\\\/schema\\\/person\\\/d794acb23337e88c6e4004a39c32be62\",\"name\":\"Diario del Sur Digital\",\"image\":{\"@type\":\"ImageObject\",\"inLanguage\":\"es\",\"@id\":\"https:\\\/\\\/secure.gravatar.com\\\/avatar\\\/47679bcfa15734cfdefc176b6ad58adeeccac22b2e03e095ada6c622af2b463a?s=96&d=mm&r=g\",\"url\":\"https:\\\/\\\/secure.gravatar.com\\\/avatar\\\/47679bcfa15734cfdefc176b6ad58adeeccac22b2e03e095ada6c622af2b463a?s=96&d=mm&r=g\",\"contentUrl\":\"https:\\\/\\\/secure.gravatar.com\\\/avatar\\\/47679bcfa15734cfdefc176b6ad58adeeccac22b2e03e095ada6c622af2b463a?s=96&d=mm&r=g\",\"caption\":\"Diario del Sur Digital\"},\"url\":\"https:\\\/\\\/diariodelsurdigital.com.ar\\\/?author=3\"}]}<\/script>\n<!-- \/ Yoast SEO plugin. -->","yoast_head_json":{"title":"\"Ahora la Patria\", el espacio que ir\u00e1 por fuera del PJ, present\u00f3 candidatos y su propuesta - Diario del Sur","robots":{"index":"index","follow":"follow","max-snippet":"max-snippet:-1","max-image-preview":"max-image-preview:large","max-video-preview":"max-video-preview:-1"},"canonical":"https:\/\/diariodelsurdigital.com.ar\/?p=4042","og_locale":"es_ES","og_type":"article","og_title":"\"Ahora la Patria\", el espacio que ir\u00e1 por fuera del PJ, present\u00f3 candidatos y su propuesta - Diario del Sur","og_description":"La alianza Ahora la Patria tuvo su presentaci\u00f3n formal en Paran\u00e1. En conferencia de prensa, dieron a conocer que Carolina Gaillard y Javier Schnitmann ser\u00e1n candidatos a senadores nacionales y que Paola Rubattino y Javier Olano se postular\u00e1n para diputados nacionales. En la rueda de prensa, que se realiz\u00f3 en un hotel c\u00e9ntrico, participaron los [&hellip;]","og_url":"https:\/\/diariodelsurdigital.com.ar\/?p=4042","og_site_name":"Diario del Sur","article_published_time":"2025-08-12T01:23:44+00:00","article_modified_time":"2025-08-12T01:23:45+00:00","og_image":[{"width":870,"height":580,"url":"https:\/\/diariodelsurdigital.com.ar\/wp-content\/uploads\/2025\/08\/l_1754951186.jpg","type":"image\/jpeg"}],"author":"Diario del Sur Digital","twitter_card":"summary_large_image","twitter_misc":{"Escrito por":"Diario del Sur Digital","Tiempo de lectura":"2 minutos"},"schema":{"@context":"https:\/\/schema.org","@graph":[{"@type":"Article","@id":"https:\/\/diariodelsurdigital.com.ar\/?p=4042#article","isPartOf":{"@id":"https:\/\/diariodelsurdigital.com.ar\/?p=4042"},"author":{"name":"Diario del Sur Digital","@id":"https:\/\/diariodelsurdigital.com.ar\/#\/schema\/person\/d794acb23337e88c6e4004a39c32be62"},"headline":"\u00abAhora la Patria\u00bb, el espacio que ir\u00e1 por fuera del PJ, present\u00f3 candidatos y su propuesta","datePublished":"2025-08-12T01:23:44+00:00","dateModified":"2025-08-12T01:23:45+00:00","mainEntityOfPage":{"@id":"https:\/\/diariodelsurdigital.com.ar\/?p=4042"},"wordCount":362,"commentCount":1,"image":{"@id":"https:\/\/diariodelsurdigital.com.ar\/?p=4042#primaryimage"},"thumbnailUrl":"https:\/\/diariodelsurdigital.com.ar\/wp-content\/uploads\/2025\/08\/l_1754951186.jpg","articleSection":["Inter\u00e9s General"],"inLanguage":"es","potentialAction":[{"@type":"CommentAction","name":"Comment","target":["https:\/\/diariodelsurdigital.com.ar\/?p=4042#respond"]}]},{"@type":"WebPage","@id":"https:\/\/diariodelsurdigital.com.ar\/?p=4042","url":"https:\/\/diariodelsurdigital.com.ar\/?p=4042","name":"\"Ahora la Patria\", el espacio que ir\u00e1 por fuera del PJ, present\u00f3 candidatos y su propuesta - Diario del Sur","isPartOf":{"@id":"https:\/\/diariodelsurdigital.com.ar\/#website"},"primaryImageOfPage":{"@id":"https:\/\/diariodelsurdigital.com.ar\/?p=4042#primaryimage"},"image":{"@id":"https:\/\/diariodelsurdigital.com.ar\/?p=4042#primaryimage"},"thumbnailUrl":"https:\/\/diariodelsurdigital.com.ar\/wp-content\/uploads\/2025\/08\/l_1754951186.jpg","datePublished":"2025-08-12T01:23:44+00:00","dateModified":"2025-08-12T01:23:45+00:00","author":{"@id":"https:\/\/diariodelsurdigital.com.ar\/#\/schema\/person\/d794acb23337e88c6e4004a39c32be62"},"breadcrumb":{"@id":"https:\/\/diariodelsurdigital.com.ar\/?p=4042#breadcrumb"},"inLanguage":"es","potentialAction":[{"@type":"ReadAction","target":["https:\/\/diariodelsurdigital.com.ar\/?p=4042"]}]},{"@type":"ImageObject","inLanguage":"es","@id":"https:\/\/diariodelsurdigital.com.ar\/?p=4042#primaryimage","url":"https:\/\/diariodelsurdigital.com.ar\/wp-content\/uploads\/2025\/08\/l_1754951186.jpg","contentUrl":"https:\/\/diariodelsurdigital.com.ar\/wp-content\/uploads\/2025\/08\/l_1754951186.jpg","width":870,"height":580},{"@type":"BreadcrumbList","@id":"https:\/\/diariodelsurdigital.com.ar\/?p=4042#breadcrumb","itemListElement":[{"@type":"ListItem","position":1,"name":"Portada","item":"https:\/\/diariodelsurdigital.com.ar\/"},{"@type":"ListItem","position":2,"name":"\u00abAhora la Patria\u00bb, el espacio que ir\u00e1 por fuera del PJ, present\u00f3 candidatos y su propuesta"}]},{"@type":"WebSite","@id":"https:\/\/diariodelsurdigital.com.ar\/#website","url":"https:\/\/diariodelsurdigital.com.ar\/","name":"Diario del Sur","description":"Digital","potentialAction":[{"@type":"SearchAction","target":{"@type":"EntryPoint","urlTemplate":"https:\/\/diariodelsurdigital.com.ar\/?s={search_term_string}"},"query-input":{"@type":"PropertyValueSpecification","valueRequired":true,"valueName":"search_term_string"}}],"inLanguage":"es"},{"@type":"Person","@id":"https:\/\/diariodelsurdigital.com.ar\/#\/schema\/person\/d794acb23337e88c6e4004a39c32be62","name":"Diario del Sur Digital","image":{"@type":"ImageObject","inLanguage":"es","@id":"https:\/\/secure.gravatar.com\/avatar\/47679bcfa15734cfdefc176b6ad58adeeccac22b2e03e095ada6c622af2b463a?s=96&d=mm&r=g","url":"https:\/\/secure.gravatar.com\/avatar\/47679bcfa15734cfdefc176b6ad58adeeccac22b2e03e095ada6c622af2b463a?s=96&d=mm&r=g","contentUrl":"https:\/\/secure.gravatar.com\/avatar\/47679bcfa15734cfdefc176b6ad58adeeccac22b2e03e095ada6c622af2b463a?s=96&d=mm&r=g","caption":"Diario del Sur Digital"},"url":"https:\/\/diariodelsurdigital.com.ar\/?author=3"}]}},"_links":{"self":[{"href":"https:\/\/diariodelsurdigital.com.ar\/index.php?rest_route=\/wp\/v2\/posts\/4042","targetHints":{"allow":["GET"]}}],"collection":[{"href":"https:\/\/diariodelsurdigital.com.ar\/index.php?rest_route=\/wp\/v2\/posts"}],"about":[{"href":"https:\/\/diariodelsurdigital.com.ar\/index.php?rest_route=\/wp\/v2\/types\/post"}],"author":[{"embeddable":true,"href":"https:\/\/diariodelsurdigital.com.ar\/index.php?rest_route=\/wp\/v2\/users\/3"}],"replies":[{"embeddable":true,"href":"https:\/\/diariodelsurdigital.com.ar\/index.php?rest_route=%2Fwp%2Fv2%2Fcomments&post=4042"}],"version-history":[{"count":1,"href":"https:\/\/diariodelsurdigital.com.ar\/index.php?rest_route=\/wp\/v2\/posts\/4042\/revisions"}],"predecessor-version":[{"id":4044,"href":"https:\/\/diariodelsurdigital.com.ar\/index.php?rest_route=\/wp\/v2\/posts\/4042\/revisions\/4044"}],"wp:featuredmedia":[{"embeddable":true,"href":"https:\/\/diariodelsurdigital.com.ar\/index.php?rest_route=\/wp\/v2\/media\/4043"}],"wp:attachment":[{"href":"https:\/\/diariodelsurdigital.com.ar\/index.php?rest_route=%2Fwp%2Fv2%2Fmedia&parent=4042"}],"wp:term":[{"taxonomy":"category","embeddable":true,"href":"https:\/\/diariodelsurdigital.com.ar\/index.php?rest_route=%2Fwp%2Fv2%2Fcategories&post=4042"},{"taxonomy":"post_tag","embeddable":true,"href":"https:\/\/diariodelsurdigital.com.ar\/index.php?rest_route=%2Fwp%2Fv2%2Ftags&post=4042"}],"curies":[{"name":"wp","href":"https:\/\/api.w.org\/{rel}","templated":true}]}}