{"id":4057,"date":"2025-08-12T10:05:02","date_gmt":"2025-08-12T13:05:02","guid":{"rendered":"https:\/\/diariodelsurdigital.com.ar\/?p=4057"},"modified":"2025-08-12T10:05:04","modified_gmt":"2025-08-12T13:05:04","slug":"datos-revelaron-que-en-las-carceles-federales-hay-una-sobrepoblacion-de-casi-mil-internos","status":"publish","type":"post","link":"https:\/\/diariodelsurdigital.com.ar\/?p=4057","title":{"rendered":"Datos revelaron que en las c\u00e1rceles federales hay una sobrepoblaci\u00f3n de casi mil internos"},"content":{"rendered":"\n<p>Un informe revel\u00f3 que la poblaci\u00f3n carcelaria del Servicio Penitenciario Federal creci\u00f3 un 2,8% en el primer semestre de 2025: hay 12.019 detenidos. Se\u00f1al\u00f3 que existe una sobrepoblaci\u00f3n del 8,4% con 928 personas detenidas por encima de las plazas disponibles. Tambi\u00e9n precis\u00f3 que aument\u00f3 el 6% la cantidad de mujeres encarceladas por encima del crecimiento de la poblaci\u00f3n general en el semestre enero-junio, y que descendi\u00f3 un 17,2%, la de j\u00f3venes de entre 18 y 21 a\u00f1os privados de la libertad.<\/p>\n\n\n\n<p><\/p>\n\n\n\n<p>La Procuradur\u00eda de Violencia Institucional (Procuvin), a cargo del fiscal general Alberto Gentili, inform\u00f3 que junio del 2025 concluy\u00f3 con 12.019 personas privadas de su libertad en establecimientos del Servicio Penitenciario Federal (SPF), lo que representa un crecimiento del 2,8% (323 personas m\u00e1s), respecto de las que hab\u00eda a fines de 2024. Las cifras son parte del reporte semestral \u201cPoblaci\u00f3n privada de libertad en c\u00e1rceles federales\u201d, que aborda el per\u00edodo enero-junio 2025, elaborado por el \u00c1rea de An\u00e1lisis e Investigaciones Interdisciplinarias de la Procuradur\u00eda especializada.<\/p>\n\n\n\n<p>El documento -que public\u00f3 el portal Fiscales.gob.ar-, destac\u00f3 que tiene como objetivo, entre otros, obtener datos actualizados sobre la cantidad, distribuci\u00f3n y evoluci\u00f3n de la poblaci\u00f3n penal del SPF. Adem\u00e1s, de aportar conocimiento relativo a la composici\u00f3n de acuerdo a variables socio-demogr\u00e1ficas, procesales y jurisdiccionales.<\/p>\n\n\n\n<p>En este marco, Procuvin detall\u00f3 que desde 2020 la serie anual de personas privadas de su libertad evolucion\u00f3 de la siguiente manera: 11.543 (diciembre 2020), 11.283 (diciembre 2021), 11.349 (diciembre 2022), 11.311 (diciembre 2023), 11.696 (diciembre 2024).<\/p>\n\n\n\n<p>A su vez, el informe indic\u00f3 que al cierre del primer semestre de 2025 se registr\u00f3 una sobrepoblaci\u00f3n de 8,4%. La cifra implica 928 personas detenidas por encima de las plazas disponibles de alojamiento en los establecimientos del SPF -esa capacidad es de 11.091-. En este marco, el reporte puntualiz\u00f3 que en diciembre del 2024 la sobrepoblaci\u00f3n era de 967 personas por encima de la capacidad dispuesta en los penales.<\/p>\n\n\n\n<p>La Procuvin advirti\u00f3 que, a pesar del incremento de la capacidad de alojamiento en el \u00faltimo semestre (89 lugares nuevos), la sobrepoblaci\u00f3n sigue cercana a la cifra de mil personas detenidas.<\/p>\n\n\n\n<p>Por otro lado, en relaci\u00f3n a la situaci\u00f3n procesal de las personas detenidas, el informe revel\u00f3 que el primer semestre concluy\u00f3 con un 60% (7.208) de la poblaci\u00f3n penal cumpliendo condena, y el 40% restante est\u00e1 encarcelada sin condena firme (4.809). En este punto, Procuvin puntualiz\u00f3 que, durante el per\u00edodo analizado, la cantidad de personas cumpliendo condena creci\u00f3 un 3,7% (259), y la cantidad de detenidos\/as bajo prisi\u00f3n preventiva aument\u00f3 un 1,3% (64). En diciembre de 2024, eran 6.949 las personas condenadas y 4.745 las procesadas.<\/p>\n\n\n\n<p>Asimismo, en cuanto a la jurisdicci\u00f3n interviniente, la Procuradur\u00eda puntualiz\u00f3 que a junio de 2025 las detenciones ordenadas por la justicia nacional representaban un 47,9% (5.760) del total de la poblaci\u00f3n del SPF, mientras que las dispuestas de la justicia federal, alcanzaban un 46,7% y solo el 5,4% corresponde a personas a disposici\u00f3n de las administraciones de justicia provinciales (incluyendo la de la Ciudad Aut\u00f3noma de Buenos Aires).<\/p>\n\n\n\n<p>Los establecimientos federales m\u00e1s poblados del pa\u00eds son los del \u00c1rea Metropolitana de Buenos Aires: el Complejo Penitenciario Federal (CPF) I de Ezeiza con 1.935 detenidos, el CPF II de Marcos Paz con 1.871 y el CPF CABA de Devoto con 1.552. En tanto, el reporte indic\u00f3 que la nueva Unidad 36 de Santa Fe -inaugurada en diciembre 2024-, absorbi\u00f3 con sus 320 detenidos el crecimiento poblacional registrado en el primer semestre 2025.<\/p>\n\n\n\n<p>G\u00e9nero, franja etaria y nacionalidades<\/p>\n\n\n\n<p>En relaci\u00f3n al g\u00e9nero, el 92,2 % (11.081) de la poblaci\u00f3n es de varones, el 7,5 % (903) es de mujeres y el 0,3 % (35) de personas trans. El informe indica que la cantidad de mujeres encarceladas en el SPF experiment\u00f3 un aumento semestral del 6% -muy por encima del crecimiento de la poblaci\u00f3n general- y la poblaci\u00f3n travesti-trans disminuy\u00f3 un 12,5%.<\/p>\n\n\n\n<p>El documento estad\u00edstico indica que el 97,7% (11.744) de las personas privadas de su libertad son mayores de 21 a\u00f1os y que el 2,3% (275) son j\u00f3venes de entre 18 y 21. Este \u00faltimo grupo etario reflej\u00f3 un descenso considerable del 17,2%, (hab\u00eda 57 j\u00f3venes menos que los 332 de diciembre de 2024).<\/p>\n\n\n\n<p>Asimismo, Procuvin tambi\u00e9n detall\u00f3 que en el semestre aument\u00f3 el encarcelamiento de embarazadas -de 12 a 14 casos-, y de mujeres con sus hijos\/as y de ni\u00f1os\/as viviendo en la c\u00e1rcel -de 6 a 10 casos-.<\/p>\n\n\n\n<p>La oficina especializada inform\u00f3 que en junio de 2025 el 16,1% (1.933 personas) de la poblaci\u00f3n detenida en c\u00e1rceles federales es extranjera, mientras que son argentinos el 83,9% (10.086).<\/p>\n\n\n\n<p>Metodolog\u00eda<\/p>\n\n\n\n<p>La informaci\u00f3n presentada toma como fuente los reportes publicados hacia el final de cada mes en el sitio web del SPF que son luego sistematizados y procesados por el \u00c1rea de An\u00e1lisis e Investigaciones Interdisciplinarias de la Procuvin.<\/p>\n\n\n\n<p>Las cifras corresponden a personas encarceladas en unidades y complejos del SPF. Esto no constituye el universo total de personas privadas de libertad bajo la \u00f3rbita de la justicia nacional y federal, debido a que no incluye informaci\u00f3n sobre detenidos\/as en c\u00e1rceles provinciales, institutos penales para personas menores de edad ni dispositivos federales tales como dependencias de Gendarmer\u00eda Nacional, Prefectura Naval y Polic\u00eda Federal Argentina, entre otras.<\/p>\n","protected":false},"excerpt":{"rendered":"<p>Un informe revel\u00f3 que la poblaci\u00f3n carcelaria del Servicio Penitenciario Federal creci\u00f3 un 2,8% en el primer semestre de 2025: hay 12.019 detenidos. Se\u00f1al\u00f3 que existe una sobrepoblaci\u00f3n del 8,4% con 928 personas detenidas por encima de las plazas disponibles. Tambi\u00e9n precis\u00f3 que aument\u00f3 el 6% la cantidad de mujeres encarceladas por encima del crecimiento [&hellip;]<\/p>\n","protected":false},"author":4,"featured_media":4058,"comment_status":"open","ping_status":"open","sticky":false,"template":"","format":"standard","meta":{"footnotes":""},"categories":[19,18],"tags":[],"class_list":{"0":"post-4057","1":"post","2":"type-post","3":"status-publish","4":"format-standard","5":"has-post-thumbnail","7":"category-interes-general","8":"category-nacionales"},"yoast_head":"<!-- This site is optimized with the Yoast SEO plugin v27.4 - https:\/\/yoast.com\/product\/yoast-seo-wordpress\/ -->\n<title>Datos revelaron que en las c\u00e1rceles federales hay una sobrepoblaci\u00f3n de casi mil internos - Diario del Sur<\/title>\n<meta name=\"robots\" content=\"index, follow, max-snippet:-1, max-image-preview:large, max-video-preview:-1\" \/>\n<link rel=\"canonical\" href=\"https:\/\/diariodelsurdigital.com.ar\/?p=4057\" \/>\n<meta property=\"og:locale\" content=\"es_ES\" \/>\n<meta property=\"og:type\" content=\"article\" \/>\n<meta property=\"og:title\" content=\"Datos revelaron que en las c\u00e1rceles federales hay una sobrepoblaci\u00f3n de casi mil internos - Diario del Sur\" \/>\n<meta property=\"og:description\" content=\"Un informe revel\u00f3 que la poblaci\u00f3n carcelaria del Servicio Penitenciario Federal creci\u00f3 un 2,8% en el primer semestre de 2025: hay 12.019 detenidos. Se\u00f1al\u00f3 que existe una sobrepoblaci\u00f3n del 8,4% con 928 personas detenidas por encima de las plazas disponibles. Tambi\u00e9n precis\u00f3 que aument\u00f3 el 6% la cantidad de mujeres encarceladas por encima del crecimiento [&hellip;]\" \/>\n<meta property=\"og:url\" content=\"https:\/\/diariodelsurdigital.com.ar\/?p=4057\" \/>\n<meta property=\"og:site_name\" content=\"Diario del Sur\" \/>\n<meta property=\"article:published_time\" content=\"2025-08-12T13:05:02+00:00\" \/>\n<meta property=\"article:modified_time\" content=\"2025-08-12T13:05:04+00:00\" \/>\n<meta property=\"og:image\" content=\"https:\/\/diariodelsurdigital.com.ar\/wp-content\/uploads\/2025\/08\/md-13.webp\" \/>\n\t<meta property=\"og:image:width\" content=\"992\" \/>\n\t<meta property=\"og:image:height\" content=\"661\" \/>\n\t<meta property=\"og:image:type\" content=\"image\/webp\" \/>\n<meta name=\"author\" content=\"Diario del Sur Digital\" \/>\n<meta name=\"twitter:card\" content=\"summary_large_image\" \/>\n<meta name=\"twitter:label1\" content=\"Escrito por\" \/>\n\t<meta name=\"twitter:data1\" content=\"Diario del Sur Digital\" \/>\n\t<meta name=\"twitter:label2\" content=\"Tiempo de lectura\" \/>\n\t<meta name=\"twitter:data2\" content=\"5 minutos\" \/>\n<script type=\"application\/ld+json\" class=\"yoast-schema-graph\">{\"@context\":\"https:\\\/\\\/schema.org\",\"@graph\":[{\"@type\":\"Article\",\"@id\":\"https:\\\/\\\/diariodelsurdigital.com.ar\\\/?p=4057#article\",\"isPartOf\":{\"@id\":\"https:\\\/\\\/diariodelsurdigital.com.ar\\\/?p=4057\"},\"author\":{\"name\":\"Diario del Sur Digital\",\"@id\":\"https:\\\/\\\/diariodelsurdigital.com.ar\\\/#\\\/schema\\\/person\\\/1a4992532ed62965c968031b49195c81\"},\"headline\":\"Datos revelaron que en las c\u00e1rceles federales hay una sobrepoblaci\u00f3n de casi mil internos\",\"datePublished\":\"2025-08-12T13:05:02+00:00\",\"dateModified\":\"2025-08-12T13:05:04+00:00\",\"mainEntityOfPage\":{\"@id\":\"https:\\\/\\\/diariodelsurdigital.com.ar\\\/?p=4057\"},\"wordCount\":864,\"commentCount\":0,\"image\":{\"@id\":\"https:\\\/\\\/diariodelsurdigital.com.ar\\\/?p=4057#primaryimage\"},\"thumbnailUrl\":\"https:\\\/\\\/diariodelsurdigital.com.ar\\\/wp-content\\\/uploads\\\/2025\\\/08\\\/md-13.webp\",\"articleSection\":[\"Inter\u00e9s General\",\"Nacionales\"],\"inLanguage\":\"es\",\"potentialAction\":[{\"@type\":\"CommentAction\",\"name\":\"Comment\",\"target\":[\"https:\\\/\\\/diariodelsurdigital.com.ar\\\/?p=4057#respond\"]}]},{\"@type\":\"WebPage\",\"@id\":\"https:\\\/\\\/diariodelsurdigital.com.ar\\\/?p=4057\",\"url\":\"https:\\\/\\\/diariodelsurdigital.com.ar\\\/?p=4057\",\"name\":\"Datos revelaron que en las c\u00e1rceles federales hay una sobrepoblaci\u00f3n de casi mil internos - Diario del Sur\",\"isPartOf\":{\"@id\":\"https:\\\/\\\/diariodelsurdigital.com.ar\\\/#website\"},\"primaryImageOfPage\":{\"@id\":\"https:\\\/\\\/diariodelsurdigital.com.ar\\\/?p=4057#primaryimage\"},\"image\":{\"@id\":\"https:\\\/\\\/diariodelsurdigital.com.ar\\\/?p=4057#primaryimage\"},\"thumbnailUrl\":\"https:\\\/\\\/diariodelsurdigital.com.ar\\\/wp-content\\\/uploads\\\/2025\\\/08\\\/md-13.webp\",\"datePublished\":\"2025-08-12T13:05:02+00:00\",\"dateModified\":\"2025-08-12T13:05:04+00:00\",\"author\":{\"@id\":\"https:\\\/\\\/diariodelsurdigital.com.ar\\\/#\\\/schema\\\/person\\\/1a4992532ed62965c968031b49195c81\"},\"breadcrumb\":{\"@id\":\"https:\\\/\\\/diariodelsurdigital.com.ar\\\/?p=4057#breadcrumb\"},\"inLanguage\":\"es\",\"potentialAction\":[{\"@type\":\"ReadAction\",\"target\":[\"https:\\\/\\\/diariodelsurdigital.com.ar\\\/?p=4057\"]}]},{\"@type\":\"ImageObject\",\"inLanguage\":\"es\",\"@id\":\"https:\\\/\\\/diariodelsurdigital.com.ar\\\/?p=4057#primaryimage\",\"url\":\"https:\\\/\\\/diariodelsurdigital.com.ar\\\/wp-content\\\/uploads\\\/2025\\\/08\\\/md-13.webp\",\"contentUrl\":\"https:\\\/\\\/diariodelsurdigital.com.ar\\\/wp-content\\\/uploads\\\/2025\\\/08\\\/md-13.webp\",\"width\":992,\"height\":661},{\"@type\":\"BreadcrumbList\",\"@id\":\"https:\\\/\\\/diariodelsurdigital.com.ar\\\/?p=4057#breadcrumb\",\"itemListElement\":[{\"@type\":\"ListItem\",\"position\":1,\"name\":\"Portada\",\"item\":\"https:\\\/\\\/diariodelsurdigital.com.ar\\\/\"},{\"@type\":\"ListItem\",\"position\":2,\"name\":\"Datos revelaron que en las c\u00e1rceles federales hay una sobrepoblaci\u00f3n de casi mil internos\"}]},{\"@type\":\"WebSite\",\"@id\":\"https:\\\/\\\/diariodelsurdigital.com.ar\\\/#website\",\"url\":\"https:\\\/\\\/diariodelsurdigital.com.ar\\\/\",\"name\":\"Diario del Sur\",\"description\":\"Digital\",\"potentialAction\":[{\"@type\":\"SearchAction\",\"target\":{\"@type\":\"EntryPoint\",\"urlTemplate\":\"https:\\\/\\\/diariodelsurdigital.com.ar\\\/?s={search_term_string}\"},\"query-input\":{\"@type\":\"PropertyValueSpecification\",\"valueRequired\":true,\"valueName\":\"search_term_string\"}}],\"inLanguage\":\"es\"},{\"@type\":\"Person\",\"@id\":\"https:\\\/\\\/diariodelsurdigital.com.ar\\\/#\\\/schema\\\/person\\\/1a4992532ed62965c968031b49195c81\",\"name\":\"Diario del Sur Digital\",\"image\":{\"@type\":\"ImageObject\",\"inLanguage\":\"es\",\"@id\":\"https:\\\/\\\/secure.gravatar.com\\\/avatar\\\/f0c7c47fc7146d19828273b9b8eda651c9c7ab583767e6338d3d3bee825adf76?s=96&d=mm&r=g\",\"url\":\"https:\\\/\\\/secure.gravatar.com\\\/avatar\\\/f0c7c47fc7146d19828273b9b8eda651c9c7ab583767e6338d3d3bee825adf76?s=96&d=mm&r=g\",\"contentUrl\":\"https:\\\/\\\/secure.gravatar.com\\\/avatar\\\/f0c7c47fc7146d19828273b9b8eda651c9c7ab583767e6338d3d3bee825adf76?s=96&d=mm&r=g\",\"caption\":\"Diario del Sur Digital\"},\"url\":\"https:\\\/\\\/diariodelsurdigital.com.ar\\\/?author=4\"}]}<\/script>\n<!-- \/ Yoast SEO plugin. -->","yoast_head_json":{"title":"Datos revelaron que en las c\u00e1rceles federales hay una sobrepoblaci\u00f3n de casi mil internos - Diario del Sur","robots":{"index":"index","follow":"follow","max-snippet":"max-snippet:-1","max-image-preview":"max-image-preview:large","max-video-preview":"max-video-preview:-1"},"canonical":"https:\/\/diariodelsurdigital.com.ar\/?p=4057","og_locale":"es_ES","og_type":"article","og_title":"Datos revelaron que en las c\u00e1rceles federales hay una sobrepoblaci\u00f3n de casi mil internos - Diario del Sur","og_description":"Un informe revel\u00f3 que la poblaci\u00f3n carcelaria del Servicio Penitenciario Federal creci\u00f3 un 2,8% en el primer semestre de 2025: hay 12.019 detenidos. Se\u00f1al\u00f3 que existe una sobrepoblaci\u00f3n del 8,4% con 928 personas detenidas por encima de las plazas disponibles. Tambi\u00e9n precis\u00f3 que aument\u00f3 el 6% la cantidad de mujeres encarceladas por encima del crecimiento [&hellip;]","og_url":"https:\/\/diariodelsurdigital.com.ar\/?p=4057","og_site_name":"Diario del Sur","article_published_time":"2025-08-12T13:05:02+00:00","article_modified_time":"2025-08-12T13:05:04+00:00","og_image":[{"width":992,"height":661,"url":"https:\/\/diariodelsurdigital.com.ar\/wp-content\/uploads\/2025\/08\/md-13.webp","type":"image\/webp"}],"author":"Diario del Sur Digital","twitter_card":"summary_large_image","twitter_misc":{"Escrito por":"Diario del Sur Digital","Tiempo de lectura":"5 minutos"},"schema":{"@context":"https:\/\/schema.org","@graph":[{"@type":"Article","@id":"https:\/\/diariodelsurdigital.com.ar\/?p=4057#article","isPartOf":{"@id":"https:\/\/diariodelsurdigital.com.ar\/?p=4057"},"author":{"name":"Diario del Sur Digital","@id":"https:\/\/diariodelsurdigital.com.ar\/#\/schema\/person\/1a4992532ed62965c968031b49195c81"},"headline":"Datos revelaron que en las c\u00e1rceles federales hay una sobrepoblaci\u00f3n de casi mil internos","datePublished":"2025-08-12T13:05:02+00:00","dateModified":"2025-08-12T13:05:04+00:00","mainEntityOfPage":{"@id":"https:\/\/diariodelsurdigital.com.ar\/?p=4057"},"wordCount":864,"commentCount":0,"image":{"@id":"https:\/\/diariodelsurdigital.com.ar\/?p=4057#primaryimage"},"thumbnailUrl":"https:\/\/diariodelsurdigital.com.ar\/wp-content\/uploads\/2025\/08\/md-13.webp","articleSection":["Inter\u00e9s General","Nacionales"],"inLanguage":"es","potentialAction":[{"@type":"CommentAction","name":"Comment","target":["https:\/\/diariodelsurdigital.com.ar\/?p=4057#respond"]}]},{"@type":"WebPage","@id":"https:\/\/diariodelsurdigital.com.ar\/?p=4057","url":"https:\/\/diariodelsurdigital.com.ar\/?p=4057","name":"Datos revelaron que en las c\u00e1rceles federales hay una sobrepoblaci\u00f3n de casi mil internos - Diario del Sur","isPartOf":{"@id":"https:\/\/diariodelsurdigital.com.ar\/#website"},"primaryImageOfPage":{"@id":"https:\/\/diariodelsurdigital.com.ar\/?p=4057#primaryimage"},"image":{"@id":"https:\/\/diariodelsurdigital.com.ar\/?p=4057#primaryimage"},"thumbnailUrl":"https:\/\/diariodelsurdigital.com.ar\/wp-content\/uploads\/2025\/08\/md-13.webp","datePublished":"2025-08-12T13:05:02+00:00","dateModified":"2025-08-12T13:05:04+00:00","author":{"@id":"https:\/\/diariodelsurdigital.com.ar\/#\/schema\/person\/1a4992532ed62965c968031b49195c81"},"breadcrumb":{"@id":"https:\/\/diariodelsurdigital.com.ar\/?p=4057#breadcrumb"},"inLanguage":"es","potentialAction":[{"@type":"ReadAction","target":["https:\/\/diariodelsurdigital.com.ar\/?p=4057"]}]},{"@type":"ImageObject","inLanguage":"es","@id":"https:\/\/diariodelsurdigital.com.ar\/?p=4057#primaryimage","url":"https:\/\/diariodelsurdigital.com.ar\/wp-content\/uploads\/2025\/08\/md-13.webp","contentUrl":"https:\/\/diariodelsurdigital.com.ar\/wp-content\/uploads\/2025\/08\/md-13.webp","width":992,"height":661},{"@type":"BreadcrumbList","@id":"https:\/\/diariodelsurdigital.com.ar\/?p=4057#breadcrumb","itemListElement":[{"@type":"ListItem","position":1,"name":"Portada","item":"https:\/\/diariodelsurdigital.com.ar\/"},{"@type":"ListItem","position":2,"name":"Datos revelaron que en las c\u00e1rceles federales hay una sobrepoblaci\u00f3n de casi mil internos"}]},{"@type":"WebSite","@id":"https:\/\/diariodelsurdigital.com.ar\/#website","url":"https:\/\/diariodelsurdigital.com.ar\/","name":"Diario del Sur","description":"Digital","potentialAction":[{"@type":"SearchAction","target":{"@type":"EntryPoint","urlTemplate":"https:\/\/diariodelsurdigital.com.ar\/?s={search_term_string}"},"query-input":{"@type":"PropertyValueSpecification","valueRequired":true,"valueName":"search_term_string"}}],"inLanguage":"es"},{"@type":"Person","@id":"https:\/\/diariodelsurdigital.com.ar\/#\/schema\/person\/1a4992532ed62965c968031b49195c81","name":"Diario del Sur Digital","image":{"@type":"ImageObject","inLanguage":"es","@id":"https:\/\/secure.gravatar.com\/avatar\/f0c7c47fc7146d19828273b9b8eda651c9c7ab583767e6338d3d3bee825adf76?s=96&d=mm&r=g","url":"https:\/\/secure.gravatar.com\/avatar\/f0c7c47fc7146d19828273b9b8eda651c9c7ab583767e6338d3d3bee825adf76?s=96&d=mm&r=g","contentUrl":"https:\/\/secure.gravatar.com\/avatar\/f0c7c47fc7146d19828273b9b8eda651c9c7ab583767e6338d3d3bee825adf76?s=96&d=mm&r=g","caption":"Diario del Sur Digital"},"url":"https:\/\/diariodelsurdigital.com.ar\/?author=4"}]}},"_links":{"self":[{"href":"https:\/\/diariodelsurdigital.com.ar\/index.php?rest_route=\/wp\/v2\/posts\/4057","targetHints":{"allow":["GET"]}}],"collection":[{"href":"https:\/\/diariodelsurdigital.com.ar\/index.php?rest_route=\/wp\/v2\/posts"}],"about":[{"href":"https:\/\/diariodelsurdigital.com.ar\/index.php?rest_route=\/wp\/v2\/types\/post"}],"author":[{"embeddable":true,"href":"https:\/\/diariodelsurdigital.com.ar\/index.php?rest_route=\/wp\/v2\/users\/4"}],"replies":[{"embeddable":true,"href":"https:\/\/diariodelsurdigital.com.ar\/index.php?rest_route=%2Fwp%2Fv2%2Fcomments&post=4057"}],"version-history":[{"count":1,"href":"https:\/\/diariodelsurdigital.com.ar\/index.php?rest_route=\/wp\/v2\/posts\/4057\/revisions"}],"predecessor-version":[{"id":4059,"href":"https:\/\/diariodelsurdigital.com.ar\/index.php?rest_route=\/wp\/v2\/posts\/4057\/revisions\/4059"}],"wp:featuredmedia":[{"embeddable":true,"href":"https:\/\/diariodelsurdigital.com.ar\/index.php?rest_route=\/wp\/v2\/media\/4058"}],"wp:attachment":[{"href":"https:\/\/diariodelsurdigital.com.ar\/index.php?rest_route=%2Fwp%2Fv2%2Fmedia&parent=4057"}],"wp:term":[{"taxonomy":"category","embeddable":true,"href":"https:\/\/diariodelsurdigital.com.ar\/index.php?rest_route=%2Fwp%2Fv2%2Fcategories&post=4057"},{"taxonomy":"post_tag","embeddable":true,"href":"https:\/\/diariodelsurdigital.com.ar\/index.php?rest_route=%2Fwp%2Fv2%2Ftags&post=4057"}],"curies":[{"name":"wp","href":"https:\/\/api.w.org\/{rel}","templated":true}]}}