{"id":4071,"date":"2025-08-12T19:06:22","date_gmt":"2025-08-12T22:06:22","guid":{"rendered":"https:\/\/diariodelsurdigital.com.ar\/?p=4071"},"modified":"2025-08-12T19:08:56","modified_gmt":"2025-08-12T22:08:56","slug":"ultimo-momento-tratan-de-proscribir-ahora-la-patria","status":"publish","type":"post","link":"https:\/\/diariodelsurdigital.com.ar\/?p=4071","title":{"rendered":"\u00daLTIMO MOMENTO: Tratan de proscribir \u00abAhora La Patria\u00bb"},"content":{"rendered":"\n<p>Mediante un ardid jur\u00eddico, \u00abFuerza Entre R\u00edos\u00bb que impulsa las candidaturas de Bahl y Mitchel tratan por todos los medios de dejar fuera de juego al espacio \u00abAhora La Patria\u00bb, que conduce la diputada nacional, Carolina Gaillard.<\/p>\n\n\n\n<p>Como no les alcanz\u00f3 con impedir la participaci\u00f3n de las listas contendientes para realizar las internas del Partido Justicialista, ahora buscan afanosamente impedir el camino para que \u00abAhora La Patria\u00bb sea una alternativa en las elecciones generales de octubre.<\/p>\n\n\n\n<p>Facs\u00edmil de la solicitud de Impugnaci\u00f3n ingresada en el Juzgado Federal &#8211; Secretar\u00eda Electoral:<\/p>\n\n\n\n<p><strong>SE\u00d1OR JUEZ:<\/strong><\/p>\n\n\n\n<p><br>Eliana Ramos, abogada, como apodera legal de la alianza \u201cFuerza Entre<br>R\u00edos\u201d, manteniendo los domicilios legal y electr\u00f3nico constituido por la<br>referida alianza; ante V.S. me presento y respetuosamente digo:<\/p>\n\n\n\n<p><br><strong>I. OBJETO:<\/strong><\/p>\n\n\n\n<p><br>Que siguiendo expresas instrucciones de acuerdo a la cl\u00e1usula quinta del<br>acta constitutiva de la alianza Fuerza Entre R\u00edos, habiendo sido notificados<br>de la alianzas que registraron para su reconocimiento, vengo por el<br>presente, a deducir formal impugnaci\u00f3n contra la denominaci\u00f3n de la<br>alianza electoral \u201cAhora La Patria\u201d, presentada en el expediente<br>caratulado \u201cAhora La Patria s\/ Reconocimiento de Alianza Electoral\u201d<br>Expte. 9390\/2025, para el distrito Entre R\u00edos, porque la misma tiende a la<br>confusi\u00f3n ideol\u00f3gica y material, carece de buena fe en la elecci\u00f3n del<br>nombre y solo tiene como objeto perjudicar el voto genuino del<br>electorado.<br>La denominaci\u00f3n \u201cAhora La Patria\u00bb, al coincidir en su concepto con<br>\u201cFuerza Patria\u201d, causa confusi\u00f3n con la coalici\u00f3n en la que el Partido<br>Justicialista es la columna vertebral. En este sentido, no solo se vulnera el<br>principio de claridad electoral, sino que tambi\u00e9n se est\u00e1 intentando<br>inducir al electorado a un error que desvirt\u00faa la expresi\u00f3n verdadera de<br>su voluntad pol\u00edtica.<\/p>\n\n\n\n<p><br><strong>II ANTECEDENTES<\/strong><\/p>\n\n\n\n<p><br>La Alianza \u201cFuerza Entre R\u00edos\u201d est\u00e1 conformada por los partidos Partido<br>Justicialista (PJ), Frente Entrerriano Federal y Partido del Trabajo y el<br>Pueblo, quienes adoptaron la denominaci\u00f3n \u00abFuerza Entre R\u00edos\u00bb en<br>congruencia con la denominaci\u00f3n \u00abFuerza Patria\u201d utilizada a nivel<br>nacional. El sello \u00abFuerza Patria\u201d ha sido adoptado por el Partido<br>Justicialista en 14 distritos, entre los que se encuentran Salta, Catamarca,<br>Neuqu\u00e9n, Tierra del Fuego, Chaco, Santiago del Estero, Misiones,<br>Corrientes, C\u00f3rdoba, R\u00edo Negro, Santa Fe, Buenos Aires, Jujuy y Ciudad<br>Aut\u00f3noma de Buenos Aires. Y en todos estos casos el Partido Justicialista<br>es el principal actor de dicha coalici\u00f3n.<br>En Entre R\u00edos, la denominaci\u00f3n \u00abFuerza Entre R\u00edos\u00bb tiene un v\u00ednculo<br>directo con el \u00abFuerza Patria\u201d a nivel nacional, representando a la misma<br>corriente ideol\u00f3gica y pol\u00edtica, con la misma estructura organizativa y el<br>mismo Partido Justicialista como columna vertebral.<br>Este v\u00ednculo ideol\u00f3gico es reconocido y comprendido por el<br>electorado entrerriano, siendo \u00abFuerza Entre R\u00edos\u201d la denominaci\u00f3n que<br>mejor refleja las propuestas y valores de esta corriente en la provincia. Por<br>ello, la presentaci\u00f3n de una alianza denominada \u00abAhora La Patria\u201d, con<br>un nombre similar al de \u00abFuerza Patria\u201d, genera una confusi\u00f3n ideol\u00f3gica<br>y material para los votantes, quienes podr\u00edan interpretar err\u00f3neamente<br>que ambas alianzas provienen del mismo espacio pol\u00edtico, lo que no es<br>as\u00ed.<\/p>\n\n\n\n<p><br><strong>III FUNDAMENTOS DE LA IMPUGNACI\u00d3N<\/strong><\/p>\n\n\n\n<p><br>El art\u00edculo 37 de la Constituci\u00f3n Nacional de 1994 establece que<br>\u201cEsta Constituci\u00f3n garantiza el pleno ejercicio de los derechos pol\u00edticos,<br>con arreglo al principio de la soberan\u00eda popular y de las leyes que se<br>dicten en consecuencia. El sufragio es universal, igual, secreto y<br>obligatorio\u201d. Este precepto refleja uno de los pilares fundamentales del<br>sistema democr\u00e1tico argentino, destacando el derecho al sufragio como<br>el mecanismo mediante el cual el pueblo ejerce su soberan\u00eda para la<br>elecci\u00f3n de sus representantes. En este contexto, el sufragio debe ser libre<br>de interferencias y exento de cualquier tipo de confusi\u00f3n que pueda<br>afectar la voluntad del elector.<br>Como se establece en el fallo 3326\/04 de la C\u00e1mara Nacional<br>Electoral, el sufragio constituye la funci\u00f3n constitucional que permite la<br>expresi\u00f3n soberana de la voluntad del pueblo, y su protecci\u00f3n es la base<br>de todo sistema democr\u00e1tico. Este derecho ha sido protegido<br>constitucionalmente. Para que este derecho se ejerza efectivamente, es<br>esencial que los electores puedan votar sin confusi\u00f3n, de manera<br>informada y con plena libertad.<br>En este sentido, el sufragio no es solo un derecho, sino tambi\u00e9n una<br>obligaci\u00f3n que implica un ejercicio consciente y libre de parte del elector,<br>quien debe tener la capacidad de identificar con claridad el partido o la<br>alianza que representa sus intereses. El sistema electoral, por tanto, debe<br>garantizar que el elector, al llegar al cuarto oscuro, pueda ejercer su voto<br>de manera informada, sin confusi\u00f3n y en plena libertad. Este principio se<br>refuerza en fallos de la Corte Suprema, que ha declarado en diversas<br>oportunidades que el derecho al voto debe garantizarse sin la existencia<br>de elementos que puedan inducir a error (cf. Fallo 305:1262).<br>La jurisprudencia de la C\u00e1mara Nacional Electoral ha sido clara al<br>respecto: el nombre de los partidos y las alianzas no debe inducir a error<br>o confusi\u00f3n, pues tal confusi\u00f3n desvirt\u00faa la voluntad genuina del elector.<br>La distinci\u00f3n no debe hacerse comparando vocablo por vocablo, sino<br>considerando el nombre en su integridad, tomando en cuenta su<br>contexto y el significado ideol\u00f3gico que representa. En este sentido, la<br>C\u00e1mara Electoral ha sostenido que lo que debe prevalecer es la<br>impresi\u00f3n de conjunto, pues es ah\u00ed donde se define si se genera o no<br>confusi\u00f3n. En esta l\u00ednea, se han dictado fallos tales como el CNE 2842\/01,<br>2999\/02, 3047\/02, 3769\/06, y m\u00e1s recientemente en el CNE<br>4042\/2018\/1\/CA1, en los cuales se reafirm\u00f3 que la confusi\u00f3n material o<br>ideol\u00f3gica no debe ser evaluada solo en t\u00e9rminos superficiales, sino en un<br>an\u00e1lisis integral del contexto (cf. Fallos CNE 2842\/01; 2999\/02; 3047\/02;<br>3769\/06; 3834\/07; 3866\/07; 3930\/07; 4566\/11; 4602\/11; 4662\/11 y 4958\/13).<br>De acuerdo con esta jurisprudencia, es fundamental que el<br>electorado pueda identificar sin dificultad la opci\u00f3n por la cual vota, lo<br>cual es clave para respetar el principio de soberan\u00eda popular. Por lo tanto,<br>los nombres, logotipos y denominaciones de las alianzas deben ser claros<br>y no generar confusi\u00f3n. El sistema electoral debe garantizar que el<br>votante, al llegar al cuarto oscuro, no se vea influido por denominaciones<br>que puedan inducirlo al error sobre el verdadero contenido ideol\u00f3gico y<br>program\u00e1tico de la opci\u00f3n electoral que est\u00e1 eligiendo.<br>Entrando en el caso de autos, la denominaci\u00f3n \u00abAhora La Patria\u201d<br>induce a un error y confusi\u00f3n material e ideol\u00f3gica en los votantes de la<br>provincia de Entre R\u00edos. Si un elector se encuentra con las opciones \u00abFuerza<br>Entre R\u00edos\u201d y \u00abAhora La Patria\u201d en la boleta electoral para los cargos<br>nacionales, la confusi\u00f3n es inevitable debido a la masiva difusi\u00f3n de la<br>coalici\u00f3n \u00abFuerza Patria\u201d a nivel nacional, en la que el Partido Justicialista<br>tiene un rol protag\u00f3nico.<br>El electorado podr\u00eda, sin lugar a dudas, incurrir en el error de asociar<br>ambas denominaciones con el Partido Justicialista, lo que no es cierto. Si<br>bien ambas denominaciones utilizan el t\u00e9rmino \u00abPatria\u00bb, la alianza \u00abAhora<br>La Patria\u00bb no tiene ninguna relaci\u00f3n con el Partido Justicialista, mientras<br>que \u00abFuerza Entre R\u00edos\u201d s\u00ed lo tiene. Esta similitud en las denominaciones<br>puede llevar a que muchos votantes de buena fe se equivoquen al<br>ejercer su voto, pensando que est\u00e1n votando por una opci\u00f3n vinculada<br>al Partido Justicialista.<br>La C\u00e1mara Nacional Electoral ha establecido en fallos como CNE<br>305:1262 y CNE 311:2666, que el nombre de los partidos \u201cno deber\u00e1<br>provocar confusi\u00f3n material o ideol\u00f3gica\u201d y, por consiguiente, \u201clo que<br>tiene que haber es causa suficiente de confusi\u00f3n o, por lo menos, seria<br>probabilidad, y no mera posibilidad de confusi\u00f3n\u201d (cf. Fallos 305:1262).<br>Expte. N\u00b0 CNE 4042\/2018\/1\/CA1, 4 de noviembre de 2019. En este caso, la<br>confusi\u00f3n no se origina entre \u00abFuerza Entre R\u00edos\u201d y \u201cAhora La Patria\u201d, sino<br>con las alianzas denominadas \u201cFuerza Patria\u201d, que es el nombre utilizado<br>por el Partido Justicialista a nivel nacional, y la alianza \u201cFuerza Entre R\u00edos\u201d,<br>es la que representa exclusivamente esa corriente de pensamiento en<br>nuestra provincia. La similitud no es simplemente formal, sino que tiene un<br>fondo ideol\u00f3gico muy fuerte, ya que \u201cFuerza Patria\u201d es una coalici\u00f3n<br>ampliamente conocida y como ya dijimos \u201cFuerza Entre R\u00edos\u201d es su<br>equivalente en esta provincia.<br>En relaci\u00f3n a la comparaci\u00f3n de los nombres, vale la pena recordar<br>los manifestado por la Corte Suprema de Justicia de la Naci\u00f3n (cf. Fallos<br>319:1640) que refiri\u00f3 a que la distinci\u00f3n no debe hacerse comparando<br>vocablo por vocablo sino tomando el nombre en su integridad, pues es<br>de ese modo de donde ha de resultar si se produce confusi\u00f3n o no. Expte.<br>N\u00b0 CNE 4042\/2018\/1\/CA1, 4 de noviembre de 2019.<br>La elecci\u00f3n de la denominaci\u00f3n \u00abAhora La Patria\u201d no ha sido<br>realizada de buena fe. El principio de buena fe es un principio<br>fundamental que debe regir la elecci\u00f3n de nombres de las alianzas, y su<br>violaci\u00f3n est\u00e1 claramente presente en este caso. Seg\u00fan el fallo CNE<br>2922\/01, la elecci\u00f3n de una denominaci\u00f3n debe estar presidida por la<br>buena fe, para evitar que las agrupaciones o alianzas induzcan al error al<br>electorado. La elecci\u00f3n de \u00abAhora La Patria\u201d refleja una clara intenci\u00f3n<br>de confundir a los votantes, haciendo que asocien esta alianza con el<br>Partido Justicialista, cuando en realidad no existe tal v\u00ednculo.<br>El principio de buena fe en la elecci\u00f3n de nombres es esencial para<br>preservar la autenticidad del voto y evitar que el electorado sea<br>enga\u00f1ado por denominaciones que no reflejan correctamente la<br>composici\u00f3n ideol\u00f3gica de la alianza. En este sentido, el uso de la<br>denominaci\u00f3n \u201cAhora La Patria\u201d pone en evidencia la intenci\u00f3n de<br>inducir a error a los votantes, dado que busca hacerles creer que el<br>Partido Justicialista est\u00e1 involucrado en esta alianza, lo que no es cierto.<br>Finalmente, si se acepta la vigencia de la denominaci\u00f3n \u201cAhora La<br>Patria\u201d, se estar\u00eda promoviendo una confusi\u00f3n que podr\u00eda afectar la<br>genuinidad del voto. El electorado podr\u00eda dividir su voto entre \u201cFuerza<br>Entre R\u00edos\u201d y \u201cAhora La Patria\u201d, sin entender que, a pesar de la aparente<br>similitud, ambas denominaciones pertenecen a espacios pol\u00edticos<br>diferentes. Este tipo de confusi\u00f3n desvirtuar\u00eda el proceso electoral, ya que<br>el voto del electorado se ver\u00eda comprometido por la incertidumbre sobre<br>qu\u00e9 opci\u00f3n est\u00e1 eligiendo realmente. Como consecuencia, la voluntad<br>genuina de los votantes no se reflejar\u00eda correctamente en los resultados,<br>afectando la transparencia y autenticidad del sufragio.<br>En armon\u00eda con ello, la C\u00e1mara Nacional Electoral, al referirse y<br>analizar el sistema legal de protecci\u00f3n del nombre de los partidos pol\u00edticos<br>(establecido en el art\u00edculo 13 y concordantes de la Ley 23.298), ha<br>expresado que la raz\u00f3n por la que la ley exige una clara y razonable<br>distinci\u00f3n entre los nombres de los partidos pol\u00edticos consiste en la<br>necesidad de preservar la genuina voluntad pol\u00edtica del electorado y el<br>caudal electoral de los partidos, evitando que los ciudadanos,<br>confundidos por el nombre de un partido que no se distingue<br>razonablemente de otro, vean como consecuencia de ello desviada la<br>expresi\u00f3n de su aut\u00e9ntico pensamiento pol\u00edtico. Como la C\u00e1mara ha<br>se\u00f1alado, los votantes, creyendo que adhieren, se afilian o votan por<br>determinado partido, podr\u00edan en realidad hacerlo por otro (Fallo: CNE<br>3253\/2003 del 28\/10\/2003).<br>Por tanto, la denominaci\u00f3n \u201cAhora La Patria\u201d no solo genera<br>confusi\u00f3n, sino que tambi\u00e9n vulnera los principios fundamentales del<br>derecho electoral, ya que impide que el electorado exprese su voluntad<br>de manera libre y sin interferencias. Permitir que una denominaci\u00f3n tan<br>similar a \u201cFuerza Patria\u201d siga en vigencia, generar\u00eda un grave perjuicio a<br>la claridad del proceso electoral y, por ende, al derecho del pueblo a un<br>sufragio libre y transparente, lo que obliga a que dicha denominaci\u00f3n sea<br>impugnada para preservar la autenticidad de la expresi\u00f3n popular en las<br>urnas.<\/p>\n\n\n\n<p><br><strong>IV. PETITORIO:<\/strong><\/p>\n\n\n\n<p><br>Por los fundamentos expuestos, a V.S. solicito:<\/p>\n\n\n\n<figure class=\"wp-block-image size-large\"><img loading=\"lazy\" decoding=\"async\" width=\"1024\" height=\"768\" src=\"https:\/\/diariodelsurdigital.com.ar\/wp-content\/uploads\/2025\/08\/Imagen-de-WhatsApp-2025-08-12-a-las-18.59.38_0bb9d420-1024x768.jpg\" alt=\"\" class=\"wp-image-4072\" srcset=\"https:\/\/diariodelsurdigital.com.ar\/wp-content\/uploads\/2025\/08\/Imagen-de-WhatsApp-2025-08-12-a-las-18.59.38_0bb9d420-1024x768.jpg 1024w, https:\/\/diariodelsurdigital.com.ar\/wp-content\/uploads\/2025\/08\/Imagen-de-WhatsApp-2025-08-12-a-las-18.59.38_0bb9d420-300x225.jpg 300w, https:\/\/diariodelsurdigital.com.ar\/wp-content\/uploads\/2025\/08\/Imagen-de-WhatsApp-2025-08-12-a-las-18.59.38_0bb9d420-768x576.jpg 768w, https:\/\/diariodelsurdigital.com.ar\/wp-content\/uploads\/2025\/08\/Imagen-de-WhatsApp-2025-08-12-a-las-18.59.38_0bb9d420-560x420.jpg 560w, https:\/\/diariodelsurdigital.com.ar\/wp-content\/uploads\/2025\/08\/Imagen-de-WhatsApp-2025-08-12-a-las-18.59.38_0bb9d420-80x60.jpg 80w, https:\/\/diariodelsurdigital.com.ar\/wp-content\/uploads\/2025\/08\/Imagen-de-WhatsApp-2025-08-12-a-las-18.59.38_0bb9d420-696x522.jpg 696w, https:\/\/diariodelsurdigital.com.ar\/wp-content\/uploads\/2025\/08\/Imagen-de-WhatsApp-2025-08-12-a-las-18.59.38_0bb9d420-1068x801.jpg 1068w, https:\/\/diariodelsurdigital.com.ar\/wp-content\/uploads\/2025\/08\/Imagen-de-WhatsApp-2025-08-12-a-las-18.59.38_0bb9d420-265x198.jpg 265w, https:\/\/diariodelsurdigital.com.ar\/wp-content\/uploads\/2025\/08\/Imagen-de-WhatsApp-2025-08-12-a-las-18.59.38_0bb9d420.jpg 1280w\" sizes=\"auto, (max-width: 1024px) 100vw, 1024px\" \/><\/figure>\n","protected":false},"excerpt":{"rendered":"<p>Mediante un ardid jur\u00eddico, \u00abFuerza Entre R\u00edos\u00bb que impulsa las candidaturas de Bahl y Mitchel tratan por todos los medios de dejar fuera de juego al espacio \u00abAhora La Patria\u00bb, que conduce la diputada nacional, Carolina Gaillard. Como no les alcanz\u00f3 con impedir la participaci\u00f3n de las listas contendientes para realizar las internas del Partido [&hellip;]<\/p>\n","protected":false},"author":2,"featured_media":4073,"comment_status":"open","ping_status":"open","sticky":false,"template":"","format":"standard","meta":{"footnotes":""},"categories":[17],"tags":[],"class_list":{"0":"post-4071","1":"post","2":"type-post","3":"status-publish","4":"format-standard","5":"has-post-thumbnail","7":"category-provinciales"},"yoast_head":"<!-- This site is optimized with the Yoast SEO plugin v27.4 - https:\/\/yoast.com\/product\/yoast-seo-wordpress\/ -->\n<title>\u00daLTIMO MOMENTO: Tratan de proscribir &quot;Ahora La Patria&quot; - Diario del Sur<\/title>\n<meta name=\"robots\" content=\"index, follow, max-snippet:-1, max-image-preview:large, max-video-preview:-1\" \/>\n<link rel=\"canonical\" href=\"https:\/\/diariodelsurdigital.com.ar\/?p=4071\" \/>\n<meta property=\"og:locale\" content=\"es_ES\" \/>\n<meta property=\"og:type\" content=\"article\" \/>\n<meta property=\"og:title\" content=\"\u00daLTIMO MOMENTO: Tratan de proscribir &quot;Ahora La Patria&quot; - Diario del Sur\" \/>\n<meta property=\"og:description\" content=\"Mediante un ardid jur\u00eddico, \u00abFuerza Entre R\u00edos\u00bb que impulsa las candidaturas de Bahl y Mitchel tratan por todos los medios de dejar fuera de juego al espacio \u00abAhora La Patria\u00bb, que conduce la diputada nacional, Carolina Gaillard. Como no les alcanz\u00f3 con impedir la participaci\u00f3n de las listas contendientes para realizar las internas del Partido [&hellip;]\" \/>\n<meta property=\"og:url\" content=\"https:\/\/diariodelsurdigital.com.ar\/?p=4071\" \/>\n<meta property=\"og:site_name\" content=\"Diario del Sur\" \/>\n<meta property=\"article:published_time\" content=\"2025-08-12T22:06:22+00:00\" \/>\n<meta property=\"article:modified_time\" content=\"2025-08-12T22:08:56+00:00\" \/>\n<meta property=\"og:image\" content=\"https:\/\/diariodelsurdigital.com.ar\/wp-content\/uploads\/2025\/08\/Imagen-de-WhatsApp-2025-08-12-a-las-00.24.20_1e570ba9.jpg\" \/>\n\t<meta property=\"og:image:width\" content=\"504\" \/>\n\t<meta property=\"og:image:height\" content=\"335\" \/>\n\t<meta property=\"og:image:type\" content=\"image\/jpeg\" \/>\n<meta name=\"author\" content=\"Diario del Sur Digital\" \/>\n<meta name=\"twitter:card\" content=\"summary_large_image\" \/>\n<meta name=\"twitter:label1\" content=\"Escrito por\" \/>\n\t<meta name=\"twitter:data1\" content=\"Diario del Sur Digital\" \/>\n\t<meta name=\"twitter:label2\" content=\"Tiempo de lectura\" \/>\n\t<meta name=\"twitter:data2\" content=\"10 minutos\" \/>\n<script type=\"application\/ld+json\" class=\"yoast-schema-graph\">{\"@context\":\"https:\\\/\\\/schema.org\",\"@graph\":[{\"@type\":\"Article\",\"@id\":\"https:\\\/\\\/diariodelsurdigital.com.ar\\\/?p=4071#article\",\"isPartOf\":{\"@id\":\"https:\\\/\\\/diariodelsurdigital.com.ar\\\/?p=4071\"},\"author\":{\"name\":\"Diario del Sur Digital\",\"@id\":\"https:\\\/\\\/diariodelsurdigital.com.ar\\\/#\\\/schema\\\/person\\\/6136a32571657f7dba980b88b04c5465\"},\"headline\":\"\u00daLTIMO MOMENTO: Tratan de proscribir \u00abAhora La Patria\u00bb\",\"datePublished\":\"2025-08-12T22:06:22+00:00\",\"dateModified\":\"2025-08-12T22:08:56+00:00\",\"mainEntityOfPage\":{\"@id\":\"https:\\\/\\\/diariodelsurdigital.com.ar\\\/?p=4071\"},\"wordCount\":1951,\"commentCount\":0,\"image\":{\"@id\":\"https:\\\/\\\/diariodelsurdigital.com.ar\\\/?p=4071#primaryimage\"},\"thumbnailUrl\":\"https:\\\/\\\/diariodelsurdigital.com.ar\\\/wp-content\\\/uploads\\\/2025\\\/08\\\/Imagen-de-WhatsApp-2025-08-12-a-las-00.24.20_1e570ba9.jpg\",\"articleSection\":[\"Provinciales\"],\"inLanguage\":\"es\",\"potentialAction\":[{\"@type\":\"CommentAction\",\"name\":\"Comment\",\"target\":[\"https:\\\/\\\/diariodelsurdigital.com.ar\\\/?p=4071#respond\"]}]},{\"@type\":\"WebPage\",\"@id\":\"https:\\\/\\\/diariodelsurdigital.com.ar\\\/?p=4071\",\"url\":\"https:\\\/\\\/diariodelsurdigital.com.ar\\\/?p=4071\",\"name\":\"\u00daLTIMO MOMENTO: Tratan de proscribir \\\"Ahora La Patria\\\" - Diario del Sur\",\"isPartOf\":{\"@id\":\"https:\\\/\\\/diariodelsurdigital.com.ar\\\/#website\"},\"primaryImageOfPage\":{\"@id\":\"https:\\\/\\\/diariodelsurdigital.com.ar\\\/?p=4071#primaryimage\"},\"image\":{\"@id\":\"https:\\\/\\\/diariodelsurdigital.com.ar\\\/?p=4071#primaryimage\"},\"thumbnailUrl\":\"https:\\\/\\\/diariodelsurdigital.com.ar\\\/wp-content\\\/uploads\\\/2025\\\/08\\\/Imagen-de-WhatsApp-2025-08-12-a-las-00.24.20_1e570ba9.jpg\",\"datePublished\":\"2025-08-12T22:06:22+00:00\",\"dateModified\":\"2025-08-12T22:08:56+00:00\",\"author\":{\"@id\":\"https:\\\/\\\/diariodelsurdigital.com.ar\\\/#\\\/schema\\\/person\\\/6136a32571657f7dba980b88b04c5465\"},\"breadcrumb\":{\"@id\":\"https:\\\/\\\/diariodelsurdigital.com.ar\\\/?p=4071#breadcrumb\"},\"inLanguage\":\"es\",\"potentialAction\":[{\"@type\":\"ReadAction\",\"target\":[\"https:\\\/\\\/diariodelsurdigital.com.ar\\\/?p=4071\"]}]},{\"@type\":\"ImageObject\",\"inLanguage\":\"es\",\"@id\":\"https:\\\/\\\/diariodelsurdigital.com.ar\\\/?p=4071#primaryimage\",\"url\":\"https:\\\/\\\/diariodelsurdigital.com.ar\\\/wp-content\\\/uploads\\\/2025\\\/08\\\/Imagen-de-WhatsApp-2025-08-12-a-las-00.24.20_1e570ba9.jpg\",\"contentUrl\":\"https:\\\/\\\/diariodelsurdigital.com.ar\\\/wp-content\\\/uploads\\\/2025\\\/08\\\/Imagen-de-WhatsApp-2025-08-12-a-las-00.24.20_1e570ba9.jpg\",\"width\":504,\"height\":335},{\"@type\":\"BreadcrumbList\",\"@id\":\"https:\\\/\\\/diariodelsurdigital.com.ar\\\/?p=4071#breadcrumb\",\"itemListElement\":[{\"@type\":\"ListItem\",\"position\":1,\"name\":\"Portada\",\"item\":\"https:\\\/\\\/diariodelsurdigital.com.ar\\\/\"},{\"@type\":\"ListItem\",\"position\":2,\"name\":\"\u00daLTIMO MOMENTO: Tratan de proscribir \u00abAhora La Patria\u00bb\"}]},{\"@type\":\"WebSite\",\"@id\":\"https:\\\/\\\/diariodelsurdigital.com.ar\\\/#website\",\"url\":\"https:\\\/\\\/diariodelsurdigital.com.ar\\\/\",\"name\":\"Diario del Sur\",\"description\":\"Digital\",\"potentialAction\":[{\"@type\":\"SearchAction\",\"target\":{\"@type\":\"EntryPoint\",\"urlTemplate\":\"https:\\\/\\\/diariodelsurdigital.com.ar\\\/?s={search_term_string}\"},\"query-input\":{\"@type\":\"PropertyValueSpecification\",\"valueRequired\":true,\"valueName\":\"search_term_string\"}}],\"inLanguage\":\"es\"},{\"@type\":\"Person\",\"@id\":\"https:\\\/\\\/diariodelsurdigital.com.ar\\\/#\\\/schema\\\/person\\\/6136a32571657f7dba980b88b04c5465\",\"name\":\"Diario del Sur Digital\",\"image\":{\"@type\":\"ImageObject\",\"inLanguage\":\"es\",\"@id\":\"https:\\\/\\\/secure.gravatar.com\\\/avatar\\\/4c29ceac98541dd42460b2474aaa5dd37594d6ce6cb3cf2c101d09b48ee287ba?s=96&d=mm&r=g\",\"url\":\"https:\\\/\\\/secure.gravatar.com\\\/avatar\\\/4c29ceac98541dd42460b2474aaa5dd37594d6ce6cb3cf2c101d09b48ee287ba?s=96&d=mm&r=g\",\"contentUrl\":\"https:\\\/\\\/secure.gravatar.com\\\/avatar\\\/4c29ceac98541dd42460b2474aaa5dd37594d6ce6cb3cf2c101d09b48ee287ba?s=96&d=mm&r=g\",\"caption\":\"Diario del Sur Digital\"},\"url\":\"https:\\\/\\\/diariodelsurdigital.com.ar\\\/?author=2\"}]}<\/script>\n<!-- \/ Yoast SEO plugin. -->","yoast_head_json":{"title":"\u00daLTIMO MOMENTO: Tratan de proscribir \"Ahora La Patria\" - Diario del Sur","robots":{"index":"index","follow":"follow","max-snippet":"max-snippet:-1","max-image-preview":"max-image-preview:large","max-video-preview":"max-video-preview:-1"},"canonical":"https:\/\/diariodelsurdigital.com.ar\/?p=4071","og_locale":"es_ES","og_type":"article","og_title":"\u00daLTIMO MOMENTO: Tratan de proscribir \"Ahora La Patria\" - Diario del Sur","og_description":"Mediante un ardid jur\u00eddico, \u00abFuerza Entre R\u00edos\u00bb que impulsa las candidaturas de Bahl y Mitchel tratan por todos los medios de dejar fuera de juego al espacio \u00abAhora La Patria\u00bb, que conduce la diputada nacional, Carolina Gaillard. Como no les alcanz\u00f3 con impedir la participaci\u00f3n de las listas contendientes para realizar las internas del Partido [&hellip;]","og_url":"https:\/\/diariodelsurdigital.com.ar\/?p=4071","og_site_name":"Diario del Sur","article_published_time":"2025-08-12T22:06:22+00:00","article_modified_time":"2025-08-12T22:08:56+00:00","og_image":[{"width":504,"height":335,"url":"https:\/\/diariodelsurdigital.com.ar\/wp-content\/uploads\/2025\/08\/Imagen-de-WhatsApp-2025-08-12-a-las-00.24.20_1e570ba9.jpg","type":"image\/jpeg"}],"author":"Diario del Sur Digital","twitter_card":"summary_large_image","twitter_misc":{"Escrito por":"Diario del Sur Digital","Tiempo de lectura":"10 minutos"},"schema":{"@context":"https:\/\/schema.org","@graph":[{"@type":"Article","@id":"https:\/\/diariodelsurdigital.com.ar\/?p=4071#article","isPartOf":{"@id":"https:\/\/diariodelsurdigital.com.ar\/?p=4071"},"author":{"name":"Diario del Sur Digital","@id":"https:\/\/diariodelsurdigital.com.ar\/#\/schema\/person\/6136a32571657f7dba980b88b04c5465"},"headline":"\u00daLTIMO MOMENTO: Tratan de proscribir \u00abAhora La Patria\u00bb","datePublished":"2025-08-12T22:06:22+00:00","dateModified":"2025-08-12T22:08:56+00:00","mainEntityOfPage":{"@id":"https:\/\/diariodelsurdigital.com.ar\/?p=4071"},"wordCount":1951,"commentCount":0,"image":{"@id":"https:\/\/diariodelsurdigital.com.ar\/?p=4071#primaryimage"},"thumbnailUrl":"https:\/\/diariodelsurdigital.com.ar\/wp-content\/uploads\/2025\/08\/Imagen-de-WhatsApp-2025-08-12-a-las-00.24.20_1e570ba9.jpg","articleSection":["Provinciales"],"inLanguage":"es","potentialAction":[{"@type":"CommentAction","name":"Comment","target":["https:\/\/diariodelsurdigital.com.ar\/?p=4071#respond"]}]},{"@type":"WebPage","@id":"https:\/\/diariodelsurdigital.com.ar\/?p=4071","url":"https:\/\/diariodelsurdigital.com.ar\/?p=4071","name":"\u00daLTIMO MOMENTO: Tratan de proscribir \"Ahora La Patria\" - Diario del Sur","isPartOf":{"@id":"https:\/\/diariodelsurdigital.com.ar\/#website"},"primaryImageOfPage":{"@id":"https:\/\/diariodelsurdigital.com.ar\/?p=4071#primaryimage"},"image":{"@id":"https:\/\/diariodelsurdigital.com.ar\/?p=4071#primaryimage"},"thumbnailUrl":"https:\/\/diariodelsurdigital.com.ar\/wp-content\/uploads\/2025\/08\/Imagen-de-WhatsApp-2025-08-12-a-las-00.24.20_1e570ba9.jpg","datePublished":"2025-08-12T22:06:22+00:00","dateModified":"2025-08-12T22:08:56+00:00","author":{"@id":"https:\/\/diariodelsurdigital.com.ar\/#\/schema\/person\/6136a32571657f7dba980b88b04c5465"},"breadcrumb":{"@id":"https:\/\/diariodelsurdigital.com.ar\/?p=4071#breadcrumb"},"inLanguage":"es","potentialAction":[{"@type":"ReadAction","target":["https:\/\/diariodelsurdigital.com.ar\/?p=4071"]}]},{"@type":"ImageObject","inLanguage":"es","@id":"https:\/\/diariodelsurdigital.com.ar\/?p=4071#primaryimage","url":"https:\/\/diariodelsurdigital.com.ar\/wp-content\/uploads\/2025\/08\/Imagen-de-WhatsApp-2025-08-12-a-las-00.24.20_1e570ba9.jpg","contentUrl":"https:\/\/diariodelsurdigital.com.ar\/wp-content\/uploads\/2025\/08\/Imagen-de-WhatsApp-2025-08-12-a-las-00.24.20_1e570ba9.jpg","width":504,"height":335},{"@type":"BreadcrumbList","@id":"https:\/\/diariodelsurdigital.com.ar\/?p=4071#breadcrumb","itemListElement":[{"@type":"ListItem","position":1,"name":"Portada","item":"https:\/\/diariodelsurdigital.com.ar\/"},{"@type":"ListItem","position":2,"name":"\u00daLTIMO MOMENTO: Tratan de proscribir \u00abAhora La Patria\u00bb"}]},{"@type":"WebSite","@id":"https:\/\/diariodelsurdigital.com.ar\/#website","url":"https:\/\/diariodelsurdigital.com.ar\/","name":"Diario del Sur","description":"Digital","potentialAction":[{"@type":"SearchAction","target":{"@type":"EntryPoint","urlTemplate":"https:\/\/diariodelsurdigital.com.ar\/?s={search_term_string}"},"query-input":{"@type":"PropertyValueSpecification","valueRequired":true,"valueName":"search_term_string"}}],"inLanguage":"es"},{"@type":"Person","@id":"https:\/\/diariodelsurdigital.com.ar\/#\/schema\/person\/6136a32571657f7dba980b88b04c5465","name":"Diario del Sur Digital","image":{"@type":"ImageObject","inLanguage":"es","@id":"https:\/\/secure.gravatar.com\/avatar\/4c29ceac98541dd42460b2474aaa5dd37594d6ce6cb3cf2c101d09b48ee287ba?s=96&d=mm&r=g","url":"https:\/\/secure.gravatar.com\/avatar\/4c29ceac98541dd42460b2474aaa5dd37594d6ce6cb3cf2c101d09b48ee287ba?s=96&d=mm&r=g","contentUrl":"https:\/\/secure.gravatar.com\/avatar\/4c29ceac98541dd42460b2474aaa5dd37594d6ce6cb3cf2c101d09b48ee287ba?s=96&d=mm&r=g","caption":"Diario del Sur Digital"},"url":"https:\/\/diariodelsurdigital.com.ar\/?author=2"}]}},"_links":{"self":[{"href":"https:\/\/diariodelsurdigital.com.ar\/index.php?rest_route=\/wp\/v2\/posts\/4071","targetHints":{"allow":["GET"]}}],"collection":[{"href":"https:\/\/diariodelsurdigital.com.ar\/index.php?rest_route=\/wp\/v2\/posts"}],"about":[{"href":"https:\/\/diariodelsurdigital.com.ar\/index.php?rest_route=\/wp\/v2\/types\/post"}],"author":[{"embeddable":true,"href":"https:\/\/diariodelsurdigital.com.ar\/index.php?rest_route=\/wp\/v2\/users\/2"}],"replies":[{"embeddable":true,"href":"https:\/\/diariodelsurdigital.com.ar\/index.php?rest_route=%2Fwp%2Fv2%2Fcomments&post=4071"}],"version-history":[{"count":2,"href":"https:\/\/diariodelsurdigital.com.ar\/index.php?rest_route=\/wp\/v2\/posts\/4071\/revisions"}],"predecessor-version":[{"id":4075,"href":"https:\/\/diariodelsurdigital.com.ar\/index.php?rest_route=\/wp\/v2\/posts\/4071\/revisions\/4075"}],"wp:featuredmedia":[{"embeddable":true,"href":"https:\/\/diariodelsurdigital.com.ar\/index.php?rest_route=\/wp\/v2\/media\/4073"}],"wp:attachment":[{"href":"https:\/\/diariodelsurdigital.com.ar\/index.php?rest_route=%2Fwp%2Fv2%2Fmedia&parent=4071"}],"wp:term":[{"taxonomy":"category","embeddable":true,"href":"https:\/\/diariodelsurdigital.com.ar\/index.php?rest_route=%2Fwp%2Fv2%2Fcategories&post=4071"},{"taxonomy":"post_tag","embeddable":true,"href":"https:\/\/diariodelsurdigital.com.ar\/index.php?rest_route=%2Fwp%2Fv2%2Ftags&post=4071"}],"curies":[{"name":"wp","href":"https:\/\/api.w.org\/{rel}","templated":true}]}}