{"id":408,"date":"2025-01-02T15:36:02","date_gmt":"2025-01-02T18:36:02","guid":{"rendered":"https:\/\/diariodelsurdigital.com.ar\/?p=408"},"modified":"2025-01-02T15:36:03","modified_gmt":"2025-01-02T18:36:03","slug":"el-incendio-en-el-parque-nacional-nahuel-huapi-avanza-y-ya-son-mas-de-2000-las-hectareas-afectadas","status":"publish","type":"post","link":"https:\/\/diariodelsurdigital.com.ar\/?p=408","title":{"rendered":"El incendio en el Parque Nacional Nahuel Huapi avanza y ya son m\u00e1s de 2000 las hect\u00e1reas afectadas"},"content":{"rendered":"\n<p><strong>El incendio que est\u00e1 atravesando el Nahuel Huapi dej\u00f3 m\u00e1s de 2000 hect\u00e1reas afectadas, el mismo se desarrolla en el \u00e1rea del lago Los Manzanos, dentro del Parque Nacional de Bariloche en la provincia de Rio Negro.<\/strong><\/p>\n\n\n\n<p>El fuego avanza cada d\u00eda m\u00e1s y consumi\u00f3 una superficie estimada de<strong>&nbsp;2.176 hect\u00e1reas en seis d\u00edas<\/strong>, seg\u00fan inform\u00f3 el Comit\u00e9 de Emergencia. L<strong>as condiciones meteorol\u00f3gicas, como el incremento del viento, complicaron las tareas de control y generaron cambios, lo que dificulta a\u00fan m\u00e1s las operaciones de los equipos de emergencia.<\/strong><\/p>\n\n\n\n<p>Debido a este hecho, seg\u00fan medios oriundos, mencionaron que el fuego se mantiene dentro de una zona intangible, sin afectar \u00e1reas pobladas ni sectores de uso p\u00fablico.<\/p>\n\n\n\n<p>Por otro lado,<strong>&nbsp;se destacan las lloviznas que hubo en la zona durante esta semana aunque no fueron suficientes para socavar el foco \u00edgneo.<\/strong><\/p>\n\n\n\n<p>Adem\u00e1s, las operaciones con aviones hidrantes no pudieron llevarse a cabo debido a las condiciones desfavorables. Sin embargo, los helic\u00f3pteros han sido utilizados para transportar a los brigadistas hacia \u00e1reas espec\u00edficas cuando las circunstancias lo han permitido.<\/p>\n\n\n\n<p><strong>Actualmente 72 combatientes pertenecientes a diversas entidades trabajan en la zona para controlar el episodio, entre ellas el Parque Nacional Nahuel Huapi, la Brigada Sur y Centro del Servicio Nacional de Manejo del Fuego y el Servicio de Prevenci\u00f3n y Lucha contra Incendios Forestales<\/strong>&nbsp;(Splif).&nbsp;<\/p>\n\n\n\n<p>Por tal motivo, desde Parques Nacionales se destac\u00f3 que \u201cesta nueva v\u00eda representa una importante alternativa en la capacidad de evacuaci\u00f3n de brigadistas, que trabajan en ese sector de la laguna, ante posibles situaciones de emergencia\u201d.<\/p>\n\n\n\n<p>Durante el martes 31 por la tarde, el Comit\u00e9 de Emergencia, coordinado por el Parque Nacional Nahuel Huapi y la Direcci\u00f3n de Lucha Contra Incendios Forestales y Emergencias inform\u00f3 que \u201cincendio permanece activo en todo su per\u00edmetro. Si bien el frente fr\u00edo que ingres\u00f3 ayer contin\u00faa generando viento y lloviznas en la zona, no es suficiente para detener su avance siendo la situaci\u00f3n monitoreada constantemente\u201d.<\/p>\n\n\n\n<p>Por \u00faltimo,<strong>&nbsp;los polic\u00edas y brigadistas evaluar\u00e1n las nuevas condiciones para dar continuidad a las tareas para acabar con el fuego.<\/strong><\/p>\n","protected":false},"excerpt":{"rendered":"<p>El incendio que est\u00e1 atravesando el Nahuel Huapi dej\u00f3 m\u00e1s de 2000 hect\u00e1reas afectadas, el mismo se desarrolla en el \u00e1rea del lago Los Manzanos, dentro del Parque Nacional de Bariloche en la provincia de Rio Negro. El fuego avanza cada d\u00eda m\u00e1s y consumi\u00f3 una superficie estimada de&nbsp;2.176 hect\u00e1reas en seis d\u00edas, seg\u00fan inform\u00f3 [&hellip;]<\/p>\n","protected":false},"author":4,"featured_media":409,"comment_status":"open","ping_status":"open","sticky":false,"template":"","format":"standard","meta":{"footnotes":""},"categories":[19,18],"tags":[],"class_list":{"0":"post-408","1":"post","2":"type-post","3":"status-publish","4":"format-standard","5":"has-post-thumbnail","7":"category-interes-general","8":"category-nacionales"},"yoast_head":"<!-- This site is optimized with the Yoast SEO plugin v27.4 - https:\/\/yoast.com\/product\/yoast-seo-wordpress\/ -->\n<title>El incendio en el Parque Nacional Nahuel Huapi avanza y ya son m\u00e1s de 2000 las hect\u00e1reas afectadas - Diario del Sur<\/title>\n<meta name=\"robots\" content=\"index, follow, max-snippet:-1, max-image-preview:large, max-video-preview:-1\" \/>\n<link rel=\"canonical\" href=\"https:\/\/diariodelsurdigital.com.ar\/?p=408\" \/>\n<meta property=\"og:locale\" content=\"es_ES\" \/>\n<meta property=\"og:type\" content=\"article\" \/>\n<meta property=\"og:title\" content=\"El incendio en el Parque Nacional Nahuel Huapi avanza y ya son m\u00e1s de 2000 las hect\u00e1reas afectadas - Diario del Sur\" \/>\n<meta property=\"og:description\" content=\"El incendio que est\u00e1 atravesando el Nahuel Huapi dej\u00f3 m\u00e1s de 2000 hect\u00e1reas afectadas, el mismo se desarrolla en el \u00e1rea del lago Los Manzanos, dentro del Parque Nacional de Bariloche en la provincia de Rio Negro. El fuego avanza cada d\u00eda m\u00e1s y consumi\u00f3 una superficie estimada de&nbsp;2.176 hect\u00e1reas en seis d\u00edas, seg\u00fan inform\u00f3 [&hellip;]\" \/>\n<meta property=\"og:url\" content=\"https:\/\/diariodelsurdigital.com.ar\/?p=408\" \/>\n<meta property=\"og:site_name\" content=\"Diario del Sur\" \/>\n<meta property=\"article:published_time\" content=\"2025-01-02T18:36:02+00:00\" \/>\n<meta property=\"article:modified_time\" content=\"2025-01-02T18:36:03+00:00\" \/>\n<meta property=\"og:image\" content=\"https:\/\/diariodelsurdigital.com.ar\/wp-content\/uploads\/2025\/01\/incendio-nahuel-huapi-fuente-nahuelhuapi.gov_.jpg\" \/>\n\t<meta property=\"og:image:width\" content=\"1200\" \/>\n\t<meta property=\"og:image:height\" content=\"800\" \/>\n\t<meta property=\"og:image:type\" content=\"image\/jpeg\" \/>\n<meta name=\"author\" content=\"Diario del Sur Digital\" \/>\n<meta name=\"twitter:card\" content=\"summary_large_image\" \/>\n<meta name=\"twitter:label1\" content=\"Escrito por\" \/>\n\t<meta name=\"twitter:data1\" content=\"Diario del Sur Digital\" \/>\n\t<meta name=\"twitter:label2\" content=\"Tiempo de lectura\" \/>\n\t<meta name=\"twitter:data2\" content=\"2 minutos\" \/>\n<script type=\"application\/ld+json\" class=\"yoast-schema-graph\">{\"@context\":\"https:\\\/\\\/schema.org\",\"@graph\":[{\"@type\":\"Article\",\"@id\":\"https:\\\/\\\/diariodelsurdigital.com.ar\\\/?p=408#article\",\"isPartOf\":{\"@id\":\"https:\\\/\\\/diariodelsurdigital.com.ar\\\/?p=408\"},\"author\":{\"name\":\"Diario del Sur Digital\",\"@id\":\"https:\\\/\\\/diariodelsurdigital.com.ar\\\/#\\\/schema\\\/person\\\/1a4992532ed62965c968031b49195c81\"},\"headline\":\"El incendio en el Parque Nacional Nahuel Huapi avanza y ya son m\u00e1s de 2000 las hect\u00e1reas afectadas\",\"datePublished\":\"2025-01-02T18:36:02+00:00\",\"dateModified\":\"2025-01-02T18:36:03+00:00\",\"mainEntityOfPage\":{\"@id\":\"https:\\\/\\\/diariodelsurdigital.com.ar\\\/?p=408\"},\"wordCount\":388,\"commentCount\":0,\"image\":{\"@id\":\"https:\\\/\\\/diariodelsurdigital.com.ar\\\/?p=408#primaryimage\"},\"thumbnailUrl\":\"https:\\\/\\\/diariodelsurdigital.com.ar\\\/wp-content\\\/uploads\\\/2025\\\/01\\\/incendio-nahuel-huapi-fuente-nahuelhuapi.gov_.jpg\",\"articleSection\":[\"Inter\u00e9s General\",\"Nacionales\"],\"inLanguage\":\"es\",\"potentialAction\":[{\"@type\":\"CommentAction\",\"name\":\"Comment\",\"target\":[\"https:\\\/\\\/diariodelsurdigital.com.ar\\\/?p=408#respond\"]}]},{\"@type\":\"WebPage\",\"@id\":\"https:\\\/\\\/diariodelsurdigital.com.ar\\\/?p=408\",\"url\":\"https:\\\/\\\/diariodelsurdigital.com.ar\\\/?p=408\",\"name\":\"El incendio en el Parque Nacional Nahuel Huapi avanza y ya son m\u00e1s de 2000 las hect\u00e1reas afectadas - Diario del Sur\",\"isPartOf\":{\"@id\":\"https:\\\/\\\/diariodelsurdigital.com.ar\\\/#website\"},\"primaryImageOfPage\":{\"@id\":\"https:\\\/\\\/diariodelsurdigital.com.ar\\\/?p=408#primaryimage\"},\"image\":{\"@id\":\"https:\\\/\\\/diariodelsurdigital.com.ar\\\/?p=408#primaryimage\"},\"thumbnailUrl\":\"https:\\\/\\\/diariodelsurdigital.com.ar\\\/wp-content\\\/uploads\\\/2025\\\/01\\\/incendio-nahuel-huapi-fuente-nahuelhuapi.gov_.jpg\",\"datePublished\":\"2025-01-02T18:36:02+00:00\",\"dateModified\":\"2025-01-02T18:36:03+00:00\",\"author\":{\"@id\":\"https:\\\/\\\/diariodelsurdigital.com.ar\\\/#\\\/schema\\\/person\\\/1a4992532ed62965c968031b49195c81\"},\"breadcrumb\":{\"@id\":\"https:\\\/\\\/diariodelsurdigital.com.ar\\\/?p=408#breadcrumb\"},\"inLanguage\":\"es\",\"potentialAction\":[{\"@type\":\"ReadAction\",\"target\":[\"https:\\\/\\\/diariodelsurdigital.com.ar\\\/?p=408\"]}]},{\"@type\":\"ImageObject\",\"inLanguage\":\"es\",\"@id\":\"https:\\\/\\\/diariodelsurdigital.com.ar\\\/?p=408#primaryimage\",\"url\":\"https:\\\/\\\/diariodelsurdigital.com.ar\\\/wp-content\\\/uploads\\\/2025\\\/01\\\/incendio-nahuel-huapi-fuente-nahuelhuapi.gov_.jpg\",\"contentUrl\":\"https:\\\/\\\/diariodelsurdigital.com.ar\\\/wp-content\\\/uploads\\\/2025\\\/01\\\/incendio-nahuel-huapi-fuente-nahuelhuapi.gov_.jpg\",\"width\":1200,\"height\":800},{\"@type\":\"BreadcrumbList\",\"@id\":\"https:\\\/\\\/diariodelsurdigital.com.ar\\\/?p=408#breadcrumb\",\"itemListElement\":[{\"@type\":\"ListItem\",\"position\":1,\"name\":\"Portada\",\"item\":\"https:\\\/\\\/diariodelsurdigital.com.ar\\\/\"},{\"@type\":\"ListItem\",\"position\":2,\"name\":\"El incendio en el Parque Nacional Nahuel Huapi avanza y ya son m\u00e1s de 2000 las hect\u00e1reas afectadas\"}]},{\"@type\":\"WebSite\",\"@id\":\"https:\\\/\\\/diariodelsurdigital.com.ar\\\/#website\",\"url\":\"https:\\\/\\\/diariodelsurdigital.com.ar\\\/\",\"name\":\"Diario del Sur\",\"description\":\"Digital\",\"potentialAction\":[{\"@type\":\"SearchAction\",\"target\":{\"@type\":\"EntryPoint\",\"urlTemplate\":\"https:\\\/\\\/diariodelsurdigital.com.ar\\\/?s={search_term_string}\"},\"query-input\":{\"@type\":\"PropertyValueSpecification\",\"valueRequired\":true,\"valueName\":\"search_term_string\"}}],\"inLanguage\":\"es\"},{\"@type\":\"Person\",\"@id\":\"https:\\\/\\\/diariodelsurdigital.com.ar\\\/#\\\/schema\\\/person\\\/1a4992532ed62965c968031b49195c81\",\"name\":\"Diario del Sur Digital\",\"image\":{\"@type\":\"ImageObject\",\"inLanguage\":\"es\",\"@id\":\"https:\\\/\\\/secure.gravatar.com\\\/avatar\\\/f0c7c47fc7146d19828273b9b8eda651c9c7ab583767e6338d3d3bee825adf76?s=96&d=mm&r=g\",\"url\":\"https:\\\/\\\/secure.gravatar.com\\\/avatar\\\/f0c7c47fc7146d19828273b9b8eda651c9c7ab583767e6338d3d3bee825adf76?s=96&d=mm&r=g\",\"contentUrl\":\"https:\\\/\\\/secure.gravatar.com\\\/avatar\\\/f0c7c47fc7146d19828273b9b8eda651c9c7ab583767e6338d3d3bee825adf76?s=96&d=mm&r=g\",\"caption\":\"Diario del Sur Digital\"},\"url\":\"https:\\\/\\\/diariodelsurdigital.com.ar\\\/?author=4\"}]}<\/script>\n<!-- \/ Yoast SEO plugin. -->","yoast_head_json":{"title":"El incendio en el Parque Nacional Nahuel Huapi avanza y ya son m\u00e1s de 2000 las hect\u00e1reas afectadas - Diario del Sur","robots":{"index":"index","follow":"follow","max-snippet":"max-snippet:-1","max-image-preview":"max-image-preview:large","max-video-preview":"max-video-preview:-1"},"canonical":"https:\/\/diariodelsurdigital.com.ar\/?p=408","og_locale":"es_ES","og_type":"article","og_title":"El incendio en el Parque Nacional Nahuel Huapi avanza y ya son m\u00e1s de 2000 las hect\u00e1reas afectadas - Diario del Sur","og_description":"El incendio que est\u00e1 atravesando el Nahuel Huapi dej\u00f3 m\u00e1s de 2000 hect\u00e1reas afectadas, el mismo se desarrolla en el \u00e1rea del lago Los Manzanos, dentro del Parque Nacional de Bariloche en la provincia de Rio Negro. El fuego avanza cada d\u00eda m\u00e1s y consumi\u00f3 una superficie estimada de&nbsp;2.176 hect\u00e1reas en seis d\u00edas, seg\u00fan inform\u00f3 [&hellip;]","og_url":"https:\/\/diariodelsurdigital.com.ar\/?p=408","og_site_name":"Diario del Sur","article_published_time":"2025-01-02T18:36:02+00:00","article_modified_time":"2025-01-02T18:36:03+00:00","og_image":[{"width":1200,"height":800,"url":"https:\/\/diariodelsurdigital.com.ar\/wp-content\/uploads\/2025\/01\/incendio-nahuel-huapi-fuente-nahuelhuapi.gov_.jpg","type":"image\/jpeg"}],"author":"Diario del Sur Digital","twitter_card":"summary_large_image","twitter_misc":{"Escrito por":"Diario del Sur Digital","Tiempo de lectura":"2 minutos"},"schema":{"@context":"https:\/\/schema.org","@graph":[{"@type":"Article","@id":"https:\/\/diariodelsurdigital.com.ar\/?p=408#article","isPartOf":{"@id":"https:\/\/diariodelsurdigital.com.ar\/?p=408"},"author":{"name":"Diario del Sur Digital","@id":"https:\/\/diariodelsurdigital.com.ar\/#\/schema\/person\/1a4992532ed62965c968031b49195c81"},"headline":"El incendio en el Parque Nacional Nahuel Huapi avanza y ya son m\u00e1s de 2000 las hect\u00e1reas afectadas","datePublished":"2025-01-02T18:36:02+00:00","dateModified":"2025-01-02T18:36:03+00:00","mainEntityOfPage":{"@id":"https:\/\/diariodelsurdigital.com.ar\/?p=408"},"wordCount":388,"commentCount":0,"image":{"@id":"https:\/\/diariodelsurdigital.com.ar\/?p=408#primaryimage"},"thumbnailUrl":"https:\/\/diariodelsurdigital.com.ar\/wp-content\/uploads\/2025\/01\/incendio-nahuel-huapi-fuente-nahuelhuapi.gov_.jpg","articleSection":["Inter\u00e9s General","Nacionales"],"inLanguage":"es","potentialAction":[{"@type":"CommentAction","name":"Comment","target":["https:\/\/diariodelsurdigital.com.ar\/?p=408#respond"]}]},{"@type":"WebPage","@id":"https:\/\/diariodelsurdigital.com.ar\/?p=408","url":"https:\/\/diariodelsurdigital.com.ar\/?p=408","name":"El incendio en el Parque Nacional Nahuel Huapi avanza y ya son m\u00e1s de 2000 las hect\u00e1reas afectadas - Diario del Sur","isPartOf":{"@id":"https:\/\/diariodelsurdigital.com.ar\/#website"},"primaryImageOfPage":{"@id":"https:\/\/diariodelsurdigital.com.ar\/?p=408#primaryimage"},"image":{"@id":"https:\/\/diariodelsurdigital.com.ar\/?p=408#primaryimage"},"thumbnailUrl":"https:\/\/diariodelsurdigital.com.ar\/wp-content\/uploads\/2025\/01\/incendio-nahuel-huapi-fuente-nahuelhuapi.gov_.jpg","datePublished":"2025-01-02T18:36:02+00:00","dateModified":"2025-01-02T18:36:03+00:00","author":{"@id":"https:\/\/diariodelsurdigital.com.ar\/#\/schema\/person\/1a4992532ed62965c968031b49195c81"},"breadcrumb":{"@id":"https:\/\/diariodelsurdigital.com.ar\/?p=408#breadcrumb"},"inLanguage":"es","potentialAction":[{"@type":"ReadAction","target":["https:\/\/diariodelsurdigital.com.ar\/?p=408"]}]},{"@type":"ImageObject","inLanguage":"es","@id":"https:\/\/diariodelsurdigital.com.ar\/?p=408#primaryimage","url":"https:\/\/diariodelsurdigital.com.ar\/wp-content\/uploads\/2025\/01\/incendio-nahuel-huapi-fuente-nahuelhuapi.gov_.jpg","contentUrl":"https:\/\/diariodelsurdigital.com.ar\/wp-content\/uploads\/2025\/01\/incendio-nahuel-huapi-fuente-nahuelhuapi.gov_.jpg","width":1200,"height":800},{"@type":"BreadcrumbList","@id":"https:\/\/diariodelsurdigital.com.ar\/?p=408#breadcrumb","itemListElement":[{"@type":"ListItem","position":1,"name":"Portada","item":"https:\/\/diariodelsurdigital.com.ar\/"},{"@type":"ListItem","position":2,"name":"El incendio en el Parque Nacional Nahuel Huapi avanza y ya son m\u00e1s de 2000 las hect\u00e1reas afectadas"}]},{"@type":"WebSite","@id":"https:\/\/diariodelsurdigital.com.ar\/#website","url":"https:\/\/diariodelsurdigital.com.ar\/","name":"Diario del Sur","description":"Digital","potentialAction":[{"@type":"SearchAction","target":{"@type":"EntryPoint","urlTemplate":"https:\/\/diariodelsurdigital.com.ar\/?s={search_term_string}"},"query-input":{"@type":"PropertyValueSpecification","valueRequired":true,"valueName":"search_term_string"}}],"inLanguage":"es"},{"@type":"Person","@id":"https:\/\/diariodelsurdigital.com.ar\/#\/schema\/person\/1a4992532ed62965c968031b49195c81","name":"Diario del Sur Digital","image":{"@type":"ImageObject","inLanguage":"es","@id":"https:\/\/secure.gravatar.com\/avatar\/f0c7c47fc7146d19828273b9b8eda651c9c7ab583767e6338d3d3bee825adf76?s=96&d=mm&r=g","url":"https:\/\/secure.gravatar.com\/avatar\/f0c7c47fc7146d19828273b9b8eda651c9c7ab583767e6338d3d3bee825adf76?s=96&d=mm&r=g","contentUrl":"https:\/\/secure.gravatar.com\/avatar\/f0c7c47fc7146d19828273b9b8eda651c9c7ab583767e6338d3d3bee825adf76?s=96&d=mm&r=g","caption":"Diario del Sur Digital"},"url":"https:\/\/diariodelsurdigital.com.ar\/?author=4"}]}},"_links":{"self":[{"href":"https:\/\/diariodelsurdigital.com.ar\/index.php?rest_route=\/wp\/v2\/posts\/408","targetHints":{"allow":["GET"]}}],"collection":[{"href":"https:\/\/diariodelsurdigital.com.ar\/index.php?rest_route=\/wp\/v2\/posts"}],"about":[{"href":"https:\/\/diariodelsurdigital.com.ar\/index.php?rest_route=\/wp\/v2\/types\/post"}],"author":[{"embeddable":true,"href":"https:\/\/diariodelsurdigital.com.ar\/index.php?rest_route=\/wp\/v2\/users\/4"}],"replies":[{"embeddable":true,"href":"https:\/\/diariodelsurdigital.com.ar\/index.php?rest_route=%2Fwp%2Fv2%2Fcomments&post=408"}],"version-history":[{"count":1,"href":"https:\/\/diariodelsurdigital.com.ar\/index.php?rest_route=\/wp\/v2\/posts\/408\/revisions"}],"predecessor-version":[{"id":410,"href":"https:\/\/diariodelsurdigital.com.ar\/index.php?rest_route=\/wp\/v2\/posts\/408\/revisions\/410"}],"wp:featuredmedia":[{"embeddable":true,"href":"https:\/\/diariodelsurdigital.com.ar\/index.php?rest_route=\/wp\/v2\/media\/409"}],"wp:attachment":[{"href":"https:\/\/diariodelsurdigital.com.ar\/index.php?rest_route=%2Fwp%2Fv2%2Fmedia&parent=408"}],"wp:term":[{"taxonomy":"category","embeddable":true,"href":"https:\/\/diariodelsurdigital.com.ar\/index.php?rest_route=%2Fwp%2Fv2%2Fcategories&post=408"},{"taxonomy":"post_tag","embeddable":true,"href":"https:\/\/diariodelsurdigital.com.ar\/index.php?rest_route=%2Fwp%2Fv2%2Ftags&post=408"}],"curies":[{"name":"wp","href":"https:\/\/api.w.org\/{rel}","templated":true}]}}