{"id":4083,"date":"2025-08-13T10:34:06","date_gmt":"2025-08-13T13:34:06","guid":{"rendered":"https:\/\/diariodelsurdigital.com.ar\/?p=4083"},"modified":"2025-08-13T10:34:07","modified_gmt":"2025-08-13T13:34:07","slug":"el-pj-de-federacion-expuso-su-disconformidad-por-la-distribucion-de-los-fondos-de-cafesg-y-llamo-a-estar-alertas","status":"publish","type":"post","link":"https:\/\/diariodelsurdigital.com.ar\/?p=4083","title":{"rendered":"El PJ de Federaci\u00f3n expuso su disconformidad por la distribuci\u00f3n de los fondos de Cafesg y llam\u00f3 a estar alertas"},"content":{"rendered":"\n<p>El Partido Justicialista de Federaci\u00f3n en un comunicado expres\u00f3 su disconformidad por la distribuci\u00f3n de los fondos de Comisi\u00f3n Administradora para el Fondo Especial de Salto Grande (Cafesg). Convocaron a vecinos, partidos pol\u00edticos y entidades intermedias a mantenerse en estado de alerta y movilizaci\u00f3n. Se cuestion\u00f3 el decreto del Gobernador y se record\u00f3 el desarraigo y la desaparici\u00f3n de la ciudad bajo las aguas. Se destac\u00f3 que \u201cSalto Grande tiene una deuda hist\u00f3rica con Federaci\u00f3n\u201d.<\/p>\n\n\n\n<p>El Partido Justicialista de la ciudad de Federaci\u00f3n, a trav\u00e9s de un comunicado expres\u00f3 su disconformidad con el art\u00edculo 3\u00ba del decreto del Gobernador de la provincia de Entre R\u00edos Rogelio Frigerio, mediante el cual se establece la distribuci\u00f3n de los fondos de CAFESG, el cual no especifica puntualmente qu\u00e9 porcentajes le corresponde a la ciudad de Federaci\u00f3n, ciudad que entreg\u00f3 su vida por Salto Grande, que sufri\u00f3 el desarraigo y vieron desaparecer su ciudad bajo las aguas. Salto Grande tiene una deuda hist\u00f3rica con Federaci\u00f3n.<\/p>\n\n\n\n<p>El art\u00edculo 3\u00ba \u00fanicamente determina que el 50% de los fondos ser\u00e1 destinado a los departamentos Concordia y Federaci\u00f3n, en partes iguales (25% para cada uno), sin mencionar el porcentaje destinado espec\u00edficamente a la ciudad de Federaci\u00f3n.<\/p>\n\n\n\n<p>Comunicado del Partido Justicialista de Federaci\u00f3n<\/p>\n\n\n\n<p>A la comunidad de Federaci\u00f3n, entidades intermedias y partidos pol\u00edticos:<\/p>\n\n\n\n<p>El Partido Justicialista de Federaci\u00f3n manifiesta su disconformidad con el art\u00edculo 3\u00ba del decreto del Gobernador de la provincia de Entre R\u00edos, Rogelio Frigerio, mediante el cual se establece la distribuci\u00f3n de los fondos de la Comisi\u00f3n Administradora para el Fondo Especial de Salto Grande (Cafesg).<\/p>\n\n\n\n<p>El presidente de Cafesg, Carlos Jaime Cecco, calific\u00f3 este decreto como una \u00abdecisi\u00f3n hist\u00f3rica\u00bb.<\/p>\n\n\n\n<p>Consideramos que tal apreciaci\u00f3n es confusa y enga\u00f1osa, ya que el presente decreto no establece el porcentaje espec\u00edfico que le corresponde a la ciudad de Federaci\u00f3n, a pesar de ser la localidad m\u00e1s afectada desde la inauguraci\u00f3n de la Represa de Salto Grande.<\/p>\n\n\n\n<p>El art\u00edculo 3\u00ba \u00fanicamente determina que el 50% de los fondos ser\u00e1 destinado a los departamentos Concordia y Federaci\u00f3n, en partes iguales (25% para cada uno). Sin embargo, en ning\u00fan punto se menciona el porcentaje destinado espec\u00edficamente a la ciudad de Federaci\u00f3n. Esto implica que no existe garant\u00eda de que la mayor parte de ese 25% correspondiente al departamento llegue efectivamente a nuestra ciudad.<\/p>\n\n\n\n<p>Por este motivo, convocamos a nuestros vecinos, partidos pol\u00edticos y entidades intermedias a mantenernos en estado de alerta y movilizaci\u00f3n, en defensa de los excedentes que por historia nos corresponden.<\/p>\n\n\n\n<p>Federaci\u00f3n entreg\u00f3 su vida por Salto Grande: nuestros vecinos sufrieron el desarraigo y vieron desaparecer su ciudad bajo las aguas. Salto Grande tiene una deuda hist\u00f3rica con Federaci\u00f3n.<\/p>\n\n\n\n<p>Exigimos que se reconozca expl\u00edcitamente en el decreto que, como m\u00ednimo, el 15% de lo que le corresponde al departamento sea asignado a la ciudad de Federaci\u00f3n, garantizando que nuestra localidad, por derecho y por historia, sea la m\u00e1s beneficiada dentro del departamento.<\/p>\n","protected":false},"excerpt":{"rendered":"<p>El Partido Justicialista de Federaci\u00f3n en un comunicado expres\u00f3 su disconformidad por la distribuci\u00f3n de los fondos de Comisi\u00f3n Administradora para el Fondo Especial de Salto Grande (Cafesg). Convocaron a vecinos, partidos pol\u00edticos y entidades intermedias a mantenerse en estado de alerta y movilizaci\u00f3n. Se cuestion\u00f3 el decreto del Gobernador y se record\u00f3 el desarraigo [&hellip;]<\/p>\n","protected":false},"author":4,"featured_media":4084,"comment_status":"open","ping_status":"open","sticky":false,"template":"","format":"standard","meta":{"footnotes":""},"categories":[1],"tags":[],"class_list":{"0":"post-4083","1":"post","2":"type-post","3":"status-publish","4":"format-standard","5":"has-post-thumbnail","7":"category-uncategorized"},"yoast_head":"<!-- This site is optimized with the Yoast SEO plugin v27.4 - https:\/\/yoast.com\/product\/yoast-seo-wordpress\/ -->\n<title>El PJ de Federaci\u00f3n expuso su disconformidad por la distribuci\u00f3n de los fondos de Cafesg y llam\u00f3 a estar alertas - Diario del Sur<\/title>\n<meta name=\"robots\" content=\"index, follow, max-snippet:-1, max-image-preview:large, max-video-preview:-1\" \/>\n<link rel=\"canonical\" href=\"https:\/\/diariodelsurdigital.com.ar\/?p=4083\" \/>\n<meta property=\"og:locale\" content=\"es_ES\" \/>\n<meta property=\"og:type\" content=\"article\" \/>\n<meta property=\"og:title\" content=\"El PJ de Federaci\u00f3n expuso su disconformidad por la distribuci\u00f3n de los fondos de Cafesg y llam\u00f3 a estar alertas - Diario del Sur\" \/>\n<meta property=\"og:description\" content=\"El Partido Justicialista de Federaci\u00f3n en un comunicado expres\u00f3 su disconformidad por la distribuci\u00f3n de los fondos de Comisi\u00f3n Administradora para el Fondo Especial de Salto Grande (Cafesg). Convocaron a vecinos, partidos pol\u00edticos y entidades intermedias a mantenerse en estado de alerta y movilizaci\u00f3n. Se cuestion\u00f3 el decreto del Gobernador y se record\u00f3 el desarraigo [&hellip;]\" \/>\n<meta property=\"og:url\" content=\"https:\/\/diariodelsurdigital.com.ar\/?p=4083\" \/>\n<meta property=\"og:site_name\" content=\"Diario del Sur\" \/>\n<meta property=\"article:published_time\" content=\"2025-08-13T13:34:06+00:00\" \/>\n<meta property=\"article:modified_time\" content=\"2025-08-13T13:34:07+00:00\" \/>\n<meta property=\"og:image\" content=\"https:\/\/diariodelsurdigital.com.ar\/wp-content\/uploads\/2025\/08\/md-15.webp\" \/>\n\t<meta property=\"og:image:width\" content=\"992\" \/>\n\t<meta property=\"og:image:height\" content=\"660\" \/>\n\t<meta property=\"og:image:type\" content=\"image\/webp\" \/>\n<meta name=\"author\" content=\"Diario del Sur Digital\" \/>\n<meta name=\"twitter:card\" content=\"summary_large_image\" \/>\n<meta name=\"twitter:label1\" content=\"Escrito por\" \/>\n\t<meta name=\"twitter:data1\" content=\"Diario del Sur Digital\" \/>\n\t<meta name=\"twitter:label2\" content=\"Tiempo de lectura\" \/>\n\t<meta name=\"twitter:data2\" content=\"3 minutos\" \/>\n<script type=\"application\/ld+json\" class=\"yoast-schema-graph\">{\"@context\":\"https:\\\/\\\/schema.org\",\"@graph\":[{\"@type\":\"Article\",\"@id\":\"https:\\\/\\\/diariodelsurdigital.com.ar\\\/?p=4083#article\",\"isPartOf\":{\"@id\":\"https:\\\/\\\/diariodelsurdigital.com.ar\\\/?p=4083\"},\"author\":{\"name\":\"Diario del Sur Digital\",\"@id\":\"https:\\\/\\\/diariodelsurdigital.com.ar\\\/#\\\/schema\\\/person\\\/1a4992532ed62965c968031b49195c81\"},\"headline\":\"El PJ de Federaci\u00f3n expuso su disconformidad por la distribuci\u00f3n de los fondos de Cafesg y llam\u00f3 a estar alertas\",\"datePublished\":\"2025-08-13T13:34:06+00:00\",\"dateModified\":\"2025-08-13T13:34:07+00:00\",\"mainEntityOfPage\":{\"@id\":\"https:\\\/\\\/diariodelsurdigital.com.ar\\\/?p=4083\"},\"wordCount\":545,\"commentCount\":0,\"image\":{\"@id\":\"https:\\\/\\\/diariodelsurdigital.com.ar\\\/?p=4083#primaryimage\"},\"thumbnailUrl\":\"https:\\\/\\\/diariodelsurdigital.com.ar\\\/wp-content\\\/uploads\\\/2025\\\/08\\\/md-15.webp\",\"articleSection\":[\"Uncategorized\"],\"inLanguage\":\"es\",\"potentialAction\":[{\"@type\":\"CommentAction\",\"name\":\"Comment\",\"target\":[\"https:\\\/\\\/diariodelsurdigital.com.ar\\\/?p=4083#respond\"]}]},{\"@type\":\"WebPage\",\"@id\":\"https:\\\/\\\/diariodelsurdigital.com.ar\\\/?p=4083\",\"url\":\"https:\\\/\\\/diariodelsurdigital.com.ar\\\/?p=4083\",\"name\":\"El PJ de Federaci\u00f3n expuso su disconformidad por la distribuci\u00f3n de los fondos de Cafesg y llam\u00f3 a estar alertas - Diario del Sur\",\"isPartOf\":{\"@id\":\"https:\\\/\\\/diariodelsurdigital.com.ar\\\/#website\"},\"primaryImageOfPage\":{\"@id\":\"https:\\\/\\\/diariodelsurdigital.com.ar\\\/?p=4083#primaryimage\"},\"image\":{\"@id\":\"https:\\\/\\\/diariodelsurdigital.com.ar\\\/?p=4083#primaryimage\"},\"thumbnailUrl\":\"https:\\\/\\\/diariodelsurdigital.com.ar\\\/wp-content\\\/uploads\\\/2025\\\/08\\\/md-15.webp\",\"datePublished\":\"2025-08-13T13:34:06+00:00\",\"dateModified\":\"2025-08-13T13:34:07+00:00\",\"author\":{\"@id\":\"https:\\\/\\\/diariodelsurdigital.com.ar\\\/#\\\/schema\\\/person\\\/1a4992532ed62965c968031b49195c81\"},\"breadcrumb\":{\"@id\":\"https:\\\/\\\/diariodelsurdigital.com.ar\\\/?p=4083#breadcrumb\"},\"inLanguage\":\"es\",\"potentialAction\":[{\"@type\":\"ReadAction\",\"target\":[\"https:\\\/\\\/diariodelsurdigital.com.ar\\\/?p=4083\"]}]},{\"@type\":\"ImageObject\",\"inLanguage\":\"es\",\"@id\":\"https:\\\/\\\/diariodelsurdigital.com.ar\\\/?p=4083#primaryimage\",\"url\":\"https:\\\/\\\/diariodelsurdigital.com.ar\\\/wp-content\\\/uploads\\\/2025\\\/08\\\/md-15.webp\",\"contentUrl\":\"https:\\\/\\\/diariodelsurdigital.com.ar\\\/wp-content\\\/uploads\\\/2025\\\/08\\\/md-15.webp\",\"width\":992,\"height\":660},{\"@type\":\"BreadcrumbList\",\"@id\":\"https:\\\/\\\/diariodelsurdigital.com.ar\\\/?p=4083#breadcrumb\",\"itemListElement\":[{\"@type\":\"ListItem\",\"position\":1,\"name\":\"Portada\",\"item\":\"https:\\\/\\\/diariodelsurdigital.com.ar\\\/\"},{\"@type\":\"ListItem\",\"position\":2,\"name\":\"El PJ de Federaci\u00f3n expuso su disconformidad por la distribuci\u00f3n de los fondos de Cafesg y llam\u00f3 a estar alertas\"}]},{\"@type\":\"WebSite\",\"@id\":\"https:\\\/\\\/diariodelsurdigital.com.ar\\\/#website\",\"url\":\"https:\\\/\\\/diariodelsurdigital.com.ar\\\/\",\"name\":\"Diario del Sur\",\"description\":\"Digital\",\"potentialAction\":[{\"@type\":\"SearchAction\",\"target\":{\"@type\":\"EntryPoint\",\"urlTemplate\":\"https:\\\/\\\/diariodelsurdigital.com.ar\\\/?s={search_term_string}\"},\"query-input\":{\"@type\":\"PropertyValueSpecification\",\"valueRequired\":true,\"valueName\":\"search_term_string\"}}],\"inLanguage\":\"es\"},{\"@type\":\"Person\",\"@id\":\"https:\\\/\\\/diariodelsurdigital.com.ar\\\/#\\\/schema\\\/person\\\/1a4992532ed62965c968031b49195c81\",\"name\":\"Diario del Sur Digital\",\"image\":{\"@type\":\"ImageObject\",\"inLanguage\":\"es\",\"@id\":\"https:\\\/\\\/secure.gravatar.com\\\/avatar\\\/f0c7c47fc7146d19828273b9b8eda651c9c7ab583767e6338d3d3bee825adf76?s=96&d=mm&r=g\",\"url\":\"https:\\\/\\\/secure.gravatar.com\\\/avatar\\\/f0c7c47fc7146d19828273b9b8eda651c9c7ab583767e6338d3d3bee825adf76?s=96&d=mm&r=g\",\"contentUrl\":\"https:\\\/\\\/secure.gravatar.com\\\/avatar\\\/f0c7c47fc7146d19828273b9b8eda651c9c7ab583767e6338d3d3bee825adf76?s=96&d=mm&r=g\",\"caption\":\"Diario del Sur Digital\"},\"url\":\"https:\\\/\\\/diariodelsurdigital.com.ar\\\/?author=4\"}]}<\/script>\n<!-- \/ Yoast SEO plugin. -->","yoast_head_json":{"title":"El PJ de Federaci\u00f3n expuso su disconformidad por la distribuci\u00f3n de los fondos de Cafesg y llam\u00f3 a estar alertas - Diario del Sur","robots":{"index":"index","follow":"follow","max-snippet":"max-snippet:-1","max-image-preview":"max-image-preview:large","max-video-preview":"max-video-preview:-1"},"canonical":"https:\/\/diariodelsurdigital.com.ar\/?p=4083","og_locale":"es_ES","og_type":"article","og_title":"El PJ de Federaci\u00f3n expuso su disconformidad por la distribuci\u00f3n de los fondos de Cafesg y llam\u00f3 a estar alertas - Diario del Sur","og_description":"El Partido Justicialista de Federaci\u00f3n en un comunicado expres\u00f3 su disconformidad por la distribuci\u00f3n de los fondos de Comisi\u00f3n Administradora para el Fondo Especial de Salto Grande (Cafesg). Convocaron a vecinos, partidos pol\u00edticos y entidades intermedias a mantenerse en estado de alerta y movilizaci\u00f3n. Se cuestion\u00f3 el decreto del Gobernador y se record\u00f3 el desarraigo [&hellip;]","og_url":"https:\/\/diariodelsurdigital.com.ar\/?p=4083","og_site_name":"Diario del Sur","article_published_time":"2025-08-13T13:34:06+00:00","article_modified_time":"2025-08-13T13:34:07+00:00","og_image":[{"width":992,"height":660,"url":"https:\/\/diariodelsurdigital.com.ar\/wp-content\/uploads\/2025\/08\/md-15.webp","type":"image\/webp"}],"author":"Diario del Sur Digital","twitter_card":"summary_large_image","twitter_misc":{"Escrito por":"Diario del Sur Digital","Tiempo de lectura":"3 minutos"},"schema":{"@context":"https:\/\/schema.org","@graph":[{"@type":"Article","@id":"https:\/\/diariodelsurdigital.com.ar\/?p=4083#article","isPartOf":{"@id":"https:\/\/diariodelsurdigital.com.ar\/?p=4083"},"author":{"name":"Diario del Sur Digital","@id":"https:\/\/diariodelsurdigital.com.ar\/#\/schema\/person\/1a4992532ed62965c968031b49195c81"},"headline":"El PJ de Federaci\u00f3n expuso su disconformidad por la distribuci\u00f3n de los fondos de Cafesg y llam\u00f3 a estar alertas","datePublished":"2025-08-13T13:34:06+00:00","dateModified":"2025-08-13T13:34:07+00:00","mainEntityOfPage":{"@id":"https:\/\/diariodelsurdigital.com.ar\/?p=4083"},"wordCount":545,"commentCount":0,"image":{"@id":"https:\/\/diariodelsurdigital.com.ar\/?p=4083#primaryimage"},"thumbnailUrl":"https:\/\/diariodelsurdigital.com.ar\/wp-content\/uploads\/2025\/08\/md-15.webp","articleSection":["Uncategorized"],"inLanguage":"es","potentialAction":[{"@type":"CommentAction","name":"Comment","target":["https:\/\/diariodelsurdigital.com.ar\/?p=4083#respond"]}]},{"@type":"WebPage","@id":"https:\/\/diariodelsurdigital.com.ar\/?p=4083","url":"https:\/\/diariodelsurdigital.com.ar\/?p=4083","name":"El PJ de Federaci\u00f3n expuso su disconformidad por la distribuci\u00f3n de los fondos de Cafesg y llam\u00f3 a estar alertas - Diario del Sur","isPartOf":{"@id":"https:\/\/diariodelsurdigital.com.ar\/#website"},"primaryImageOfPage":{"@id":"https:\/\/diariodelsurdigital.com.ar\/?p=4083#primaryimage"},"image":{"@id":"https:\/\/diariodelsurdigital.com.ar\/?p=4083#primaryimage"},"thumbnailUrl":"https:\/\/diariodelsurdigital.com.ar\/wp-content\/uploads\/2025\/08\/md-15.webp","datePublished":"2025-08-13T13:34:06+00:00","dateModified":"2025-08-13T13:34:07+00:00","author":{"@id":"https:\/\/diariodelsurdigital.com.ar\/#\/schema\/person\/1a4992532ed62965c968031b49195c81"},"breadcrumb":{"@id":"https:\/\/diariodelsurdigital.com.ar\/?p=4083#breadcrumb"},"inLanguage":"es","potentialAction":[{"@type":"ReadAction","target":["https:\/\/diariodelsurdigital.com.ar\/?p=4083"]}]},{"@type":"ImageObject","inLanguage":"es","@id":"https:\/\/diariodelsurdigital.com.ar\/?p=4083#primaryimage","url":"https:\/\/diariodelsurdigital.com.ar\/wp-content\/uploads\/2025\/08\/md-15.webp","contentUrl":"https:\/\/diariodelsurdigital.com.ar\/wp-content\/uploads\/2025\/08\/md-15.webp","width":992,"height":660},{"@type":"BreadcrumbList","@id":"https:\/\/diariodelsurdigital.com.ar\/?p=4083#breadcrumb","itemListElement":[{"@type":"ListItem","position":1,"name":"Portada","item":"https:\/\/diariodelsurdigital.com.ar\/"},{"@type":"ListItem","position":2,"name":"El PJ de Federaci\u00f3n expuso su disconformidad por la distribuci\u00f3n de los fondos de Cafesg y llam\u00f3 a estar alertas"}]},{"@type":"WebSite","@id":"https:\/\/diariodelsurdigital.com.ar\/#website","url":"https:\/\/diariodelsurdigital.com.ar\/","name":"Diario del Sur","description":"Digital","potentialAction":[{"@type":"SearchAction","target":{"@type":"EntryPoint","urlTemplate":"https:\/\/diariodelsurdigital.com.ar\/?s={search_term_string}"},"query-input":{"@type":"PropertyValueSpecification","valueRequired":true,"valueName":"search_term_string"}}],"inLanguage":"es"},{"@type":"Person","@id":"https:\/\/diariodelsurdigital.com.ar\/#\/schema\/person\/1a4992532ed62965c968031b49195c81","name":"Diario del Sur Digital","image":{"@type":"ImageObject","inLanguage":"es","@id":"https:\/\/secure.gravatar.com\/avatar\/f0c7c47fc7146d19828273b9b8eda651c9c7ab583767e6338d3d3bee825adf76?s=96&d=mm&r=g","url":"https:\/\/secure.gravatar.com\/avatar\/f0c7c47fc7146d19828273b9b8eda651c9c7ab583767e6338d3d3bee825adf76?s=96&d=mm&r=g","contentUrl":"https:\/\/secure.gravatar.com\/avatar\/f0c7c47fc7146d19828273b9b8eda651c9c7ab583767e6338d3d3bee825adf76?s=96&d=mm&r=g","caption":"Diario del Sur Digital"},"url":"https:\/\/diariodelsurdigital.com.ar\/?author=4"}]}},"_links":{"self":[{"href":"https:\/\/diariodelsurdigital.com.ar\/index.php?rest_route=\/wp\/v2\/posts\/4083","targetHints":{"allow":["GET"]}}],"collection":[{"href":"https:\/\/diariodelsurdigital.com.ar\/index.php?rest_route=\/wp\/v2\/posts"}],"about":[{"href":"https:\/\/diariodelsurdigital.com.ar\/index.php?rest_route=\/wp\/v2\/types\/post"}],"author":[{"embeddable":true,"href":"https:\/\/diariodelsurdigital.com.ar\/index.php?rest_route=\/wp\/v2\/users\/4"}],"replies":[{"embeddable":true,"href":"https:\/\/diariodelsurdigital.com.ar\/index.php?rest_route=%2Fwp%2Fv2%2Fcomments&post=4083"}],"version-history":[{"count":1,"href":"https:\/\/diariodelsurdigital.com.ar\/index.php?rest_route=\/wp\/v2\/posts\/4083\/revisions"}],"predecessor-version":[{"id":4085,"href":"https:\/\/diariodelsurdigital.com.ar\/index.php?rest_route=\/wp\/v2\/posts\/4083\/revisions\/4085"}],"wp:featuredmedia":[{"embeddable":true,"href":"https:\/\/diariodelsurdigital.com.ar\/index.php?rest_route=\/wp\/v2\/media\/4084"}],"wp:attachment":[{"href":"https:\/\/diariodelsurdigital.com.ar\/index.php?rest_route=%2Fwp%2Fv2%2Fmedia&parent=4083"}],"wp:term":[{"taxonomy":"category","embeddable":true,"href":"https:\/\/diariodelsurdigital.com.ar\/index.php?rest_route=%2Fwp%2Fv2%2Fcategories&post=4083"},{"taxonomy":"post_tag","embeddable":true,"href":"https:\/\/diariodelsurdigital.com.ar\/index.php?rest_route=%2Fwp%2Fv2%2Ftags&post=4083"}],"curies":[{"name":"wp","href":"https:\/\/api.w.org\/{rel}","templated":true}]}}