{"id":4086,"date":"2025-08-13T10:35:56","date_gmt":"2025-08-13T13:35:56","guid":{"rendered":"https:\/\/diariodelsurdigital.com.ar\/?p=4086"},"modified":"2025-08-13T10:35:57","modified_gmt":"2025-08-13T13:35:57","slug":"concordia-un-hombre-murio-al-recibir-una-fuerte-descarga-electrica","status":"publish","type":"post","link":"https:\/\/diariodelsurdigital.com.ar\/?p=4086","title":{"rendered":"Concordia: Un hombre muri\u00f3 al recibir una fuerte descarga el\u00e9ctrica"},"content":{"rendered":"\n<p>El lamentable hecho ocurri\u00f3 este martes por la tarde, en la zona norte de Concordia. La v\u00edctima es un hombre de unos 40 a\u00f1os. Intentaba reconectar el servicio en una vivienda sin suministro.<\/p>\n\n\n\n<p><\/p>\n\n\n\n<p>Una tr\u00e1gica situaci\u00f3n se vivi\u00f3 en la tarde de este martes en el barrio Pampa Soler de Concordia, cuando un hombre perdi\u00f3 la vida luego de recibir una fuerte descarga el\u00e9ctrica mientras, aparentemente, intentaba reconectar el servicio de luz en una vivienda de la zona.<\/p>\n\n\n\n<p>El hecho sucedi\u00f3 pasadas las 13:00 horas, en la intersecci\u00f3n de calles Jos\u00e9 Oriol y Gobernador Cresto. Seg\u00fan pudo saber Diario R\u00edo Uruguay, el hombre, identificado con el apellido Curima y de aproximadamente 40 a\u00f1os de edad, se encontraba junto a otra persona ayudando a vecinos que ten\u00edan cortado el suministro el\u00e9ctrico. Habr\u00eda sido durante esa maniobra, que se produjo el accidente.<\/p>\n\n\n\n<p>El herido fue trasladado de urgencia al Hospital Delicia Concepci\u00f3n Masvernat, donde ingres\u00f3 con diagn\u00f3stico de Traumatismo Enc\u00e9falo Craneano (TEC), contusi\u00f3n pulmonar y neumot\u00f3rax derecho. Pese al esfuerzo del personal m\u00e9dico, a las 15:45 horas se produjo un paro cardiorrespiratorio. A pesar de las maniobras de reanimaci\u00f3n (RCP), lamentablemente no pudieron salvarle la vida.<\/p>\n\n\n\n<p>La fiscal Conti, autoridad judicial interviniente, orden\u00f3 realizar las actas de rigor en el lugar del hecho, dar intervenci\u00f3n a personal de Criminal\u00edstica, entrevistar a testigos del episodio y trasladar el cuerpo del fallecido a la morgue judicial para la correspondiente autopsia.<\/p>\n\n\n\n<p>Siempre de acuerdo a las primeras versiones, la v\u00edctima se encontraba con otro hombre, quien al momento del accidente estaba realizando la conexi\u00f3n, mientras Curima sosten\u00eda la escalera. Las circunstancias exactas ser\u00e1n materia de investigaci\u00f3n, pero todo indica que la descarga se produjo en ese instante.<\/p>\n","protected":false},"excerpt":{"rendered":"<p>El lamentable hecho ocurri\u00f3 este martes por la tarde, en la zona norte de Concordia. La v\u00edctima es un hombre de unos 40 a\u00f1os. Intentaba reconectar el servicio en una vivienda sin suministro. Una tr\u00e1gica situaci\u00f3n se vivi\u00f3 en la tarde de este martes en el barrio Pampa Soler de Concordia, cuando un hombre perdi\u00f3 [&hellip;]<\/p>\n","protected":false},"author":4,"featured_media":4087,"comment_status":"open","ping_status":"open","sticky":false,"template":"","format":"standard","meta":{"footnotes":""},"categories":[19,16],"tags":[],"class_list":{"0":"post-4086","1":"post","2":"type-post","3":"status-publish","4":"format-standard","5":"has-post-thumbnail","7":"category-interes-general","8":"category-locales"},"yoast_head":"<!-- This site is optimized with the Yoast SEO plugin v27.4 - https:\/\/yoast.com\/product\/yoast-seo-wordpress\/ -->\n<title>Concordia: Un hombre muri\u00f3 al recibir una fuerte descarga el\u00e9ctrica - Diario del Sur<\/title>\n<meta name=\"robots\" content=\"index, follow, max-snippet:-1, max-image-preview:large, max-video-preview:-1\" \/>\n<link rel=\"canonical\" href=\"https:\/\/diariodelsurdigital.com.ar\/?p=4086\" \/>\n<meta property=\"og:locale\" content=\"es_ES\" \/>\n<meta property=\"og:type\" content=\"article\" \/>\n<meta property=\"og:title\" content=\"Concordia: Un hombre muri\u00f3 al recibir una fuerte descarga el\u00e9ctrica - Diario del Sur\" \/>\n<meta property=\"og:description\" content=\"El lamentable hecho ocurri\u00f3 este martes por la tarde, en la zona norte de Concordia. La v\u00edctima es un hombre de unos 40 a\u00f1os. Intentaba reconectar el servicio en una vivienda sin suministro. Una tr\u00e1gica situaci\u00f3n se vivi\u00f3 en la tarde de este martes en el barrio Pampa Soler de Concordia, cuando un hombre perdi\u00f3 [&hellip;]\" \/>\n<meta property=\"og:url\" content=\"https:\/\/diariodelsurdigital.com.ar\/?p=4086\" \/>\n<meta property=\"og:site_name\" content=\"Diario del Sur\" \/>\n<meta property=\"article:published_time\" content=\"2025-08-13T13:35:56+00:00\" \/>\n<meta property=\"article:modified_time\" content=\"2025-08-13T13:35:57+00:00\" \/>\n<meta property=\"og:image\" content=\"https:\/\/diariodelsurdigital.com.ar\/wp-content\/uploads\/2025\/08\/md-16.webp\" \/>\n\t<meta property=\"og:image:width\" content=\"992\" \/>\n\t<meta property=\"og:image:height\" content=\"650\" \/>\n\t<meta property=\"og:image:type\" content=\"image\/webp\" \/>\n<meta name=\"author\" content=\"Diario del Sur Digital\" \/>\n<meta name=\"twitter:card\" content=\"summary_large_image\" \/>\n<meta name=\"twitter:label1\" content=\"Escrito por\" \/>\n\t<meta name=\"twitter:data1\" content=\"Diario del Sur Digital\" \/>\n\t<meta name=\"twitter:label2\" content=\"Tiempo de lectura\" \/>\n\t<meta name=\"twitter:data2\" content=\"2 minutos\" \/>\n<script type=\"application\/ld+json\" class=\"yoast-schema-graph\">{\"@context\":\"https:\\\/\\\/schema.org\",\"@graph\":[{\"@type\":\"Article\",\"@id\":\"https:\\\/\\\/diariodelsurdigital.com.ar\\\/?p=4086#article\",\"isPartOf\":{\"@id\":\"https:\\\/\\\/diariodelsurdigital.com.ar\\\/?p=4086\"},\"author\":{\"name\":\"Diario del Sur Digital\",\"@id\":\"https:\\\/\\\/diariodelsurdigital.com.ar\\\/#\\\/schema\\\/person\\\/1a4992532ed62965c968031b49195c81\"},\"headline\":\"Concordia: Un hombre muri\u00f3 al recibir una fuerte descarga el\u00e9ctrica\",\"datePublished\":\"2025-08-13T13:35:56+00:00\",\"dateModified\":\"2025-08-13T13:35:57+00:00\",\"mainEntityOfPage\":{\"@id\":\"https:\\\/\\\/diariodelsurdigital.com.ar\\\/?p=4086\"},\"wordCount\":315,\"commentCount\":0,\"image\":{\"@id\":\"https:\\\/\\\/diariodelsurdigital.com.ar\\\/?p=4086#primaryimage\"},\"thumbnailUrl\":\"https:\\\/\\\/diariodelsurdigital.com.ar\\\/wp-content\\\/uploads\\\/2025\\\/08\\\/md-16.webp\",\"articleSection\":[\"Inter\u00e9s General\",\"Locales\"],\"inLanguage\":\"es\",\"potentialAction\":[{\"@type\":\"CommentAction\",\"name\":\"Comment\",\"target\":[\"https:\\\/\\\/diariodelsurdigital.com.ar\\\/?p=4086#respond\"]}]},{\"@type\":\"WebPage\",\"@id\":\"https:\\\/\\\/diariodelsurdigital.com.ar\\\/?p=4086\",\"url\":\"https:\\\/\\\/diariodelsurdigital.com.ar\\\/?p=4086\",\"name\":\"Concordia: Un hombre muri\u00f3 al recibir una fuerte descarga el\u00e9ctrica - Diario del Sur\",\"isPartOf\":{\"@id\":\"https:\\\/\\\/diariodelsurdigital.com.ar\\\/#website\"},\"primaryImageOfPage\":{\"@id\":\"https:\\\/\\\/diariodelsurdigital.com.ar\\\/?p=4086#primaryimage\"},\"image\":{\"@id\":\"https:\\\/\\\/diariodelsurdigital.com.ar\\\/?p=4086#primaryimage\"},\"thumbnailUrl\":\"https:\\\/\\\/diariodelsurdigital.com.ar\\\/wp-content\\\/uploads\\\/2025\\\/08\\\/md-16.webp\",\"datePublished\":\"2025-08-13T13:35:56+00:00\",\"dateModified\":\"2025-08-13T13:35:57+00:00\",\"author\":{\"@id\":\"https:\\\/\\\/diariodelsurdigital.com.ar\\\/#\\\/schema\\\/person\\\/1a4992532ed62965c968031b49195c81\"},\"breadcrumb\":{\"@id\":\"https:\\\/\\\/diariodelsurdigital.com.ar\\\/?p=4086#breadcrumb\"},\"inLanguage\":\"es\",\"potentialAction\":[{\"@type\":\"ReadAction\",\"target\":[\"https:\\\/\\\/diariodelsurdigital.com.ar\\\/?p=4086\"]}]},{\"@type\":\"ImageObject\",\"inLanguage\":\"es\",\"@id\":\"https:\\\/\\\/diariodelsurdigital.com.ar\\\/?p=4086#primaryimage\",\"url\":\"https:\\\/\\\/diariodelsurdigital.com.ar\\\/wp-content\\\/uploads\\\/2025\\\/08\\\/md-16.webp\",\"contentUrl\":\"https:\\\/\\\/diariodelsurdigital.com.ar\\\/wp-content\\\/uploads\\\/2025\\\/08\\\/md-16.webp\",\"width\":992,\"height\":650},{\"@type\":\"BreadcrumbList\",\"@id\":\"https:\\\/\\\/diariodelsurdigital.com.ar\\\/?p=4086#breadcrumb\",\"itemListElement\":[{\"@type\":\"ListItem\",\"position\":1,\"name\":\"Portada\",\"item\":\"https:\\\/\\\/diariodelsurdigital.com.ar\\\/\"},{\"@type\":\"ListItem\",\"position\":2,\"name\":\"Concordia: Un hombre muri\u00f3 al recibir una fuerte descarga el\u00e9ctrica\"}]},{\"@type\":\"WebSite\",\"@id\":\"https:\\\/\\\/diariodelsurdigital.com.ar\\\/#website\",\"url\":\"https:\\\/\\\/diariodelsurdigital.com.ar\\\/\",\"name\":\"Diario del Sur\",\"description\":\"Digital\",\"potentialAction\":[{\"@type\":\"SearchAction\",\"target\":{\"@type\":\"EntryPoint\",\"urlTemplate\":\"https:\\\/\\\/diariodelsurdigital.com.ar\\\/?s={search_term_string}\"},\"query-input\":{\"@type\":\"PropertyValueSpecification\",\"valueRequired\":true,\"valueName\":\"search_term_string\"}}],\"inLanguage\":\"es\"},{\"@type\":\"Person\",\"@id\":\"https:\\\/\\\/diariodelsurdigital.com.ar\\\/#\\\/schema\\\/person\\\/1a4992532ed62965c968031b49195c81\",\"name\":\"Diario del Sur Digital\",\"image\":{\"@type\":\"ImageObject\",\"inLanguage\":\"es\",\"@id\":\"https:\\\/\\\/secure.gravatar.com\\\/avatar\\\/f0c7c47fc7146d19828273b9b8eda651c9c7ab583767e6338d3d3bee825adf76?s=96&d=mm&r=g\",\"url\":\"https:\\\/\\\/secure.gravatar.com\\\/avatar\\\/f0c7c47fc7146d19828273b9b8eda651c9c7ab583767e6338d3d3bee825adf76?s=96&d=mm&r=g\",\"contentUrl\":\"https:\\\/\\\/secure.gravatar.com\\\/avatar\\\/f0c7c47fc7146d19828273b9b8eda651c9c7ab583767e6338d3d3bee825adf76?s=96&d=mm&r=g\",\"caption\":\"Diario del Sur Digital\"},\"url\":\"https:\\\/\\\/diariodelsurdigital.com.ar\\\/?author=4\"}]}<\/script>\n<!-- \/ Yoast SEO plugin. -->","yoast_head_json":{"title":"Concordia: Un hombre muri\u00f3 al recibir una fuerte descarga el\u00e9ctrica - Diario del Sur","robots":{"index":"index","follow":"follow","max-snippet":"max-snippet:-1","max-image-preview":"max-image-preview:large","max-video-preview":"max-video-preview:-1"},"canonical":"https:\/\/diariodelsurdigital.com.ar\/?p=4086","og_locale":"es_ES","og_type":"article","og_title":"Concordia: Un hombre muri\u00f3 al recibir una fuerte descarga el\u00e9ctrica - Diario del Sur","og_description":"El lamentable hecho ocurri\u00f3 este martes por la tarde, en la zona norte de Concordia. La v\u00edctima es un hombre de unos 40 a\u00f1os. Intentaba reconectar el servicio en una vivienda sin suministro. Una tr\u00e1gica situaci\u00f3n se vivi\u00f3 en la tarde de este martes en el barrio Pampa Soler de Concordia, cuando un hombre perdi\u00f3 [&hellip;]","og_url":"https:\/\/diariodelsurdigital.com.ar\/?p=4086","og_site_name":"Diario del Sur","article_published_time":"2025-08-13T13:35:56+00:00","article_modified_time":"2025-08-13T13:35:57+00:00","og_image":[{"width":992,"height":650,"url":"https:\/\/diariodelsurdigital.com.ar\/wp-content\/uploads\/2025\/08\/md-16.webp","type":"image\/webp"}],"author":"Diario del Sur Digital","twitter_card":"summary_large_image","twitter_misc":{"Escrito por":"Diario del Sur Digital","Tiempo de lectura":"2 minutos"},"schema":{"@context":"https:\/\/schema.org","@graph":[{"@type":"Article","@id":"https:\/\/diariodelsurdigital.com.ar\/?p=4086#article","isPartOf":{"@id":"https:\/\/diariodelsurdigital.com.ar\/?p=4086"},"author":{"name":"Diario del Sur Digital","@id":"https:\/\/diariodelsurdigital.com.ar\/#\/schema\/person\/1a4992532ed62965c968031b49195c81"},"headline":"Concordia: Un hombre muri\u00f3 al recibir una fuerte descarga el\u00e9ctrica","datePublished":"2025-08-13T13:35:56+00:00","dateModified":"2025-08-13T13:35:57+00:00","mainEntityOfPage":{"@id":"https:\/\/diariodelsurdigital.com.ar\/?p=4086"},"wordCount":315,"commentCount":0,"image":{"@id":"https:\/\/diariodelsurdigital.com.ar\/?p=4086#primaryimage"},"thumbnailUrl":"https:\/\/diariodelsurdigital.com.ar\/wp-content\/uploads\/2025\/08\/md-16.webp","articleSection":["Inter\u00e9s General","Locales"],"inLanguage":"es","potentialAction":[{"@type":"CommentAction","name":"Comment","target":["https:\/\/diariodelsurdigital.com.ar\/?p=4086#respond"]}]},{"@type":"WebPage","@id":"https:\/\/diariodelsurdigital.com.ar\/?p=4086","url":"https:\/\/diariodelsurdigital.com.ar\/?p=4086","name":"Concordia: Un hombre muri\u00f3 al recibir una fuerte descarga el\u00e9ctrica - Diario del Sur","isPartOf":{"@id":"https:\/\/diariodelsurdigital.com.ar\/#website"},"primaryImageOfPage":{"@id":"https:\/\/diariodelsurdigital.com.ar\/?p=4086#primaryimage"},"image":{"@id":"https:\/\/diariodelsurdigital.com.ar\/?p=4086#primaryimage"},"thumbnailUrl":"https:\/\/diariodelsurdigital.com.ar\/wp-content\/uploads\/2025\/08\/md-16.webp","datePublished":"2025-08-13T13:35:56+00:00","dateModified":"2025-08-13T13:35:57+00:00","author":{"@id":"https:\/\/diariodelsurdigital.com.ar\/#\/schema\/person\/1a4992532ed62965c968031b49195c81"},"breadcrumb":{"@id":"https:\/\/diariodelsurdigital.com.ar\/?p=4086#breadcrumb"},"inLanguage":"es","potentialAction":[{"@type":"ReadAction","target":["https:\/\/diariodelsurdigital.com.ar\/?p=4086"]}]},{"@type":"ImageObject","inLanguage":"es","@id":"https:\/\/diariodelsurdigital.com.ar\/?p=4086#primaryimage","url":"https:\/\/diariodelsurdigital.com.ar\/wp-content\/uploads\/2025\/08\/md-16.webp","contentUrl":"https:\/\/diariodelsurdigital.com.ar\/wp-content\/uploads\/2025\/08\/md-16.webp","width":992,"height":650},{"@type":"BreadcrumbList","@id":"https:\/\/diariodelsurdigital.com.ar\/?p=4086#breadcrumb","itemListElement":[{"@type":"ListItem","position":1,"name":"Portada","item":"https:\/\/diariodelsurdigital.com.ar\/"},{"@type":"ListItem","position":2,"name":"Concordia: Un hombre muri\u00f3 al recibir una fuerte descarga el\u00e9ctrica"}]},{"@type":"WebSite","@id":"https:\/\/diariodelsurdigital.com.ar\/#website","url":"https:\/\/diariodelsurdigital.com.ar\/","name":"Diario del Sur","description":"Digital","potentialAction":[{"@type":"SearchAction","target":{"@type":"EntryPoint","urlTemplate":"https:\/\/diariodelsurdigital.com.ar\/?s={search_term_string}"},"query-input":{"@type":"PropertyValueSpecification","valueRequired":true,"valueName":"search_term_string"}}],"inLanguage":"es"},{"@type":"Person","@id":"https:\/\/diariodelsurdigital.com.ar\/#\/schema\/person\/1a4992532ed62965c968031b49195c81","name":"Diario del Sur Digital","image":{"@type":"ImageObject","inLanguage":"es","@id":"https:\/\/secure.gravatar.com\/avatar\/f0c7c47fc7146d19828273b9b8eda651c9c7ab583767e6338d3d3bee825adf76?s=96&d=mm&r=g","url":"https:\/\/secure.gravatar.com\/avatar\/f0c7c47fc7146d19828273b9b8eda651c9c7ab583767e6338d3d3bee825adf76?s=96&d=mm&r=g","contentUrl":"https:\/\/secure.gravatar.com\/avatar\/f0c7c47fc7146d19828273b9b8eda651c9c7ab583767e6338d3d3bee825adf76?s=96&d=mm&r=g","caption":"Diario del Sur Digital"},"url":"https:\/\/diariodelsurdigital.com.ar\/?author=4"}]}},"_links":{"self":[{"href":"https:\/\/diariodelsurdigital.com.ar\/index.php?rest_route=\/wp\/v2\/posts\/4086","targetHints":{"allow":["GET"]}}],"collection":[{"href":"https:\/\/diariodelsurdigital.com.ar\/index.php?rest_route=\/wp\/v2\/posts"}],"about":[{"href":"https:\/\/diariodelsurdigital.com.ar\/index.php?rest_route=\/wp\/v2\/types\/post"}],"author":[{"embeddable":true,"href":"https:\/\/diariodelsurdigital.com.ar\/index.php?rest_route=\/wp\/v2\/users\/4"}],"replies":[{"embeddable":true,"href":"https:\/\/diariodelsurdigital.com.ar\/index.php?rest_route=%2Fwp%2Fv2%2Fcomments&post=4086"}],"version-history":[{"count":1,"href":"https:\/\/diariodelsurdigital.com.ar\/index.php?rest_route=\/wp\/v2\/posts\/4086\/revisions"}],"predecessor-version":[{"id":4088,"href":"https:\/\/diariodelsurdigital.com.ar\/index.php?rest_route=\/wp\/v2\/posts\/4086\/revisions\/4088"}],"wp:featuredmedia":[{"embeddable":true,"href":"https:\/\/diariodelsurdigital.com.ar\/index.php?rest_route=\/wp\/v2\/media\/4087"}],"wp:attachment":[{"href":"https:\/\/diariodelsurdigital.com.ar\/index.php?rest_route=%2Fwp%2Fv2%2Fmedia&parent=4086"}],"wp:term":[{"taxonomy":"category","embeddable":true,"href":"https:\/\/diariodelsurdigital.com.ar\/index.php?rest_route=%2Fwp%2Fv2%2Fcategories&post=4086"},{"taxonomy":"post_tag","embeddable":true,"href":"https:\/\/diariodelsurdigital.com.ar\/index.php?rest_route=%2Fwp%2Fv2%2Ftags&post=4086"}],"curies":[{"name":"wp","href":"https:\/\/api.w.org\/{rel}","templated":true}]}}