{"id":4089,"date":"2025-08-13T10:38:15","date_gmt":"2025-08-13T13:38:15","guid":{"rendered":"https:\/\/diariodelsurdigital.com.ar\/?p=4089"},"modified":"2025-08-13T10:38:16","modified_gmt":"2025-08-13T13:38:16","slug":"la-camara-de-diputados-del-uruguay-aprobo-un-proyecto-de-ley-que-autoriza-la-eutanasia","status":"publish","type":"post","link":"https:\/\/diariodelsurdigital.com.ar\/?p=4089","title":{"rendered":"La C\u00e1mara de Diputados del Uruguay aprob\u00f3 un proyecto de ley que autoriza la eutanasia"},"content":{"rendered":"\n<p>El texto establece un marco legal para acceder a la muerte asistida en casos de enfermedades terminales o padecimientos insoportables. Su aprobaci\u00f3n definitiva ahora est\u00e1 en manos del Senado.<\/p>\n\n\n\n<p><\/p>\n\n\n\n<p>La C\u00e1mara de Diputados de Uruguay aprob\u00f3 en horas de la madrugada de este mi\u00e9rcoles un proyecto de ley que legaliza la eutanasia, una medida que, de ser ratificada por el Senado, colocar\u00eda al pa\u00eds como el tercero en Am\u00e9rica Latina en permitir la muerte asistida, junto con Colombia y Ecuador. La votaci\u00f3n en Montevideo registr\u00f3 64 votos a favor y 29 en contra, superando el m\u00ednimo requerido de 50 de los 99 esca\u00f1os.<\/p>\n\n\n\n<p>La iniciativa, debatida durante m\u00e1s de cinco horas, establece un marco legal para regular y garantizar \u201cel derecho de las personas a transcurrir dignamente el proceso de morir, en las circunstancias que ellas determinen\u201d. El texto aprobado por la c\u00e1mara baja detalla que la medida busca ofrecer una muerte \u201cindolora, apacible y respetuosa\u201d a quienes lo soliciten y cumplan con los requisitos establecidos.<\/p>\n\n\n\n<p>Seg\u00fan el proyecto, podr\u00e1n acceder al procedimiento las personas mayores de edad, con capacidad ps\u00edquica plena, que atraviesen la etapa terminal de una enfermedad incurable e irreversible o sufran dolores que resulten insoportables. La solicitud deber\u00e1 contar con la aprobaci\u00f3n de al menos dos profesionales de la salud. La norma limita el acceso a ciudadanos uruguayos o extranjeros con residencia acreditada.<\/p>\n\n\n\n<p>\u201cEl debate sobre la muerte asistida no es nuevo, pero esta vez la sociedad y el Parlamento han avanzado en reconocerlo como un derecho\u201d, expres\u00f3 en la sesi\u00f3n el diputado del Frente Amplio Luis Enrique Gallo, uno de los impulsores del proyecto. \u201cCada uno tiene el mismo derecho a elegir su muerte que elegir su vida\u201d, a\u00f1adi\u00f3.<\/p>\n\n\n\n<p>En la regi\u00f3n, Colombia cuenta con un marco regulatorio consolidado para la eutanasia desde 1997, reforzado por sentencias y protocolos m\u00e9dicos. Ecuador, por su parte, despenaliz\u00f3 la pr\u00e1ctica en 2023 a trav\u00e9s de un fallo de la Corte Constitucional, aunque no se ha aplicado hasta la fecha, public\u00f3 InfoBae.<\/p>\n\n\n\n<p>En Uruguay, el debate parlamentario sobre la eutanasia se inici\u00f3 formalmente en 2019, pero una propuesta similar presentada en 2022 fracas\u00f3 en el Senado. Actualmente, la legislaci\u00f3n uruguaya contempla desde 2013 el derecho de los pacientes terminales a rechazar tratamientos m\u00e9dicos que prolonguen la vida. Sin embargo, la eutanasia y el suicidio asistido contin\u00faan tipificados como \u201chomicidio piadoso\u201d en el C\u00f3digo Penal.<\/p>\n\n\n\n<p>El texto aprobado este mi\u00e9rcoles es el resultado de un trabajo legislativo impulsado por el Frente Amplio a inicios de 2025 y respaldado por sectores de la oposici\u00f3n. La Comisi\u00f3n de Salud de la c\u00e1mara baja hab\u00eda dado su aval en julio.<\/p>\n\n\n\n<p>Para su entrada en vigor, la norma debe ser ratificada por el Senado, donde el oficialismo cuenta con mayor\u00eda. De acuerdo con legisladores de la bancada, el objetivo es someterla a votaci\u00f3n antes de que termine el a\u00f1o.<\/p>\n\n\n\n<p>En el plano internacional, pa\u00edses como B\u00e9lgica, Pa\u00edses Bajos, Espa\u00f1a, Canad\u00e1 y algunas jurisdicciones de Australia y Estados Unidos permiten la eutanasia o el suicidio asistido bajo diversas condiciones. La discusi\u00f3n suele centrarse en el equilibrio entre el respeto a la autonom\u00eda individual y las garant\u00edas \u00e9ticas y m\u00e9dicas del procedimiento.<\/p>\n\n\n\n<p>Seg\u00fan una encuesta de Factum realizada en 2022, un 77% de la poblaci\u00f3n uruguaya se manifest\u00f3 a favor de la legalizaci\u00f3n de la eutanasia en circunstancias espec\u00edficas. El respaldo ciudadano, sumado a la mayor\u00eda parlamentaria, aumenta las posibilidades de que la iniciativa se convierta en ley en los pr\u00f3ximos meses.<\/p>\n","protected":false},"excerpt":{"rendered":"<p>El texto establece un marco legal para acceder a la muerte asistida en casos de enfermedades terminales o padecimientos insoportables. Su aprobaci\u00f3n definitiva ahora est\u00e1 en manos del Senado. La C\u00e1mara de Diputados de Uruguay aprob\u00f3 en horas de la madrugada de este mi\u00e9rcoles un proyecto de ley que legaliza la eutanasia, una medida que, [&hellip;]<\/p>\n","protected":false},"author":4,"featured_media":4090,"comment_status":"open","ping_status":"open","sticky":false,"template":"","format":"standard","meta":{"footnotes":""},"categories":[20],"tags":[],"class_list":{"0":"post-4089","1":"post","2":"type-post","3":"status-publish","4":"format-standard","5":"has-post-thumbnail","7":"category-internacionales"},"yoast_head":"<!-- This site is optimized with the Yoast SEO plugin v27.4 - https:\/\/yoast.com\/product\/yoast-seo-wordpress\/ -->\n<title>La C\u00e1mara de Diputados del Uruguay aprob\u00f3 un proyecto de ley que autoriza la eutanasia - Diario del Sur<\/title>\n<meta name=\"robots\" content=\"index, follow, max-snippet:-1, max-image-preview:large, max-video-preview:-1\" \/>\n<link rel=\"canonical\" href=\"https:\/\/diariodelsurdigital.com.ar\/?p=4089\" \/>\n<meta property=\"og:locale\" content=\"es_ES\" \/>\n<meta property=\"og:type\" content=\"article\" \/>\n<meta property=\"og:title\" content=\"La C\u00e1mara de Diputados del Uruguay aprob\u00f3 un proyecto de ley que autoriza la eutanasia - Diario del Sur\" \/>\n<meta property=\"og:description\" content=\"El texto establece un marco legal para acceder a la muerte asistida en casos de enfermedades terminales o padecimientos insoportables. Su aprobaci\u00f3n definitiva ahora est\u00e1 en manos del Senado. La C\u00e1mara de Diputados de Uruguay aprob\u00f3 en horas de la madrugada de este mi\u00e9rcoles un proyecto de ley que legaliza la eutanasia, una medida que, [&hellip;]\" \/>\n<meta property=\"og:url\" content=\"https:\/\/diariodelsurdigital.com.ar\/?p=4089\" \/>\n<meta property=\"og:site_name\" content=\"Diario del Sur\" \/>\n<meta property=\"article:published_time\" content=\"2025-08-13T13:38:15+00:00\" \/>\n<meta property=\"article:modified_time\" content=\"2025-08-13T13:38:16+00:00\" \/>\n<meta property=\"og:image\" content=\"https:\/\/diariodelsurdigital.com.ar\/wp-content\/uploads\/2025\/08\/md-17.webp\" \/>\n\t<meta property=\"og:image:width\" content=\"992\" \/>\n\t<meta property=\"og:image:height\" content=\"661\" \/>\n\t<meta property=\"og:image:type\" content=\"image\/webp\" \/>\n<meta name=\"author\" content=\"Diario del Sur Digital\" \/>\n<meta name=\"twitter:card\" content=\"summary_large_image\" \/>\n<meta name=\"twitter:label1\" content=\"Escrito por\" \/>\n\t<meta name=\"twitter:data1\" content=\"Diario del Sur Digital\" \/>\n\t<meta name=\"twitter:label2\" content=\"Tiempo de lectura\" \/>\n\t<meta name=\"twitter:data2\" content=\"3 minutos\" \/>\n<script type=\"application\/ld+json\" class=\"yoast-schema-graph\">{\"@context\":\"https:\\\/\\\/schema.org\",\"@graph\":[{\"@type\":\"Article\",\"@id\":\"https:\\\/\\\/diariodelsurdigital.com.ar\\\/?p=4089#article\",\"isPartOf\":{\"@id\":\"https:\\\/\\\/diariodelsurdigital.com.ar\\\/?p=4089\"},\"author\":{\"name\":\"Diario del Sur Digital\",\"@id\":\"https:\\\/\\\/diariodelsurdigital.com.ar\\\/#\\\/schema\\\/person\\\/1a4992532ed62965c968031b49195c81\"},\"headline\":\"La C\u00e1mara de Diputados del Uruguay aprob\u00f3 un proyecto de ley que autoriza la eutanasia\",\"datePublished\":\"2025-08-13T13:38:15+00:00\",\"dateModified\":\"2025-08-13T13:38:16+00:00\",\"mainEntityOfPage\":{\"@id\":\"https:\\\/\\\/diariodelsurdigital.com.ar\\\/?p=4089\"},\"wordCount\":627,\"commentCount\":0,\"image\":{\"@id\":\"https:\\\/\\\/diariodelsurdigital.com.ar\\\/?p=4089#primaryimage\"},\"thumbnailUrl\":\"https:\\\/\\\/diariodelsurdigital.com.ar\\\/wp-content\\\/uploads\\\/2025\\\/08\\\/md-17.webp\",\"articleSection\":[\"Internacionales\"],\"inLanguage\":\"es\",\"potentialAction\":[{\"@type\":\"CommentAction\",\"name\":\"Comment\",\"target\":[\"https:\\\/\\\/diariodelsurdigital.com.ar\\\/?p=4089#respond\"]}]},{\"@type\":\"WebPage\",\"@id\":\"https:\\\/\\\/diariodelsurdigital.com.ar\\\/?p=4089\",\"url\":\"https:\\\/\\\/diariodelsurdigital.com.ar\\\/?p=4089\",\"name\":\"La C\u00e1mara de Diputados del Uruguay aprob\u00f3 un proyecto de ley que autoriza la eutanasia - Diario del Sur\",\"isPartOf\":{\"@id\":\"https:\\\/\\\/diariodelsurdigital.com.ar\\\/#website\"},\"primaryImageOfPage\":{\"@id\":\"https:\\\/\\\/diariodelsurdigital.com.ar\\\/?p=4089#primaryimage\"},\"image\":{\"@id\":\"https:\\\/\\\/diariodelsurdigital.com.ar\\\/?p=4089#primaryimage\"},\"thumbnailUrl\":\"https:\\\/\\\/diariodelsurdigital.com.ar\\\/wp-content\\\/uploads\\\/2025\\\/08\\\/md-17.webp\",\"datePublished\":\"2025-08-13T13:38:15+00:00\",\"dateModified\":\"2025-08-13T13:38:16+00:00\",\"author\":{\"@id\":\"https:\\\/\\\/diariodelsurdigital.com.ar\\\/#\\\/schema\\\/person\\\/1a4992532ed62965c968031b49195c81\"},\"breadcrumb\":{\"@id\":\"https:\\\/\\\/diariodelsurdigital.com.ar\\\/?p=4089#breadcrumb\"},\"inLanguage\":\"es\",\"potentialAction\":[{\"@type\":\"ReadAction\",\"target\":[\"https:\\\/\\\/diariodelsurdigital.com.ar\\\/?p=4089\"]}]},{\"@type\":\"ImageObject\",\"inLanguage\":\"es\",\"@id\":\"https:\\\/\\\/diariodelsurdigital.com.ar\\\/?p=4089#primaryimage\",\"url\":\"https:\\\/\\\/diariodelsurdigital.com.ar\\\/wp-content\\\/uploads\\\/2025\\\/08\\\/md-17.webp\",\"contentUrl\":\"https:\\\/\\\/diariodelsurdigital.com.ar\\\/wp-content\\\/uploads\\\/2025\\\/08\\\/md-17.webp\",\"width\":992,\"height\":661},{\"@type\":\"BreadcrumbList\",\"@id\":\"https:\\\/\\\/diariodelsurdigital.com.ar\\\/?p=4089#breadcrumb\",\"itemListElement\":[{\"@type\":\"ListItem\",\"position\":1,\"name\":\"Portada\",\"item\":\"https:\\\/\\\/diariodelsurdigital.com.ar\\\/\"},{\"@type\":\"ListItem\",\"position\":2,\"name\":\"La C\u00e1mara de Diputados del Uruguay aprob\u00f3 un proyecto de ley que autoriza la eutanasia\"}]},{\"@type\":\"WebSite\",\"@id\":\"https:\\\/\\\/diariodelsurdigital.com.ar\\\/#website\",\"url\":\"https:\\\/\\\/diariodelsurdigital.com.ar\\\/\",\"name\":\"Diario del Sur\",\"description\":\"Digital\",\"potentialAction\":[{\"@type\":\"SearchAction\",\"target\":{\"@type\":\"EntryPoint\",\"urlTemplate\":\"https:\\\/\\\/diariodelsurdigital.com.ar\\\/?s={search_term_string}\"},\"query-input\":{\"@type\":\"PropertyValueSpecification\",\"valueRequired\":true,\"valueName\":\"search_term_string\"}}],\"inLanguage\":\"es\"},{\"@type\":\"Person\",\"@id\":\"https:\\\/\\\/diariodelsurdigital.com.ar\\\/#\\\/schema\\\/person\\\/1a4992532ed62965c968031b49195c81\",\"name\":\"Diario del Sur Digital\",\"image\":{\"@type\":\"ImageObject\",\"inLanguage\":\"es\",\"@id\":\"https:\\\/\\\/secure.gravatar.com\\\/avatar\\\/f0c7c47fc7146d19828273b9b8eda651c9c7ab583767e6338d3d3bee825adf76?s=96&d=mm&r=g\",\"url\":\"https:\\\/\\\/secure.gravatar.com\\\/avatar\\\/f0c7c47fc7146d19828273b9b8eda651c9c7ab583767e6338d3d3bee825adf76?s=96&d=mm&r=g\",\"contentUrl\":\"https:\\\/\\\/secure.gravatar.com\\\/avatar\\\/f0c7c47fc7146d19828273b9b8eda651c9c7ab583767e6338d3d3bee825adf76?s=96&d=mm&r=g\",\"caption\":\"Diario del Sur Digital\"},\"url\":\"https:\\\/\\\/diariodelsurdigital.com.ar\\\/?author=4\"}]}<\/script>\n<!-- \/ Yoast SEO plugin. -->","yoast_head_json":{"title":"La C\u00e1mara de Diputados del Uruguay aprob\u00f3 un proyecto de ley que autoriza la eutanasia - Diario del Sur","robots":{"index":"index","follow":"follow","max-snippet":"max-snippet:-1","max-image-preview":"max-image-preview:large","max-video-preview":"max-video-preview:-1"},"canonical":"https:\/\/diariodelsurdigital.com.ar\/?p=4089","og_locale":"es_ES","og_type":"article","og_title":"La C\u00e1mara de Diputados del Uruguay aprob\u00f3 un proyecto de ley que autoriza la eutanasia - Diario del Sur","og_description":"El texto establece un marco legal para acceder a la muerte asistida en casos de enfermedades terminales o padecimientos insoportables. Su aprobaci\u00f3n definitiva ahora est\u00e1 en manos del Senado. La C\u00e1mara de Diputados de Uruguay aprob\u00f3 en horas de la madrugada de este mi\u00e9rcoles un proyecto de ley que legaliza la eutanasia, una medida que, [&hellip;]","og_url":"https:\/\/diariodelsurdigital.com.ar\/?p=4089","og_site_name":"Diario del Sur","article_published_time":"2025-08-13T13:38:15+00:00","article_modified_time":"2025-08-13T13:38:16+00:00","og_image":[{"width":992,"height":661,"url":"https:\/\/diariodelsurdigital.com.ar\/wp-content\/uploads\/2025\/08\/md-17.webp","type":"image\/webp"}],"author":"Diario del Sur Digital","twitter_card":"summary_large_image","twitter_misc":{"Escrito por":"Diario del Sur Digital","Tiempo de lectura":"3 minutos"},"schema":{"@context":"https:\/\/schema.org","@graph":[{"@type":"Article","@id":"https:\/\/diariodelsurdigital.com.ar\/?p=4089#article","isPartOf":{"@id":"https:\/\/diariodelsurdigital.com.ar\/?p=4089"},"author":{"name":"Diario del Sur Digital","@id":"https:\/\/diariodelsurdigital.com.ar\/#\/schema\/person\/1a4992532ed62965c968031b49195c81"},"headline":"La C\u00e1mara de Diputados del Uruguay aprob\u00f3 un proyecto de ley que autoriza la eutanasia","datePublished":"2025-08-13T13:38:15+00:00","dateModified":"2025-08-13T13:38:16+00:00","mainEntityOfPage":{"@id":"https:\/\/diariodelsurdigital.com.ar\/?p=4089"},"wordCount":627,"commentCount":0,"image":{"@id":"https:\/\/diariodelsurdigital.com.ar\/?p=4089#primaryimage"},"thumbnailUrl":"https:\/\/diariodelsurdigital.com.ar\/wp-content\/uploads\/2025\/08\/md-17.webp","articleSection":["Internacionales"],"inLanguage":"es","potentialAction":[{"@type":"CommentAction","name":"Comment","target":["https:\/\/diariodelsurdigital.com.ar\/?p=4089#respond"]}]},{"@type":"WebPage","@id":"https:\/\/diariodelsurdigital.com.ar\/?p=4089","url":"https:\/\/diariodelsurdigital.com.ar\/?p=4089","name":"La C\u00e1mara de Diputados del Uruguay aprob\u00f3 un proyecto de ley que autoriza la eutanasia - Diario del Sur","isPartOf":{"@id":"https:\/\/diariodelsurdigital.com.ar\/#website"},"primaryImageOfPage":{"@id":"https:\/\/diariodelsurdigital.com.ar\/?p=4089#primaryimage"},"image":{"@id":"https:\/\/diariodelsurdigital.com.ar\/?p=4089#primaryimage"},"thumbnailUrl":"https:\/\/diariodelsurdigital.com.ar\/wp-content\/uploads\/2025\/08\/md-17.webp","datePublished":"2025-08-13T13:38:15+00:00","dateModified":"2025-08-13T13:38:16+00:00","author":{"@id":"https:\/\/diariodelsurdigital.com.ar\/#\/schema\/person\/1a4992532ed62965c968031b49195c81"},"breadcrumb":{"@id":"https:\/\/diariodelsurdigital.com.ar\/?p=4089#breadcrumb"},"inLanguage":"es","potentialAction":[{"@type":"ReadAction","target":["https:\/\/diariodelsurdigital.com.ar\/?p=4089"]}]},{"@type":"ImageObject","inLanguage":"es","@id":"https:\/\/diariodelsurdigital.com.ar\/?p=4089#primaryimage","url":"https:\/\/diariodelsurdigital.com.ar\/wp-content\/uploads\/2025\/08\/md-17.webp","contentUrl":"https:\/\/diariodelsurdigital.com.ar\/wp-content\/uploads\/2025\/08\/md-17.webp","width":992,"height":661},{"@type":"BreadcrumbList","@id":"https:\/\/diariodelsurdigital.com.ar\/?p=4089#breadcrumb","itemListElement":[{"@type":"ListItem","position":1,"name":"Portada","item":"https:\/\/diariodelsurdigital.com.ar\/"},{"@type":"ListItem","position":2,"name":"La C\u00e1mara de Diputados del Uruguay aprob\u00f3 un proyecto de ley que autoriza la eutanasia"}]},{"@type":"WebSite","@id":"https:\/\/diariodelsurdigital.com.ar\/#website","url":"https:\/\/diariodelsurdigital.com.ar\/","name":"Diario del Sur","description":"Digital","potentialAction":[{"@type":"SearchAction","target":{"@type":"EntryPoint","urlTemplate":"https:\/\/diariodelsurdigital.com.ar\/?s={search_term_string}"},"query-input":{"@type":"PropertyValueSpecification","valueRequired":true,"valueName":"search_term_string"}}],"inLanguage":"es"},{"@type":"Person","@id":"https:\/\/diariodelsurdigital.com.ar\/#\/schema\/person\/1a4992532ed62965c968031b49195c81","name":"Diario del Sur Digital","image":{"@type":"ImageObject","inLanguage":"es","@id":"https:\/\/secure.gravatar.com\/avatar\/f0c7c47fc7146d19828273b9b8eda651c9c7ab583767e6338d3d3bee825adf76?s=96&d=mm&r=g","url":"https:\/\/secure.gravatar.com\/avatar\/f0c7c47fc7146d19828273b9b8eda651c9c7ab583767e6338d3d3bee825adf76?s=96&d=mm&r=g","contentUrl":"https:\/\/secure.gravatar.com\/avatar\/f0c7c47fc7146d19828273b9b8eda651c9c7ab583767e6338d3d3bee825adf76?s=96&d=mm&r=g","caption":"Diario del Sur Digital"},"url":"https:\/\/diariodelsurdigital.com.ar\/?author=4"}]}},"_links":{"self":[{"href":"https:\/\/diariodelsurdigital.com.ar\/index.php?rest_route=\/wp\/v2\/posts\/4089","targetHints":{"allow":["GET"]}}],"collection":[{"href":"https:\/\/diariodelsurdigital.com.ar\/index.php?rest_route=\/wp\/v2\/posts"}],"about":[{"href":"https:\/\/diariodelsurdigital.com.ar\/index.php?rest_route=\/wp\/v2\/types\/post"}],"author":[{"embeddable":true,"href":"https:\/\/diariodelsurdigital.com.ar\/index.php?rest_route=\/wp\/v2\/users\/4"}],"replies":[{"embeddable":true,"href":"https:\/\/diariodelsurdigital.com.ar\/index.php?rest_route=%2Fwp%2Fv2%2Fcomments&post=4089"}],"version-history":[{"count":1,"href":"https:\/\/diariodelsurdigital.com.ar\/index.php?rest_route=\/wp\/v2\/posts\/4089\/revisions"}],"predecessor-version":[{"id":4091,"href":"https:\/\/diariodelsurdigital.com.ar\/index.php?rest_route=\/wp\/v2\/posts\/4089\/revisions\/4091"}],"wp:featuredmedia":[{"embeddable":true,"href":"https:\/\/diariodelsurdigital.com.ar\/index.php?rest_route=\/wp\/v2\/media\/4090"}],"wp:attachment":[{"href":"https:\/\/diariodelsurdigital.com.ar\/index.php?rest_route=%2Fwp%2Fv2%2Fmedia&parent=4089"}],"wp:term":[{"taxonomy":"category","embeddable":true,"href":"https:\/\/diariodelsurdigital.com.ar\/index.php?rest_route=%2Fwp%2Fv2%2Fcategories&post=4089"},{"taxonomy":"post_tag","embeddable":true,"href":"https:\/\/diariodelsurdigital.com.ar\/index.php?rest_route=%2Fwp%2Fv2%2Ftags&post=4089"}],"curies":[{"name":"wp","href":"https:\/\/api.w.org\/{rel}","templated":true}]}}