{"id":4092,"date":"2025-08-13T10:40:47","date_gmt":"2025-08-13T13:40:47","guid":{"rendered":"https:\/\/diariodelsurdigital.com.ar\/?p=4092"},"modified":"2025-08-13T10:40:48","modified_gmt":"2025-08-13T13:40:48","slug":"sectores-de-la-discapacidad-reiteraron-el-reclamo-para-que-la-legislatura-provincial-trate-la-ley-de-emergencia","status":"publish","type":"post","link":"https:\/\/diariodelsurdigital.com.ar\/?p=4092","title":{"rendered":"Sectores de la discapacidad reiteraron el reclamo para que la Legislatura provincial trate la \u201cLey de Emergencia\u201d"},"content":{"rendered":"\n<p>Fue en un encuentro con los diputados del bloque \u201cM\u00e1s Para Entre R\u00edos\u201d. El pedido refiere a que el Instituto Provincial de Discapacidad \u201cbrinda cada vez menos respuestas a las demandas que deber\u00eda atender\u201d. La iniciativa presentada por el justicialismo propone que la emergencia se extienda hasta diciembre de 2027 y que se garantice la cobertura de todas las prestaciones establecidas en el Programa M\u00e9dico Obligatorio.<\/p>\n\n\n\n<p><\/p>\n\n\n\n<p>Integrantes de instituciones entrerrianas vinculadas a la discapacidad mantuvieron un encuentro de trabajo con diputadas y diputados del bloque \u201cM\u00e1s Para Entre R\u00edos\u201d, durante el cual manifestaron su apoyo al proyecto de ley para declarar la \u201cEmergencia en Discapacidad\u201d en la provincia, a fin de proteger y asegurar los derechos humanos y las libertades fundamentales de las personas comprendidas en esta situaci\u00f3n, promoviendo su inclusi\u00f3n y participaci\u00f3n plena en la sociedad. En ese marco, reiteraron el reclamo para que la Legislatura provincial trate la iniciativa presentada por el justicialismo y tambi\u00e9n solicitaron ser escuchados en las comisiones legislativas que la analicen.<\/p>\n\n\n\n<p>La necesidad de aprobar la emergencia responde a \u201cla acci\u00f3n espejada de la Provincia, cuyo organismo espec\u00edfico (el Instituto Provincial de Discapacidad) brinda cada vez menos respuestas a las demandas que deber\u00eda atender\u201d, indicaron en la reuni\u00f3n.<\/p>\n\n\n\n<p>Los integrantes de estas asociaciones no dudaron en definir como \u201cdesesperante\u201d la situaci\u00f3n: \u201cMuchas familias no saben qu\u00e9 hacer, no hay a quien reclamarle. Hay casos en que las familias de las personas con discapacidad tienen que elegir entre comer o pagar una prestaci\u00f3n\u201d, producto de retirada del Estado.<\/p>\n\n\n\n<p>Entre otras severas dificultades, citaron que muchas personas con discapacidad no pueden acceder a las prestaciones porque quienes las brindaban ya dejaron de hacerlo por efecto de las pol\u00edticas nacionales o porque existen dificultades con las obras sociales, especialmente con OSER. Adem\u00e1s, se remarc\u00f3 \u201cla ausencia de la estructura provincial debido falta de recursos para sostener y movilizar a los equipos t\u00e9cnicos y carencias en la atenci\u00f3n p\u00fablica para quienes no tienen la cobertura de una obra social\u201d.<\/p>\n\n\n\n<p>Los integrantes de las asociaciones indicaron que desde hace tiempo reclaman que el gobierno provincial defina su postura frente a la situaci\u00f3n que atraviesan, e igualmente que el gobernador Rogelio Frigerio diga qu\u00e9 actitud van a tener los legisladores nacionales del oficialismo ante el inminente veto de la emergencia nacional por parte del presidente Javier Milei. \u201cSe est\u00e1n vulnerando derechos, especialmente de ni\u00f1os, lo que genera angustia en los padres, que necesitan saber qu\u00e9 postura toma la provincia. Se sienten muy solos y necesitan apoyo. Es muy triste no saber qu\u00e9 postura tiene el gobierno provincial\u201d, se indic\u00f3 al respecto.<\/p>\n\n\n\n<p>Las diputadas y diputados justicialistas ratificaron su compromiso de trabajar junto a las instituciones para que se trate y apruebe la emergencia en discapacidad en Entre R\u00edos, considerando que resulta absolutamente justificada en el panorama actual. Asimismo, recordaron que as\u00ed como el Ejecutivo provincial impuls\u00f3 la sanci\u00f3n de leyes de emergencia para obras p\u00fablicas, establecimientos educativos y obras viales que contaron con el apoyo de la oposici\u00f3n, hoy resulta absolutamente razonable que se proponga la emergencia en discapacidad cuando lo que corre riesgo es la salud y la dignidad de miles de entrerrianas y entrerrianos.<\/p>\n\n\n\n<p>El proyecto presentado por el justicialismo propone que la emergencia se extienda hasta diciembre de 2027 y que se garantice la cobertura de todas las prestaciones establecidas en el Programa M\u00e9dico Obligatorio (PMO) para todas las personas con discapacidad con domicilio en la provincia, en efectores p\u00fablicos o privados; la facilitaci\u00f3n del acceso a pensiones no contributivas nacionales, con transporte p\u00fablico gratuito para traslados a centros de evaluaci\u00f3n; y el acceso al Certificado \u00danico de Discapacidad (CUD) en toda la provincia. El proyecto podr\u00e1 ser debatido y enriquecido durante el tratamiento legislativo para receptar aportes de diferentes sectores.<\/p>\n\n\n\n<p>Durante el encuentro se remarc\u00f3 tambi\u00e9n que es necesario seguir difundiendo las razones por las cuales se necesita la emergencia en discapacidad, ante la persistencia de un discurso estigmatizante del gobierno nacional que busca confundir a la sociedad en este tema. Igualmente hubo coincidencias en cuanto a que no existe ninguna raz\u00f3n que justifique que el proyecto no se trate en la Legislatura provincial.<\/p>\n\n\n\n<p>El encuentro cont\u00f3 con la participaron de representantes de Neurocea San Benito (Amar\u00fa M\u00e9ndez), Apadea litoral y Apadea Paran\u00e1 (Mar\u00eda Jos\u00e9 Robles, Mar\u00eda Jos\u00e9 Carbajal y Natalio Center), Neurodiversidad San Benito (Nadia Gaspar\u00edn), del Centro Educativo Terap\u00e9utico El Solar (Luciana Scelzi, quien adem\u00e1s integra la Fundaci\u00f3n Le Ralos en representaci\u00f3n de la red de prestadores de la provincia), Tea azul Paran\u00e1 y MirarTea Paran\u00e1; y tambi\u00e9n de las diputadas Laura Stratta, Mariel \u00c1vila, Andrea Zoff, Silvia Moreno, Silvina Decc\u00f3; y el diputado Yari Seiler.<\/p>\n","protected":false},"excerpt":{"rendered":"<p>Fue en un encuentro con los diputados del bloque \u201cM\u00e1s Para Entre R\u00edos\u201d. El pedido refiere a que el Instituto Provincial de Discapacidad \u201cbrinda cada vez menos respuestas a las demandas que deber\u00eda atender\u201d. La iniciativa presentada por el justicialismo propone que la emergencia se extienda hasta diciembre de 2027 y que se garantice la [&hellip;]<\/p>\n","protected":false},"author":4,"featured_media":4093,"comment_status":"open","ping_status":"open","sticky":false,"template":"","format":"standard","meta":{"footnotes":""},"categories":[19,17],"tags":[],"class_list":{"0":"post-4092","1":"post","2":"type-post","3":"status-publish","4":"format-standard","5":"has-post-thumbnail","7":"category-interes-general","8":"category-provinciales"},"yoast_head":"<!-- This site is optimized with the Yoast SEO plugin v27.4 - https:\/\/yoast.com\/product\/yoast-seo-wordpress\/ -->\n<title>Sectores de la discapacidad reiteraron el reclamo para que la Legislatura provincial trate la \u201cLey de Emergencia\u201d - Diario del Sur<\/title>\n<meta name=\"robots\" content=\"index, follow, max-snippet:-1, max-image-preview:large, max-video-preview:-1\" \/>\n<link rel=\"canonical\" href=\"https:\/\/diariodelsurdigital.com.ar\/?p=4092\" \/>\n<meta property=\"og:locale\" content=\"es_ES\" \/>\n<meta property=\"og:type\" content=\"article\" \/>\n<meta property=\"og:title\" content=\"Sectores de la discapacidad reiteraron el reclamo para que la Legislatura provincial trate la \u201cLey de Emergencia\u201d - Diario del Sur\" \/>\n<meta property=\"og:description\" content=\"Fue en un encuentro con los diputados del bloque \u201cM\u00e1s Para Entre R\u00edos\u201d. El pedido refiere a que el Instituto Provincial de Discapacidad \u201cbrinda cada vez menos respuestas a las demandas que deber\u00eda atender\u201d. La iniciativa presentada por el justicialismo propone que la emergencia se extienda hasta diciembre de 2027 y que se garantice la [&hellip;]\" \/>\n<meta property=\"og:url\" content=\"https:\/\/diariodelsurdigital.com.ar\/?p=4092\" \/>\n<meta property=\"og:site_name\" content=\"Diario del Sur\" \/>\n<meta property=\"article:published_time\" content=\"2025-08-13T13:40:47+00:00\" \/>\n<meta property=\"article:modified_time\" content=\"2025-08-13T13:40:48+00:00\" \/>\n<meta property=\"og:image\" content=\"https:\/\/diariodelsurdigital.com.ar\/wp-content\/uploads\/2025\/08\/md-18.webp\" \/>\n\t<meta property=\"og:image:width\" content=\"992\" \/>\n\t<meta property=\"og:image:height\" content=\"661\" \/>\n\t<meta property=\"og:image:type\" content=\"image\/webp\" \/>\n<meta name=\"author\" content=\"Diario del Sur Digital\" \/>\n<meta name=\"twitter:card\" content=\"summary_large_image\" \/>\n<meta name=\"twitter:label1\" content=\"Escrito por\" \/>\n\t<meta name=\"twitter:data1\" content=\"Diario del Sur Digital\" \/>\n\t<meta name=\"twitter:label2\" content=\"Tiempo de lectura\" \/>\n\t<meta name=\"twitter:data2\" content=\"4 minutos\" \/>\n<script type=\"application\/ld+json\" class=\"yoast-schema-graph\">{\"@context\":\"https:\\\/\\\/schema.org\",\"@graph\":[{\"@type\":\"Article\",\"@id\":\"https:\\\/\\\/diariodelsurdigital.com.ar\\\/?p=4092#article\",\"isPartOf\":{\"@id\":\"https:\\\/\\\/diariodelsurdigital.com.ar\\\/?p=4092\"},\"author\":{\"name\":\"Diario del Sur Digital\",\"@id\":\"https:\\\/\\\/diariodelsurdigital.com.ar\\\/#\\\/schema\\\/person\\\/1a4992532ed62965c968031b49195c81\"},\"headline\":\"Sectores de la discapacidad reiteraron el reclamo para que la Legislatura provincial trate la \u201cLey de Emergencia\u201d\",\"datePublished\":\"2025-08-13T13:40:47+00:00\",\"dateModified\":\"2025-08-13T13:40:48+00:00\",\"mainEntityOfPage\":{\"@id\":\"https:\\\/\\\/diariodelsurdigital.com.ar\\\/?p=4092\"},\"wordCount\":831,\"commentCount\":0,\"image\":{\"@id\":\"https:\\\/\\\/diariodelsurdigital.com.ar\\\/?p=4092#primaryimage\"},\"thumbnailUrl\":\"https:\\\/\\\/diariodelsurdigital.com.ar\\\/wp-content\\\/uploads\\\/2025\\\/08\\\/md-18.webp\",\"articleSection\":[\"Inter\u00e9s General\",\"Provinciales\"],\"inLanguage\":\"es\",\"potentialAction\":[{\"@type\":\"CommentAction\",\"name\":\"Comment\",\"target\":[\"https:\\\/\\\/diariodelsurdigital.com.ar\\\/?p=4092#respond\"]}]},{\"@type\":\"WebPage\",\"@id\":\"https:\\\/\\\/diariodelsurdigital.com.ar\\\/?p=4092\",\"url\":\"https:\\\/\\\/diariodelsurdigital.com.ar\\\/?p=4092\",\"name\":\"Sectores de la discapacidad reiteraron el reclamo para que la Legislatura provincial trate la \u201cLey de Emergencia\u201d - Diario del Sur\",\"isPartOf\":{\"@id\":\"https:\\\/\\\/diariodelsurdigital.com.ar\\\/#website\"},\"primaryImageOfPage\":{\"@id\":\"https:\\\/\\\/diariodelsurdigital.com.ar\\\/?p=4092#primaryimage\"},\"image\":{\"@id\":\"https:\\\/\\\/diariodelsurdigital.com.ar\\\/?p=4092#primaryimage\"},\"thumbnailUrl\":\"https:\\\/\\\/diariodelsurdigital.com.ar\\\/wp-content\\\/uploads\\\/2025\\\/08\\\/md-18.webp\",\"datePublished\":\"2025-08-13T13:40:47+00:00\",\"dateModified\":\"2025-08-13T13:40:48+00:00\",\"author\":{\"@id\":\"https:\\\/\\\/diariodelsurdigital.com.ar\\\/#\\\/schema\\\/person\\\/1a4992532ed62965c968031b49195c81\"},\"breadcrumb\":{\"@id\":\"https:\\\/\\\/diariodelsurdigital.com.ar\\\/?p=4092#breadcrumb\"},\"inLanguage\":\"es\",\"potentialAction\":[{\"@type\":\"ReadAction\",\"target\":[\"https:\\\/\\\/diariodelsurdigital.com.ar\\\/?p=4092\"]}]},{\"@type\":\"ImageObject\",\"inLanguage\":\"es\",\"@id\":\"https:\\\/\\\/diariodelsurdigital.com.ar\\\/?p=4092#primaryimage\",\"url\":\"https:\\\/\\\/diariodelsurdigital.com.ar\\\/wp-content\\\/uploads\\\/2025\\\/08\\\/md-18.webp\",\"contentUrl\":\"https:\\\/\\\/diariodelsurdigital.com.ar\\\/wp-content\\\/uploads\\\/2025\\\/08\\\/md-18.webp\",\"width\":992,\"height\":661},{\"@type\":\"BreadcrumbList\",\"@id\":\"https:\\\/\\\/diariodelsurdigital.com.ar\\\/?p=4092#breadcrumb\",\"itemListElement\":[{\"@type\":\"ListItem\",\"position\":1,\"name\":\"Portada\",\"item\":\"https:\\\/\\\/diariodelsurdigital.com.ar\\\/\"},{\"@type\":\"ListItem\",\"position\":2,\"name\":\"Sectores de la discapacidad reiteraron el reclamo para que la Legislatura provincial trate la \u201cLey de Emergencia\u201d\"}]},{\"@type\":\"WebSite\",\"@id\":\"https:\\\/\\\/diariodelsurdigital.com.ar\\\/#website\",\"url\":\"https:\\\/\\\/diariodelsurdigital.com.ar\\\/\",\"name\":\"Diario del Sur\",\"description\":\"Digital\",\"potentialAction\":[{\"@type\":\"SearchAction\",\"target\":{\"@type\":\"EntryPoint\",\"urlTemplate\":\"https:\\\/\\\/diariodelsurdigital.com.ar\\\/?s={search_term_string}\"},\"query-input\":{\"@type\":\"PropertyValueSpecification\",\"valueRequired\":true,\"valueName\":\"search_term_string\"}}],\"inLanguage\":\"es\"},{\"@type\":\"Person\",\"@id\":\"https:\\\/\\\/diariodelsurdigital.com.ar\\\/#\\\/schema\\\/person\\\/1a4992532ed62965c968031b49195c81\",\"name\":\"Diario del Sur Digital\",\"image\":{\"@type\":\"ImageObject\",\"inLanguage\":\"es\",\"@id\":\"https:\\\/\\\/secure.gravatar.com\\\/avatar\\\/f0c7c47fc7146d19828273b9b8eda651c9c7ab583767e6338d3d3bee825adf76?s=96&d=mm&r=g\",\"url\":\"https:\\\/\\\/secure.gravatar.com\\\/avatar\\\/f0c7c47fc7146d19828273b9b8eda651c9c7ab583767e6338d3d3bee825adf76?s=96&d=mm&r=g\",\"contentUrl\":\"https:\\\/\\\/secure.gravatar.com\\\/avatar\\\/f0c7c47fc7146d19828273b9b8eda651c9c7ab583767e6338d3d3bee825adf76?s=96&d=mm&r=g\",\"caption\":\"Diario del Sur Digital\"},\"url\":\"https:\\\/\\\/diariodelsurdigital.com.ar\\\/?author=4\"}]}<\/script>\n<!-- \/ Yoast SEO plugin. -->","yoast_head_json":{"title":"Sectores de la discapacidad reiteraron el reclamo para que la Legislatura provincial trate la \u201cLey de Emergencia\u201d - Diario del Sur","robots":{"index":"index","follow":"follow","max-snippet":"max-snippet:-1","max-image-preview":"max-image-preview:large","max-video-preview":"max-video-preview:-1"},"canonical":"https:\/\/diariodelsurdigital.com.ar\/?p=4092","og_locale":"es_ES","og_type":"article","og_title":"Sectores de la discapacidad reiteraron el reclamo para que la Legislatura provincial trate la \u201cLey de Emergencia\u201d - Diario del Sur","og_description":"Fue en un encuentro con los diputados del bloque \u201cM\u00e1s Para Entre R\u00edos\u201d. El pedido refiere a que el Instituto Provincial de Discapacidad \u201cbrinda cada vez menos respuestas a las demandas que deber\u00eda atender\u201d. La iniciativa presentada por el justicialismo propone que la emergencia se extienda hasta diciembre de 2027 y que se garantice la [&hellip;]","og_url":"https:\/\/diariodelsurdigital.com.ar\/?p=4092","og_site_name":"Diario del Sur","article_published_time":"2025-08-13T13:40:47+00:00","article_modified_time":"2025-08-13T13:40:48+00:00","og_image":[{"width":992,"height":661,"url":"https:\/\/diariodelsurdigital.com.ar\/wp-content\/uploads\/2025\/08\/md-18.webp","type":"image\/webp"}],"author":"Diario del Sur Digital","twitter_card":"summary_large_image","twitter_misc":{"Escrito por":"Diario del Sur Digital","Tiempo de lectura":"4 minutos"},"schema":{"@context":"https:\/\/schema.org","@graph":[{"@type":"Article","@id":"https:\/\/diariodelsurdigital.com.ar\/?p=4092#article","isPartOf":{"@id":"https:\/\/diariodelsurdigital.com.ar\/?p=4092"},"author":{"name":"Diario del Sur Digital","@id":"https:\/\/diariodelsurdigital.com.ar\/#\/schema\/person\/1a4992532ed62965c968031b49195c81"},"headline":"Sectores de la discapacidad reiteraron el reclamo para que la Legislatura provincial trate la \u201cLey de Emergencia\u201d","datePublished":"2025-08-13T13:40:47+00:00","dateModified":"2025-08-13T13:40:48+00:00","mainEntityOfPage":{"@id":"https:\/\/diariodelsurdigital.com.ar\/?p=4092"},"wordCount":831,"commentCount":0,"image":{"@id":"https:\/\/diariodelsurdigital.com.ar\/?p=4092#primaryimage"},"thumbnailUrl":"https:\/\/diariodelsurdigital.com.ar\/wp-content\/uploads\/2025\/08\/md-18.webp","articleSection":["Inter\u00e9s General","Provinciales"],"inLanguage":"es","potentialAction":[{"@type":"CommentAction","name":"Comment","target":["https:\/\/diariodelsurdigital.com.ar\/?p=4092#respond"]}]},{"@type":"WebPage","@id":"https:\/\/diariodelsurdigital.com.ar\/?p=4092","url":"https:\/\/diariodelsurdigital.com.ar\/?p=4092","name":"Sectores de la discapacidad reiteraron el reclamo para que la Legislatura provincial trate la \u201cLey de Emergencia\u201d - Diario del Sur","isPartOf":{"@id":"https:\/\/diariodelsurdigital.com.ar\/#website"},"primaryImageOfPage":{"@id":"https:\/\/diariodelsurdigital.com.ar\/?p=4092#primaryimage"},"image":{"@id":"https:\/\/diariodelsurdigital.com.ar\/?p=4092#primaryimage"},"thumbnailUrl":"https:\/\/diariodelsurdigital.com.ar\/wp-content\/uploads\/2025\/08\/md-18.webp","datePublished":"2025-08-13T13:40:47+00:00","dateModified":"2025-08-13T13:40:48+00:00","author":{"@id":"https:\/\/diariodelsurdigital.com.ar\/#\/schema\/person\/1a4992532ed62965c968031b49195c81"},"breadcrumb":{"@id":"https:\/\/diariodelsurdigital.com.ar\/?p=4092#breadcrumb"},"inLanguage":"es","potentialAction":[{"@type":"ReadAction","target":["https:\/\/diariodelsurdigital.com.ar\/?p=4092"]}]},{"@type":"ImageObject","inLanguage":"es","@id":"https:\/\/diariodelsurdigital.com.ar\/?p=4092#primaryimage","url":"https:\/\/diariodelsurdigital.com.ar\/wp-content\/uploads\/2025\/08\/md-18.webp","contentUrl":"https:\/\/diariodelsurdigital.com.ar\/wp-content\/uploads\/2025\/08\/md-18.webp","width":992,"height":661},{"@type":"BreadcrumbList","@id":"https:\/\/diariodelsurdigital.com.ar\/?p=4092#breadcrumb","itemListElement":[{"@type":"ListItem","position":1,"name":"Portada","item":"https:\/\/diariodelsurdigital.com.ar\/"},{"@type":"ListItem","position":2,"name":"Sectores de la discapacidad reiteraron el reclamo para que la Legislatura provincial trate la \u201cLey de Emergencia\u201d"}]},{"@type":"WebSite","@id":"https:\/\/diariodelsurdigital.com.ar\/#website","url":"https:\/\/diariodelsurdigital.com.ar\/","name":"Diario del Sur","description":"Digital","potentialAction":[{"@type":"SearchAction","target":{"@type":"EntryPoint","urlTemplate":"https:\/\/diariodelsurdigital.com.ar\/?s={search_term_string}"},"query-input":{"@type":"PropertyValueSpecification","valueRequired":true,"valueName":"search_term_string"}}],"inLanguage":"es"},{"@type":"Person","@id":"https:\/\/diariodelsurdigital.com.ar\/#\/schema\/person\/1a4992532ed62965c968031b49195c81","name":"Diario del Sur Digital","image":{"@type":"ImageObject","inLanguage":"es","@id":"https:\/\/secure.gravatar.com\/avatar\/f0c7c47fc7146d19828273b9b8eda651c9c7ab583767e6338d3d3bee825adf76?s=96&d=mm&r=g","url":"https:\/\/secure.gravatar.com\/avatar\/f0c7c47fc7146d19828273b9b8eda651c9c7ab583767e6338d3d3bee825adf76?s=96&d=mm&r=g","contentUrl":"https:\/\/secure.gravatar.com\/avatar\/f0c7c47fc7146d19828273b9b8eda651c9c7ab583767e6338d3d3bee825adf76?s=96&d=mm&r=g","caption":"Diario del Sur Digital"},"url":"https:\/\/diariodelsurdigital.com.ar\/?author=4"}]}},"_links":{"self":[{"href":"https:\/\/diariodelsurdigital.com.ar\/index.php?rest_route=\/wp\/v2\/posts\/4092","targetHints":{"allow":["GET"]}}],"collection":[{"href":"https:\/\/diariodelsurdigital.com.ar\/index.php?rest_route=\/wp\/v2\/posts"}],"about":[{"href":"https:\/\/diariodelsurdigital.com.ar\/index.php?rest_route=\/wp\/v2\/types\/post"}],"author":[{"embeddable":true,"href":"https:\/\/diariodelsurdigital.com.ar\/index.php?rest_route=\/wp\/v2\/users\/4"}],"replies":[{"embeddable":true,"href":"https:\/\/diariodelsurdigital.com.ar\/index.php?rest_route=%2Fwp%2Fv2%2Fcomments&post=4092"}],"version-history":[{"count":1,"href":"https:\/\/diariodelsurdigital.com.ar\/index.php?rest_route=\/wp\/v2\/posts\/4092\/revisions"}],"predecessor-version":[{"id":4094,"href":"https:\/\/diariodelsurdigital.com.ar\/index.php?rest_route=\/wp\/v2\/posts\/4092\/revisions\/4094"}],"wp:featuredmedia":[{"embeddable":true,"href":"https:\/\/diariodelsurdigital.com.ar\/index.php?rest_route=\/wp\/v2\/media\/4093"}],"wp:attachment":[{"href":"https:\/\/diariodelsurdigital.com.ar\/index.php?rest_route=%2Fwp%2Fv2%2Fmedia&parent=4092"}],"wp:term":[{"taxonomy":"category","embeddable":true,"href":"https:\/\/diariodelsurdigital.com.ar\/index.php?rest_route=%2Fwp%2Fv2%2Fcategories&post=4092"},{"taxonomy":"post_tag","embeddable":true,"href":"https:\/\/diariodelsurdigital.com.ar\/index.php?rest_route=%2Fwp%2Fv2%2Ftags&post=4092"}],"curies":[{"name":"wp","href":"https:\/\/api.w.org\/{rel}","templated":true}]}}