{"id":4095,"date":"2025-08-13T18:26:52","date_gmt":"2025-08-13T21:26:52","guid":{"rendered":"https:\/\/diariodelsurdigital.com.ar\/?p=4095"},"modified":"2025-08-13T18:26:53","modified_gmt":"2025-08-13T21:26:53","slug":"primer-reves-para-los-pejotistas-michel-y-bahl-la-justicia-fallo-a-favor-de-ahora-la-patria","status":"publish","type":"post","link":"https:\/\/diariodelsurdigital.com.ar\/?p=4095","title":{"rendered":"Primer rev\u00e9s para los pejotistas Michel y Bahl: la Justicia fall\u00f3 a favor de \u201cAhora la Patria\u201d"},"content":{"rendered":"\n<p><\/p>\n\n\n\n<p><strong>La Justicia Electoral de Entre R\u00edos rechaz\u00f3 la impugnaci\u00f3n impulsada por la conducci\u00f3n del PJ, con Michel, Bahl a la cabeza, y confirm\u00f3 la constituci\u00f3n de la alianza electoral \u201cAhora la Patria\u201d, encabezada por Carolina Gaillard y Paola Rubattino.<\/strong><\/p>\n\n\n\n<p>En su resoluci\u00f3n, el Juez Federal Leandro Dami\u00e1n R\u00edos dispuso <strong>\u201creconocer la constituci\u00f3n de la alianza electoral transitoria \u2018Ahora la Patria\u2019 en el distrito Entre R\u00edos, con derecho de uso exclusivo del nombre adoptado\u201d<\/strong>, integrada por el Movimiento por Todos y el Partido Frente Grande.<\/p>\n\n\n\n<p>De esta manera, queda firme la participaci\u00f3n electoral del frente que <strong>nuclea al campo nacional y progresista de la provincia<\/strong>, y que se presenta con la f\u00f3rmula <strong>Gaillard \u2013 Rubattino<\/strong> para el Senado y la C\u00e1mara de Diputados de la Naci\u00f3n.<\/p>\n\n\n\n<p><strong>Carolina Gaillard<\/strong><\/p>\n\n\n\n<p><em>\u201cEste fallo ratifica que \u2018Ahora la Patria\u2019 es la voz que no especula ni se calla. Vamos a defender a Entre R\u00edos con firmeza, convicci\u00f3n y coherencia pol\u00edtica, con un Estado que cuide y abrace y no abandone a los entrerrianos y entrerrianas. La pol\u00edtica no puede ser una disputa de sellos, sino una herramienta para transformar la realidad y garantizar derechos. Ese es el compromiso que asumimos y que vamos a honrar en cada banca que conquistemos\u201d<\/em>.<\/p>\n\n\n\n<p><strong>Paola Rubattino<\/strong><\/p>\n\n\n\n<p><em>\u201cLa Justicia le dio la raz\u00f3n a nuestro frente y eso nos fortalece. Vamos a representar a cada entrerriano con compromiso real, defendiendo lo que nos pertenece y trabajando por una provincia m\u00e1s justa. Este fallo es tambi\u00e9n un mensaje claro: la voluntad de la gente de tener una alternativa firme y coherente no puede ser frenada con maniobras pol\u00edticas. Vamos a estar en cada territorio escuchando, proponiendo y poniendo por delante el bienestar de la provincia\u201d<\/em>.<\/p>\n","protected":false},"excerpt":{"rendered":"<p>La Justicia Electoral de Entre R\u00edos rechaz\u00f3 la impugnaci\u00f3n impulsada por la conducci\u00f3n del PJ, con Michel, Bahl a la cabeza, y confirm\u00f3 la constituci\u00f3n de la alianza electoral \u201cAhora la Patria\u201d, encabezada por Carolina Gaillard y Paola Rubattino. En su resoluci\u00f3n, el Juez Federal Leandro Dami\u00e1n R\u00edos dispuso \u201creconocer la constituci\u00f3n de la alianza [&hellip;]<\/p>\n","protected":false},"author":2,"featured_media":4096,"comment_status":"open","ping_status":"open","sticky":false,"template":"","format":"standard","meta":{"footnotes":""},"categories":[1],"tags":[],"class_list":{"0":"post-4095","1":"post","2":"type-post","3":"status-publish","4":"format-standard","5":"has-post-thumbnail","7":"category-uncategorized"},"yoast_head":"<!-- This site is optimized with the Yoast SEO plugin v27.4 - https:\/\/yoast.com\/product\/yoast-seo-wordpress\/ -->\n<title>Primer rev\u00e9s para los pejotistas Michel y Bahl: la Justicia fall\u00f3 a favor de \u201cAhora la Patria\u201d - Diario del Sur<\/title>\n<meta name=\"robots\" content=\"index, follow, max-snippet:-1, max-image-preview:large, max-video-preview:-1\" \/>\n<link rel=\"canonical\" href=\"https:\/\/diariodelsurdigital.com.ar\/?p=4095\" \/>\n<meta property=\"og:locale\" content=\"es_ES\" \/>\n<meta property=\"og:type\" content=\"article\" \/>\n<meta property=\"og:title\" content=\"Primer rev\u00e9s para los pejotistas Michel y Bahl: la Justicia fall\u00f3 a favor de \u201cAhora la Patria\u201d - Diario del Sur\" \/>\n<meta property=\"og:description\" content=\"La Justicia Electoral de Entre R\u00edos rechaz\u00f3 la impugnaci\u00f3n impulsada por la conducci\u00f3n del PJ, con Michel, Bahl a la cabeza, y confirm\u00f3 la constituci\u00f3n de la alianza electoral \u201cAhora la Patria\u201d, encabezada por Carolina Gaillard y Paola Rubattino. En su resoluci\u00f3n, el Juez Federal Leandro Dami\u00e1n R\u00edos dispuso \u201creconocer la constituci\u00f3n de la alianza [&hellip;]\" \/>\n<meta property=\"og:url\" content=\"https:\/\/diariodelsurdigital.com.ar\/?p=4095\" \/>\n<meta property=\"og:site_name\" content=\"Diario del Sur\" \/>\n<meta property=\"article:published_time\" content=\"2025-08-13T21:26:52+00:00\" \/>\n<meta property=\"article:modified_time\" content=\"2025-08-13T21:26:53+00:00\" \/>\n<meta property=\"og:image\" content=\"https:\/\/diariodelsurdigital.com.ar\/wp-content\/uploads\/2025\/08\/Imagen-de-WhatsApp-2025-08-12-a-las-00.24.29_6b65377c.jpg\" \/>\n\t<meta property=\"og:image:width\" content=\"560\" \/>\n\t<meta property=\"og:image:height\" content=\"373\" \/>\n\t<meta property=\"og:image:type\" content=\"image\/jpeg\" \/>\n<meta name=\"author\" content=\"Diario del Sur Digital\" \/>\n<meta name=\"twitter:card\" content=\"summary_large_image\" \/>\n<meta name=\"twitter:label1\" content=\"Escrito por\" \/>\n\t<meta name=\"twitter:data1\" content=\"Diario del Sur Digital\" \/>\n\t<meta name=\"twitter:label2\" content=\"Tiempo de lectura\" \/>\n\t<meta name=\"twitter:data2\" content=\"2 minutos\" \/>\n<script type=\"application\/ld+json\" class=\"yoast-schema-graph\">{\"@context\":\"https:\\\/\\\/schema.org\",\"@graph\":[{\"@type\":\"Article\",\"@id\":\"https:\\\/\\\/diariodelsurdigital.com.ar\\\/?p=4095#article\",\"isPartOf\":{\"@id\":\"https:\\\/\\\/diariodelsurdigital.com.ar\\\/?p=4095\"},\"author\":{\"name\":\"Diario del Sur Digital\",\"@id\":\"https:\\\/\\\/diariodelsurdigital.com.ar\\\/#\\\/schema\\\/person\\\/6136a32571657f7dba980b88b04c5465\"},\"headline\":\"Primer rev\u00e9s para los pejotistas Michel y Bahl: la Justicia fall\u00f3 a favor de \u201cAhora la Patria\u201d\",\"datePublished\":\"2025-08-13T21:26:52+00:00\",\"dateModified\":\"2025-08-13T21:26:53+00:00\",\"mainEntityOfPage\":{\"@id\":\"https:\\\/\\\/diariodelsurdigital.com.ar\\\/?p=4095\"},\"wordCount\":322,\"commentCount\":0,\"image\":{\"@id\":\"https:\\\/\\\/diariodelsurdigital.com.ar\\\/?p=4095#primaryimage\"},\"thumbnailUrl\":\"https:\\\/\\\/diariodelsurdigital.com.ar\\\/wp-content\\\/uploads\\\/2025\\\/08\\\/Imagen-de-WhatsApp-2025-08-12-a-las-00.24.29_6b65377c.jpg\",\"articleSection\":[\"Uncategorized\"],\"inLanguage\":\"es\",\"potentialAction\":[{\"@type\":\"CommentAction\",\"name\":\"Comment\",\"target\":[\"https:\\\/\\\/diariodelsurdigital.com.ar\\\/?p=4095#respond\"]}]},{\"@type\":\"WebPage\",\"@id\":\"https:\\\/\\\/diariodelsurdigital.com.ar\\\/?p=4095\",\"url\":\"https:\\\/\\\/diariodelsurdigital.com.ar\\\/?p=4095\",\"name\":\"Primer rev\u00e9s para los pejotistas Michel y Bahl: la Justicia fall\u00f3 a favor de \u201cAhora la Patria\u201d - Diario del Sur\",\"isPartOf\":{\"@id\":\"https:\\\/\\\/diariodelsurdigital.com.ar\\\/#website\"},\"primaryImageOfPage\":{\"@id\":\"https:\\\/\\\/diariodelsurdigital.com.ar\\\/?p=4095#primaryimage\"},\"image\":{\"@id\":\"https:\\\/\\\/diariodelsurdigital.com.ar\\\/?p=4095#primaryimage\"},\"thumbnailUrl\":\"https:\\\/\\\/diariodelsurdigital.com.ar\\\/wp-content\\\/uploads\\\/2025\\\/08\\\/Imagen-de-WhatsApp-2025-08-12-a-las-00.24.29_6b65377c.jpg\",\"datePublished\":\"2025-08-13T21:26:52+00:00\",\"dateModified\":\"2025-08-13T21:26:53+00:00\",\"author\":{\"@id\":\"https:\\\/\\\/diariodelsurdigital.com.ar\\\/#\\\/schema\\\/person\\\/6136a32571657f7dba980b88b04c5465\"},\"breadcrumb\":{\"@id\":\"https:\\\/\\\/diariodelsurdigital.com.ar\\\/?p=4095#breadcrumb\"},\"inLanguage\":\"es\",\"potentialAction\":[{\"@type\":\"ReadAction\",\"target\":[\"https:\\\/\\\/diariodelsurdigital.com.ar\\\/?p=4095\"]}]},{\"@type\":\"ImageObject\",\"inLanguage\":\"es\",\"@id\":\"https:\\\/\\\/diariodelsurdigital.com.ar\\\/?p=4095#primaryimage\",\"url\":\"https:\\\/\\\/diariodelsurdigital.com.ar\\\/wp-content\\\/uploads\\\/2025\\\/08\\\/Imagen-de-WhatsApp-2025-08-12-a-las-00.24.29_6b65377c.jpg\",\"contentUrl\":\"https:\\\/\\\/diariodelsurdigital.com.ar\\\/wp-content\\\/uploads\\\/2025\\\/08\\\/Imagen-de-WhatsApp-2025-08-12-a-las-00.24.29_6b65377c.jpg\",\"width\":560,\"height\":373},{\"@type\":\"BreadcrumbList\",\"@id\":\"https:\\\/\\\/diariodelsurdigital.com.ar\\\/?p=4095#breadcrumb\",\"itemListElement\":[{\"@type\":\"ListItem\",\"position\":1,\"name\":\"Portada\",\"item\":\"https:\\\/\\\/diariodelsurdigital.com.ar\\\/\"},{\"@type\":\"ListItem\",\"position\":2,\"name\":\"Primer rev\u00e9s para los pejotistas Michel y Bahl: la Justicia fall\u00f3 a favor de \u201cAhora la Patria\u201d\"}]},{\"@type\":\"WebSite\",\"@id\":\"https:\\\/\\\/diariodelsurdigital.com.ar\\\/#website\",\"url\":\"https:\\\/\\\/diariodelsurdigital.com.ar\\\/\",\"name\":\"Diario del Sur\",\"description\":\"Digital\",\"potentialAction\":[{\"@type\":\"SearchAction\",\"target\":{\"@type\":\"EntryPoint\",\"urlTemplate\":\"https:\\\/\\\/diariodelsurdigital.com.ar\\\/?s={search_term_string}\"},\"query-input\":{\"@type\":\"PropertyValueSpecification\",\"valueRequired\":true,\"valueName\":\"search_term_string\"}}],\"inLanguage\":\"es\"},{\"@type\":\"Person\",\"@id\":\"https:\\\/\\\/diariodelsurdigital.com.ar\\\/#\\\/schema\\\/person\\\/6136a32571657f7dba980b88b04c5465\",\"name\":\"Diario del Sur Digital\",\"image\":{\"@type\":\"ImageObject\",\"inLanguage\":\"es\",\"@id\":\"https:\\\/\\\/secure.gravatar.com\\\/avatar\\\/4c29ceac98541dd42460b2474aaa5dd37594d6ce6cb3cf2c101d09b48ee287ba?s=96&d=mm&r=g\",\"url\":\"https:\\\/\\\/secure.gravatar.com\\\/avatar\\\/4c29ceac98541dd42460b2474aaa5dd37594d6ce6cb3cf2c101d09b48ee287ba?s=96&d=mm&r=g\",\"contentUrl\":\"https:\\\/\\\/secure.gravatar.com\\\/avatar\\\/4c29ceac98541dd42460b2474aaa5dd37594d6ce6cb3cf2c101d09b48ee287ba?s=96&d=mm&r=g\",\"caption\":\"Diario del Sur Digital\"},\"url\":\"https:\\\/\\\/diariodelsurdigital.com.ar\\\/?author=2\"}]}<\/script>\n<!-- \/ Yoast SEO plugin. -->","yoast_head_json":{"title":"Primer rev\u00e9s para los pejotistas Michel y Bahl: la Justicia fall\u00f3 a favor de \u201cAhora la Patria\u201d - Diario del Sur","robots":{"index":"index","follow":"follow","max-snippet":"max-snippet:-1","max-image-preview":"max-image-preview:large","max-video-preview":"max-video-preview:-1"},"canonical":"https:\/\/diariodelsurdigital.com.ar\/?p=4095","og_locale":"es_ES","og_type":"article","og_title":"Primer rev\u00e9s para los pejotistas Michel y Bahl: la Justicia fall\u00f3 a favor de \u201cAhora la Patria\u201d - Diario del Sur","og_description":"La Justicia Electoral de Entre R\u00edos rechaz\u00f3 la impugnaci\u00f3n impulsada por la conducci\u00f3n del PJ, con Michel, Bahl a la cabeza, y confirm\u00f3 la constituci\u00f3n de la alianza electoral \u201cAhora la Patria\u201d, encabezada por Carolina Gaillard y Paola Rubattino. En su resoluci\u00f3n, el Juez Federal Leandro Dami\u00e1n R\u00edos dispuso \u201creconocer la constituci\u00f3n de la alianza [&hellip;]","og_url":"https:\/\/diariodelsurdigital.com.ar\/?p=4095","og_site_name":"Diario del Sur","article_published_time":"2025-08-13T21:26:52+00:00","article_modified_time":"2025-08-13T21:26:53+00:00","og_image":[{"width":560,"height":373,"url":"https:\/\/diariodelsurdigital.com.ar\/wp-content\/uploads\/2025\/08\/Imagen-de-WhatsApp-2025-08-12-a-las-00.24.29_6b65377c.jpg","type":"image\/jpeg"}],"author":"Diario del Sur Digital","twitter_card":"summary_large_image","twitter_misc":{"Escrito por":"Diario del Sur Digital","Tiempo de lectura":"2 minutos"},"schema":{"@context":"https:\/\/schema.org","@graph":[{"@type":"Article","@id":"https:\/\/diariodelsurdigital.com.ar\/?p=4095#article","isPartOf":{"@id":"https:\/\/diariodelsurdigital.com.ar\/?p=4095"},"author":{"name":"Diario del Sur Digital","@id":"https:\/\/diariodelsurdigital.com.ar\/#\/schema\/person\/6136a32571657f7dba980b88b04c5465"},"headline":"Primer rev\u00e9s para los pejotistas Michel y Bahl: la Justicia fall\u00f3 a favor de \u201cAhora la Patria\u201d","datePublished":"2025-08-13T21:26:52+00:00","dateModified":"2025-08-13T21:26:53+00:00","mainEntityOfPage":{"@id":"https:\/\/diariodelsurdigital.com.ar\/?p=4095"},"wordCount":322,"commentCount":0,"image":{"@id":"https:\/\/diariodelsurdigital.com.ar\/?p=4095#primaryimage"},"thumbnailUrl":"https:\/\/diariodelsurdigital.com.ar\/wp-content\/uploads\/2025\/08\/Imagen-de-WhatsApp-2025-08-12-a-las-00.24.29_6b65377c.jpg","articleSection":["Uncategorized"],"inLanguage":"es","potentialAction":[{"@type":"CommentAction","name":"Comment","target":["https:\/\/diariodelsurdigital.com.ar\/?p=4095#respond"]}]},{"@type":"WebPage","@id":"https:\/\/diariodelsurdigital.com.ar\/?p=4095","url":"https:\/\/diariodelsurdigital.com.ar\/?p=4095","name":"Primer rev\u00e9s para los pejotistas Michel y Bahl: la Justicia fall\u00f3 a favor de \u201cAhora la Patria\u201d - Diario del Sur","isPartOf":{"@id":"https:\/\/diariodelsurdigital.com.ar\/#website"},"primaryImageOfPage":{"@id":"https:\/\/diariodelsurdigital.com.ar\/?p=4095#primaryimage"},"image":{"@id":"https:\/\/diariodelsurdigital.com.ar\/?p=4095#primaryimage"},"thumbnailUrl":"https:\/\/diariodelsurdigital.com.ar\/wp-content\/uploads\/2025\/08\/Imagen-de-WhatsApp-2025-08-12-a-las-00.24.29_6b65377c.jpg","datePublished":"2025-08-13T21:26:52+00:00","dateModified":"2025-08-13T21:26:53+00:00","author":{"@id":"https:\/\/diariodelsurdigital.com.ar\/#\/schema\/person\/6136a32571657f7dba980b88b04c5465"},"breadcrumb":{"@id":"https:\/\/diariodelsurdigital.com.ar\/?p=4095#breadcrumb"},"inLanguage":"es","potentialAction":[{"@type":"ReadAction","target":["https:\/\/diariodelsurdigital.com.ar\/?p=4095"]}]},{"@type":"ImageObject","inLanguage":"es","@id":"https:\/\/diariodelsurdigital.com.ar\/?p=4095#primaryimage","url":"https:\/\/diariodelsurdigital.com.ar\/wp-content\/uploads\/2025\/08\/Imagen-de-WhatsApp-2025-08-12-a-las-00.24.29_6b65377c.jpg","contentUrl":"https:\/\/diariodelsurdigital.com.ar\/wp-content\/uploads\/2025\/08\/Imagen-de-WhatsApp-2025-08-12-a-las-00.24.29_6b65377c.jpg","width":560,"height":373},{"@type":"BreadcrumbList","@id":"https:\/\/diariodelsurdigital.com.ar\/?p=4095#breadcrumb","itemListElement":[{"@type":"ListItem","position":1,"name":"Portada","item":"https:\/\/diariodelsurdigital.com.ar\/"},{"@type":"ListItem","position":2,"name":"Primer rev\u00e9s para los pejotistas Michel y Bahl: la Justicia fall\u00f3 a favor de \u201cAhora la Patria\u201d"}]},{"@type":"WebSite","@id":"https:\/\/diariodelsurdigital.com.ar\/#website","url":"https:\/\/diariodelsurdigital.com.ar\/","name":"Diario del Sur","description":"Digital","potentialAction":[{"@type":"SearchAction","target":{"@type":"EntryPoint","urlTemplate":"https:\/\/diariodelsurdigital.com.ar\/?s={search_term_string}"},"query-input":{"@type":"PropertyValueSpecification","valueRequired":true,"valueName":"search_term_string"}}],"inLanguage":"es"},{"@type":"Person","@id":"https:\/\/diariodelsurdigital.com.ar\/#\/schema\/person\/6136a32571657f7dba980b88b04c5465","name":"Diario del Sur Digital","image":{"@type":"ImageObject","inLanguage":"es","@id":"https:\/\/secure.gravatar.com\/avatar\/4c29ceac98541dd42460b2474aaa5dd37594d6ce6cb3cf2c101d09b48ee287ba?s=96&d=mm&r=g","url":"https:\/\/secure.gravatar.com\/avatar\/4c29ceac98541dd42460b2474aaa5dd37594d6ce6cb3cf2c101d09b48ee287ba?s=96&d=mm&r=g","contentUrl":"https:\/\/secure.gravatar.com\/avatar\/4c29ceac98541dd42460b2474aaa5dd37594d6ce6cb3cf2c101d09b48ee287ba?s=96&d=mm&r=g","caption":"Diario del Sur Digital"},"url":"https:\/\/diariodelsurdigital.com.ar\/?author=2"}]}},"_links":{"self":[{"href":"https:\/\/diariodelsurdigital.com.ar\/index.php?rest_route=\/wp\/v2\/posts\/4095","targetHints":{"allow":["GET"]}}],"collection":[{"href":"https:\/\/diariodelsurdigital.com.ar\/index.php?rest_route=\/wp\/v2\/posts"}],"about":[{"href":"https:\/\/diariodelsurdigital.com.ar\/index.php?rest_route=\/wp\/v2\/types\/post"}],"author":[{"embeddable":true,"href":"https:\/\/diariodelsurdigital.com.ar\/index.php?rest_route=\/wp\/v2\/users\/2"}],"replies":[{"embeddable":true,"href":"https:\/\/diariodelsurdigital.com.ar\/index.php?rest_route=%2Fwp%2Fv2%2Fcomments&post=4095"}],"version-history":[{"count":1,"href":"https:\/\/diariodelsurdigital.com.ar\/index.php?rest_route=\/wp\/v2\/posts\/4095\/revisions"}],"predecessor-version":[{"id":4097,"href":"https:\/\/diariodelsurdigital.com.ar\/index.php?rest_route=\/wp\/v2\/posts\/4095\/revisions\/4097"}],"wp:featuredmedia":[{"embeddable":true,"href":"https:\/\/diariodelsurdigital.com.ar\/index.php?rest_route=\/wp\/v2\/media\/4096"}],"wp:attachment":[{"href":"https:\/\/diariodelsurdigital.com.ar\/index.php?rest_route=%2Fwp%2Fv2%2Fmedia&parent=4095"}],"wp:term":[{"taxonomy":"category","embeddable":true,"href":"https:\/\/diariodelsurdigital.com.ar\/index.php?rest_route=%2Fwp%2Fv2%2Fcategories&post=4095"},{"taxonomy":"post_tag","embeddable":true,"href":"https:\/\/diariodelsurdigital.com.ar\/index.php?rest_route=%2Fwp%2Fv2%2Ftags&post=4095"}],"curies":[{"name":"wp","href":"https:\/\/api.w.org\/{rel}","templated":true}]}}