{"id":4106,"date":"2025-08-14T09:32:04","date_gmt":"2025-08-14T12:32:04","guid":{"rendered":"https:\/\/diariodelsurdigital.com.ar\/?p=4106"},"modified":"2025-08-14T09:32:05","modified_gmt":"2025-08-14T12:32:05","slug":"docentes-universitarios-del-pais-desmienten-suba-salarial-y-ratifican-plan-de-lucha","status":"publish","type":"post","link":"https:\/\/diariodelsurdigital.com.ar\/?p=4106","title":{"rendered":"Docentes universitarios del pa\u00eds desmienten suba salarial y ratifican plan de lucha"},"content":{"rendered":"\n<p>El anuncio de aumento es una \u00abmaniobra del gobierno\u00bb que revela \u00abel impacto del plan de lucha\u00bb, advirtieron desde la Federaci\u00f3n Nacional de Docentes Universitarios (Conadu) y confirmaron la continuidad de las acciones, con paros rotativos de 48 horas y una nueva Marcha Federal, la tercera, a fines de agosto. \u201cVamos a sostener las medidas, porque con estos parches que inventan est\u00e1n lej\u00edsimos de resolver la crisis salarial y presupuestaria que sufre todo el sistema universitario nacional\u201d.<\/p>\n\n\n\n<p><\/p>\n\n\n\n<p>Desde la Federaci\u00f3n advirtieron que, ante el contundente acatamiento al paro que se desarrolla esta semana en todas las universidades p\u00fablicas del pa\u00eds, el Gobierno \u00abresponde con mentiras sobre un supuesto aumento salarial\u00bb.<\/p>\n\n\n\n<p>El anuncio del Ministerio de Capital Humano menciona un aumento del 7,5% para docentes y no docentes universitarios entre septiembre y noviembre, a raz\u00f3n de 1,3% para junio, julio y agosto (se abona todo junto en agosto, cuando se percibir\u00e1 3,95%); 1,2% en septiembre y octubre; y 1,1% en noviembre. Adem\u00e1s, adicionales \u201cexcepcionales\u201d de 25.000 pesos por cargo, asignado de forma proporcional a las distintas dedicaciones.<\/p>\n\n\n\n<p>El Gobierno otorg\u00f3 un aumento del 7,5% a los docentes universitarios<br>Sin embargo, Carlos De Feo, secretario general de Conadu, advirti\u00f3: \u201cNo hay ning\u00fan aumento. En realidad, lo que est\u00e1n dando es lo mismo que firmaron con UPCN: 1,3% para junio, 1,3% para julio, 1,3% para agosto, siempre por debajo de la inflaci\u00f3n en el periodo. Pero como a los universitarios no nos pagaron los meses de junio y julio, en agosto vamos a cobrar el retroactivo. De ah\u00ed surge ese 3,95%\u201d.<\/p>\n\n\n\n<p>Respecto al bono de 25 mil pesos por \u00fanica vez, aclar\u00f3 que ese monto es \u00absolo para quienes cubren 40 horas en la universidad\u00bb y que se otorgar\u00e1 \u00abun porcentual a las dedicaciones menores\u00bb. De este modo, para quienes cubren 20 horas semanales, el bono ser\u00e1 de $12.500, y de $6250 para quienes tiene. 10 horas. \u201cEsto es lo \u00fanico que est\u00e1n ofreciendo. Ning\u00fan aumento\u201d, reiter\u00f3.<\/p>\n\n\n\n<p>Asimismo asegur\u00f3: \u201cVamos a sostener las medidas, porque con estos parches que inventan est\u00e1n lej\u00edsimos de resolver la crisis salarial y presupuestaria que sufre todo el sistema universitario nacional\u201d.<\/p>\n\n\n\n<p>A fines de julio, el \u00faltimo Plenario de Secretarias y Secretarios Generales de Conadu resolvi\u00f3 que el segundo semestre del ciclo lectivo comenzara con la realizaci\u00f3n de una semana completa de paro y con paros rotativos de 48 horas a lo largo de las semanas posteriores en pos de ir construyendo una tercera gran Marcha Federal Universitaria hacia fines del mes de agosto.<\/p>\n\n\n\n<p>Conadu Hist\u00f3rica: \u201cUn nuevo atropello\u201d<\/p>\n\n\n\n<p>En tanto, desde la Conadu Hist\u00f3rica afirmaron que \u201cel anuncio realizado en redes sociales de un incremento salarial del 7,5% entre los meses de septiembre y noviembre, m\u00e1s un bono excepcional de $25.000 es absolutamente insuficiente\u201d.<\/p>\n\n\n\n<p>\u201cLa p\u00e9rdida salarial de nuestro sector es del 38,7 % puesto que desde mayo de 2025 el gobierno nacional congel\u00f3 nuestro salario &#8211; 0% de incremento en junio y julio &#8211; consolidando as\u00ed la p\u00e9rdida del poder adquisitivo. Lejos, pues, de recuperar el salario seguimos perdiendo frente a la inflaci\u00f3n. Ese bono insignificante ($ 25000 para la dedicaci\u00f3n exclusiva) no merece ni siquiera menci\u00f3n\u201d.<\/p>\n\n\n\n<p>\u201cEl gobierno nacional vuelve a imponer por decreto un incremento sin convocar a paritarias.<\/p>\n\n\n\n<p>La contundencia del paro que se despliega en las 57 universidades nacionales, oblig\u00f3 al gobierno a realizar anuncios claramente enga\u00f1osos\u201d.<\/p>\n\n\n\n<p>\u201cLa inflaci\u00f3n, desde que asumi\u00f3 Milei hasta junio de 2025, asciende a un 214,3% y esa cifra duplica las actualizaciones salariales impuestas de manera unilateral por el actual gobierno.<\/p>\n\n\n\n<p>Estos porcentajes impuestos profundizan la brecha entre salario e inflaci\u00f3n, provocando el peor atraso de la historia\u201d, manifestaron.<\/p>\n\n\n\n<p>En este marco, la Conadu Hist\u00f3rica \u201cfrente a este nuevo atropello, ratifica la continuidad de su plan de lucha por nuestros salarios y presupuesto universitario\u201d y convoc\u00f3 a toda la comunidad universitaria a sumarse y a la ciudadan\u00eda a apoyar al sector porque sin salarios dignos no hay universidad p\u00fablica.<\/p>\n\n\n\n<p>Por su parte, la Federaci\u00f3n Argentina del Trabajador de las Universidades Nacionales ratific\u00f3 su desconformidad con la propuesta salarial, manifestando que la misma no logra cubrir la p\u00e9rdida del poder adquisitivo generada por los \u00edndices de inflaci\u00f3n publicados por el propio gobierno.<\/p>\n","protected":false},"excerpt":{"rendered":"<p>El anuncio de aumento es una \u00abmaniobra del gobierno\u00bb que revela \u00abel impacto del plan de lucha\u00bb, advirtieron desde la Federaci\u00f3n Nacional de Docentes Universitarios (Conadu) y confirmaron la continuidad de las acciones, con paros rotativos de 48 horas y una nueva Marcha Federal, la tercera, a fines de agosto. \u201cVamos a sostener las medidas, [&hellip;]<\/p>\n","protected":false},"author":4,"featured_media":4107,"comment_status":"open","ping_status":"open","sticky":false,"template":"","format":"standard","meta":{"footnotes":""},"categories":[18],"tags":[],"class_list":{"0":"post-4106","1":"post","2":"type-post","3":"status-publish","4":"format-standard","5":"has-post-thumbnail","7":"category-nacionales"},"yoast_head":"<!-- This site is optimized with the Yoast SEO plugin v27.4 - https:\/\/yoast.com\/product\/yoast-seo-wordpress\/ -->\n<title>Docentes universitarios del pa\u00eds desmienten suba salarial y ratifican plan de lucha - Diario del Sur<\/title>\n<meta name=\"robots\" content=\"index, follow, max-snippet:-1, max-image-preview:large, max-video-preview:-1\" \/>\n<link rel=\"canonical\" href=\"https:\/\/diariodelsurdigital.com.ar\/?p=4106\" \/>\n<meta property=\"og:locale\" content=\"es_ES\" \/>\n<meta property=\"og:type\" content=\"article\" \/>\n<meta property=\"og:title\" content=\"Docentes universitarios del pa\u00eds desmienten suba salarial y ratifican plan de lucha - Diario del Sur\" \/>\n<meta property=\"og:description\" content=\"El anuncio de aumento es una \u00abmaniobra del gobierno\u00bb que revela \u00abel impacto del plan de lucha\u00bb, advirtieron desde la Federaci\u00f3n Nacional de Docentes Universitarios (Conadu) y confirmaron la continuidad de las acciones, con paros rotativos de 48 horas y una nueva Marcha Federal, la tercera, a fines de agosto. \u201cVamos a sostener las medidas, [&hellip;]\" \/>\n<meta property=\"og:url\" content=\"https:\/\/diariodelsurdigital.com.ar\/?p=4106\" \/>\n<meta property=\"og:site_name\" content=\"Diario del Sur\" \/>\n<meta property=\"article:published_time\" content=\"2025-08-14T12:32:04+00:00\" \/>\n<meta property=\"article:modified_time\" content=\"2025-08-14T12:32:05+00:00\" \/>\n<meta property=\"og:image\" content=\"https:\/\/diariodelsurdigital.com.ar\/wp-content\/uploads\/2025\/08\/md-19.webp\" \/>\n\t<meta property=\"og:image:width\" content=\"992\" \/>\n\t<meta property=\"og:image:height\" content=\"564\" \/>\n\t<meta property=\"og:image:type\" content=\"image\/webp\" \/>\n<meta name=\"author\" content=\"Diario del Sur Digital\" \/>\n<meta name=\"twitter:card\" content=\"summary_large_image\" \/>\n<meta name=\"twitter:label1\" content=\"Escrito por\" \/>\n\t<meta name=\"twitter:data1\" content=\"Diario del Sur Digital\" \/>\n\t<meta name=\"twitter:label2\" content=\"Tiempo de lectura\" \/>\n\t<meta name=\"twitter:data2\" content=\"4 minutos\" \/>\n<script type=\"application\/ld+json\" class=\"yoast-schema-graph\">{\"@context\":\"https:\\\/\\\/schema.org\",\"@graph\":[{\"@type\":\"Article\",\"@id\":\"https:\\\/\\\/diariodelsurdigital.com.ar\\\/?p=4106#article\",\"isPartOf\":{\"@id\":\"https:\\\/\\\/diariodelsurdigital.com.ar\\\/?p=4106\"},\"author\":{\"name\":\"Diario del Sur Digital\",\"@id\":\"https:\\\/\\\/diariodelsurdigital.com.ar\\\/#\\\/schema\\\/person\\\/1a4992532ed62965c968031b49195c81\"},\"headline\":\"Docentes universitarios del pa\u00eds desmienten suba salarial y ratifican plan de lucha\",\"datePublished\":\"2025-08-14T12:32:04+00:00\",\"dateModified\":\"2025-08-14T12:32:05+00:00\",\"mainEntityOfPage\":{\"@id\":\"https:\\\/\\\/diariodelsurdigital.com.ar\\\/?p=4106\"},\"wordCount\":709,\"commentCount\":0,\"image\":{\"@id\":\"https:\\\/\\\/diariodelsurdigital.com.ar\\\/?p=4106#primaryimage\"},\"thumbnailUrl\":\"https:\\\/\\\/diariodelsurdigital.com.ar\\\/wp-content\\\/uploads\\\/2025\\\/08\\\/md-19.webp\",\"articleSection\":[\"Nacionales\"],\"inLanguage\":\"es\",\"potentialAction\":[{\"@type\":\"CommentAction\",\"name\":\"Comment\",\"target\":[\"https:\\\/\\\/diariodelsurdigital.com.ar\\\/?p=4106#respond\"]}]},{\"@type\":\"WebPage\",\"@id\":\"https:\\\/\\\/diariodelsurdigital.com.ar\\\/?p=4106\",\"url\":\"https:\\\/\\\/diariodelsurdigital.com.ar\\\/?p=4106\",\"name\":\"Docentes universitarios del pa\u00eds desmienten suba salarial y ratifican plan de lucha - Diario del Sur\",\"isPartOf\":{\"@id\":\"https:\\\/\\\/diariodelsurdigital.com.ar\\\/#website\"},\"primaryImageOfPage\":{\"@id\":\"https:\\\/\\\/diariodelsurdigital.com.ar\\\/?p=4106#primaryimage\"},\"image\":{\"@id\":\"https:\\\/\\\/diariodelsurdigital.com.ar\\\/?p=4106#primaryimage\"},\"thumbnailUrl\":\"https:\\\/\\\/diariodelsurdigital.com.ar\\\/wp-content\\\/uploads\\\/2025\\\/08\\\/md-19.webp\",\"datePublished\":\"2025-08-14T12:32:04+00:00\",\"dateModified\":\"2025-08-14T12:32:05+00:00\",\"author\":{\"@id\":\"https:\\\/\\\/diariodelsurdigital.com.ar\\\/#\\\/schema\\\/person\\\/1a4992532ed62965c968031b49195c81\"},\"breadcrumb\":{\"@id\":\"https:\\\/\\\/diariodelsurdigital.com.ar\\\/?p=4106#breadcrumb\"},\"inLanguage\":\"es\",\"potentialAction\":[{\"@type\":\"ReadAction\",\"target\":[\"https:\\\/\\\/diariodelsurdigital.com.ar\\\/?p=4106\"]}]},{\"@type\":\"ImageObject\",\"inLanguage\":\"es\",\"@id\":\"https:\\\/\\\/diariodelsurdigital.com.ar\\\/?p=4106#primaryimage\",\"url\":\"https:\\\/\\\/diariodelsurdigital.com.ar\\\/wp-content\\\/uploads\\\/2025\\\/08\\\/md-19.webp\",\"contentUrl\":\"https:\\\/\\\/diariodelsurdigital.com.ar\\\/wp-content\\\/uploads\\\/2025\\\/08\\\/md-19.webp\",\"width\":992,\"height\":564},{\"@type\":\"BreadcrumbList\",\"@id\":\"https:\\\/\\\/diariodelsurdigital.com.ar\\\/?p=4106#breadcrumb\",\"itemListElement\":[{\"@type\":\"ListItem\",\"position\":1,\"name\":\"Portada\",\"item\":\"https:\\\/\\\/diariodelsurdigital.com.ar\\\/\"},{\"@type\":\"ListItem\",\"position\":2,\"name\":\"Docentes universitarios del pa\u00eds desmienten suba salarial y ratifican plan de lucha\"}]},{\"@type\":\"WebSite\",\"@id\":\"https:\\\/\\\/diariodelsurdigital.com.ar\\\/#website\",\"url\":\"https:\\\/\\\/diariodelsurdigital.com.ar\\\/\",\"name\":\"Diario del Sur\",\"description\":\"Digital\",\"potentialAction\":[{\"@type\":\"SearchAction\",\"target\":{\"@type\":\"EntryPoint\",\"urlTemplate\":\"https:\\\/\\\/diariodelsurdigital.com.ar\\\/?s={search_term_string}\"},\"query-input\":{\"@type\":\"PropertyValueSpecification\",\"valueRequired\":true,\"valueName\":\"search_term_string\"}}],\"inLanguage\":\"es\"},{\"@type\":\"Person\",\"@id\":\"https:\\\/\\\/diariodelsurdigital.com.ar\\\/#\\\/schema\\\/person\\\/1a4992532ed62965c968031b49195c81\",\"name\":\"Diario del Sur Digital\",\"image\":{\"@type\":\"ImageObject\",\"inLanguage\":\"es\",\"@id\":\"https:\\\/\\\/secure.gravatar.com\\\/avatar\\\/f0c7c47fc7146d19828273b9b8eda651c9c7ab583767e6338d3d3bee825adf76?s=96&d=mm&r=g\",\"url\":\"https:\\\/\\\/secure.gravatar.com\\\/avatar\\\/f0c7c47fc7146d19828273b9b8eda651c9c7ab583767e6338d3d3bee825adf76?s=96&d=mm&r=g\",\"contentUrl\":\"https:\\\/\\\/secure.gravatar.com\\\/avatar\\\/f0c7c47fc7146d19828273b9b8eda651c9c7ab583767e6338d3d3bee825adf76?s=96&d=mm&r=g\",\"caption\":\"Diario del Sur Digital\"},\"url\":\"https:\\\/\\\/diariodelsurdigital.com.ar\\\/?author=4\"}]}<\/script>\n<!-- \/ Yoast SEO plugin. -->","yoast_head_json":{"title":"Docentes universitarios del pa\u00eds desmienten suba salarial y ratifican plan de lucha - Diario del Sur","robots":{"index":"index","follow":"follow","max-snippet":"max-snippet:-1","max-image-preview":"max-image-preview:large","max-video-preview":"max-video-preview:-1"},"canonical":"https:\/\/diariodelsurdigital.com.ar\/?p=4106","og_locale":"es_ES","og_type":"article","og_title":"Docentes universitarios del pa\u00eds desmienten suba salarial y ratifican plan de lucha - Diario del Sur","og_description":"El anuncio de aumento es una \u00abmaniobra del gobierno\u00bb que revela \u00abel impacto del plan de lucha\u00bb, advirtieron desde la Federaci\u00f3n Nacional de Docentes Universitarios (Conadu) y confirmaron la continuidad de las acciones, con paros rotativos de 48 horas y una nueva Marcha Federal, la tercera, a fines de agosto. \u201cVamos a sostener las medidas, [&hellip;]","og_url":"https:\/\/diariodelsurdigital.com.ar\/?p=4106","og_site_name":"Diario del Sur","article_published_time":"2025-08-14T12:32:04+00:00","article_modified_time":"2025-08-14T12:32:05+00:00","og_image":[{"width":992,"height":564,"url":"https:\/\/diariodelsurdigital.com.ar\/wp-content\/uploads\/2025\/08\/md-19.webp","type":"image\/webp"}],"author":"Diario del Sur Digital","twitter_card":"summary_large_image","twitter_misc":{"Escrito por":"Diario del Sur Digital","Tiempo de lectura":"4 minutos"},"schema":{"@context":"https:\/\/schema.org","@graph":[{"@type":"Article","@id":"https:\/\/diariodelsurdigital.com.ar\/?p=4106#article","isPartOf":{"@id":"https:\/\/diariodelsurdigital.com.ar\/?p=4106"},"author":{"name":"Diario del Sur Digital","@id":"https:\/\/diariodelsurdigital.com.ar\/#\/schema\/person\/1a4992532ed62965c968031b49195c81"},"headline":"Docentes universitarios del pa\u00eds desmienten suba salarial y ratifican plan de lucha","datePublished":"2025-08-14T12:32:04+00:00","dateModified":"2025-08-14T12:32:05+00:00","mainEntityOfPage":{"@id":"https:\/\/diariodelsurdigital.com.ar\/?p=4106"},"wordCount":709,"commentCount":0,"image":{"@id":"https:\/\/diariodelsurdigital.com.ar\/?p=4106#primaryimage"},"thumbnailUrl":"https:\/\/diariodelsurdigital.com.ar\/wp-content\/uploads\/2025\/08\/md-19.webp","articleSection":["Nacionales"],"inLanguage":"es","potentialAction":[{"@type":"CommentAction","name":"Comment","target":["https:\/\/diariodelsurdigital.com.ar\/?p=4106#respond"]}]},{"@type":"WebPage","@id":"https:\/\/diariodelsurdigital.com.ar\/?p=4106","url":"https:\/\/diariodelsurdigital.com.ar\/?p=4106","name":"Docentes universitarios del pa\u00eds desmienten suba salarial y ratifican plan de lucha - Diario del Sur","isPartOf":{"@id":"https:\/\/diariodelsurdigital.com.ar\/#website"},"primaryImageOfPage":{"@id":"https:\/\/diariodelsurdigital.com.ar\/?p=4106#primaryimage"},"image":{"@id":"https:\/\/diariodelsurdigital.com.ar\/?p=4106#primaryimage"},"thumbnailUrl":"https:\/\/diariodelsurdigital.com.ar\/wp-content\/uploads\/2025\/08\/md-19.webp","datePublished":"2025-08-14T12:32:04+00:00","dateModified":"2025-08-14T12:32:05+00:00","author":{"@id":"https:\/\/diariodelsurdigital.com.ar\/#\/schema\/person\/1a4992532ed62965c968031b49195c81"},"breadcrumb":{"@id":"https:\/\/diariodelsurdigital.com.ar\/?p=4106#breadcrumb"},"inLanguage":"es","potentialAction":[{"@type":"ReadAction","target":["https:\/\/diariodelsurdigital.com.ar\/?p=4106"]}]},{"@type":"ImageObject","inLanguage":"es","@id":"https:\/\/diariodelsurdigital.com.ar\/?p=4106#primaryimage","url":"https:\/\/diariodelsurdigital.com.ar\/wp-content\/uploads\/2025\/08\/md-19.webp","contentUrl":"https:\/\/diariodelsurdigital.com.ar\/wp-content\/uploads\/2025\/08\/md-19.webp","width":992,"height":564},{"@type":"BreadcrumbList","@id":"https:\/\/diariodelsurdigital.com.ar\/?p=4106#breadcrumb","itemListElement":[{"@type":"ListItem","position":1,"name":"Portada","item":"https:\/\/diariodelsurdigital.com.ar\/"},{"@type":"ListItem","position":2,"name":"Docentes universitarios del pa\u00eds desmienten suba salarial y ratifican plan de lucha"}]},{"@type":"WebSite","@id":"https:\/\/diariodelsurdigital.com.ar\/#website","url":"https:\/\/diariodelsurdigital.com.ar\/","name":"Diario del Sur","description":"Digital","potentialAction":[{"@type":"SearchAction","target":{"@type":"EntryPoint","urlTemplate":"https:\/\/diariodelsurdigital.com.ar\/?s={search_term_string}"},"query-input":{"@type":"PropertyValueSpecification","valueRequired":true,"valueName":"search_term_string"}}],"inLanguage":"es"},{"@type":"Person","@id":"https:\/\/diariodelsurdigital.com.ar\/#\/schema\/person\/1a4992532ed62965c968031b49195c81","name":"Diario del Sur Digital","image":{"@type":"ImageObject","inLanguage":"es","@id":"https:\/\/secure.gravatar.com\/avatar\/f0c7c47fc7146d19828273b9b8eda651c9c7ab583767e6338d3d3bee825adf76?s=96&d=mm&r=g","url":"https:\/\/secure.gravatar.com\/avatar\/f0c7c47fc7146d19828273b9b8eda651c9c7ab583767e6338d3d3bee825adf76?s=96&d=mm&r=g","contentUrl":"https:\/\/secure.gravatar.com\/avatar\/f0c7c47fc7146d19828273b9b8eda651c9c7ab583767e6338d3d3bee825adf76?s=96&d=mm&r=g","caption":"Diario del Sur Digital"},"url":"https:\/\/diariodelsurdigital.com.ar\/?author=4"}]}},"_links":{"self":[{"href":"https:\/\/diariodelsurdigital.com.ar\/index.php?rest_route=\/wp\/v2\/posts\/4106","targetHints":{"allow":["GET"]}}],"collection":[{"href":"https:\/\/diariodelsurdigital.com.ar\/index.php?rest_route=\/wp\/v2\/posts"}],"about":[{"href":"https:\/\/diariodelsurdigital.com.ar\/index.php?rest_route=\/wp\/v2\/types\/post"}],"author":[{"embeddable":true,"href":"https:\/\/diariodelsurdigital.com.ar\/index.php?rest_route=\/wp\/v2\/users\/4"}],"replies":[{"embeddable":true,"href":"https:\/\/diariodelsurdigital.com.ar\/index.php?rest_route=%2Fwp%2Fv2%2Fcomments&post=4106"}],"version-history":[{"count":1,"href":"https:\/\/diariodelsurdigital.com.ar\/index.php?rest_route=\/wp\/v2\/posts\/4106\/revisions"}],"predecessor-version":[{"id":4108,"href":"https:\/\/diariodelsurdigital.com.ar\/index.php?rest_route=\/wp\/v2\/posts\/4106\/revisions\/4108"}],"wp:featuredmedia":[{"embeddable":true,"href":"https:\/\/diariodelsurdigital.com.ar\/index.php?rest_route=\/wp\/v2\/media\/4107"}],"wp:attachment":[{"href":"https:\/\/diariodelsurdigital.com.ar\/index.php?rest_route=%2Fwp%2Fv2%2Fmedia&parent=4106"}],"wp:term":[{"taxonomy":"category","embeddable":true,"href":"https:\/\/diariodelsurdigital.com.ar\/index.php?rest_route=%2Fwp%2Fv2%2Fcategories&post=4106"},{"taxonomy":"post_tag","embeddable":true,"href":"https:\/\/diariodelsurdigital.com.ar\/index.php?rest_route=%2Fwp%2Fv2%2Ftags&post=4106"}],"curies":[{"name":"wp","href":"https:\/\/api.w.org\/{rel}","templated":true}]}}