{"id":4109,"date":"2025-08-14T09:34:23","date_gmt":"2025-08-14T12:34:23","guid":{"rendered":"https:\/\/diariodelsurdigital.com.ar\/?p=4109"},"modified":"2025-08-14T09:34:25","modified_gmt":"2025-08-14T12:34:25","slug":"la-comision-provincial-de-turismo-definio-una-agenda-de-trabajo-que-incluye-eventos-productos-y-promociones","status":"publish","type":"post","link":"https:\/\/diariodelsurdigital.com.ar\/?p=4109","title":{"rendered":"La Comisi\u00f3n Provincial de Turismo defini\u00f3 una agenda de trabajo que incluye eventos, productos y promociones"},"content":{"rendered":"\n<p>Con la participaci\u00f3n de m\u00e1s de 40 referentes del sector p\u00fablico tur\u00edstico entrerriano, se realiz\u00f3 un encuentro virtual preparatorio para la reuni\u00f3n formal que se llevar\u00e1 a cabo el viernes 29 de agosto en Villa Clara, Microrregi\u00f3n Rincones del Centro. El temario qued\u00f3 abierto a propuestas de los municipios para enriquecer la agenda de trabajo.<\/p>\n\n\n\n<p>La Secretar\u00eda de Turismo de Entre R\u00edos, dependiente de la Secretar\u00eda General de la Gobernaci\u00f3n, convoc\u00f3 a una reuni\u00f3n virtual de la Comisi\u00f3n Provincial de Turismo (Coprotur), integrada por representantes de los municipios tur\u00edsticos de la provincia. La instancia tuvo como objetivo definir y ajustar la agenda de temas que se tratar\u00e1n en el pr\u00f3ximo encuentro presencial, previsto para el viernes 29 de agosto en la localidad de Villa Clara, Microrregi\u00f3n Rincones del Centro Entrerriano.<\/p>\n\n\n\n<p>Entre las tem\u00e1ticas a conversar, el secretario de Turismo, Jorge Satto, resalt\u00f3 la proximidad de la Feria Internacional de Turismo (FIT 2025), que se realizar\u00e1 del 27 al 30 de septiembre, y la importancia de la participaci\u00f3n provincial: \u00abTendremos un stand muy poderoso, de 300 metros de superficie en muy buena ubicaci\u00f3n. Preparemos las mejores galas para poder mostrarnos\u00bb.<\/p>\n\n\n\n<p>En este sentido, Satto destac\u00f3 el fortalecimiento de herramientas promocionales como el Pasaporte Entre R\u00edos y la campa\u00f1a Modo Carpincho: \u00abPasaporte es una propuesta de promoci\u00f3n ligada fuertemente a la marca Entre R\u00edos y al Modo Carpincho, que viene muy bien. La idea es que se convierta en un envase que contenga todo el territorio, todos los destinos y productos. Queremos crecer no solo en adherentes, sino tambi\u00e9n en contenido\u00bb.<\/p>\n\n\n\n<p>A su turno, el coordinador de Microrregiones, Mart\u00edn Di Mario, remarc\u00f3 la importancia de \u00abseguir tendiendo redes y fortaleciendo la vinculaci\u00f3n entre municipios para el desarrollo de propuestas, la diversificaci\u00f3n de productos y la promoci\u00f3n de regiones tur\u00edsticas\u00bb. Mientras que el director de Competitividad, Incentivo e Inversiones, Mart\u00edn Lima, inform\u00f3 la puesta en marcha de una prueba piloto de la plataforma estad\u00edstica del Observatorio Tur\u00edstico; dio cuenta de los avances del R\u00e9gimen de Incentivo a las Nuevas Inversiones (RINI) y de la implementaci\u00f3n de la plataforma de fiscalizaci\u00f3n, que incorpora sugerencias realizadas por los municipios.<\/p>\n\n\n\n<p>\u00abTenemos que generar herramientas de promoci\u00f3n, beneficios y estrategias para seducir al visitante, afrontar el contexto y posicionar a Entre R\u00edos en los primeros lugares de las opciones elegibles\u00bb, enfatiz\u00f3 por su parte el director General de Turismo, Sebasti\u00e1n Bel e inst\u00f3 a los representantes de las localidades tur\u00edsticas a presentar propuestas para ser incluidas en el orden del d\u00eda de la reuni\u00f3n presencial.<\/p>\n\n\n\n<p>Para concluir, Satto reafirm\u00f3 que el trabajo conjunto y la articulaci\u00f3n con otros organismos provinciales y municipales son claves para seguir potenciando la actividad tur\u00edstica entrerriana.<\/p>\n","protected":false},"excerpt":{"rendered":"<p>Con la participaci\u00f3n de m\u00e1s de 40 referentes del sector p\u00fablico tur\u00edstico entrerriano, se realiz\u00f3 un encuentro virtual preparatorio para la reuni\u00f3n formal que se llevar\u00e1 a cabo el viernes 29 de agosto en Villa Clara, Microrregi\u00f3n Rincones del Centro. El temario qued\u00f3 abierto a propuestas de los municipios para enriquecer la agenda de trabajo. [&hellip;]<\/p>\n","protected":false},"author":4,"featured_media":4110,"comment_status":"open","ping_status":"open","sticky":false,"template":"","format":"standard","meta":{"footnotes":""},"categories":[17],"tags":[],"class_list":{"0":"post-4109","1":"post","2":"type-post","3":"status-publish","4":"format-standard","5":"has-post-thumbnail","7":"category-provinciales"},"yoast_head":"<!-- This site is optimized with the Yoast SEO plugin v27.4 - https:\/\/yoast.com\/product\/yoast-seo-wordpress\/ -->\n<title>La Comisi\u00f3n Provincial de Turismo defini\u00f3 una agenda de trabajo que incluye eventos, productos y promociones - Diario del Sur<\/title>\n<meta name=\"robots\" content=\"index, follow, max-snippet:-1, max-image-preview:large, max-video-preview:-1\" \/>\n<link rel=\"canonical\" href=\"https:\/\/diariodelsurdigital.com.ar\/?p=4109\" \/>\n<meta property=\"og:locale\" content=\"es_ES\" \/>\n<meta property=\"og:type\" content=\"article\" \/>\n<meta property=\"og:title\" content=\"La Comisi\u00f3n Provincial de Turismo defini\u00f3 una agenda de trabajo que incluye eventos, productos y promociones - Diario del Sur\" \/>\n<meta property=\"og:description\" content=\"Con la participaci\u00f3n de m\u00e1s de 40 referentes del sector p\u00fablico tur\u00edstico entrerriano, se realiz\u00f3 un encuentro virtual preparatorio para la reuni\u00f3n formal que se llevar\u00e1 a cabo el viernes 29 de agosto en Villa Clara, Microrregi\u00f3n Rincones del Centro. El temario qued\u00f3 abierto a propuestas de los municipios para enriquecer la agenda de trabajo. [&hellip;]\" \/>\n<meta property=\"og:url\" content=\"https:\/\/diariodelsurdigital.com.ar\/?p=4109\" \/>\n<meta property=\"og:site_name\" content=\"Diario del Sur\" \/>\n<meta property=\"article:published_time\" content=\"2025-08-14T12:34:23+00:00\" \/>\n<meta property=\"article:modified_time\" content=\"2025-08-14T12:34:25+00:00\" \/>\n<meta property=\"og:image\" content=\"https:\/\/diariodelsurdigital.com.ar\/wp-content\/uploads\/2025\/08\/md-20.webp\" \/>\n\t<meta property=\"og:image:width\" content=\"992\" \/>\n\t<meta property=\"og:image:height\" content=\"661\" \/>\n\t<meta property=\"og:image:type\" content=\"image\/webp\" \/>\n<meta name=\"author\" content=\"Diario del Sur Digital\" \/>\n<meta name=\"twitter:card\" content=\"summary_large_image\" \/>\n<meta name=\"twitter:label1\" content=\"Escrito por\" \/>\n\t<meta name=\"twitter:data1\" content=\"Diario del Sur Digital\" \/>\n\t<meta name=\"twitter:label2\" content=\"Tiempo de lectura\" \/>\n\t<meta name=\"twitter:data2\" content=\"3 minutos\" \/>\n<script type=\"application\/ld+json\" class=\"yoast-schema-graph\">{\"@context\":\"https:\\\/\\\/schema.org\",\"@graph\":[{\"@type\":\"Article\",\"@id\":\"https:\\\/\\\/diariodelsurdigital.com.ar\\\/?p=4109#article\",\"isPartOf\":{\"@id\":\"https:\\\/\\\/diariodelsurdigital.com.ar\\\/?p=4109\"},\"author\":{\"name\":\"Diario del Sur Digital\",\"@id\":\"https:\\\/\\\/diariodelsurdigital.com.ar\\\/#\\\/schema\\\/person\\\/1a4992532ed62965c968031b49195c81\"},\"headline\":\"La Comisi\u00f3n Provincial de Turismo defini\u00f3 una agenda de trabajo que incluye eventos, productos y promociones\",\"datePublished\":\"2025-08-14T12:34:23+00:00\",\"dateModified\":\"2025-08-14T12:34:25+00:00\",\"mainEntityOfPage\":{\"@id\":\"https:\\\/\\\/diariodelsurdigital.com.ar\\\/?p=4109\"},\"wordCount\":497,\"commentCount\":0,\"image\":{\"@id\":\"https:\\\/\\\/diariodelsurdigital.com.ar\\\/?p=4109#primaryimage\"},\"thumbnailUrl\":\"https:\\\/\\\/diariodelsurdigital.com.ar\\\/wp-content\\\/uploads\\\/2025\\\/08\\\/md-20.webp\",\"articleSection\":[\"Provinciales\"],\"inLanguage\":\"es\",\"potentialAction\":[{\"@type\":\"CommentAction\",\"name\":\"Comment\",\"target\":[\"https:\\\/\\\/diariodelsurdigital.com.ar\\\/?p=4109#respond\"]}]},{\"@type\":\"WebPage\",\"@id\":\"https:\\\/\\\/diariodelsurdigital.com.ar\\\/?p=4109\",\"url\":\"https:\\\/\\\/diariodelsurdigital.com.ar\\\/?p=4109\",\"name\":\"La Comisi\u00f3n Provincial de Turismo defini\u00f3 una agenda de trabajo que incluye eventos, productos y promociones - Diario del Sur\",\"isPartOf\":{\"@id\":\"https:\\\/\\\/diariodelsurdigital.com.ar\\\/#website\"},\"primaryImageOfPage\":{\"@id\":\"https:\\\/\\\/diariodelsurdigital.com.ar\\\/?p=4109#primaryimage\"},\"image\":{\"@id\":\"https:\\\/\\\/diariodelsurdigital.com.ar\\\/?p=4109#primaryimage\"},\"thumbnailUrl\":\"https:\\\/\\\/diariodelsurdigital.com.ar\\\/wp-content\\\/uploads\\\/2025\\\/08\\\/md-20.webp\",\"datePublished\":\"2025-08-14T12:34:23+00:00\",\"dateModified\":\"2025-08-14T12:34:25+00:00\",\"author\":{\"@id\":\"https:\\\/\\\/diariodelsurdigital.com.ar\\\/#\\\/schema\\\/person\\\/1a4992532ed62965c968031b49195c81\"},\"breadcrumb\":{\"@id\":\"https:\\\/\\\/diariodelsurdigital.com.ar\\\/?p=4109#breadcrumb\"},\"inLanguage\":\"es\",\"potentialAction\":[{\"@type\":\"ReadAction\",\"target\":[\"https:\\\/\\\/diariodelsurdigital.com.ar\\\/?p=4109\"]}]},{\"@type\":\"ImageObject\",\"inLanguage\":\"es\",\"@id\":\"https:\\\/\\\/diariodelsurdigital.com.ar\\\/?p=4109#primaryimage\",\"url\":\"https:\\\/\\\/diariodelsurdigital.com.ar\\\/wp-content\\\/uploads\\\/2025\\\/08\\\/md-20.webp\",\"contentUrl\":\"https:\\\/\\\/diariodelsurdigital.com.ar\\\/wp-content\\\/uploads\\\/2025\\\/08\\\/md-20.webp\",\"width\":992,\"height\":661},{\"@type\":\"BreadcrumbList\",\"@id\":\"https:\\\/\\\/diariodelsurdigital.com.ar\\\/?p=4109#breadcrumb\",\"itemListElement\":[{\"@type\":\"ListItem\",\"position\":1,\"name\":\"Portada\",\"item\":\"https:\\\/\\\/diariodelsurdigital.com.ar\\\/\"},{\"@type\":\"ListItem\",\"position\":2,\"name\":\"La Comisi\u00f3n Provincial de Turismo defini\u00f3 una agenda de trabajo que incluye eventos, productos y promociones\"}]},{\"@type\":\"WebSite\",\"@id\":\"https:\\\/\\\/diariodelsurdigital.com.ar\\\/#website\",\"url\":\"https:\\\/\\\/diariodelsurdigital.com.ar\\\/\",\"name\":\"Diario del Sur\",\"description\":\"Digital\",\"potentialAction\":[{\"@type\":\"SearchAction\",\"target\":{\"@type\":\"EntryPoint\",\"urlTemplate\":\"https:\\\/\\\/diariodelsurdigital.com.ar\\\/?s={search_term_string}\"},\"query-input\":{\"@type\":\"PropertyValueSpecification\",\"valueRequired\":true,\"valueName\":\"search_term_string\"}}],\"inLanguage\":\"es\"},{\"@type\":\"Person\",\"@id\":\"https:\\\/\\\/diariodelsurdigital.com.ar\\\/#\\\/schema\\\/person\\\/1a4992532ed62965c968031b49195c81\",\"name\":\"Diario del Sur Digital\",\"image\":{\"@type\":\"ImageObject\",\"inLanguage\":\"es\",\"@id\":\"https:\\\/\\\/secure.gravatar.com\\\/avatar\\\/f0c7c47fc7146d19828273b9b8eda651c9c7ab583767e6338d3d3bee825adf76?s=96&d=mm&r=g\",\"url\":\"https:\\\/\\\/secure.gravatar.com\\\/avatar\\\/f0c7c47fc7146d19828273b9b8eda651c9c7ab583767e6338d3d3bee825adf76?s=96&d=mm&r=g\",\"contentUrl\":\"https:\\\/\\\/secure.gravatar.com\\\/avatar\\\/f0c7c47fc7146d19828273b9b8eda651c9c7ab583767e6338d3d3bee825adf76?s=96&d=mm&r=g\",\"caption\":\"Diario del Sur Digital\"},\"url\":\"https:\\\/\\\/diariodelsurdigital.com.ar\\\/?author=4\"}]}<\/script>\n<!-- \/ Yoast SEO plugin. -->","yoast_head_json":{"title":"La Comisi\u00f3n Provincial de Turismo defini\u00f3 una agenda de trabajo que incluye eventos, productos y promociones - Diario del Sur","robots":{"index":"index","follow":"follow","max-snippet":"max-snippet:-1","max-image-preview":"max-image-preview:large","max-video-preview":"max-video-preview:-1"},"canonical":"https:\/\/diariodelsurdigital.com.ar\/?p=4109","og_locale":"es_ES","og_type":"article","og_title":"La Comisi\u00f3n Provincial de Turismo defini\u00f3 una agenda de trabajo que incluye eventos, productos y promociones - Diario del Sur","og_description":"Con la participaci\u00f3n de m\u00e1s de 40 referentes del sector p\u00fablico tur\u00edstico entrerriano, se realiz\u00f3 un encuentro virtual preparatorio para la reuni\u00f3n formal que se llevar\u00e1 a cabo el viernes 29 de agosto en Villa Clara, Microrregi\u00f3n Rincones del Centro. El temario qued\u00f3 abierto a propuestas de los municipios para enriquecer la agenda de trabajo. [&hellip;]","og_url":"https:\/\/diariodelsurdigital.com.ar\/?p=4109","og_site_name":"Diario del Sur","article_published_time":"2025-08-14T12:34:23+00:00","article_modified_time":"2025-08-14T12:34:25+00:00","og_image":[{"width":992,"height":661,"url":"https:\/\/diariodelsurdigital.com.ar\/wp-content\/uploads\/2025\/08\/md-20.webp","type":"image\/webp"}],"author":"Diario del Sur Digital","twitter_card":"summary_large_image","twitter_misc":{"Escrito por":"Diario del Sur Digital","Tiempo de lectura":"3 minutos"},"schema":{"@context":"https:\/\/schema.org","@graph":[{"@type":"Article","@id":"https:\/\/diariodelsurdigital.com.ar\/?p=4109#article","isPartOf":{"@id":"https:\/\/diariodelsurdigital.com.ar\/?p=4109"},"author":{"name":"Diario del Sur Digital","@id":"https:\/\/diariodelsurdigital.com.ar\/#\/schema\/person\/1a4992532ed62965c968031b49195c81"},"headline":"La Comisi\u00f3n Provincial de Turismo defini\u00f3 una agenda de trabajo que incluye eventos, productos y promociones","datePublished":"2025-08-14T12:34:23+00:00","dateModified":"2025-08-14T12:34:25+00:00","mainEntityOfPage":{"@id":"https:\/\/diariodelsurdigital.com.ar\/?p=4109"},"wordCount":497,"commentCount":0,"image":{"@id":"https:\/\/diariodelsurdigital.com.ar\/?p=4109#primaryimage"},"thumbnailUrl":"https:\/\/diariodelsurdigital.com.ar\/wp-content\/uploads\/2025\/08\/md-20.webp","articleSection":["Provinciales"],"inLanguage":"es","potentialAction":[{"@type":"CommentAction","name":"Comment","target":["https:\/\/diariodelsurdigital.com.ar\/?p=4109#respond"]}]},{"@type":"WebPage","@id":"https:\/\/diariodelsurdigital.com.ar\/?p=4109","url":"https:\/\/diariodelsurdigital.com.ar\/?p=4109","name":"La Comisi\u00f3n Provincial de Turismo defini\u00f3 una agenda de trabajo que incluye eventos, productos y promociones - Diario del Sur","isPartOf":{"@id":"https:\/\/diariodelsurdigital.com.ar\/#website"},"primaryImageOfPage":{"@id":"https:\/\/diariodelsurdigital.com.ar\/?p=4109#primaryimage"},"image":{"@id":"https:\/\/diariodelsurdigital.com.ar\/?p=4109#primaryimage"},"thumbnailUrl":"https:\/\/diariodelsurdigital.com.ar\/wp-content\/uploads\/2025\/08\/md-20.webp","datePublished":"2025-08-14T12:34:23+00:00","dateModified":"2025-08-14T12:34:25+00:00","author":{"@id":"https:\/\/diariodelsurdigital.com.ar\/#\/schema\/person\/1a4992532ed62965c968031b49195c81"},"breadcrumb":{"@id":"https:\/\/diariodelsurdigital.com.ar\/?p=4109#breadcrumb"},"inLanguage":"es","potentialAction":[{"@type":"ReadAction","target":["https:\/\/diariodelsurdigital.com.ar\/?p=4109"]}]},{"@type":"ImageObject","inLanguage":"es","@id":"https:\/\/diariodelsurdigital.com.ar\/?p=4109#primaryimage","url":"https:\/\/diariodelsurdigital.com.ar\/wp-content\/uploads\/2025\/08\/md-20.webp","contentUrl":"https:\/\/diariodelsurdigital.com.ar\/wp-content\/uploads\/2025\/08\/md-20.webp","width":992,"height":661},{"@type":"BreadcrumbList","@id":"https:\/\/diariodelsurdigital.com.ar\/?p=4109#breadcrumb","itemListElement":[{"@type":"ListItem","position":1,"name":"Portada","item":"https:\/\/diariodelsurdigital.com.ar\/"},{"@type":"ListItem","position":2,"name":"La Comisi\u00f3n Provincial de Turismo defini\u00f3 una agenda de trabajo que incluye eventos, productos y promociones"}]},{"@type":"WebSite","@id":"https:\/\/diariodelsurdigital.com.ar\/#website","url":"https:\/\/diariodelsurdigital.com.ar\/","name":"Diario del Sur","description":"Digital","potentialAction":[{"@type":"SearchAction","target":{"@type":"EntryPoint","urlTemplate":"https:\/\/diariodelsurdigital.com.ar\/?s={search_term_string}"},"query-input":{"@type":"PropertyValueSpecification","valueRequired":true,"valueName":"search_term_string"}}],"inLanguage":"es"},{"@type":"Person","@id":"https:\/\/diariodelsurdigital.com.ar\/#\/schema\/person\/1a4992532ed62965c968031b49195c81","name":"Diario del Sur Digital","image":{"@type":"ImageObject","inLanguage":"es","@id":"https:\/\/secure.gravatar.com\/avatar\/f0c7c47fc7146d19828273b9b8eda651c9c7ab583767e6338d3d3bee825adf76?s=96&d=mm&r=g","url":"https:\/\/secure.gravatar.com\/avatar\/f0c7c47fc7146d19828273b9b8eda651c9c7ab583767e6338d3d3bee825adf76?s=96&d=mm&r=g","contentUrl":"https:\/\/secure.gravatar.com\/avatar\/f0c7c47fc7146d19828273b9b8eda651c9c7ab583767e6338d3d3bee825adf76?s=96&d=mm&r=g","caption":"Diario del Sur Digital"},"url":"https:\/\/diariodelsurdigital.com.ar\/?author=4"}]}},"_links":{"self":[{"href":"https:\/\/diariodelsurdigital.com.ar\/index.php?rest_route=\/wp\/v2\/posts\/4109","targetHints":{"allow":["GET"]}}],"collection":[{"href":"https:\/\/diariodelsurdigital.com.ar\/index.php?rest_route=\/wp\/v2\/posts"}],"about":[{"href":"https:\/\/diariodelsurdigital.com.ar\/index.php?rest_route=\/wp\/v2\/types\/post"}],"author":[{"embeddable":true,"href":"https:\/\/diariodelsurdigital.com.ar\/index.php?rest_route=\/wp\/v2\/users\/4"}],"replies":[{"embeddable":true,"href":"https:\/\/diariodelsurdigital.com.ar\/index.php?rest_route=%2Fwp%2Fv2%2Fcomments&post=4109"}],"version-history":[{"count":1,"href":"https:\/\/diariodelsurdigital.com.ar\/index.php?rest_route=\/wp\/v2\/posts\/4109\/revisions"}],"predecessor-version":[{"id":4111,"href":"https:\/\/diariodelsurdigital.com.ar\/index.php?rest_route=\/wp\/v2\/posts\/4109\/revisions\/4111"}],"wp:featuredmedia":[{"embeddable":true,"href":"https:\/\/diariodelsurdigital.com.ar\/index.php?rest_route=\/wp\/v2\/media\/4110"}],"wp:attachment":[{"href":"https:\/\/diariodelsurdigital.com.ar\/index.php?rest_route=%2Fwp%2Fv2%2Fmedia&parent=4109"}],"wp:term":[{"taxonomy":"category","embeddable":true,"href":"https:\/\/diariodelsurdigital.com.ar\/index.php?rest_route=%2Fwp%2Fv2%2Fcategories&post=4109"},{"taxonomy":"post_tag","embeddable":true,"href":"https:\/\/diariodelsurdigital.com.ar\/index.php?rest_route=%2Fwp%2Fv2%2Ftags&post=4109"}],"curies":[{"name":"wp","href":"https:\/\/api.w.org\/{rel}","templated":true}]}}