{"id":4115,"date":"2025-08-14T09:40:51","date_gmt":"2025-08-14T12:40:51","guid":{"rendered":"https:\/\/diariodelsurdigital.com.ar\/?p=4115"},"modified":"2025-08-14T09:40:52","modified_gmt":"2025-08-14T12:40:52","slug":"advierten-sobre-el-derrumbe-silencioso-de-la-educacion-entrerriana","status":"publish","type":"post","link":"https:\/\/diariodelsurdigital.com.ar\/?p=4115","title":{"rendered":"Advierten sobre el derrumbe silencioso de la educaci\u00f3n entrerriana"},"content":{"rendered":"\n<p>Un informe del Centro de Estudio de Desarrollo Macroecon\u00f3mico (Cedma) indica que \u201clas cuentas p\u00fablicas arrojaron un d\u00e9ficit fiscal y financiero\u201d y que la educaci\u00f3n \u201ces la v\u00edctima silenciosa del ajuste\u201d: la calidad educativa est\u00e1 por debajo de la media nacional, obras frenadas y salarios docentes retrasados. \u201cEl ajuste no es un signo de \u2018responsabilidad fiscal\u2019 cuando se hace sobre las espaldas de los docentes, estudiantes y trabajadores\u201d.<\/p>\n\n\n\n<p>\u201cEntre R\u00edos: Abandono educativo, ajuste y endeudamiento\u201d, se titula un informe que difundi\u00f3 el ex secretario de la Producci\u00f3n, \u00c1lvaro Gab\u00e1s, economista del Cedma, en el que se se\u00f1ala que \u201cteniendo en cuenta el \u00faltimo informe de la Contadur\u00eda General de la Provincia de Entre R\u00edos (junio-25), las cuentas p\u00fablicas arrojaron un d\u00e9ficit fiscal y financiero\u201d.<\/p>\n\n\n\n<p>\u201cTal como se ha se\u00f1alado en los informes anteriores, la evoluci\u00f3n econ\u00f3mica &#8211; financiera de nuestra provincia refleja un estado de alerta. Con un endeudamiento de 500 millones de d\u00f3lares &#8211; en este momento en debate de la legislatura -, se profundiza a\u00fan m\u00e1s, el futuro socio-econ\u00f3mico de Entre R\u00edos\u201d, se sostiene en el informe.<\/p>\n\n\n\n<p>\u201cSeg\u00fan los guarismos fiscales, el resultado primario, reflej\u00f3 un d\u00e9ficit de $ 5.689 millones. Por su parte, el d\u00e9ficit financiero super\u00f3 los $ 60.312 millones. Es dable destacar que, el d\u00e9ficit fiscal se da a\u00fan en un marco de un agresivo ajuste en los gastos p\u00fablicos, tanto de \u00edndole corrientes como de capital\u201d.<\/p>\n\n\n\n<p>\u201cTal es as\u00ed, que en nuestra provincia no cuenta con inversi\u00f3n real directa (Obra p\u00fablica), pero adem\u00e1s no existen pol\u00edticas p\u00fablicas que mejoren la calidad de vida de los entrerrianos.<\/p>\n\n\n\n<p>Educaci\u00f3n: la v\u00edctima silenciosa del ajuste\u201d, se agrega luego.<\/p>\n\n\n\n<p>En este marco, se advierte que \u201cmientras el gobernador anuncia \u2018endeudamiento p\u00fablico\u2019, la educaci\u00f3n p\u00fablica se derrumba\u201d.Y marca tres puntos en este sentido:Seg\u00fan el Observatorio de Argentinos por la Educaci\u00f3n, solo el 38% de las escuelas provinciales est\u00e1 por encima del promedio nacional en rendimiento acad\u00e9mico.La partida de Educaci\u00f3n y Cultura creci\u00f3 74% interanual \u2013 junio\/25 vs junio\/24 -, muy por debajo de la inflaci\u00f3n, lo que implica menos recursos reales para el desarrollo educativo.<\/p>\n\n\n\n<p>Se frenan obras, se recortan suministros y los salarios docentes pierden poder adquisitivo.Se desarman programas nacionales como el Fonid y Conectividad, dejando a miles de alumnos y docentes sin herramientas b\u00e1sicas.<\/p>\n\n\n\n<p>\u201cAjustar en educaci\u00f3n es condenar a la provincia a perder capital humano, competitividad y desarrollo. Ajustar en obra p\u00fablica es resignarse a la par\u00e1lisis econ\u00f3mica. Tomar deuda en d\u00f3lares sin un plan productivo, es hipotecar las generaciones futuras\u201d, se advierte.<\/p>\n\n\n\n<p>\u201cEste gobierno provincial repite la receta del ajuste permanente: recortar, endeudar y esperar que la econom\u00eda se \u2018acomode como fuerza del cielo\u2019. El ajuste no es un signo de \u2018responsabilidad fiscal\u2019 cuando se hace sobre las espaldas de los docentes, estudiantes y trabajadores\u201d.<\/p>\n","protected":false},"excerpt":{"rendered":"<p>Un informe del Centro de Estudio de Desarrollo Macroecon\u00f3mico (Cedma) indica que \u201clas cuentas p\u00fablicas arrojaron un d\u00e9ficit fiscal y financiero\u201d y que la educaci\u00f3n \u201ces la v\u00edctima silenciosa del ajuste\u201d: la calidad educativa est\u00e1 por debajo de la media nacional, obras frenadas y salarios docentes retrasados. \u201cEl ajuste no es un signo de \u2018responsabilidad [&hellip;]<\/p>\n","protected":false},"author":4,"featured_media":4116,"comment_status":"open","ping_status":"open","sticky":false,"template":"","format":"standard","meta":{"footnotes":""},"categories":[19,17],"tags":[],"class_list":{"0":"post-4115","1":"post","2":"type-post","3":"status-publish","4":"format-standard","5":"has-post-thumbnail","7":"category-interes-general","8":"category-provinciales"},"yoast_head":"<!-- This site is optimized with the Yoast SEO plugin v27.4 - https:\/\/yoast.com\/product\/yoast-seo-wordpress\/ -->\n<title>Advierten sobre el derrumbe silencioso de la educaci\u00f3n entrerriana - Diario del Sur<\/title>\n<meta name=\"robots\" content=\"index, follow, max-snippet:-1, max-image-preview:large, max-video-preview:-1\" \/>\n<link rel=\"canonical\" href=\"https:\/\/diariodelsurdigital.com.ar\/?p=4115\" \/>\n<meta property=\"og:locale\" content=\"es_ES\" \/>\n<meta property=\"og:type\" content=\"article\" \/>\n<meta property=\"og:title\" content=\"Advierten sobre el derrumbe silencioso de la educaci\u00f3n entrerriana - Diario del Sur\" \/>\n<meta property=\"og:description\" content=\"Un informe del Centro de Estudio de Desarrollo Macroecon\u00f3mico (Cedma) indica que \u201clas cuentas p\u00fablicas arrojaron un d\u00e9ficit fiscal y financiero\u201d y que la educaci\u00f3n \u201ces la v\u00edctima silenciosa del ajuste\u201d: la calidad educativa est\u00e1 por debajo de la media nacional, obras frenadas y salarios docentes retrasados. \u201cEl ajuste no es un signo de \u2018responsabilidad [&hellip;]\" \/>\n<meta property=\"og:url\" content=\"https:\/\/diariodelsurdigital.com.ar\/?p=4115\" \/>\n<meta property=\"og:site_name\" content=\"Diario del Sur\" \/>\n<meta property=\"article:published_time\" content=\"2025-08-14T12:40:51+00:00\" \/>\n<meta property=\"article:modified_time\" content=\"2025-08-14T12:40:52+00:00\" \/>\n<meta property=\"og:image\" content=\"https:\/\/diariodelsurdigital.com.ar\/wp-content\/uploads\/2025\/08\/md-22.webp\" \/>\n\t<meta property=\"og:image:width\" content=\"992\" \/>\n\t<meta property=\"og:image:height\" content=\"558\" \/>\n\t<meta property=\"og:image:type\" content=\"image\/webp\" \/>\n<meta name=\"author\" content=\"Diario del Sur Digital\" \/>\n<meta name=\"twitter:card\" content=\"summary_large_image\" \/>\n<meta name=\"twitter:label1\" content=\"Escrito por\" \/>\n\t<meta name=\"twitter:data1\" content=\"Diario del Sur Digital\" \/>\n\t<meta name=\"twitter:label2\" content=\"Tiempo de lectura\" \/>\n\t<meta name=\"twitter:data2\" content=\"3 minutos\" \/>\n<script type=\"application\/ld+json\" class=\"yoast-schema-graph\">{\"@context\":\"https:\\\/\\\/schema.org\",\"@graph\":[{\"@type\":\"Article\",\"@id\":\"https:\\\/\\\/diariodelsurdigital.com.ar\\\/?p=4115#article\",\"isPartOf\":{\"@id\":\"https:\\\/\\\/diariodelsurdigital.com.ar\\\/?p=4115\"},\"author\":{\"name\":\"Diario del Sur Digital\",\"@id\":\"https:\\\/\\\/diariodelsurdigital.com.ar\\\/#\\\/schema\\\/person\\\/1a4992532ed62965c968031b49195c81\"},\"headline\":\"Advierten sobre el derrumbe silencioso de la educaci\u00f3n entrerriana\",\"datePublished\":\"2025-08-14T12:40:51+00:00\",\"dateModified\":\"2025-08-14T12:40:52+00:00\",\"mainEntityOfPage\":{\"@id\":\"https:\\\/\\\/diariodelsurdigital.com.ar\\\/?p=4115\"},\"wordCount\":515,\"commentCount\":0,\"image\":{\"@id\":\"https:\\\/\\\/diariodelsurdigital.com.ar\\\/?p=4115#primaryimage\"},\"thumbnailUrl\":\"https:\\\/\\\/diariodelsurdigital.com.ar\\\/wp-content\\\/uploads\\\/2025\\\/08\\\/md-22.webp\",\"articleSection\":[\"Inter\u00e9s General\",\"Provinciales\"],\"inLanguage\":\"es\",\"potentialAction\":[{\"@type\":\"CommentAction\",\"name\":\"Comment\",\"target\":[\"https:\\\/\\\/diariodelsurdigital.com.ar\\\/?p=4115#respond\"]}]},{\"@type\":\"WebPage\",\"@id\":\"https:\\\/\\\/diariodelsurdigital.com.ar\\\/?p=4115\",\"url\":\"https:\\\/\\\/diariodelsurdigital.com.ar\\\/?p=4115\",\"name\":\"Advierten sobre el derrumbe silencioso de la educaci\u00f3n entrerriana - Diario del Sur\",\"isPartOf\":{\"@id\":\"https:\\\/\\\/diariodelsurdigital.com.ar\\\/#website\"},\"primaryImageOfPage\":{\"@id\":\"https:\\\/\\\/diariodelsurdigital.com.ar\\\/?p=4115#primaryimage\"},\"image\":{\"@id\":\"https:\\\/\\\/diariodelsurdigital.com.ar\\\/?p=4115#primaryimage\"},\"thumbnailUrl\":\"https:\\\/\\\/diariodelsurdigital.com.ar\\\/wp-content\\\/uploads\\\/2025\\\/08\\\/md-22.webp\",\"datePublished\":\"2025-08-14T12:40:51+00:00\",\"dateModified\":\"2025-08-14T12:40:52+00:00\",\"author\":{\"@id\":\"https:\\\/\\\/diariodelsurdigital.com.ar\\\/#\\\/schema\\\/person\\\/1a4992532ed62965c968031b49195c81\"},\"breadcrumb\":{\"@id\":\"https:\\\/\\\/diariodelsurdigital.com.ar\\\/?p=4115#breadcrumb\"},\"inLanguage\":\"es\",\"potentialAction\":[{\"@type\":\"ReadAction\",\"target\":[\"https:\\\/\\\/diariodelsurdigital.com.ar\\\/?p=4115\"]}]},{\"@type\":\"ImageObject\",\"inLanguage\":\"es\",\"@id\":\"https:\\\/\\\/diariodelsurdigital.com.ar\\\/?p=4115#primaryimage\",\"url\":\"https:\\\/\\\/diariodelsurdigital.com.ar\\\/wp-content\\\/uploads\\\/2025\\\/08\\\/md-22.webp\",\"contentUrl\":\"https:\\\/\\\/diariodelsurdigital.com.ar\\\/wp-content\\\/uploads\\\/2025\\\/08\\\/md-22.webp\",\"width\":992,\"height\":558},{\"@type\":\"BreadcrumbList\",\"@id\":\"https:\\\/\\\/diariodelsurdigital.com.ar\\\/?p=4115#breadcrumb\",\"itemListElement\":[{\"@type\":\"ListItem\",\"position\":1,\"name\":\"Portada\",\"item\":\"https:\\\/\\\/diariodelsurdigital.com.ar\\\/\"},{\"@type\":\"ListItem\",\"position\":2,\"name\":\"Advierten sobre el derrumbe silencioso de la educaci\u00f3n entrerriana\"}]},{\"@type\":\"WebSite\",\"@id\":\"https:\\\/\\\/diariodelsurdigital.com.ar\\\/#website\",\"url\":\"https:\\\/\\\/diariodelsurdigital.com.ar\\\/\",\"name\":\"Diario del Sur\",\"description\":\"Digital\",\"potentialAction\":[{\"@type\":\"SearchAction\",\"target\":{\"@type\":\"EntryPoint\",\"urlTemplate\":\"https:\\\/\\\/diariodelsurdigital.com.ar\\\/?s={search_term_string}\"},\"query-input\":{\"@type\":\"PropertyValueSpecification\",\"valueRequired\":true,\"valueName\":\"search_term_string\"}}],\"inLanguage\":\"es\"},{\"@type\":\"Person\",\"@id\":\"https:\\\/\\\/diariodelsurdigital.com.ar\\\/#\\\/schema\\\/person\\\/1a4992532ed62965c968031b49195c81\",\"name\":\"Diario del Sur Digital\",\"image\":{\"@type\":\"ImageObject\",\"inLanguage\":\"es\",\"@id\":\"https:\\\/\\\/secure.gravatar.com\\\/avatar\\\/f0c7c47fc7146d19828273b9b8eda651c9c7ab583767e6338d3d3bee825adf76?s=96&d=mm&r=g\",\"url\":\"https:\\\/\\\/secure.gravatar.com\\\/avatar\\\/f0c7c47fc7146d19828273b9b8eda651c9c7ab583767e6338d3d3bee825adf76?s=96&d=mm&r=g\",\"contentUrl\":\"https:\\\/\\\/secure.gravatar.com\\\/avatar\\\/f0c7c47fc7146d19828273b9b8eda651c9c7ab583767e6338d3d3bee825adf76?s=96&d=mm&r=g\",\"caption\":\"Diario del Sur Digital\"},\"url\":\"https:\\\/\\\/diariodelsurdigital.com.ar\\\/?author=4\"}]}<\/script>\n<!-- \/ Yoast SEO plugin. -->","yoast_head_json":{"title":"Advierten sobre el derrumbe silencioso de la educaci\u00f3n entrerriana - Diario del Sur","robots":{"index":"index","follow":"follow","max-snippet":"max-snippet:-1","max-image-preview":"max-image-preview:large","max-video-preview":"max-video-preview:-1"},"canonical":"https:\/\/diariodelsurdigital.com.ar\/?p=4115","og_locale":"es_ES","og_type":"article","og_title":"Advierten sobre el derrumbe silencioso de la educaci\u00f3n entrerriana - Diario del Sur","og_description":"Un informe del Centro de Estudio de Desarrollo Macroecon\u00f3mico (Cedma) indica que \u201clas cuentas p\u00fablicas arrojaron un d\u00e9ficit fiscal y financiero\u201d y que la educaci\u00f3n \u201ces la v\u00edctima silenciosa del ajuste\u201d: la calidad educativa est\u00e1 por debajo de la media nacional, obras frenadas y salarios docentes retrasados. \u201cEl ajuste no es un signo de \u2018responsabilidad [&hellip;]","og_url":"https:\/\/diariodelsurdigital.com.ar\/?p=4115","og_site_name":"Diario del Sur","article_published_time":"2025-08-14T12:40:51+00:00","article_modified_time":"2025-08-14T12:40:52+00:00","og_image":[{"width":992,"height":558,"url":"https:\/\/diariodelsurdigital.com.ar\/wp-content\/uploads\/2025\/08\/md-22.webp","type":"image\/webp"}],"author":"Diario del Sur Digital","twitter_card":"summary_large_image","twitter_misc":{"Escrito por":"Diario del Sur Digital","Tiempo de lectura":"3 minutos"},"schema":{"@context":"https:\/\/schema.org","@graph":[{"@type":"Article","@id":"https:\/\/diariodelsurdigital.com.ar\/?p=4115#article","isPartOf":{"@id":"https:\/\/diariodelsurdigital.com.ar\/?p=4115"},"author":{"name":"Diario del Sur Digital","@id":"https:\/\/diariodelsurdigital.com.ar\/#\/schema\/person\/1a4992532ed62965c968031b49195c81"},"headline":"Advierten sobre el derrumbe silencioso de la educaci\u00f3n entrerriana","datePublished":"2025-08-14T12:40:51+00:00","dateModified":"2025-08-14T12:40:52+00:00","mainEntityOfPage":{"@id":"https:\/\/diariodelsurdigital.com.ar\/?p=4115"},"wordCount":515,"commentCount":0,"image":{"@id":"https:\/\/diariodelsurdigital.com.ar\/?p=4115#primaryimage"},"thumbnailUrl":"https:\/\/diariodelsurdigital.com.ar\/wp-content\/uploads\/2025\/08\/md-22.webp","articleSection":["Inter\u00e9s General","Provinciales"],"inLanguage":"es","potentialAction":[{"@type":"CommentAction","name":"Comment","target":["https:\/\/diariodelsurdigital.com.ar\/?p=4115#respond"]}]},{"@type":"WebPage","@id":"https:\/\/diariodelsurdigital.com.ar\/?p=4115","url":"https:\/\/diariodelsurdigital.com.ar\/?p=4115","name":"Advierten sobre el derrumbe silencioso de la educaci\u00f3n entrerriana - Diario del Sur","isPartOf":{"@id":"https:\/\/diariodelsurdigital.com.ar\/#website"},"primaryImageOfPage":{"@id":"https:\/\/diariodelsurdigital.com.ar\/?p=4115#primaryimage"},"image":{"@id":"https:\/\/diariodelsurdigital.com.ar\/?p=4115#primaryimage"},"thumbnailUrl":"https:\/\/diariodelsurdigital.com.ar\/wp-content\/uploads\/2025\/08\/md-22.webp","datePublished":"2025-08-14T12:40:51+00:00","dateModified":"2025-08-14T12:40:52+00:00","author":{"@id":"https:\/\/diariodelsurdigital.com.ar\/#\/schema\/person\/1a4992532ed62965c968031b49195c81"},"breadcrumb":{"@id":"https:\/\/diariodelsurdigital.com.ar\/?p=4115#breadcrumb"},"inLanguage":"es","potentialAction":[{"@type":"ReadAction","target":["https:\/\/diariodelsurdigital.com.ar\/?p=4115"]}]},{"@type":"ImageObject","inLanguage":"es","@id":"https:\/\/diariodelsurdigital.com.ar\/?p=4115#primaryimage","url":"https:\/\/diariodelsurdigital.com.ar\/wp-content\/uploads\/2025\/08\/md-22.webp","contentUrl":"https:\/\/diariodelsurdigital.com.ar\/wp-content\/uploads\/2025\/08\/md-22.webp","width":992,"height":558},{"@type":"BreadcrumbList","@id":"https:\/\/diariodelsurdigital.com.ar\/?p=4115#breadcrumb","itemListElement":[{"@type":"ListItem","position":1,"name":"Portada","item":"https:\/\/diariodelsurdigital.com.ar\/"},{"@type":"ListItem","position":2,"name":"Advierten sobre el derrumbe silencioso de la educaci\u00f3n entrerriana"}]},{"@type":"WebSite","@id":"https:\/\/diariodelsurdigital.com.ar\/#website","url":"https:\/\/diariodelsurdigital.com.ar\/","name":"Diario del Sur","description":"Digital","potentialAction":[{"@type":"SearchAction","target":{"@type":"EntryPoint","urlTemplate":"https:\/\/diariodelsurdigital.com.ar\/?s={search_term_string}"},"query-input":{"@type":"PropertyValueSpecification","valueRequired":true,"valueName":"search_term_string"}}],"inLanguage":"es"},{"@type":"Person","@id":"https:\/\/diariodelsurdigital.com.ar\/#\/schema\/person\/1a4992532ed62965c968031b49195c81","name":"Diario del Sur Digital","image":{"@type":"ImageObject","inLanguage":"es","@id":"https:\/\/secure.gravatar.com\/avatar\/f0c7c47fc7146d19828273b9b8eda651c9c7ab583767e6338d3d3bee825adf76?s=96&d=mm&r=g","url":"https:\/\/secure.gravatar.com\/avatar\/f0c7c47fc7146d19828273b9b8eda651c9c7ab583767e6338d3d3bee825adf76?s=96&d=mm&r=g","contentUrl":"https:\/\/secure.gravatar.com\/avatar\/f0c7c47fc7146d19828273b9b8eda651c9c7ab583767e6338d3d3bee825adf76?s=96&d=mm&r=g","caption":"Diario del Sur Digital"},"url":"https:\/\/diariodelsurdigital.com.ar\/?author=4"}]}},"_links":{"self":[{"href":"https:\/\/diariodelsurdigital.com.ar\/index.php?rest_route=\/wp\/v2\/posts\/4115","targetHints":{"allow":["GET"]}}],"collection":[{"href":"https:\/\/diariodelsurdigital.com.ar\/index.php?rest_route=\/wp\/v2\/posts"}],"about":[{"href":"https:\/\/diariodelsurdigital.com.ar\/index.php?rest_route=\/wp\/v2\/types\/post"}],"author":[{"embeddable":true,"href":"https:\/\/diariodelsurdigital.com.ar\/index.php?rest_route=\/wp\/v2\/users\/4"}],"replies":[{"embeddable":true,"href":"https:\/\/diariodelsurdigital.com.ar\/index.php?rest_route=%2Fwp%2Fv2%2Fcomments&post=4115"}],"version-history":[{"count":1,"href":"https:\/\/diariodelsurdigital.com.ar\/index.php?rest_route=\/wp\/v2\/posts\/4115\/revisions"}],"predecessor-version":[{"id":4117,"href":"https:\/\/diariodelsurdigital.com.ar\/index.php?rest_route=\/wp\/v2\/posts\/4115\/revisions\/4117"}],"wp:featuredmedia":[{"embeddable":true,"href":"https:\/\/diariodelsurdigital.com.ar\/index.php?rest_route=\/wp\/v2\/media\/4116"}],"wp:attachment":[{"href":"https:\/\/diariodelsurdigital.com.ar\/index.php?rest_route=%2Fwp%2Fv2%2Fmedia&parent=4115"}],"wp:term":[{"taxonomy":"category","embeddable":true,"href":"https:\/\/diariodelsurdigital.com.ar\/index.php?rest_route=%2Fwp%2Fv2%2Fcategories&post=4115"},{"taxonomy":"post_tag","embeddable":true,"href":"https:\/\/diariodelsurdigital.com.ar\/index.php?rest_route=%2Fwp%2Fv2%2Ftags&post=4115"}],"curies":[{"name":"wp","href":"https:\/\/api.w.org\/{rel}","templated":true}]}}