{"id":412,"date":"2025-01-02T15:58:51","date_gmt":"2025-01-02T18:58:51","guid":{"rendered":"https:\/\/diariodelsurdigital.com.ar\/?p=412"},"modified":"2025-01-02T15:58:52","modified_gmt":"2025-01-02T18:58:52","slug":"kueider-pidio-que-se-trate-en-la-feria-judicial-su-pedido-para-ser-repuesto-como-senador","status":"publish","type":"post","link":"https:\/\/diariodelsurdigital.com.ar\/?p=412","title":{"rendered":"Kueider pidi\u00f3 que se trate en la feria judicial su pedido para ser repuesto como senador"},"content":{"rendered":"\n<h1 class=\"wp-block-heading\"><\/h1>\n\n\n\n<p> El destituido senador nacional Edgardo Kueider pidi\u00f3 que se habilite la feria judicial para tratar durante el receso de verano su pedido para ser repuesto en el cargo. As\u00ed lo solicit\u00f3 su defensa ante la C\u00e1mara en lo Contencioso Administrativo Federal que debe resolver su amparo que ya fue rechazado en primera instancia mientras el exlegislador sigue en prisi\u00f3n domiciliaria en Paraguay por tentativa de contrabando.<\/p>\n\n\n\n<p>Ayer, con el comienzo de a\u00f1o, se inici\u00f3 la feria judicial, que es el receso de los tribunales en el que solo se tratan casos excepcionales y urgentes. El abogado de Kueider, Maximiliano Ruiz, plante\u00f3 que el destituido senador es uno de esos casos. \u201cEl caso posee suma gravedad para la Naci\u00f3n y genera un antecedente peligroso en el funcionamiento de uno de los \u00f3rganos m\u00e1s importantes del Estado, el Congreso Nacional\u201d, plante\u00f3 en el escrito al que accedi\u00f3&nbsp;<em>Infobae<\/em>.&nbsp;La Sala de feria de la C\u00e1mara dio el primer paso. Le pidi\u00f3 a la Fiscal\u00eda que opine si corresponde habilitar la feria judicial.<\/p>\n\n\n\n<p>Kueider y su secretaria Iara Guinsel Costa fueron detenidos la noche del 4 de diciembre en Ciudad del Este cuando intentaron ingresar a Paraguay con 211 mil d\u00f3lares sin declarar. Ambos fueron acusados del delito de tentativa de contrabando y quedaron bajo prisi\u00f3n domiciliaria en ese pa\u00eds mientras se investiga el caso.<\/p>\n\n\n\n<p>Ante esa situaci\u00f3n, el Senado hizo una sesi\u00f3n especial el 12 de diciembre en la que expuls\u00f3 a Kueider por inhabilidad moral por 60 votos a favor, seis en contra y una abstenci\u00f3n. \u201cEl ya destituido senador present\u00f3 un amparo en la justicia en el que reclam\u00f3 ser repuesto en el cargo\u201d.<\/p>\n\n\n\n<p>El argumento fue que la sesi\u00f3n era inv\u00e1lida porque la presidi\u00f3 la titular del Senado, Victoria Villarruel, cuando deb\u00eda estar ejerciendo el cargo de Presidenta de la Naci\u00f3n porque Javier Milei estaba en viaje a Italia. \u201cDe modo que, a partir de que el Sr. Presidente abandon\u00f3 el pa\u00eds, la Sra. Presidenta de la Honorable C\u00e1mara de Senadores pas\u00f3 a ejercer el cargo de Presidente a cargo, con lo cual NO pudo y NO debi\u00f3, como representante del Poder Ejecutivo en ejercicio, presidir la Sesi\u00f3n que se impugna\u201d, sostuvo la defensa.<\/p>\n\n\n\n<p>El juez en lo Contencioso Administrativo Federal, Enrique Lavi\u00e9 Pico, rechaz\u00f3 el amparo \u201cin limine\u201d. Sostuvo que la sesi\u00f3n fue v\u00e1lida. \u201cLas observaciones que en esta sede procura formular el actor relativas a la participaci\u00f3n de la Sra. Presidente del Senado no pueden tener acogida favorable por cuanto resulta claro de la lectura de la versi\u00f3n taquigr\u00e1fica de dicha sesi\u00f3n que la actuaci\u00f3n de la Dra. Victoria Eugenia Villarruel en su car\u00e1cter de Sra. Presidente del Senado de la Naci\u00f3n, se limit\u00f3 a lo expresamente previsto en el art. 57 de la Constituci\u00f3n Nacional\u201d, sostuvo el magistrado.<\/p>\n\n\n\n<p>Ese art\u00edculo de la Constituci\u00f3n establece que \u201cel Vicepresidente de la Naci\u00f3n ser\u00e1 presidente del Senado; pero no tendr\u00e1 voto\u201d y el art\u00edculo 33 del Reglamento del Senado determina que \u201cel presidente no discute ni opina sobre el asunto que se delibera. S\u00f3lo vota en caso de empate\u201d.<\/p>\n\n\n\n<p>Kueider apel\u00f3 el fallo para que intervenga la C\u00e1mara Contencioso. El fiscal de C\u00e1mara Rodrigo Cuesta dictamin\u00f3 por rechazar la apelaci\u00f3n y que se confirme el fallo de primera instancia. Eso ocurri\u00f3 el lunes, el \u00faltimo d\u00eda h\u00e1bil judicial. As\u00ed, con la entrada en vigencia de la feria, la defensa pidi\u00f3 que su apelaci\u00f3n se trate en el receso.<\/p>\n\n\n\n<p>\u201cSurge con claridad la urgencia con la que ha obrado esta parte durante el periodo normal de actividad judicial, realizando peticiones los d\u00edas s\u00e1bados, ingresando escritos de forma urgente previo al horario de Tribunales, e instando desde el inicio de la demanda la habilitaci\u00f3n de d\u00edas y horarios conociendo que la proximidad de la feria judicial as\u00ed lo impon\u00eda. Esta petici\u00f3n fue reiterada suficientes veces como para que la Excma. C\u00e1mara de Feria considere que esta parte fue debidamente diligente con miras a lograr una resoluci\u00f3n del caso durante el periodo normal de actividad judicial\u201d, sostuvo la defensa.<\/p>\n\n\n\n<p>En paralelo al amparo y la causa penal en Paraguay, Kueider tiene un expediente en la justicia federal de San Isidro por el presunto cobro de coimas. En esa causa, la jueza federal Sandra Arroyo Salgado allan\u00f3 los despachos de Kueider en el Senado y ya pidi\u00f3 su extradici\u00f3n de Paraguay para que quede detenido en el pa\u00eds. Adem\u00e1s, la magistrada rechaz\u00f3 el pedido de exenci\u00f3n de prisi\u00f3n para que pueda transitar en libertad la investigaci\u00f3n.<\/p>\n","protected":false},"excerpt":{"rendered":"<p>El destituido senador nacional Edgardo Kueider pidi\u00f3 que se habilite la feria judicial para tratar durante el receso de verano su pedido para ser repuesto en el cargo. As\u00ed lo solicit\u00f3 su defensa ante la C\u00e1mara en lo Contencioso Administrativo Federal que debe resolver su amparo que ya fue rechazado en primera instancia mientras el [&hellip;]<\/p>\n","protected":false},"author":2,"featured_media":413,"comment_status":"open","ping_status":"open","sticky":false,"template":"","format":"standard","meta":{"footnotes":""},"categories":[18],"tags":[],"class_list":{"0":"post-412","1":"post","2":"type-post","3":"status-publish","4":"format-standard","5":"has-post-thumbnail","7":"category-nacionales"},"yoast_head":"<!-- This site is optimized with the Yoast SEO plugin v27.4 - https:\/\/yoast.com\/product\/yoast-seo-wordpress\/ -->\n<title>Kueider pidi\u00f3 que se trate en la feria judicial su pedido para ser repuesto como senador - Diario del Sur<\/title>\n<meta name=\"robots\" content=\"index, follow, max-snippet:-1, max-image-preview:large, max-video-preview:-1\" \/>\n<link rel=\"canonical\" href=\"https:\/\/diariodelsurdigital.com.ar\/?p=412\" \/>\n<meta property=\"og:locale\" content=\"es_ES\" \/>\n<meta property=\"og:type\" content=\"article\" \/>\n<meta property=\"og:title\" content=\"Kueider pidi\u00f3 que se trate en la feria judicial su pedido para ser repuesto como senador - Diario del Sur\" \/>\n<meta property=\"og:description\" content=\"El destituido senador nacional Edgardo Kueider pidi\u00f3 que se habilite la feria judicial para tratar durante el receso de verano su pedido para ser repuesto en el cargo. As\u00ed lo solicit\u00f3 su defensa ante la C\u00e1mara en lo Contencioso Administrativo Federal que debe resolver su amparo que ya fue rechazado en primera instancia mientras el [&hellip;]\" \/>\n<meta property=\"og:url\" content=\"https:\/\/diariodelsurdigital.com.ar\/?p=412\" \/>\n<meta property=\"og:site_name\" content=\"Diario del Sur\" \/>\n<meta property=\"article:published_time\" content=\"2025-01-02T18:58:51+00:00\" \/>\n<meta property=\"article:modified_time\" content=\"2025-01-02T18:58:52+00:00\" \/>\n<meta property=\"og:image\" content=\"https:\/\/diariodelsurdigital.com.ar\/wp-content\/uploads\/2025\/01\/kueider_19.jpg\" \/>\n\t<meta property=\"og:image:width\" content=\"516\" \/>\n\t<meta property=\"og:image:height\" content=\"361\" \/>\n\t<meta property=\"og:image:type\" content=\"image\/jpeg\" \/>\n<meta name=\"author\" content=\"Diario del Sur Digital\" \/>\n<meta name=\"twitter:card\" content=\"summary_large_image\" \/>\n<meta name=\"twitter:label1\" content=\"Escrito por\" \/>\n\t<meta name=\"twitter:data1\" content=\"Diario del Sur Digital\" \/>\n\t<meta name=\"twitter:label2\" content=\"Tiempo de lectura\" \/>\n\t<meta name=\"twitter:data2\" content=\"4 minutos\" \/>\n<script type=\"application\/ld+json\" class=\"yoast-schema-graph\">{\"@context\":\"https:\\\/\\\/schema.org\",\"@graph\":[{\"@type\":\"Article\",\"@id\":\"https:\\\/\\\/diariodelsurdigital.com.ar\\\/?p=412#article\",\"isPartOf\":{\"@id\":\"https:\\\/\\\/diariodelsurdigital.com.ar\\\/?p=412\"},\"author\":{\"name\":\"Diario del Sur Digital\",\"@id\":\"https:\\\/\\\/diariodelsurdigital.com.ar\\\/#\\\/schema\\\/person\\\/6136a32571657f7dba980b88b04c5465\"},\"headline\":\"Kueider pidi\u00f3 que se trate en la feria judicial su pedido para ser repuesto como senador\",\"datePublished\":\"2025-01-02T18:58:51+00:00\",\"dateModified\":\"2025-01-02T18:58:52+00:00\",\"mainEntityOfPage\":{\"@id\":\"https:\\\/\\\/diariodelsurdigital.com.ar\\\/?p=412\"},\"wordCount\":810,\"commentCount\":0,\"image\":{\"@id\":\"https:\\\/\\\/diariodelsurdigital.com.ar\\\/?p=412#primaryimage\"},\"thumbnailUrl\":\"https:\\\/\\\/diariodelsurdigital.com.ar\\\/wp-content\\\/uploads\\\/2025\\\/01\\\/kueider_19.jpg\",\"articleSection\":[\"Nacionales\"],\"inLanguage\":\"es\",\"potentialAction\":[{\"@type\":\"CommentAction\",\"name\":\"Comment\",\"target\":[\"https:\\\/\\\/diariodelsurdigital.com.ar\\\/?p=412#respond\"]}]},{\"@type\":\"WebPage\",\"@id\":\"https:\\\/\\\/diariodelsurdigital.com.ar\\\/?p=412\",\"url\":\"https:\\\/\\\/diariodelsurdigital.com.ar\\\/?p=412\",\"name\":\"Kueider pidi\u00f3 que se trate en la feria judicial su pedido para ser repuesto como senador - Diario del Sur\",\"isPartOf\":{\"@id\":\"https:\\\/\\\/diariodelsurdigital.com.ar\\\/#website\"},\"primaryImageOfPage\":{\"@id\":\"https:\\\/\\\/diariodelsurdigital.com.ar\\\/?p=412#primaryimage\"},\"image\":{\"@id\":\"https:\\\/\\\/diariodelsurdigital.com.ar\\\/?p=412#primaryimage\"},\"thumbnailUrl\":\"https:\\\/\\\/diariodelsurdigital.com.ar\\\/wp-content\\\/uploads\\\/2025\\\/01\\\/kueider_19.jpg\",\"datePublished\":\"2025-01-02T18:58:51+00:00\",\"dateModified\":\"2025-01-02T18:58:52+00:00\",\"author\":{\"@id\":\"https:\\\/\\\/diariodelsurdigital.com.ar\\\/#\\\/schema\\\/person\\\/6136a32571657f7dba980b88b04c5465\"},\"breadcrumb\":{\"@id\":\"https:\\\/\\\/diariodelsurdigital.com.ar\\\/?p=412#breadcrumb\"},\"inLanguage\":\"es\",\"potentialAction\":[{\"@type\":\"ReadAction\",\"target\":[\"https:\\\/\\\/diariodelsurdigital.com.ar\\\/?p=412\"]}]},{\"@type\":\"ImageObject\",\"inLanguage\":\"es\",\"@id\":\"https:\\\/\\\/diariodelsurdigital.com.ar\\\/?p=412#primaryimage\",\"url\":\"https:\\\/\\\/diariodelsurdigital.com.ar\\\/wp-content\\\/uploads\\\/2025\\\/01\\\/kueider_19.jpg\",\"contentUrl\":\"https:\\\/\\\/diariodelsurdigital.com.ar\\\/wp-content\\\/uploads\\\/2025\\\/01\\\/kueider_19.jpg\",\"width\":516,\"height\":361},{\"@type\":\"BreadcrumbList\",\"@id\":\"https:\\\/\\\/diariodelsurdigital.com.ar\\\/?p=412#breadcrumb\",\"itemListElement\":[{\"@type\":\"ListItem\",\"position\":1,\"name\":\"Portada\",\"item\":\"https:\\\/\\\/diariodelsurdigital.com.ar\\\/\"},{\"@type\":\"ListItem\",\"position\":2,\"name\":\"Kueider pidi\u00f3 que se trate en la feria judicial su pedido para ser repuesto como senador\"}]},{\"@type\":\"WebSite\",\"@id\":\"https:\\\/\\\/diariodelsurdigital.com.ar\\\/#website\",\"url\":\"https:\\\/\\\/diariodelsurdigital.com.ar\\\/\",\"name\":\"Diario del Sur\",\"description\":\"Digital\",\"potentialAction\":[{\"@type\":\"SearchAction\",\"target\":{\"@type\":\"EntryPoint\",\"urlTemplate\":\"https:\\\/\\\/diariodelsurdigital.com.ar\\\/?s={search_term_string}\"},\"query-input\":{\"@type\":\"PropertyValueSpecification\",\"valueRequired\":true,\"valueName\":\"search_term_string\"}}],\"inLanguage\":\"es\"},{\"@type\":\"Person\",\"@id\":\"https:\\\/\\\/diariodelsurdigital.com.ar\\\/#\\\/schema\\\/person\\\/6136a32571657f7dba980b88b04c5465\",\"name\":\"Diario del Sur Digital\",\"image\":{\"@type\":\"ImageObject\",\"inLanguage\":\"es\",\"@id\":\"https:\\\/\\\/secure.gravatar.com\\\/avatar\\\/4c29ceac98541dd42460b2474aaa5dd37594d6ce6cb3cf2c101d09b48ee287ba?s=96&d=mm&r=g\",\"url\":\"https:\\\/\\\/secure.gravatar.com\\\/avatar\\\/4c29ceac98541dd42460b2474aaa5dd37594d6ce6cb3cf2c101d09b48ee287ba?s=96&d=mm&r=g\",\"contentUrl\":\"https:\\\/\\\/secure.gravatar.com\\\/avatar\\\/4c29ceac98541dd42460b2474aaa5dd37594d6ce6cb3cf2c101d09b48ee287ba?s=96&d=mm&r=g\",\"caption\":\"Diario del Sur Digital\"},\"url\":\"https:\\\/\\\/diariodelsurdigital.com.ar\\\/?author=2\"}]}<\/script>\n<!-- \/ Yoast SEO plugin. -->","yoast_head_json":{"title":"Kueider pidi\u00f3 que se trate en la feria judicial su pedido para ser repuesto como senador - Diario del Sur","robots":{"index":"index","follow":"follow","max-snippet":"max-snippet:-1","max-image-preview":"max-image-preview:large","max-video-preview":"max-video-preview:-1"},"canonical":"https:\/\/diariodelsurdigital.com.ar\/?p=412","og_locale":"es_ES","og_type":"article","og_title":"Kueider pidi\u00f3 que se trate en la feria judicial su pedido para ser repuesto como senador - Diario del Sur","og_description":"El destituido senador nacional Edgardo Kueider pidi\u00f3 que se habilite la feria judicial para tratar durante el receso de verano su pedido para ser repuesto en el cargo. As\u00ed lo solicit\u00f3 su defensa ante la C\u00e1mara en lo Contencioso Administrativo Federal que debe resolver su amparo que ya fue rechazado en primera instancia mientras el [&hellip;]","og_url":"https:\/\/diariodelsurdigital.com.ar\/?p=412","og_site_name":"Diario del Sur","article_published_time":"2025-01-02T18:58:51+00:00","article_modified_time":"2025-01-02T18:58:52+00:00","og_image":[{"width":516,"height":361,"url":"https:\/\/diariodelsurdigital.com.ar\/wp-content\/uploads\/2025\/01\/kueider_19.jpg","type":"image\/jpeg"}],"author":"Diario del Sur Digital","twitter_card":"summary_large_image","twitter_misc":{"Escrito por":"Diario del Sur Digital","Tiempo de lectura":"4 minutos"},"schema":{"@context":"https:\/\/schema.org","@graph":[{"@type":"Article","@id":"https:\/\/diariodelsurdigital.com.ar\/?p=412#article","isPartOf":{"@id":"https:\/\/diariodelsurdigital.com.ar\/?p=412"},"author":{"name":"Diario del Sur Digital","@id":"https:\/\/diariodelsurdigital.com.ar\/#\/schema\/person\/6136a32571657f7dba980b88b04c5465"},"headline":"Kueider pidi\u00f3 que se trate en la feria judicial su pedido para ser repuesto como senador","datePublished":"2025-01-02T18:58:51+00:00","dateModified":"2025-01-02T18:58:52+00:00","mainEntityOfPage":{"@id":"https:\/\/diariodelsurdigital.com.ar\/?p=412"},"wordCount":810,"commentCount":0,"image":{"@id":"https:\/\/diariodelsurdigital.com.ar\/?p=412#primaryimage"},"thumbnailUrl":"https:\/\/diariodelsurdigital.com.ar\/wp-content\/uploads\/2025\/01\/kueider_19.jpg","articleSection":["Nacionales"],"inLanguage":"es","potentialAction":[{"@type":"CommentAction","name":"Comment","target":["https:\/\/diariodelsurdigital.com.ar\/?p=412#respond"]}]},{"@type":"WebPage","@id":"https:\/\/diariodelsurdigital.com.ar\/?p=412","url":"https:\/\/diariodelsurdigital.com.ar\/?p=412","name":"Kueider pidi\u00f3 que se trate en la feria judicial su pedido para ser repuesto como senador - Diario del Sur","isPartOf":{"@id":"https:\/\/diariodelsurdigital.com.ar\/#website"},"primaryImageOfPage":{"@id":"https:\/\/diariodelsurdigital.com.ar\/?p=412#primaryimage"},"image":{"@id":"https:\/\/diariodelsurdigital.com.ar\/?p=412#primaryimage"},"thumbnailUrl":"https:\/\/diariodelsurdigital.com.ar\/wp-content\/uploads\/2025\/01\/kueider_19.jpg","datePublished":"2025-01-02T18:58:51+00:00","dateModified":"2025-01-02T18:58:52+00:00","author":{"@id":"https:\/\/diariodelsurdigital.com.ar\/#\/schema\/person\/6136a32571657f7dba980b88b04c5465"},"breadcrumb":{"@id":"https:\/\/diariodelsurdigital.com.ar\/?p=412#breadcrumb"},"inLanguage":"es","potentialAction":[{"@type":"ReadAction","target":["https:\/\/diariodelsurdigital.com.ar\/?p=412"]}]},{"@type":"ImageObject","inLanguage":"es","@id":"https:\/\/diariodelsurdigital.com.ar\/?p=412#primaryimage","url":"https:\/\/diariodelsurdigital.com.ar\/wp-content\/uploads\/2025\/01\/kueider_19.jpg","contentUrl":"https:\/\/diariodelsurdigital.com.ar\/wp-content\/uploads\/2025\/01\/kueider_19.jpg","width":516,"height":361},{"@type":"BreadcrumbList","@id":"https:\/\/diariodelsurdigital.com.ar\/?p=412#breadcrumb","itemListElement":[{"@type":"ListItem","position":1,"name":"Portada","item":"https:\/\/diariodelsurdigital.com.ar\/"},{"@type":"ListItem","position":2,"name":"Kueider pidi\u00f3 que se trate en la feria judicial su pedido para ser repuesto como senador"}]},{"@type":"WebSite","@id":"https:\/\/diariodelsurdigital.com.ar\/#website","url":"https:\/\/diariodelsurdigital.com.ar\/","name":"Diario del Sur","description":"Digital","potentialAction":[{"@type":"SearchAction","target":{"@type":"EntryPoint","urlTemplate":"https:\/\/diariodelsurdigital.com.ar\/?s={search_term_string}"},"query-input":{"@type":"PropertyValueSpecification","valueRequired":true,"valueName":"search_term_string"}}],"inLanguage":"es"},{"@type":"Person","@id":"https:\/\/diariodelsurdigital.com.ar\/#\/schema\/person\/6136a32571657f7dba980b88b04c5465","name":"Diario del Sur Digital","image":{"@type":"ImageObject","inLanguage":"es","@id":"https:\/\/secure.gravatar.com\/avatar\/4c29ceac98541dd42460b2474aaa5dd37594d6ce6cb3cf2c101d09b48ee287ba?s=96&d=mm&r=g","url":"https:\/\/secure.gravatar.com\/avatar\/4c29ceac98541dd42460b2474aaa5dd37594d6ce6cb3cf2c101d09b48ee287ba?s=96&d=mm&r=g","contentUrl":"https:\/\/secure.gravatar.com\/avatar\/4c29ceac98541dd42460b2474aaa5dd37594d6ce6cb3cf2c101d09b48ee287ba?s=96&d=mm&r=g","caption":"Diario del Sur Digital"},"url":"https:\/\/diariodelsurdigital.com.ar\/?author=2"}]}},"_links":{"self":[{"href":"https:\/\/diariodelsurdigital.com.ar\/index.php?rest_route=\/wp\/v2\/posts\/412","targetHints":{"allow":["GET"]}}],"collection":[{"href":"https:\/\/diariodelsurdigital.com.ar\/index.php?rest_route=\/wp\/v2\/posts"}],"about":[{"href":"https:\/\/diariodelsurdigital.com.ar\/index.php?rest_route=\/wp\/v2\/types\/post"}],"author":[{"embeddable":true,"href":"https:\/\/diariodelsurdigital.com.ar\/index.php?rest_route=\/wp\/v2\/users\/2"}],"replies":[{"embeddable":true,"href":"https:\/\/diariodelsurdigital.com.ar\/index.php?rest_route=%2Fwp%2Fv2%2Fcomments&post=412"}],"version-history":[{"count":1,"href":"https:\/\/diariodelsurdigital.com.ar\/index.php?rest_route=\/wp\/v2\/posts\/412\/revisions"}],"predecessor-version":[{"id":414,"href":"https:\/\/diariodelsurdigital.com.ar\/index.php?rest_route=\/wp\/v2\/posts\/412\/revisions\/414"}],"wp:featuredmedia":[{"embeddable":true,"href":"https:\/\/diariodelsurdigital.com.ar\/index.php?rest_route=\/wp\/v2\/media\/413"}],"wp:attachment":[{"href":"https:\/\/diariodelsurdigital.com.ar\/index.php?rest_route=%2Fwp%2Fv2%2Fmedia&parent=412"}],"wp:term":[{"taxonomy":"category","embeddable":true,"href":"https:\/\/diariodelsurdigital.com.ar\/index.php?rest_route=%2Fwp%2Fv2%2Fcategories&post=412"},{"taxonomy":"post_tag","embeddable":true,"href":"https:\/\/diariodelsurdigital.com.ar\/index.php?rest_route=%2Fwp%2Fv2%2Ftags&post=412"}],"curies":[{"name":"wp","href":"https:\/\/api.w.org\/{rel}","templated":true}]}}